{"id":175886,"date":"2026-03-02T18:05:00","date_gmt":"2026-03-02T21:05:00","guid":{"rendered":"https:\/\/www.em.com.br\/emfoco\/?p=175886"},"modified":"2026-03-02T01:35:49","modified_gmt":"2026-03-02T04:35:49","slug":"a-cidade-que-transformou-fachadas-em-homenagens-musicais-e-virou-destino-de-quem-busca-charme-e-tranquilidade","status":"publish","type":"post","link":"https:\/\/www.em.com.br\/emfoco\/2026\/03\/02\/a-cidade-que-transformou-fachadas-em-homenagens-musicais-e-virou-destino-de-quem-busca-charme-e-tranquilidade\/","title":{"rendered":"A cidade que transformou fachadas em homenagens musicais e virou destino de quem busca charme e tranquilidade"},"content":{"rendered":"\n<p>No sop\u00e9 da <strong>Serra dos Mascates<\/strong>, onde tropeiros mineiros paravam a caminho da Corte, <strong>Valen\u00e7a<\/strong> cresceu com o ouro verde do caf\u00e9 e nunca perdeu o h\u00e1bito de receber bem. A cidade do <strong>Vale do Caf\u00e9<\/strong> fluminense guarda fazendas imperiais, um quilombo centen\u00e1rio que \u00e9 ber\u00e7o do jongo e um vilarejo onde seresteiros cantam de porta em porta toda sexta \u00e0 noite.<\/p>\n\n\n\n<h2 class=\"wp-block-heading\">Do aldeamento dos Coroados ao apogeu do caf\u00e9 imperial<\/h2>\n\n\n\n<p>A hist\u00f3ria de Valen\u00e7a come\u00e7a em 1789, quando a rainha <strong>Dona Maria I<\/strong> ordenou a catequese dos \u00edndios <strong>Coroados<\/strong> que habitavam o vale entre os rios <strong>Para\u00edba do Sul<\/strong> e <strong>Preto<\/strong>. A primeira missa foi celebrada em 1803, no topo do morro que at\u00e9 hoje carrega um cruzeiro. Em 1823, a povoa\u00e7\u00e3o foi elevada a vila por decreto de <strong>Dom Pedro I<\/strong>, e a cultura do caf\u00e9 transformou tudo ao redor.<\/p>\n\n\n\n<p>Entre 1856 e 1859, a prov\u00edncia do <strong>Rio de Janeiro<\/strong> produziu mais de 63 milh\u00f5es de arrobas de caf\u00e9. <strong>S\u00e3o Paulo<\/strong> e <strong>Minas Gerais<\/strong> juntas somavam apenas um quarto desse volume. Os bar\u00f5es valencianos investiram a fortuna em casar\u00f5es, igrejas e obras p\u00fablicas. Em 1884, o bot\u00e2nico franc\u00eas <strong>Auguste Glaziou<\/strong>, o mesmo que projetou o <strong>Campo de Santana<\/strong> e a <strong>Quinta da Boa Vista<\/strong>, desenhou os jardins da <strong>Pra\u00e7a Visconde do Rio Preto<\/strong>, tombada pelo <a href=\"http:\/\/www.inepac.rj.gov.br\/index.php\/bens_tombados\/detalhar\/443\" target=\"_blank\" rel=\"noreferrer noopener\"><strong>Instituto Estadual do Patrim\u00f4nio Cultural (INEPAC)<\/strong><\/a>.<\/p>\n\n\n<div class=\"wp-block-image\">\n<figure class=\"aligncenter size-large\"><img loading=\"lazy\" decoding=\"async\" width=\"1024\" height=\"576\" src=\"https:\/\/www.em.com.br\/emfoco\/wp-content\/uploads\/2026\/02\/valenca-RJ3-1024x576.jpg\" alt=\"\" class=\"wp-image-164369\" srcset=\"https:\/\/www.em.com.br\/emfoco\/wp-content\/uploads\/2026\/02\/valenca-RJ3-1024x576.jpg 1024w, https:\/\/www.em.com.br\/emfoco\/wp-content\/uploads\/2026\/02\/valenca-RJ3-300x169.jpg 300w, https:\/\/www.em.com.br\/emfoco\/wp-content\/uploads\/2026\/02\/valenca-RJ3-768x432.jpg 768w, https:\/\/www.em.com.br\/emfoco\/wp-content\/uploads\/2026\/02\/valenca-RJ3-750x422.jpg 750w, https:\/\/www.em.com.br\/emfoco\/wp-content\/uploads\/2026\/02\/valenca-RJ3-1140x641.jpg 1140w, https:\/\/www.em.com.br\/emfoco\/wp-content\/uploads\/2026\/02\/valenca-RJ3.jpg 1280w\" sizes=\"auto, (max-width: 1024px) 100vw, 1024px\" \/><figcaption class=\"wp-element-caption\">Valen\u00e7a brilha como a Princesa da Serra e o cora\u00e7\u00e3o hist\u00f3rico do Vale do Caf\u00e9 \/\/ Cr\u00e9ditos: Wikipedia \/ Wikimedia Commons<\/figcaption><\/figure><\/div>\n\n\n<h2 class=\"wp-block-heading\">Conservat\u00f3ria canta de porta em porta h\u00e1 mais de um s\u00e9culo<\/h2>\n\n\n\n<p>A 28 km da sede, o distrito de <strong>Conservat\u00f3ria<\/strong> mant\u00e9m uma tradi\u00e7\u00e3o que come\u00e7ou no s\u00e9culo 19, quando um professor de violino alem\u00e3o, <strong>Andreas Schmidt<\/strong>, passou a tocar em noites de lua cheia e atraiu seguidores. A pr\u00e1tica nunca parou. Toda sexta e s\u00e1bado, a partir das 23h, seresteiros saem da <strong>Casa da Cultura<\/strong> e caminham pelas ruas de paralelep\u00edpedo cantando diante das fachadas.<\/p>\n\n\n\n<p>Em 1960, os irm\u00e3os <strong>Jos\u00e9 Borges<\/strong> e <strong>Joubert de Freitas<\/strong> criaram o projeto &#8220;Em cada casa uma can\u00e7\u00e3o&#8221;. Placas met\u00e1licas com t\u00edtulo e autor de uma m\u00fasica escolhida pelo morador foram fixadas nas resid\u00eancias do centro hist\u00f3rico. S\u00e3o 403 placas no total, e a \u00faltima foi colocada em 2003. O <strong>Museu da Seresta e Serenata<\/strong> abriga um dos maiores acervos desse g\u00eanero musical no mundo, conforme a <a href=\"https:\/\/cultura.valenca.rj.gov.br\/conheca-conservatoria\/\" target=\"_blank\" rel=\"noreferrer noopener\"><strong>Secretaria Municipal de Cultura e Turismo de Valen\u00e7a<\/strong><\/a>.<\/p>\n\n\n\n<h2 class=\"wp-block-heading\">Qual o papel do Quilombo S\u00e3o Jos\u00e9 na cultura valenciana?<\/h2>\n\n\n\n<p>Cerca de 200 afrodescendentes de uma mesma linhagem familiar vivem no <strong>Quilombo S\u00e3o Jos\u00e9<\/strong>, comunidade centen\u00e1ria que preserva o <strong>jongo<\/strong>, dan\u00e7a de roda reconhecida pelo Governo Federal como Patrim\u00f4nio Cultural Imaterial do <strong>Brasil<\/strong>. O jongo \u00e9 considerado uma das origens do samba. Foi nessa comunidade que nasceu <strong>Clementina de Jesus<\/strong>, uma das vozes mais importantes da m\u00fasica brasileira. O quilombo mant\u00e9m tradi\u00e7\u00f5es como a umbanda, o calango, o ter\u00e7o de S\u00e3o Gon\u00e7alo e a medicina natural.<\/p>\n\n\n<div class=\"wp-block-image\">\n<figure class=\"aligncenter size-large\"><img loading=\"lazy\" decoding=\"async\" width=\"1024\" height=\"576\" src=\"https:\/\/www.em.com.br\/emfoco\/wp-content\/uploads\/2026\/01\/Voo-drone-na-cidade-Valenca-RJ-_-dji-phantom-4.-0-0-screenshot-1024x576.jpg\" alt=\"\" class=\"wp-image-149937\" srcset=\"https:\/\/www.em.com.br\/emfoco\/wp-content\/uploads\/2026\/01\/Voo-drone-na-cidade-Valenca-RJ-_-dji-phantom-4.-0-0-screenshot-1024x576.jpg 1024w, https:\/\/www.em.com.br\/emfoco\/wp-content\/uploads\/2026\/01\/Voo-drone-na-cidade-Valenca-RJ-_-dji-phantom-4.-0-0-screenshot-300x169.jpg 300w, https:\/\/www.em.com.br\/emfoco\/wp-content\/uploads\/2026\/01\/Voo-drone-na-cidade-Valenca-RJ-_-dji-phantom-4.-0-0-screenshot-768x432.jpg 768w, https:\/\/www.em.com.br\/emfoco\/wp-content\/uploads\/2026\/01\/Voo-drone-na-cidade-Valenca-RJ-_-dji-phantom-4.-0-0-screenshot-750x422.jpg 750w, https:\/\/www.em.com.br\/emfoco\/wp-content\/uploads\/2026\/01\/Voo-drone-na-cidade-Valenca-RJ-_-dji-phantom-4.-0-0-screenshot-1140x641.jpg 1140w, https:\/\/www.em.com.br\/emfoco\/wp-content\/uploads\/2026\/01\/Voo-drone-na-cidade-Valenca-RJ-_-dji-phantom-4.-0-0-screenshot.jpg 1280w\" sizes=\"auto, (max-width: 1024px) 100vw, 1024px\" \/><figcaption class=\"wp-element-caption\">Valen\u00e7a atrai moradores com charme hist\u00f3rico e qualidade de vida \/\/ Cr\u00e9ditos: YouTube.com\/@meudrone4k369<\/figcaption><\/figure><\/div>\n\n\n<h2 class=\"wp-block-heading\">O que conhecer al\u00e9m das fazendas hist\u00f3ricas?<\/h2>\n\n\n\n<p>A segunda maior \u00e1rea territorial do estado do Rio de Janeiro oferece atra\u00e7\u00f5es espalhadas entre a sede e os seis distritos. Os destaques para quem visita a regi\u00e3o s\u00e3o estes:<\/p>\n\n\n\n<ul class=\"wp-block-list\">\n<li><strong>Fazenda Santo Ant\u00f4nio do Paiol<\/strong>: exemplar preservado do ciclo do caf\u00e9, com mobili\u00e1rio e objetos de \u00e9poca. Aberta \u00e0 visita\u00e7\u00e3o guiada.<\/li>\n\n\n\n<li><strong>Morro do Cruzeiro<\/strong>: mirante a 800 metros de altitude com cruzeiro de 1803 e vista panor\u00e2mica de toda a cidade e da Serra dos Mascates.<\/li>\n\n\n\n<li><strong>T\u00fanel que Chora<\/strong>: escavado por m\u00e3os escravas no s\u00e9culo 19 para passagem da ferrovia. Tem 95 metros de extens\u00e3o e recebe esse nome pela \u00e1gua que brota das pedras.<\/li>\n\n\n\n<li><strong>Ponte dos Arcos<\/strong>: constru\u00e7\u00e3o centen\u00e1ria em pedra ligada com \u00f3leo de baleia, inaugurada em 1884 na presen\u00e7a de <strong>Dom Pedro II<\/strong>.<\/li>\n\n\n\n<li><strong>Catedral de Nossa Senhora da Gl\u00f3ria<\/strong>: matriz valenciana com acervo sacro dos s\u00e9culos 18 e 19. Abriga o Museu de Arte Sacra.<\/li>\n\n\n\n<li><strong>Rota do Queijo<\/strong>: passeio inaugurado em 2023 que percorre fazendas produtoras de queijos artesanais. A <strong>Fazenda Capril do Lago<\/strong> produz queijo de cabra premiado na <strong>Fran\u00e7a<\/strong> entre os 12 melhores do mundo na categoria.<\/li>\n<\/ul>\n\n\n\n<p>A programa\u00e7\u00e3o cultural e tur\u00edstica pode ser consultada no portal da <a href=\"https:\/\/valenca.rj.gov.br\/contact\/\" target=\"_blank\" rel=\"noreferrer noopener\"><strong>Prefeitura de Valen\u00e7a<\/strong><\/a>.<\/p>\n\n\n\n<p>Quem deseja explorar as rel\u00edquias do <strong>Vale do Caf\u00e9<\/strong>, vai curtir esse v\u00eddeo especialmente selecionado do canal <strong>De fora em Juiz de Fora<\/strong>, que conta com mais de <strong>100 mil<\/strong> inscritos, onde <strong>Tati Marmon<\/strong> mostra as belezas e hist\u00f3rias de <strong>Valen\u00e7a<\/strong>, no <strong>Rio de Janeiro<\/strong>:<\/p>\n\n\n\n<figure class=\"wp-block-embed is-type-video is-provider-youtube wp-block-embed-youtube wp-embed-aspect-16-9 wp-has-aspect-ratio\"><div class=\"wp-block-embed__wrapper\">\n<div class=\"jeg_video_container jeg_video_content\"><iframe loading=\"lazy\" title=\"CONHE\u00c7A VALEN\u00c7A RJ: Linda cidade ao lado de Vassouras e Barra do Pira\u00ed - Rio de Janeiro\" width=\"500\" height=\"281\" src=\"https:\/\/www.youtube.com\/embed\/DvZjtjuLVmE?feature=oembed\" frameborder=\"0\" allow=\"accelerometer; autoplay; clipboard-write; encrypted-media; gyroscope; picture-in-picture; web-share\" referrerpolicy=\"strict-origin-when-cross-origin\" allowfullscreen><\/iframe><\/div>\n<\/div><\/figure>\n\n\n\n<h2 class=\"wp-block-heading\">Quando o clima favorece cada tipo de passeio?<\/h2>\n\n\n\n<p>O clima tropical de altitude, a 560 metros, traz ver\u00f5es quentes e invernos secos com noites frias. A melhor janela para visitar vai de abril a setembro:<\/p>\n\n\n\n<div class=\"google-auto-ads-ignore\" style=\"box-sizing: border-box; display: flex; flex-direction: column; width: 100%; max-width: 900px; margin: 30px auto; font-family: 'Segoe UI', Roboto, Helvetica, Arial, sans-serif; clear: both;\">\n    <div style=\"display: flex; flex-wrap: wrap; gap: 15px;\">\n        \n        <div style=\"flex: 1 1 calc(25% - 15px); min-width: 200px; border: 1px solid #e1e6ef; border-top: 4px solid #1a2a57; border-radius: 8px; padding: 20px; background: #fff; box-sizing: border-box; box-shadow: 0 4px 10px rgba(26, 42, 87, 0.05);\">\n            <div style=\"display: flex; align-items: center; justify-content: center; gap: 8px; margin-bottom: 20px;\">\n                <span style=\"font-size: 22px; line-height: 1;\">\u2600\ufe0f<\/span>\n                <strong style=\"color: #1a2a57; font-size: 16px; text-transform: uppercase;\">Ver\u00e3o<\/strong>\n            <\/div>\n            <div style=\"text-align: center; font-size: 11px; font-weight: 800; color: #111c3a; text-transform: uppercase; margin-bottom: 5px;\">Dezembro &#8211; Fevereiro<\/div>\n            <div style=\"text-align: center; font-size: 26px; font-weight: 900; color: #1a2a57; margin-bottom: 10px;\">19\u00b0C a 30\u00b0C<\/div>\n            <div style=\"text-align: center; margin-bottom: 15px;\">\n                <span style=\"background: #f0f3f8; color: #1a2a57; font-size: 10px; font-weight: 800; padding: 4px 10px; border-radius: 20px; text-transform: uppercase; border: 1px solid #e1e6ef;\">\ud83d\udca7 Chuva alta<\/span>\n            <\/div>\n            <div style=\"text-align: center; font-size: 13px; color: #555; line-height: 1.5;\">O clima tropical de altitude garante ver\u00f5es quentes e chuvosos. Aproveite o excesso de calor focado nas <strong>cachoeiras e banhos de rio<\/strong>.<\/div>\n        <\/div>\n\n        <div style=\"flex: 1 1 calc(25% - 15px); min-width: 200px; border: 1px solid #e1e6ef; border-top: 4px solid #1a2a57; border-radius: 8px; padding: 20px; background: #fff; box-sizing: border-box; box-shadow: 0 4px 10px rgba(26, 42, 87, 0.05);\">\n            <div style=\"display: flex; align-items: center; justify-content: center; gap: 8px; margin-bottom: 20px;\">\n                <span style=\"font-size: 22px; line-height: 1;\">\ud83c\udf42<\/span>\n                <strong style=\"color: #1a2a57; font-size: 16px; text-transform: uppercase;\">Outono<\/strong>\n            <\/div>\n            <div style=\"text-align: center; font-size: 11px; font-weight: 800; color: #111c3a; text-transform: uppercase; margin-bottom: 5px;\">Mar\u00e7o &#8211; Maio<\/div>\n            <div style=\"text-align: center; font-size: 26px; font-weight: 900; color: #1a2a57; margin-bottom: 10px;\">15\u00b0C a 26\u00b0C<\/div>\n            <div style=\"text-align: center; margin-bottom: 15px;\">\n                <span style=\"background: #f0f3f8; color: #1a2a57; font-size: 10px; font-weight: 800; padding: 4px 10px; border-radius: 20px; text-transform: uppercase; border: 1px solid #e1e6ef;\">\u2601\ufe0f Chuva m\u00e9dia<\/span>\n            <\/div>\n            <div style=\"text-align: center; font-size: 13px; color: #555; line-height: 1.5;\">O clima fica maravilhoso para se deslocar pelo Vale com conforto. \u00c9poca recomendad\u00edssima para conhecer <strong>fazendas e a Rota do Queijo<\/strong>.<\/div>\n        <\/div>\n\n        <div style=\"flex: 1 1 calc(25% - 15px); min-width: 200px; border: 1px solid #e1e6ef; border-top: 4px solid #1a2a57; border-radius: 8px; padding: 20px; background: #fff; box-sizing: border-box; box-shadow: 0 4px 10px rgba(26, 42, 87, 0.05);\">\n            <div style=\"display: flex; align-items: center; justify-content: center; gap: 8px; margin-bottom: 20px;\">\n                <span style=\"font-size: 22px; line-height: 1;\">\u2744\ufe0f<\/span>\n                <strong style=\"color: #1a2a57; font-size: 16px; text-transform: uppercase;\">Inverno<\/strong>\n            <\/div>\n            <div style=\"text-align: center; font-size: 11px; font-weight: 800; color: #111c3a; text-transform: uppercase; margin-bottom: 5px;\">Junho &#8211; Agosto<\/div>\n            <div style=\"text-align: center; font-size: 26px; font-weight: 900; color: #1a2a57; margin-bottom: 10px;\">10\u00b0C a 23\u00b0C<\/div>\n            <div style=\"text-align: center; margin-bottom: 15px;\">\n                <span style=\"background: #f0f3f8; color: #1a2a57; font-size: 10px; font-weight: 800; padding: 4px 10px; border-radius: 20px; text-transform: uppercase; border: 1px solid #e1e6ef;\">\ud83c\udf24\ufe0f Chuva baixa<\/span>\n            <\/div>\n            <div style=\"text-align: center; font-size: 13px; color: #555; line-height: 1.5;\">O inverno seco firma os passos e as noites de altitude na cidade tornam-se bem frias. Ideal para <strong>serestas, mirantes e trilhas<\/strong>.<\/div>\n        <\/div>\n\n        <div style=\"flex: 1 1 calc(25% - 15px); min-width: 200px; border: 1px solid #e1e6ef; border-top: 4px solid #1a2a57; border-radius: 8px; padding: 20px; background: #fff; box-sizing: border-box; box-shadow: 0 4px 10px rgba(26, 42, 87, 0.05);\">\n            <div style=\"display: flex; align-items: center; justify-content: center; gap: 8px; margin-bottom: 20px;\">\n                <span style=\"font-size: 22px; line-height: 1;\">\ud83c\udf38<\/span>\n                <strong style=\"color: #1a2a57; font-size: 16px; text-transform: uppercase;\">Primavera<\/strong>\n            <\/div>\n            <div style=\"text-align: center; font-size: 11px; font-weight: 800; color: #111c3a; text-transform: uppercase; margin-bottom: 5px;\">Setembro &#8211; Novembro<\/div>\n            <div style=\"text-align: center; font-size: 26px; font-weight: 900; color: #1a2a57; margin-bottom: 10px;\">15\u00b0C a 27\u00b0C<\/div>\n            <div style=\"text-align: center; margin-bottom: 15px;\">\n                <span style=\"background: #f0f3f8; color: #1a2a57; font-size: 10px; font-weight: 800; padding: 4px 10px; border-radius: 20px; text-transform: uppercase; border: 1px solid #e1e6ef;\">\u2601\ufe0f Chuva m\u00e9dia<\/span>\n            <\/div>\n            <div style=\"text-align: center; font-size: 13px; color: #555; line-height: 1.5;\">O verde ressurge exuberante ap\u00f3s o inverno e as atra\u00e7\u00f5es florescem. N\u00e3o deixe de prestigiar o belo <strong>Festival Vale do Caf\u00e9 e os jardins<\/strong>.<\/div>\n        <\/div>\n        \n    <\/div>\n<\/div>\n\n\n\n<p><em>Temperaturas aproximadas com base no <a href=\"https:\/\/www.climatempo.com.br\/previsao-do-tempo\/cidade\/1630\/valenca-rj\" target=\"_blank\" rel=\"noreferrer noopener\"><strong>Climatempo<\/strong><\/a>. Condi\u00e7\u00f5es podem variar.<\/em><\/p>\n\n\n\n<h2 class=\"wp-block-heading\">Como chegar ao cora\u00e7\u00e3o do Vale do Caf\u00e9?<\/h2>\n\n\n\n<p>Valen\u00e7a fica a 148 km do centro do <strong>Rio de Janeiro<\/strong>, cerca de 2h30 de carro pela <strong>Via Dutra<\/strong> at\u00e9 <strong>Pira\u00ed<\/strong> e depois pela <strong>RJ-145<\/strong>. Quem vem de <strong>S\u00e3o Paulo<\/strong> percorre aproximadamente 350 km pela Dutra. \u00d4nibus partem da <strong>Rodovi\u00e1ria Novo Rio<\/strong> em hor\u00e1rios regulares. O aeroporto mais pr\u00f3ximo \u00e9 o <strong>Santos Dumont<\/strong>, a 150 km.<\/p>\n\n\n\n<p><strong>Leia tamb\u00e9m: <a href=\"https:\/\/www.em.com.br\/emfoco\/2026\/02\/28\/a-capital-brasileira-que-esta-sempre-no-topo-de-todos-os-rankings-de-qualidade-de-vida\/\" target=\"_blank\" rel=\"noreferrer noopener\">A capital brasileira que est\u00e1 sempre no topo de todos os rankings de qualidade de vida<\/a><\/strong><\/p>\n\n\n\n<h2 class=\"wp-block-heading\">Conhe\u00e7a a cidade que canta de porta em porta<\/h2>\n\n\n\n<p>Poucas cidades fluminenses re\u00fanem tanta hist\u00f3ria real nas paredes, m\u00fasica viva nas ruas e sabores artesanais no prato. Valen\u00e7a cresceu com o caf\u00e9, resistiu ao fim do ciclo e reinventou sua identidade sem perder a mem\u00f3ria.<\/p>\n\n\n\n<p>Voc\u00ea precisa subir a Serra dos Mascates, ouvir uma serenata em Conservat\u00f3ria e provar um queijo premiado na mesma viagem para entender por que esse peda\u00e7o do Vale do Caf\u00e9 ainda emociona quem chega.<\/p>\n","protected":false},"excerpt":{"rendered":"<p>No sop\u00e9 da Serra dos Mascates, onde tropeiros mineiros paravam a caminho da Corte, Valen\u00e7a cresceu com o ouro verde do caf\u00e9 e nunca perdeu o h\u00e1bito de receber bem. A cidade do Vale do Caf\u00e9 fluminense guarda fazendas imperiais, um quilombo centen\u00e1rio que \u00e9 ber\u00e7o do jongo e um vilarejo onde seresteiros cantam de [&hellip;]<\/p>\n","protected":false},"author":6,"featured_media":164368,"comment_status":"open","ping_status":"open","sticky":false,"template":"","format":"standard","meta":{"jnews-multi-image_gallery":[],"jnews_single_post":{"format":"standard"},"jnews_primary_category":[],"jnews_social_meta":[],"jnews_override_counter":[],"footnotes":""},"categories":[30],"tags":[183,151,19675],"class_list":["post-175886","post","type-post","status-publish","format-standard","has-post-thumbnail","hentry","category-clima","tag-cidades","tag-rio-de-janeiro","tag-valenca"],"yoast_head":"<!-- This site is optimized with the Yoast SEO plugin v23.8 - https:\/\/yoast.com\/wordpress\/plugins\/seo\/ -->\n<title>A cidade que transformou fachadas em homenagens musicais e virou destino de quem busca charme e tranquilidade - Estado de Minas - Em foco<\/title>\n<meta name=\"description\" content=\"A cidade que transformou fachadas em homenagens musicais se tornou destino de charme, cultura e tranquilidade.\" \/>\n<meta name=\"robots\" content=\"index, follow, max-snippet:-1, max-image-preview:large, max-video-preview:-1\" \/>\n<link rel=\"canonical\" href=\"https:\/\/www.em.com.br\/emfoco\/2026\/03\/02\/a-cidade-que-transformou-fachadas-em-homenagens-musicais-e-virou-destino-de-quem-busca-charme-e-tranquilidade\/\" \/>\n<meta property=\"og:locale\" content=\"pt_BR\" \/>\n<meta property=\"og:type\" content=\"article\" \/>\n<meta property=\"og:title\" content=\"A cidade que transformou fachadas em homenagens musicais e virou destino de quem busca charme e tranquilidade - Estado de Minas - Em foco\" \/>\n<meta property=\"og:description\" content=\"A cidade que transformou fachadas em homenagens musicais se tornou destino de charme, cultura e tranquilidade.\" \/>\n<meta property=\"og:url\" content=\"https:\/\/www.em.com.br\/emfoco\/2026\/03\/02\/a-cidade-que-transformou-fachadas-em-homenagens-musicais-e-virou-destino-de-quem-busca-charme-e-tranquilidade\/\" \/>\n<meta property=\"og:site_name\" content=\"Estado de Minas - Em foco\" \/>\n<meta property=\"article:published_time\" content=\"2026-03-02T21:05:00+00:00\" \/>\n<meta property=\"article:modified_time\" content=\"2026-03-02T04:35:49+00:00\" \/>\n<meta property=\"og:image\" content=\"https:\/\/www.em.com.br\/emfoco\/wp-content\/uploads\/2026\/02\/valenca-RJ.jpg\" \/>\n\t<meta property=\"og:image:width\" content=\"1280\" \/>\n\t<meta property=\"og:image:height\" content=\"720\" \/>\n\t<meta property=\"og:image:type\" content=\"image\/jpeg\" \/>\n<meta name=\"author\" content=\"Vitor Bruno\" \/>\n<meta name=\"twitter:card\" content=\"summary_large_image\" \/>\n<meta name=\"twitter:label1\" content=\"Escrito por\" \/>\n\t<meta name=\"twitter:data1\" content=\"Vitor Bruno\" \/>\n\t<meta name=\"twitter:label2\" content=\"Est. tempo de leitura\" \/>\n\t<meta name=\"twitter:data2\" content=\"7 minutos\" \/>\n<!-- \/ Yoast SEO plugin. -->","yoast_head_json":{"title":"A cidade que transformou fachadas em homenagens musicais e virou destino de quem busca charme e tranquilidade - Estado de Minas - Em foco","description":"A cidade que transformou fachadas em homenagens musicais se tornou destino de charme, cultura e tranquilidade.","robots":{"index":"index","follow":"follow","max-snippet":"max-snippet:-1","max-image-preview":"max-image-preview:large","max-video-preview":"max-video-preview:-1"},"canonical":"https:\/\/www.em.com.br\/emfoco\/2026\/03\/02\/a-cidade-que-transformou-fachadas-em-homenagens-musicais-e-virou-destino-de-quem-busca-charme-e-tranquilidade\/","og_locale":"pt_BR","og_type":"article","og_title":"A cidade que transformou fachadas em homenagens musicais e virou destino de quem busca charme e tranquilidade - Estado de Minas - Em foco","og_description":"A cidade que transformou fachadas em homenagens musicais se tornou destino de charme, cultura e tranquilidade.","og_url":"https:\/\/www.em.com.br\/emfoco\/2026\/03\/02\/a-cidade-que-transformou-fachadas-em-homenagens-musicais-e-virou-destino-de-quem-busca-charme-e-tranquilidade\/","og_site_name":"Estado de Minas - Em foco","article_published_time":"2026-03-02T21:05:00+00:00","article_modified_time":"2026-03-02T04:35:49+00:00","og_image":[{"width":1280,"height":720,"url":"https:\/\/www.em.com.br\/emfoco\/wp-content\/uploads\/2026\/02\/valenca-RJ.jpg","type":"image\/jpeg"}],"author":"Vitor Bruno","twitter_card":"summary_large_image","twitter_misc":{"Escrito por":"Vitor Bruno","Est. tempo de leitura":"7 minutos"},"schema":{"@context":"https:\/\/schema.org","@graph":[{"@type":"WebPage","@id":"https:\/\/www.em.com.br\/emfoco\/2026\/03\/02\/a-cidade-que-transformou-fachadas-em-homenagens-musicais-e-virou-destino-de-quem-busca-charme-e-tranquilidade\/","url":"https:\/\/www.em.com.br\/emfoco\/2026\/03\/02\/a-cidade-que-transformou-fachadas-em-homenagens-musicais-e-virou-destino-de-quem-busca-charme-e-tranquilidade\/","name":"A cidade que transformou fachadas em homenagens musicais e virou destino de quem busca charme e tranquilidade - Estado de Minas - Em foco","isPartOf":{"@id":"https:\/\/www.em.com.br\/emfoco\/#website"},"primaryImageOfPage":{"@id":"https:\/\/www.em.com.br\/emfoco\/2026\/03\/02\/a-cidade-que-transformou-fachadas-em-homenagens-musicais-e-virou-destino-de-quem-busca-charme-e-tranquilidade\/#primaryimage"},"image":{"@id":"https:\/\/www.em.com.br\/emfoco\/2026\/03\/02\/a-cidade-que-transformou-fachadas-em-homenagens-musicais-e-virou-destino-de-quem-busca-charme-e-tranquilidade\/#primaryimage"},"thumbnailUrl":"https:\/\/www.em.com.br\/emfoco\/wp-content\/uploads\/2026\/02\/valenca-RJ.jpg","datePublished":"2026-03-02T21:05:00+00:00","dateModified":"2026-03-02T04:35:49+00:00","author":{"@id":"https:\/\/www.em.com.br\/emfoco\/#\/schema\/person\/364ac1852fafd00f1be20f0b8b237569"},"description":"A cidade que transformou fachadas em homenagens musicais se tornou destino de charme, cultura e tranquilidade.","breadcrumb":{"@id":"https:\/\/www.em.com.br\/emfoco\/2026\/03\/02\/a-cidade-que-transformou-fachadas-em-homenagens-musicais-e-virou-destino-de-quem-busca-charme-e-tranquilidade\/#breadcrumb"},"inLanguage":"pt-BR","potentialAction":[{"@type":"ReadAction","target":["https:\/\/www.em.com.br\/emfoco\/2026\/03\/02\/a-cidade-que-transformou-fachadas-em-homenagens-musicais-e-virou-destino-de-quem-busca-charme-e-tranquilidade\/"]}]},{"@type":"ImageObject","inLanguage":"pt-BR","@id":"https:\/\/www.em.com.br\/emfoco\/2026\/03\/02\/a-cidade-que-transformou-fachadas-em-homenagens-musicais-e-virou-destino-de-quem-busca-charme-e-tranquilidade\/#primaryimage","url":"https:\/\/www.em.com.br\/emfoco\/wp-content\/uploads\/2026\/02\/valenca-RJ.jpg","contentUrl":"https:\/\/www.em.com.br\/emfoco\/wp-content\/uploads\/2026\/02\/valenca-RJ.jpg","width":1280,"height":720,"caption":"Morar em Valen\u00e7a: tranquilidade hist\u00f3rica e ensino de qualidade no interior do Rio de Janeiro \/\/ Cr\u00e9ditos: Wikipedia \/ Wikimedia Commons"},{"@type":"BreadcrumbList","@id":"https:\/\/www.em.com.br\/emfoco\/2026\/03\/02\/a-cidade-que-transformou-fachadas-em-homenagens-musicais-e-virou-destino-de-quem-busca-charme-e-tranquilidade\/#breadcrumb","itemListElement":[{"@type":"ListItem","position":1,"name":"In\u00edcio","item":"https:\/\/www.em.com.br\/emfoco\/"},{"@type":"ListItem","position":2,"name":"A cidade que transformou fachadas em homenagens musicais e virou destino de quem busca charme e tranquilidade"}]},{"@type":"WebSite","@id":"https:\/\/www.em.com.br\/emfoco\/#website","url":"https:\/\/www.em.com.br\/emfoco\/","name":"Estado de Minas - Em foco","description":"Acompanhe as \u00faltimas not\u00edcias e fique bem informado sobre tudo o que acontece em Minas Gerais, Brasil e no mundo.","potentialAction":[{"@type":"SearchAction","target":{"@type":"EntryPoint","urlTemplate":"https:\/\/www.em.com.br\/emfoco\/?s={search_term_string}"},"query-input":{"@type":"PropertyValueSpecification","valueRequired":true,"valueName":"search_term_string"}}],"inLanguage":"pt-BR"},{"@type":"Person","@id":"https:\/\/www.em.com.br\/emfoco\/#\/schema\/person\/364ac1852fafd00f1be20f0b8b237569","name":"Vitor Bruno","image":{"@type":"ImageObject","inLanguage":"pt-BR","@id":"https:\/\/www.em.com.br\/emfoco\/#\/schema\/person\/image\/","url":"https:\/\/secure.gravatar.com\/avatar\/b719e5cdede09f942064960883b5524d?s=96&d=mm&r=g","contentUrl":"https:\/\/secure.gravatar.com\/avatar\/b719e5cdede09f942064960883b5524d?s=96&d=mm&r=g","caption":"Vitor Bruno"},"sameAs":["https:\/\/www.em.com.br\/emfoco\/"],"url":"https:\/\/www.em.com.br\/emfoco\/author\/vitormyth\/"}]}},"_links":{"self":[{"href":"https:\/\/www.em.com.br\/emfoco\/wp-json\/wp\/v2\/posts\/175886","targetHints":{"allow":["GET"]}}],"collection":[{"href":"https:\/\/www.em.com.br\/emfoco\/wp-json\/wp\/v2\/posts"}],"about":[{"href":"https:\/\/www.em.com.br\/emfoco\/wp-json\/wp\/v2\/types\/post"}],"author":[{"embeddable":true,"href":"https:\/\/www.em.com.br\/emfoco\/wp-json\/wp\/v2\/users\/6"}],"replies":[{"embeddable":true,"href":"https:\/\/www.em.com.br\/emfoco\/wp-json\/wp\/v2\/comments?post=175886"}],"version-history":[{"count":4,"href":"https:\/\/www.em.com.br\/emfoco\/wp-json\/wp\/v2\/posts\/175886\/revisions"}],"predecessor-version":[{"id":176141,"href":"https:\/\/www.em.com.br\/emfoco\/wp-json\/wp\/v2\/posts\/175886\/revisions\/176141"}],"wp:featuredmedia":[{"embeddable":true,"href":"https:\/\/www.em.com.br\/emfoco\/wp-json\/wp\/v2\/media\/164368"}],"wp:attachment":[{"href":"https:\/\/www.em.com.br\/emfoco\/wp-json\/wp\/v2\/media?parent=175886"}],"wp:term":[{"taxonomy":"category","embeddable":true,"href":"https:\/\/www.em.com.br\/emfoco\/wp-json\/wp\/v2\/categories?post=175886"},{"taxonomy":"post_tag","embeddable":true,"href":"https:\/\/www.em.com.br\/emfoco\/wp-json\/wp\/v2\/tags?post=175886"}],"curies":[{"name":"wp","href":"https:\/\/api.w.org\/{rel}","templated":true}]}}