{"id":175873,"date":"2026-03-01T20:45:00","date_gmt":"2026-03-01T23:45:00","guid":{"rendered":"https:\/\/www.em.com.br\/emfoco\/?p=175873"},"modified":"2026-02-28T18:39:48","modified_gmt":"2026-02-28T21:39:48","slug":"o-que-fazer-com-a-pele-depois-de-um-dia-inteiro-no-sol-para-evitar-o-ressecamento","status":"publish","type":"post","link":"https:\/\/www.em.com.br\/emfoco\/2026\/03\/01\/o-que-fazer-com-a-pele-depois-de-um-dia-inteiro-no-sol-para-evitar-o-ressecamento\/","title":{"rendered":"O que fazer com a pele depois de um dia inteiro no sol para evitar o ressecamento"},"content":{"rendered":"\n<h2 class=\"wp-block-heading\">Depois de um dia inteiro de <b>praia<\/b>, piscina ou caminhada ao ar livre, voc\u00ea j\u00e1 sentiu a <b>pele ardendo<\/b>, repuxando ou super ressecada ao tomar banho? Isso \u00e9 o sinal claro de que ela passou do limite com o sol. Nesses momentos, um cuidado r\u00e1pido e carinhoso faz diferen\u00e7a para aliviar o inc\u00f4modo imediato e tamb\u00e9m para proteger a <b>sa\u00fade da pele<\/b> no longo prazo.<\/h2>\n\n\n\n<h2 class=\"wp-block-heading\">Como come\u00e7ar o cuidado com a pele ap\u00f3s ficar muito tempo no sol<\/h2>\n\n\n\n<p>O primeiro passo depois da exposi\u00e7\u00e3o prolongada ao <b>sol<\/b> \u00e9 tirar da pele tudo o que possa <b>irritar<\/b> ainda mais: sal, cloro, areia, suor e filtro solar antigo. Um banho com \u00e1gua fresca ou levemente fria ajuda a diminuir a sensa\u00e7\u00e3o de <b>calor<\/b> e evita que a pele resseque ainda mais.<\/p>\n\n\n\n<p>Prefira sabonetes l\u00edquidos e suaves, com <b>pH equilibrado<\/b>, e deixe de lado a \u00e1gua muito quente e as buchas \u00e1speras. Logo depois do banho, \u00e9 hora de repor <b>hidrata\u00e7\u00e3o<\/b> com produtos calmantes, aplicando com movimentos delicados, sem <b>esfregar<\/b> a pele j\u00e1 sensibilizada.<\/p>\n\n\n<div class=\"wp-block-image\">\n<figure class=\"aligncenter size-large\"><img loading=\"lazy\" decoding=\"async\" width=\"1024\" height=\"576\" src=\"https:\/\/www.em.com.br\/emfoco\/wp-content\/uploads\/2026\/01\/Gemini_Generated_Image_nya92jnya92jnya9-1-1024x576.png\" alt=\"\" class=\"wp-image-159914\" srcset=\"https:\/\/www.em.com.br\/emfoco\/wp-content\/uploads\/2026\/01\/Gemini_Generated_Image_nya92jnya92jnya9-1-1024x576.png 1024w, https:\/\/www.em.com.br\/emfoco\/wp-content\/uploads\/2026\/01\/Gemini_Generated_Image_nya92jnya92jnya9-1-300x169.png 300w, https:\/\/www.em.com.br\/emfoco\/wp-content\/uploads\/2026\/01\/Gemini_Generated_Image_nya92jnya92jnya9-1-768x432.png 768w, https:\/\/www.em.com.br\/emfoco\/wp-content\/uploads\/2026\/01\/Gemini_Generated_Image_nya92jnya92jnya9-1-750x422.png 750w, https:\/\/www.em.com.br\/emfoco\/wp-content\/uploads\/2026\/01\/Gemini_Generated_Image_nya92jnya92jnya9-1-1140x641.png 1140w, https:\/\/www.em.com.br\/emfoco\/wp-content\/uploads\/2026\/01\/Gemini_Generated_Image_nya92jnya92jnya9-1.png 1280w\" sizes=\"auto, (max-width: 1024px) 100vw, 1024px\" \/><figcaption class=\"wp-element-caption\">Evitar que a pele descasque depende, antes de tudo, de reduzir ao m\u00e1ximo a intensidade da queimadura<\/figcaption><\/figure><\/div>\n\n\n<p>Leia tamb\u00e9m:&nbsp;<a href=\"https:\/\/www.em.com.br\/emfoco\/2026\/01\/16\/conheca-os-diferentes-tipos-de-protetor-solar-e-veja-qual-o-melhor-para-a-sua-pele\/\" target=\"_blank\" rel=\"noopener\">Conhe\u00e7a os diferentes tipos de protetor solar e veja qual o melhor para a sua pele<\/a><\/p>\n\n\n\n<h2 class=\"wp-block-heading\">Quais passos priorizar na rotina de cuidados p\u00f3s-sol<\/h2>\n\n\n\n<p>Muitas pessoas se organizam em pequenas etapas para cuidar da <b>pele<\/b> depois de um dia intenso de sol, o que ajuda a n\u00e3o exagerar em produtos e a evitar <b>irrita\u00e7\u00f5es<\/b>. A ideia \u00e9 seguir uma sequ\u00eancia simples de resfriar, limpar, acalmar e hidratar, respeitando o tempo de <b>recupera\u00e7\u00e3o<\/b> natural da pele.<\/p>\n\n\n\n<ol class=\"wp-block-list\">\n<li><strong>Resfriar a pele:<\/strong> compressas frias ou banhos r\u00e1pidos com <b>\u00e1gua fresca<\/b> ajudam a diminuir a sensa\u00e7\u00e3o de calor e <b>desconforto<\/b>.<\/li>\n\n\n\n<li><strong>Higienizar com suavidade:<\/strong> usar sabonetes <b>suaves<\/b> e evitar buchas, esfoliantes f\u00edsicos ou qualquer <b>atrito intenso<\/b>.<\/li>\n\n\n\n<li><strong>Aplicar produtos calmantes:<\/strong> lo\u00e7\u00f5es p\u00f3s-sol, g\u00e9is de <b>aloe vera<\/b> ou cremes com pantenol podem auxiliar na sensa\u00e7\u00e3o de <b>al\u00edvio<\/b>.<\/li>\n\n\n\n<li><strong>Hidratar profundamente:<\/strong> priorizar hidratantes mais <b>ricos<\/b> em \u00e1reas ressecadas como <b>ombros<\/b>, colo, pernas e p\u00e9s.<\/li>\n\n\n\n<li><strong>Beber \u00e1gua:<\/strong> a hidrata\u00e7\u00e3o oral complementa o cuidado <b>externo<\/b>, favorecendo a recupera\u00e7\u00e3o geral da <b>pele<\/b>.<\/li>\n<\/ol>\n\n\n\n<figure class=\"wp-block-embed is-type-rich is-provider-pinterest wp-block-embed-pinterest\"><div class=\"wp-block-embed__wrapper\">\n<iframe loading=\"lazy\" title=\"A importancia do uso do Protetor Solar!!! Usem protetor solar, todos os dias, no corpo inteiro\" src=\"https:\/\/assets.pinterest.com\/ext\/embed.html?id=505388389490707489&#038;src=oembed\" height=\"899\" width=\"450\" frameborder=\"0\" scrolling=\"no\" ><\/iframe>\n<\/div><\/figure>\n\n\n\n<h2 class=\"wp-block-heading\">Como aliviar queimaduras solares e reduzir a descama\u00e7\u00e3o<\/h2>\n\n\n\n<p>Quando a pele fica muito <b>vermelha<\/b>, quente e dolorida, o foco passa a ser aliviar e proteger, evitando qualquer <b>atrito<\/b>. Roupas leves de algod\u00e3o, ambientes frescos e <b>sombra<\/b> ajudam bastante nesse processo de recupera\u00e7\u00e3o, junto com produtos calmantes bem escolhidos.<\/p>\n\n\n\n<p>Nessa fase, \u00e9 importante usar cremes suaves, sem <b>\u00e1lcool<\/b> ou fragr\u00e2ncias fortes, e n\u00e3o esfoliar a pele enquanto ela estiver ardendo ou <b>descamando<\/b>. A hidrata\u00e7\u00e3o constante ao longo do dia pode amenizar a descama\u00e7\u00e3o e trazer <b>conforto<\/b> sem deixar aquela sensa\u00e7\u00e3o de pele \u201cpesada\u201d.<\/p>\n\n\n\n<p>Para voc\u00ea que gosta de se proteger, separamos um v\u00eddeo do canal da <a href=\"https:\/\/www.youtube.com\/@DraMarinaHayashida\" target=\"_blank\" rel=\"noreferrer noopener\">Dra. Marina Hayashida<\/a> com uma lsita de protetores solares para usar:<\/p>\n\n\n\n<figure class=\"wp-block-embed is-type-video is-provider-youtube wp-block-embed-youtube wp-embed-aspect-16-9 wp-has-aspect-ratio\"><div class=\"wp-block-embed__wrapper\">\n<div class=\"jeg_video_container jeg_video_content\"><iframe loading=\"lazy\" title=\"5 PROTETORES Solares com COR que eu gosto e recomendo!\" width=\"500\" height=\"281\" src=\"https:\/\/www.youtube.com\/embed\/yvRkB5VcOR8?feature=oembed\" frameborder=\"0\" allow=\"accelerometer; autoplay; clipboard-write; encrypted-media; gyroscope; picture-in-picture; web-share\" referrerpolicy=\"strict-origin-when-cross-origin\" allowfullscreen><\/iframe><\/div>\n<\/div><\/figure>\n\n\n\n<h2 class=\"wp-block-heading\">Quais produtos valem a pena para cuidar da pele p\u00f3s-sol<\/h2>\n\n\n\n<p>Na hora de montar um cuidado p\u00f3s-sol, vale priorizar f\u00f3rmulas leves, refrescantes e com <b>ativos calmantes<\/b>, que diminuam a ard\u00eancia e devolvam <b>maciez<\/b>. Na pele do rosto, \u00e9 essencial escolher produtos adequados ao seu <b>tipo de pele<\/b> e, se poss\u00edvel, n\u00e3o comedog\u00eanicos para n\u00e3o piorar acne, ros\u00e1cea ou melasma.<\/p>\n\n\n\n<p>Entre as op\u00e7\u00f5es dispon\u00edveis, alguns tipos de produto costumam ser os mais usados depois de um dia de sol <b>intenso<\/b>:<\/p>\n\n\n\n<div style=\"font-family: 'Segoe UI', Tahoma, Geneva, Verdana, sans-serif; max-width: 1000px; margin: 20px auto; border: 2px solid #722f37; border-radius: 30px; overflow: hidden; background-color: #ffffff; box-shadow: 0 4px 15px rgba(114, 47, 55, 0.1);\">\n    <table style=\"width: 100%; border-collapse: collapse; text-align: left; font-size: 14px;\">\n        <thead>\n            <tr style=\"background-color: #722f37;\">\n                <th style=\"padding: 15px; color: #ffffff; border-bottom: 2px solid #f9d8e6; width: 35%;\">Categoria de Produto<\/th>\n                <th style=\"padding: 15px; color: #ffffff; border-bottom: 2px solid #f9d8e6; width: 65%;\">Finalidade e Ativos Recomendados<\/th>\n            <\/tr>\n        <\/thead>\n        <tbody>\n            <tr>\n                <td style=\"padding: 12px 15px; border-bottom: 1px solid #ffe3ee; color: #4a4a4a; font-weight: bold;\">Hidratantes corporais<\/td>\n                <td style=\"padding: 12px 15px; border-bottom: 1px solid #ffe3ee; color: #4a4a4a;\">Lo\u00e7\u00f5es com glicerina, <b>\u00e1cido hialur\u00f4nico<\/b>, ceramidas e manteigas vegetais ajudam a restaurar a <b>barreira cut\u00e2nea<\/b>.<\/td>\n            <\/tr>\n            <tr style=\"background-color: #fffafa;\">\n                <td style=\"padding: 12px 15px; border-bottom: 1px solid #ffe3ee; color: #4a4a4a; font-weight: bold;\">G\u00e9is calmantes<\/td>\n                <td style=\"padding: 12px 15px; border-bottom: 1px solid #ffe3ee; color: #4a4a4a;\">Produtos com aloe vera, <b>pantenol<\/b>, camomila ou bisabolol costumam trazer sensa\u00e7\u00e3o de <b>frescor<\/b> e al\u00edvio.<\/td>\n            <\/tr>\n            <tr>\n                <td style=\"padding: 12px 15px; border-bottom: 1px solid #ffe3ee; color: #4a4a4a; font-weight: bold;\">\u00c1guas termais ou brumas hidratantes<\/td>\n                <td style=\"padding: 12px 15px; border-bottom: 1px solid #ffe3ee; color: #4a4a4a;\">Podem ser aplicadas ao longo do dia para <b>refrescar<\/b> sem <b>pesar<\/b>.<\/td>\n            <\/tr>\n            <tr style=\"background-color: #fffafa;\">\n                <td style=\"padding: 12px 15px; color: #4a4a4a; font-weight: bold;\">Filtros solares de uso di\u00e1rio<\/td>\n                <td style=\"padding: 12px 15px; color: #4a4a4a;\">Depois da fase mais sens\u00edvel, a prote\u00e7\u00e3o cont\u00ednua <b>evita<\/b> novas agress\u00f5es e <b>manchas<\/b>.<\/td>\n            <\/tr>\n        <\/tbody>\n    <\/table>\n<\/div>\n\n\n\n<h2 class=\"wp-block-heading\">Quais cuidados manter a longo prazo depois de muita exposi\u00e7\u00e3o ao sol<\/h2>\n\n\n\n<p>Os efeitos de um dia de sol n\u00e3o acabam quando o <b>vermelhid\u00e3o<\/b> passa; com o tempo, podem surgir <b>manchas<\/b>, rugas precoces e outros problemas de pele. Por isso, o cuidado p\u00f3s-sol imediato deve ser visto tamb\u00e9m como parte de uma rotina de <b>preven\u00e7\u00e3o<\/b> para o ano inteiro.<\/p>\n\n\n\n<p>Usar protetor solar todos os dias, evitar o sol forte do <b>meio-dia<\/b> e observar mudan\u00e7as em pintas e manchas s\u00e3o atitudes simples que fazem diferen\u00e7a. Consultas regulares com o <b>dermatologista<\/b> ajudam a acompanhar a sa\u00fade da pele e a ajustar os cuidados conforme a sua <b>realidade<\/b> e o seu estilo de vida.<\/p>\n","protected":false},"excerpt":{"rendered":"<p>Depois de um dia inteiro de praia, piscina ou caminhada ao ar livre, voc\u00ea j\u00e1 sentiu a pele ardendo, repuxando ou super ressecada ao tomar banho? Isso \u00e9 o sinal claro de que ela passou do limite com o sol. Nesses momentos, um cuidado r\u00e1pido e carinhoso faz diferen\u00e7a para aliviar o inc\u00f4modo imediato e [&hellip;]<\/p>\n","protected":false},"author":9,"featured_media":152617,"comment_status":"open","ping_status":"open","sticky":false,"template":"","format":"standard","meta":{"jnews-multi-image_gallery":[],"jnews_single_post":{"format":"standard"},"jnews_primary_category":[],"jnews_social_meta":[],"jnews_override_counter":[],"footnotes":""},"categories":[8691,8819,1],"tags":[22121,24060,24059],"class_list":["post-175873","post","type-post","status-publish","format-standard","has-post-thumbnail","hentry","category-bem-estar","category-curiosidades","category-noticias","tag-auto-cuidado","tag-exposicao-ao-sol","tag-protecao-da-pele"],"yoast_head":"<!-- This site is optimized with the Yoast SEO plugin v23.8 - https:\/\/yoast.com\/wordpress\/plugins\/seo\/ -->\n<title>O que fazer com a pele depois de um dia inteiro no sol para evitar o ressecamento - Estado de Minas - Em foco<\/title>\n<meta name=\"description\" content=\"Recupere a pele sensibilizada pelo sol com aloe vera e pantenol e evite a vermelhid\u00e3o com hidrata\u00e7\u00e3o profunda\" \/>\n<meta name=\"robots\" content=\"index, follow, max-snippet:-1, max-image-preview:large, max-video-preview:-1\" \/>\n<link rel=\"canonical\" href=\"https:\/\/www.em.com.br\/emfoco\/2026\/03\/01\/o-que-fazer-com-a-pele-depois-de-um-dia-inteiro-no-sol-para-evitar-o-ressecamento\/\" \/>\n<meta property=\"og:locale\" content=\"pt_BR\" \/>\n<meta property=\"og:type\" content=\"article\" \/>\n<meta property=\"og:title\" content=\"O que fazer com a pele depois de um dia inteiro no sol para evitar o ressecamento - Estado de Minas - Em foco\" \/>\n<meta property=\"og:description\" content=\"Recupere a pele sensibilizada pelo sol com aloe vera e pantenol e evite a vermelhid\u00e3o com hidrata\u00e7\u00e3o profunda\" \/>\n<meta property=\"og:url\" content=\"https:\/\/www.em.com.br\/emfoco\/2026\/03\/01\/o-que-fazer-com-a-pele-depois-de-um-dia-inteiro-no-sol-para-evitar-o-ressecamento\/\" \/>\n<meta property=\"og:site_name\" content=\"Estado de Minas - Em foco\" \/>\n<meta property=\"article:published_time\" content=\"2026-03-01T23:45:00+00:00\" \/>\n<meta property=\"article:modified_time\" content=\"2026-02-28T21:39:48+00:00\" \/>\n<meta property=\"og:image\" content=\"https:\/\/www.em.com.br\/emfoco\/wp-content\/uploads\/2026\/01\/pele-vermelha-sol_1767900426016.jpg\" \/>\n\t<meta property=\"og:image:width\" content=\"1280\" \/>\n\t<meta property=\"og:image:height\" content=\"720\" \/>\n\t<meta property=\"og:image:type\" content=\"image\/jpeg\" \/>\n<meta name=\"author\" content=\"Daniely Cardoso\" \/>\n<meta name=\"twitter:card\" content=\"summary_large_image\" \/>\n<meta name=\"twitter:label1\" content=\"Escrito por\" \/>\n\t<meta name=\"twitter:data1\" content=\"Daniely Cardoso\" \/>\n\t<meta name=\"twitter:label2\" content=\"Est. tempo de leitura\" \/>\n\t<meta name=\"twitter:data2\" content=\"5 minutos\" \/>\n<!-- \/ Yoast SEO plugin. -->","yoast_head_json":{"title":"O que fazer com a pele depois de um dia inteiro no sol para evitar o ressecamento - Estado de Minas - Em foco","description":"Recupere a pele sensibilizada pelo sol com aloe vera e pantenol e evite a vermelhid\u00e3o com hidrata\u00e7\u00e3o profunda","robots":{"index":"index","follow":"follow","max-snippet":"max-snippet:-1","max-image-preview":"max-image-preview:large","max-video-preview":"max-video-preview:-1"},"canonical":"https:\/\/www.em.com.br\/emfoco\/2026\/03\/01\/o-que-fazer-com-a-pele-depois-de-um-dia-inteiro-no-sol-para-evitar-o-ressecamento\/","og_locale":"pt_BR","og_type":"article","og_title":"O que fazer com a pele depois de um dia inteiro no sol para evitar o ressecamento - Estado de Minas - Em foco","og_description":"Recupere a pele sensibilizada pelo sol com aloe vera e pantenol e evite a vermelhid\u00e3o com hidrata\u00e7\u00e3o profunda","og_url":"https:\/\/www.em.com.br\/emfoco\/2026\/03\/01\/o-que-fazer-com-a-pele-depois-de-um-dia-inteiro-no-sol-para-evitar-o-ressecamento\/","og_site_name":"Estado de Minas - Em foco","article_published_time":"2026-03-01T23:45:00+00:00","article_modified_time":"2026-02-28T21:39:48+00:00","og_image":[{"width":1280,"height":720,"url":"https:\/\/www.em.com.br\/emfoco\/wp-content\/uploads\/2026\/01\/pele-vermelha-sol_1767900426016.jpg","type":"image\/jpeg"}],"author":"Daniely Cardoso","twitter_card":"summary_large_image","twitter_misc":{"Escrito por":"Daniely Cardoso","Est. tempo de leitura":"5 minutos"},"schema":{"@context":"https:\/\/schema.org","@graph":[{"@type":"WebPage","@id":"https:\/\/www.em.com.br\/emfoco\/2026\/03\/01\/o-que-fazer-com-a-pele-depois-de-um-dia-inteiro-no-sol-para-evitar-o-ressecamento\/","url":"https:\/\/www.em.com.br\/emfoco\/2026\/03\/01\/o-que-fazer-com-a-pele-depois-de-um-dia-inteiro-no-sol-para-evitar-o-ressecamento\/","name":"O que fazer com a pele depois de um dia inteiro no sol para evitar o ressecamento - Estado de Minas - Em foco","isPartOf":{"@id":"https:\/\/www.em.com.br\/emfoco\/#website"},"primaryImageOfPage":{"@id":"https:\/\/www.em.com.br\/emfoco\/2026\/03\/01\/o-que-fazer-com-a-pele-depois-de-um-dia-inteiro-no-sol-para-evitar-o-ressecamento\/#primaryimage"},"image":{"@id":"https:\/\/www.em.com.br\/emfoco\/2026\/03\/01\/o-que-fazer-com-a-pele-depois-de-um-dia-inteiro-no-sol-para-evitar-o-ressecamento\/#primaryimage"},"thumbnailUrl":"https:\/\/www.em.com.br\/emfoco\/wp-content\/uploads\/2026\/01\/pele-vermelha-sol_1767900426016.jpg","datePublished":"2026-03-01T23:45:00+00:00","dateModified":"2026-02-28T21:39:48+00:00","author":{"@id":"https:\/\/www.em.com.br\/emfoco\/#\/schema\/person\/0a8186d72f2c3a5c6276d90b41f271a0"},"description":"Recupere a pele sensibilizada pelo sol com aloe vera e pantenol e evite a vermelhid\u00e3o com hidrata\u00e7\u00e3o profunda","breadcrumb":{"@id":"https:\/\/www.em.com.br\/emfoco\/2026\/03\/01\/o-que-fazer-com-a-pele-depois-de-um-dia-inteiro-no-sol-para-evitar-o-ressecamento\/#breadcrumb"},"inLanguage":"pt-BR","potentialAction":[{"@type":"ReadAction","target":["https:\/\/www.em.com.br\/emfoco\/2026\/03\/01\/o-que-fazer-com-a-pele-depois-de-um-dia-inteiro-no-sol-para-evitar-o-ressecamento\/"]}]},{"@type":"ImageObject","inLanguage":"pt-BR","@id":"https:\/\/www.em.com.br\/emfoco\/2026\/03\/01\/o-que-fazer-com-a-pele-depois-de-um-dia-inteiro-no-sol-para-evitar-o-ressecamento\/#primaryimage","url":"https:\/\/www.em.com.br\/emfoco\/wp-content\/uploads\/2026\/01\/pele-vermelha-sol_1767900426016.jpg","contentUrl":"https:\/\/www.em.com.br\/emfoco\/wp-content\/uploads\/2026\/01\/pele-vermelha-sol_1767900426016.jpg","width":1280,"height":720,"caption":"Para prevenir assaduras no calor, a combina\u00e7\u00e3o de higiene adequada e roupas apropriadas costuma funcionar muito bem - Cr\u00e9ditos: depositphotos.com \/ alexmak72427"},{"@type":"BreadcrumbList","@id":"https:\/\/www.em.com.br\/emfoco\/2026\/03\/01\/o-que-fazer-com-a-pele-depois-de-um-dia-inteiro-no-sol-para-evitar-o-ressecamento\/#breadcrumb","itemListElement":[{"@type":"ListItem","position":1,"name":"In\u00edcio","item":"https:\/\/www.em.com.br\/emfoco\/"},{"@type":"ListItem","position":2,"name":"O que fazer com a pele depois de um dia inteiro no sol para evitar o ressecamento"}]},{"@type":"WebSite","@id":"https:\/\/www.em.com.br\/emfoco\/#website","url":"https:\/\/www.em.com.br\/emfoco\/","name":"Estado de Minas - Em foco","description":"Acompanhe as \u00faltimas not\u00edcias e fique bem informado sobre tudo o que acontece em Minas Gerais, Brasil e no mundo.","potentialAction":[{"@type":"SearchAction","target":{"@type":"EntryPoint","urlTemplate":"https:\/\/www.em.com.br\/emfoco\/?s={search_term_string}"},"query-input":{"@type":"PropertyValueSpecification","valueRequired":true,"valueName":"search_term_string"}}],"inLanguage":"pt-BR"},{"@type":"Person","@id":"https:\/\/www.em.com.br\/emfoco\/#\/schema\/person\/0a8186d72f2c3a5c6276d90b41f271a0","name":"Daniely Cardoso","image":{"@type":"ImageObject","inLanguage":"pt-BR","@id":"https:\/\/www.em.com.br\/emfoco\/#\/schema\/person\/image\/","url":"https:\/\/secure.gravatar.com\/avatar\/4b80ddbd124d1f071b626d52d62e5dff?s=96&d=mm&r=g","contentUrl":"https:\/\/secure.gravatar.com\/avatar\/4b80ddbd124d1f071b626d52d62e5dff?s=96&d=mm&r=g","caption":"Daniely Cardoso"},"url":"https:\/\/www.em.com.br\/emfoco\/author\/danielymyth\/"}]}},"_links":{"self":[{"href":"https:\/\/www.em.com.br\/emfoco\/wp-json\/wp\/v2\/posts\/175873","targetHints":{"allow":["GET"]}}],"collection":[{"href":"https:\/\/www.em.com.br\/emfoco\/wp-json\/wp\/v2\/posts"}],"about":[{"href":"https:\/\/www.em.com.br\/emfoco\/wp-json\/wp\/v2\/types\/post"}],"author":[{"embeddable":true,"href":"https:\/\/www.em.com.br\/emfoco\/wp-json\/wp\/v2\/users\/9"}],"replies":[{"embeddable":true,"href":"https:\/\/www.em.com.br\/emfoco\/wp-json\/wp\/v2\/comments?post=175873"}],"version-history":[{"count":2,"href":"https:\/\/www.em.com.br\/emfoco\/wp-json\/wp\/v2\/posts\/175873\/revisions"}],"predecessor-version":[{"id":175948,"href":"https:\/\/www.em.com.br\/emfoco\/wp-json\/wp\/v2\/posts\/175873\/revisions\/175948"}],"wp:featuredmedia":[{"embeddable":true,"href":"https:\/\/www.em.com.br\/emfoco\/wp-json\/wp\/v2\/media\/152617"}],"wp:attachment":[{"href":"https:\/\/www.em.com.br\/emfoco\/wp-json\/wp\/v2\/media?parent=175873"}],"wp:term":[{"taxonomy":"category","embeddable":true,"href":"https:\/\/www.em.com.br\/emfoco\/wp-json\/wp\/v2\/categories?post=175873"},{"taxonomy":"post_tag","embeddable":true,"href":"https:\/\/www.em.com.br\/emfoco\/wp-json\/wp\/v2\/tags?post=175873"}],"curies":[{"name":"wp","href":"https:\/\/api.w.org\/{rel}","templated":true}]}}