{"id":175718,"date":"2026-03-02T12:45:00","date_gmt":"2026-03-02T15:45:00","guid":{"rendered":"https:\/\/www.em.com.br\/emfoco\/?p=175718"},"modified":"2026-02-28T14:35:09","modified_gmt":"2026-02-28T17:35:09","slug":"o-projeto-que-esta-devolvendo-vida-a-mata-atlantica-em-santa-catarina-e-criando-novas-oportunidades-para-as-comunidades-locais","status":"publish","type":"post","link":"https:\/\/www.em.com.br\/emfoco\/2026\/03\/02\/o-projeto-que-esta-devolvendo-vida-a-mata-atlantica-em-santa-catarina-e-criando-novas-oportunidades-para-as-comunidades-locais\/","title":{"rendered":"O projeto que est\u00e1 devolvendo vida \u00e0 Mata Atl\u00e2ntica em Santa Catarina e criando novas oportunidades para as comunidades locais"},"content":{"rendered":"\n<p>A <strong>Mata Atl\u00e2ntica em Santa Catarina<\/strong> ganhou novo f\u00f4lego com a recupera\u00e7\u00e3o de 292 hectares, \u00e1rea equivalente a quase 300 campos de futebol. O projeto Mais Floresta com Arauc\u00e1ria une restaura\u00e7\u00e3o ambiental, sistemas agroflorestais e gera\u00e7\u00e3o de renda local.<\/p>\n\n\n\n<h2 class=\"wp-block-heading\">Onde a recupera\u00e7\u00e3o da Mata Atl\u00e2ntica est\u00e1 acontecendo?<\/h2>\n\n\n\n<p>O projeto restaurou <strong>292 hectares de \u00e1reas degradadas<\/strong> em Urupema, Urubici, Bom Retiro e Passos Maia. Parte da recupera\u00e7\u00e3o ocorreu em \u00c1reas de Preserva\u00e7\u00e3o Permanente e na RPPN Canto do Araponga, na Serra Catarinense.<\/p>\n\n\n\n<p>A iniciativa \u00e9 financiada pelo <a href=\"https:\/\/www.em.com.br\/emfoco\/2025\/12\/31\/de-um-caminhao-herdado-a-oito-zeros-a-trajetoria-surpreendente-de-um-autonomo-brasileiro\/\" target=\"_blank\" rel=\"noreferrer noopener\"><strong>BNDES<\/strong> <\/a>e executada pela <strong><a href=\"https:\/\/certi.org.br\/\" target=\"_blank\" rel=\"noreferrer noopener\">Funda\u00e7\u00e3o CERTI<\/a><\/strong>, com foco em reconectar fragmentos florestais e recuperar servi\u00e7os ambientais essenciais, como regula\u00e7\u00e3o clim\u00e1tica, conserva\u00e7\u00e3o do solo e disponibilidade de \u00e1gua.<\/p>\n\n\n\n<figure class=\"wp-block-image size-large\"><img loading=\"lazy\" decoding=\"async\" width=\"1024\" height=\"576\" src=\"https:\/\/www.em.com.br\/emfoco\/wp-content\/uploads\/2026\/02\/6-27-1024x576.jpg\" alt=\"O projeto que est\u00e1 devolvendo vida \u00e0 Mata Atl\u00e2ntica em Santa Catarina e criando novas oportunidades para as comunidades locais\" class=\"wp-image-175748\" srcset=\"https:\/\/www.em.com.br\/emfoco\/wp-content\/uploads\/2026\/02\/6-27-1024x576.jpg 1024w, https:\/\/www.em.com.br\/emfoco\/wp-content\/uploads\/2026\/02\/6-27-300x169.jpg 300w, https:\/\/www.em.com.br\/emfoco\/wp-content\/uploads\/2026\/02\/6-27-768x432.jpg 768w, https:\/\/www.em.com.br\/emfoco\/wp-content\/uploads\/2026\/02\/6-27-750x422.jpg 750w, https:\/\/www.em.com.br\/emfoco\/wp-content\/uploads\/2026\/02\/6-27-1140x641.jpg 1140w, https:\/\/www.em.com.br\/emfoco\/wp-content\/uploads\/2026\/02\/6-27.jpg 1280w\" sizes=\"auto, (max-width: 1024px) 100vw, 1024px\" \/><figcaption class=\"wp-element-caption\">A iniciativa recupera \u00e1reas degradadas e servi\u00e7os ambientais na Serra Catarinense<\/figcaption><\/figure>\n\n\n\n<h2 class=\"wp-block-heading\">Por que a diversidade gen\u00e9tica \u00e9 t\u00e3o importante?<\/h2>\n\n\n\n<p>Quando a floresta se fragmenta, ocorre perda de <strong>diversidade gen\u00e9tica<\/strong>, afetando produ\u00e7\u00e3o de frutos, madeira e resist\u00eancia a mudan\u00e7as clim\u00e1ticas. A restaura\u00e7\u00e3o busca ampliar a variabilidade das esp\u00e9cies plantadas.<\/p>\n\n\n\n<ul class=\"wp-block-list\">\n<li>Maior diversidade reduz vulnerabilidade a pragas e eventos extremos.<\/li>\n\n\n\n<li>Esp\u00e9cies variadas fortalecem polinizadores e fauna associada.<\/li>\n\n\n\n<li>A troca gen\u00e9tica entre popula\u00e7\u00f5es aumenta a resili\u00eancia do ecossistema.<\/li>\n<\/ul>\n\n\n\n<h2 class=\"wp-block-heading\">Qual \u00e9 o papel da arauc\u00e1ria nessa recupera\u00e7\u00e3o?<\/h2>\n\n\n\n<p>A <strong>arauc\u00e1ria<\/strong> foi escolhida como esp\u00e9cie central por ser s\u00edmbolo da Floresta Ombr\u00f3fila Mista. Al\u00e9m da relev\u00e2ncia ecol\u00f3gica, ela possui valor cultural e econ\u00f4mico, especialmente pela produ\u00e7\u00e3o do pinh\u00e3o.<\/p>\n\n\n\n<p>Outras esp\u00e9cies nativas como erva-mate, imbuia e goiabeira-serrana foram inclu\u00eddas para ampliar fun\u00e7\u00f5es ecol\u00f3gicas e criar novas oportunidades de renda. Diversificar esp\u00e9cies significa fortalecer o equil\u00edbrio ambiental e econ\u00f4mico.<\/p>\n\n\n\n<figure class=\"wp-block-image size-large\"><img loading=\"lazy\" decoding=\"async\" width=\"1024\" height=\"576\" src=\"https:\/\/www.em.com.br\/emfoco\/wp-content\/uploads\/2026\/02\/5-31-1024x576.jpg\" alt=\"O projeto que est\u00e1 devolvendo vida \u00e0 Mata Atl\u00e2ntica em Santa Catarina e criando novas oportunidades para as comunidades locais\" class=\"wp-image-175747\" srcset=\"https:\/\/www.em.com.br\/emfoco\/wp-content\/uploads\/2026\/02\/5-31-1024x576.jpg 1024w, https:\/\/www.em.com.br\/emfoco\/wp-content\/uploads\/2026\/02\/5-31-300x169.jpg 300w, https:\/\/www.em.com.br\/emfoco\/wp-content\/uploads\/2026\/02\/5-31-768x432.jpg 768w, https:\/\/www.em.com.br\/emfoco\/wp-content\/uploads\/2026\/02\/5-31-750x422.jpg 750w, https:\/\/www.em.com.br\/emfoco\/wp-content\/uploads\/2026\/02\/5-31-1140x641.jpg 1140w, https:\/\/www.em.com.br\/emfoco\/wp-content\/uploads\/2026\/02\/5-31.jpg 1280w\" sizes=\"auto, (max-width: 1024px) 100vw, 1024px\" \/><figcaption class=\"wp-element-caption\">A arauc\u00e1ria possui relev\u00e2ncia ecol\u00f3gica e valor econ\u00f4mico pela produ\u00e7\u00e3o de pinh\u00e3o<\/figcaption><\/figure>\n\n\n\n<h2 class=\"wp-block-heading\">Como os sistemas agroflorestais entram no projeto?<\/h2>\n\n\n\n<p>Em Passos Maia, 192 hectares de Reserva Legal foram integrados a <strong>sistemas agroflorestais<\/strong> em assentamentos rurais. O modelo combina \u00e1rvores nativas e produ\u00e7\u00e3o agr\u00edcola, permitindo que as fam\u00edlias produzam enquanto restauram a floresta.<\/p>\n\n\n\n<ul class=\"wp-block-list\">\n<li>\u00c1rvores adubadeiras melhoram a fertilidade e protegem o solo.<\/li>\n\n\n\n<li>Produ\u00e7\u00e3o diversificada possibilita venda para programas como o PNAE.<\/li>\n\n\n\n<li>A renda agr\u00edcola ajuda a manter a floresta em p\u00e9 a longo prazo.<\/li>\n<\/ul>\n\n\n\n<h2 class=\"wp-block-heading\">Qual \u00e9 o impacto para agricultores e comunidades?<\/h2>\n\n\n\n<p>O projeto envolveu agricultores na <strong>coleta de sementes, plantio de mudas e cercamento<\/strong> das \u00e1reas recuperadas. Essa participa\u00e7\u00e3o fortalece a cadeia produtiva e aumenta as chances de sucesso da restaura\u00e7\u00e3o.<\/p>\n\n\n\n<p>Ao transformar recupera\u00e7\u00e3o ambiental em oportunidade econ\u00f4mica, a iniciativa conecta conserva\u00e7\u00e3o e sustento familiar. A floresta deixa de ser apenas paisagem e volta a funcionar como sistema vivo que gera renda e estabilidade ambiental.<\/p>\n","protected":false},"excerpt":{"rendered":"<p>A Mata Atl\u00e2ntica em Santa Catarina ganhou novo f\u00f4lego com a recupera\u00e7\u00e3o de 292 hectares, \u00e1rea equivalente a quase 300 campos de futebol. O projeto Mais Floresta com Arauc\u00e1ria une restaura\u00e7\u00e3o ambiental, sistemas agroflorestais e gera\u00e7\u00e3o de renda local. Onde a recupera\u00e7\u00e3o da Mata Atl\u00e2ntica est\u00e1 acontecendo? O projeto restaurou 292 hectares de \u00e1reas degradadas [&hellip;]<\/p>\n","protected":false},"author":13,"featured_media":175749,"comment_status":"open","ping_status":"open","sticky":false,"template":"","format":"standard","meta":{"jnews-multi-image_gallery":[],"jnews_single_post":{"format":"standard"},"jnews_primary_category":[],"jnews_social_meta":[],"jnews_override_counter":[],"footnotes":""},"categories":[8819],"tags":[25426,1880,25427],"class_list":["post-175718","post","type-post","status-publish","format-standard","has-post-thumbnail","hentry","category-curiosidades","tag-araucaria","tag-mata-atlantica","tag-sc"],"yoast_head":"<!-- This site is optimized with the Yoast SEO plugin v23.8 - https:\/\/yoast.com\/wordpress\/plugins\/seo\/ -->\n<title>O projeto que est\u00e1 devolvendo vida \u00e0 Mata Atl\u00e2ntica em Santa Catarina e criando novas oportunidades para as comunidades locais - Estado de Minas - Em foco<\/title>\n<meta name=\"description\" content=\"Veja como um projeto em Santa Catarina est\u00e1 impulsionando a recupera\u00e7\u00e3o florestal e criando benef\u00edcios diretos para comunidades rurais.\" \/>\n<meta name=\"robots\" content=\"index, follow, max-snippet:-1, max-image-preview:large, max-video-preview:-1\" \/>\n<link rel=\"canonical\" href=\"https:\/\/www.em.com.br\/emfoco\/2026\/03\/02\/o-projeto-que-esta-devolvendo-vida-a-mata-atlantica-em-santa-catarina-e-criando-novas-oportunidades-para-as-comunidades-locais\/\" \/>\n<meta property=\"og:locale\" content=\"pt_BR\" \/>\n<meta property=\"og:type\" content=\"article\" \/>\n<meta property=\"og:title\" content=\"O projeto que est\u00e1 devolvendo vida \u00e0 Mata Atl\u00e2ntica em Santa Catarina e criando novas oportunidades para as comunidades locais - Estado de Minas - Em foco\" \/>\n<meta property=\"og:description\" content=\"Veja como um projeto em Santa Catarina est\u00e1 impulsionando a recupera\u00e7\u00e3o florestal e criando benef\u00edcios diretos para comunidades rurais.\" \/>\n<meta property=\"og:url\" content=\"https:\/\/www.em.com.br\/emfoco\/2026\/03\/02\/o-projeto-que-esta-devolvendo-vida-a-mata-atlantica-em-santa-catarina-e-criando-novas-oportunidades-para-as-comunidades-locais\/\" \/>\n<meta property=\"og:site_name\" content=\"Estado de Minas - Em foco\" \/>\n<meta property=\"article:published_time\" content=\"2026-03-02T15:45:00+00:00\" \/>\n<meta property=\"article:modified_time\" content=\"2026-02-28T17:35:09+00:00\" \/>\n<meta property=\"og:image\" content=\"https:\/\/www.em.com.br\/emfoco\/wp-content\/uploads\/2026\/02\/7-16.jpg\" \/>\n\t<meta property=\"og:image:width\" content=\"1280\" \/>\n\t<meta property=\"og:image:height\" content=\"720\" \/>\n\t<meta property=\"og:image:type\" content=\"image\/jpeg\" \/>\n<meta name=\"author\" content=\"Gabriel Martins\" \/>\n<meta name=\"twitter:card\" content=\"summary_large_image\" \/>\n<meta name=\"twitter:label1\" content=\"Escrito por\" \/>\n\t<meta name=\"twitter:data1\" content=\"Gabriel Martins\" \/>\n\t<meta name=\"twitter:label2\" content=\"Est. tempo de leitura\" \/>\n\t<meta name=\"twitter:data2\" content=\"3 minutos\" \/>\n<!-- \/ Yoast SEO plugin. -->","yoast_head_json":{"title":"O projeto que est\u00e1 devolvendo vida \u00e0 Mata Atl\u00e2ntica em Santa Catarina e criando novas oportunidades para as comunidades locais - Estado de Minas - Em foco","description":"Veja como um projeto em Santa Catarina est\u00e1 impulsionando a recupera\u00e7\u00e3o florestal e criando benef\u00edcios diretos para comunidades rurais.","robots":{"index":"index","follow":"follow","max-snippet":"max-snippet:-1","max-image-preview":"max-image-preview:large","max-video-preview":"max-video-preview:-1"},"canonical":"https:\/\/www.em.com.br\/emfoco\/2026\/03\/02\/o-projeto-que-esta-devolvendo-vida-a-mata-atlantica-em-santa-catarina-e-criando-novas-oportunidades-para-as-comunidades-locais\/","og_locale":"pt_BR","og_type":"article","og_title":"O projeto que est\u00e1 devolvendo vida \u00e0 Mata Atl\u00e2ntica em Santa Catarina e criando novas oportunidades para as comunidades locais - Estado de Minas - Em foco","og_description":"Veja como um projeto em Santa Catarina est\u00e1 impulsionando a recupera\u00e7\u00e3o florestal e criando benef\u00edcios diretos para comunidades rurais.","og_url":"https:\/\/www.em.com.br\/emfoco\/2026\/03\/02\/o-projeto-que-esta-devolvendo-vida-a-mata-atlantica-em-santa-catarina-e-criando-novas-oportunidades-para-as-comunidades-locais\/","og_site_name":"Estado de Minas - Em foco","article_published_time":"2026-03-02T15:45:00+00:00","article_modified_time":"2026-02-28T17:35:09+00:00","og_image":[{"width":1280,"height":720,"url":"https:\/\/www.em.com.br\/emfoco\/wp-content\/uploads\/2026\/02\/7-16.jpg","type":"image\/jpeg"}],"author":"Gabriel Martins","twitter_card":"summary_large_image","twitter_misc":{"Escrito por":"Gabriel Martins","Est. tempo de leitura":"3 minutos"},"schema":{"@context":"https:\/\/schema.org","@graph":[{"@type":"WebPage","@id":"https:\/\/www.em.com.br\/emfoco\/2026\/03\/02\/o-projeto-que-esta-devolvendo-vida-a-mata-atlantica-em-santa-catarina-e-criando-novas-oportunidades-para-as-comunidades-locais\/","url":"https:\/\/www.em.com.br\/emfoco\/2026\/03\/02\/o-projeto-que-esta-devolvendo-vida-a-mata-atlantica-em-santa-catarina-e-criando-novas-oportunidades-para-as-comunidades-locais\/","name":"O projeto que est\u00e1 devolvendo vida \u00e0 Mata Atl\u00e2ntica em Santa Catarina e criando novas oportunidades para as comunidades locais - Estado de Minas - Em foco","isPartOf":{"@id":"https:\/\/www.em.com.br\/emfoco\/#website"},"primaryImageOfPage":{"@id":"https:\/\/www.em.com.br\/emfoco\/2026\/03\/02\/o-projeto-que-esta-devolvendo-vida-a-mata-atlantica-em-santa-catarina-e-criando-novas-oportunidades-para-as-comunidades-locais\/#primaryimage"},"image":{"@id":"https:\/\/www.em.com.br\/emfoco\/2026\/03\/02\/o-projeto-que-esta-devolvendo-vida-a-mata-atlantica-em-santa-catarina-e-criando-novas-oportunidades-para-as-comunidades-locais\/#primaryimage"},"thumbnailUrl":"https:\/\/www.em.com.br\/emfoco\/wp-content\/uploads\/2026\/02\/7-16.jpg","datePublished":"2026-03-02T15:45:00+00:00","dateModified":"2026-02-28T17:35:09+00:00","author":{"@id":"https:\/\/www.em.com.br\/emfoco\/#\/schema\/person\/1c9ddeab18b98abeffef834667bcf08a"},"description":"Veja como um projeto em Santa Catarina est\u00e1 impulsionando a recupera\u00e7\u00e3o florestal e criando benef\u00edcios diretos para comunidades rurais.","breadcrumb":{"@id":"https:\/\/www.em.com.br\/emfoco\/2026\/03\/02\/o-projeto-que-esta-devolvendo-vida-a-mata-atlantica-em-santa-catarina-e-criando-novas-oportunidades-para-as-comunidades-locais\/#breadcrumb"},"inLanguage":"pt-BR","potentialAction":[{"@type":"ReadAction","target":["https:\/\/www.em.com.br\/emfoco\/2026\/03\/02\/o-projeto-que-esta-devolvendo-vida-a-mata-atlantica-em-santa-catarina-e-criando-novas-oportunidades-para-as-comunidades-locais\/"]}]},{"@type":"ImageObject","inLanguage":"pt-BR","@id":"https:\/\/www.em.com.br\/emfoco\/2026\/03\/02\/o-projeto-que-esta-devolvendo-vida-a-mata-atlantica-em-santa-catarina-e-criando-novas-oportunidades-para-as-comunidades-locais\/#primaryimage","url":"https:\/\/www.em.com.br\/emfoco\/wp-content\/uploads\/2026\/02\/7-16.jpg","contentUrl":"https:\/\/www.em.com.br\/emfoco\/wp-content\/uploads\/2026\/02\/7-16.jpg","width":1280,"height":720,"caption":"Projeto em Santa Catarina restaura \u00e1rea equivalente a trezentos campos de futebol"},{"@type":"BreadcrumbList","@id":"https:\/\/www.em.com.br\/emfoco\/2026\/03\/02\/o-projeto-que-esta-devolvendo-vida-a-mata-atlantica-em-santa-catarina-e-criando-novas-oportunidades-para-as-comunidades-locais\/#breadcrumb","itemListElement":[{"@type":"ListItem","position":1,"name":"In\u00edcio","item":"https:\/\/www.em.com.br\/emfoco\/"},{"@type":"ListItem","position":2,"name":"O projeto que est\u00e1 devolvendo vida \u00e0 Mata Atl\u00e2ntica em Santa Catarina e criando novas oportunidades para as comunidades locais"}]},{"@type":"WebSite","@id":"https:\/\/www.em.com.br\/emfoco\/#website","url":"https:\/\/www.em.com.br\/emfoco\/","name":"Estado de Minas - Em foco","description":"Acompanhe as \u00faltimas not\u00edcias e fique bem informado sobre tudo o que acontece em Minas Gerais, Brasil e no mundo.","potentialAction":[{"@type":"SearchAction","target":{"@type":"EntryPoint","urlTemplate":"https:\/\/www.em.com.br\/emfoco\/?s={search_term_string}"},"query-input":{"@type":"PropertyValueSpecification","valueRequired":true,"valueName":"search_term_string"}}],"inLanguage":"pt-BR"},{"@type":"Person","@id":"https:\/\/www.em.com.br\/emfoco\/#\/schema\/person\/1c9ddeab18b98abeffef834667bcf08a","name":"Gabriel Martins","image":{"@type":"ImageObject","inLanguage":"pt-BR","@id":"https:\/\/www.em.com.br\/emfoco\/#\/schema\/person\/image\/","url":"https:\/\/secure.gravatar.com\/avatar\/f0f1e2efdfd88f1ad2cb08c5c2731e50?s=96&d=mm&r=g","contentUrl":"https:\/\/secure.gravatar.com\/avatar\/f0f1e2efdfd88f1ad2cb08c5c2731e50?s=96&d=mm&r=g","caption":"Gabriel Martins"},"sameAs":["https:\/\/www.em.com.br\/emfoco\/"],"url":"https:\/\/www.em.com.br\/emfoco\/author\/gabrielmartinsmyth\/"}]}},"_links":{"self":[{"href":"https:\/\/www.em.com.br\/emfoco\/wp-json\/wp\/v2\/posts\/175718","targetHints":{"allow":["GET"]}}],"collection":[{"href":"https:\/\/www.em.com.br\/emfoco\/wp-json\/wp\/v2\/posts"}],"about":[{"href":"https:\/\/www.em.com.br\/emfoco\/wp-json\/wp\/v2\/types\/post"}],"author":[{"embeddable":true,"href":"https:\/\/www.em.com.br\/emfoco\/wp-json\/wp\/v2\/users\/13"}],"replies":[{"embeddable":true,"href":"https:\/\/www.em.com.br\/emfoco\/wp-json\/wp\/v2\/comments?post=175718"}],"version-history":[{"count":1,"href":"https:\/\/www.em.com.br\/emfoco\/wp-json\/wp\/v2\/posts\/175718\/revisions"}],"predecessor-version":[{"id":175756,"href":"https:\/\/www.em.com.br\/emfoco\/wp-json\/wp\/v2\/posts\/175718\/revisions\/175756"}],"wp:featuredmedia":[{"embeddable":true,"href":"https:\/\/www.em.com.br\/emfoco\/wp-json\/wp\/v2\/media\/175749"}],"wp:attachment":[{"href":"https:\/\/www.em.com.br\/emfoco\/wp-json\/wp\/v2\/media?parent=175718"}],"wp:term":[{"taxonomy":"category","embeddable":true,"href":"https:\/\/www.em.com.br\/emfoco\/wp-json\/wp\/v2\/categories?post=175718"},{"taxonomy":"post_tag","embeddable":true,"href":"https:\/\/www.em.com.br\/emfoco\/wp-json\/wp\/v2\/tags?post=175718"}],"curies":[{"name":"wp","href":"https:\/\/api.w.org\/{rel}","templated":true}]}}