{"id":175712,"date":"2026-02-28T14:58:00","date_gmt":"2026-02-28T17:58:00","guid":{"rendered":"https:\/\/www.em.com.br\/emfoco\/?p=175712"},"modified":"2026-02-28T14:28:25","modified_gmt":"2026-02-28T17:28:25","slug":"4-cores-de-cabelo-que-voce-deve-evitar-depois-dos-40-e-4-que-rejuvenescem-a-sua-aparencia","status":"publish","type":"post","link":"https:\/\/www.em.com.br\/emfoco\/2026\/02\/28\/4-cores-de-cabelo-que-voce-deve-evitar-depois-dos-40-e-4-que-rejuvenescem-a-sua-aparencia\/","title":{"rendered":"4 cores de cabelo que voc\u00ea deve evitar depois dos 40 e 4 que rejuvenescem a sua apar\u00eancia."},"content":{"rendered":"\n<p>Escolher as cores de cabelo certas depois dos 40 faz toda a diferen\u00e7a na apar\u00eancia e na autoestima. Alguns tons endurecem o rosto, evidenciam linhas de express\u00e3o e deixam a pele com aspecto cansado, enquanto outros iluminam, suavizam os tra\u00e7os e criam um efeito rejuvenescedor imediato. Saber quais tons favorecem o seu tipo de pele \u00e9 o primeiro passo para uma transforma\u00e7\u00e3o visual poderosa.<\/p>\n\n\n\n<h2 class=\"wp-block-heading\">Quais cores de cabelo envelhecem a apar\u00eancia depois dos 40?<\/h2>\n\n\n\n<p>Algumas tonalidades que funcionavam perfeitamente aos 20 ou 30 anos podem pesar no visual com o passar do tempo. Isso acontece porque a pele perde luminosidade natural e certos tons criam um contraste excessivo que marca olheiras, rugas e manchas.<\/p>\n\n\n\n<p>Confira as quatro cores de <a href=\"https:\/\/www.em.com.br\/emfoco\/emfoco\/2026\/02\/28\/o-novo-corte-de-cabelo-da-escandinavia-que-esta-bombando-no-verao-de-2026\/\" target=\"_blank\" rel=\"noreferrer noopener\">cabelo que merecem aten\u00e7\u00e3o<\/a> redobrada a partir dos 40:<\/p>\n\n\n\n<div class=\"bloco-lista-evitar\">\n  <style>\n    .bloco-lista-evitar {\n      font-family: -apple-system, BlinkMacSystemFont, \"Segoe UI\", Roboto, Arial, sans-serif;\n      background: #ffffff;\n      border: 1px solid #e5e7eb;\n      border-radius: 16px;\n      padding: 26px;\n      max-width: 1000px;\n      margin: 0 auto;\n      box-shadow: 0 6px 22px rgba(0,0,0,0.06);\n    }\n\n    .bloco-lista-evitar h2 {\n      font-size: 21px;\n      text-align: center;\n      margin-bottom: 26px;\n      color: #111827;\n    }\n\n    .lista-evitar {\n      display: flex;\n      flex-direction: column;\n      gap: 14px;\n    }\n\n    .item-evitar {\n      display: flex;\n      gap: 16px;\n      align-items: flex-start;\n      padding: 18px;\n      border-radius: 14px;\n      background: #f9fafb;\n      border: 1px solid #e5e7eb;\n      transition: all 0.25s ease;\n    }\n\n    .item-evitar:hover {\n      background: #f3f4f6;\n    }\n\n    .marcador-evitar {\n      min-width: 34px;\n      height: 34px;\n      border-radius: 10px;\n      background: #111827;\n      color: #ffffff;\n      font-size: 16px;\n      font-weight: 700;\n      display: flex;\n      align-items: center;\n      justify-content: center;\n      flex-shrink: 0;\n    }\n\n    .conteudo-evitar h3 {\n      font-size: 15px;\n      margin: 0 0 6px 0;\n      color: #111827;\n    }\n\n    .conteudo-evitar p {\n      font-size: 14px;\n      margin: 0;\n      color: #4b5563;\n      line-height: 1.6;\n    }\n\n    @media (max-width: 640px) {\n      .bloco-lista-evitar {\n        padding: 18px;\n      }\n      .conteudo-evitar p {\n        font-size: 13px;\n      }\n    }\n  <\/style>\n\n  <h2>Tons que Podem Pesar no Visual<\/h2>\n\n  <div class=\"lista-evitar\">\n\n    <div class=\"item-evitar\">\n      <div class=\"marcador-evitar\">1<\/div>\n      <div class=\"conteudo-evitar\">\n        <h3>Preto intenso uniforme<\/h3>\n        <p>\n          O tom chapado escurece demais o contorno do rosto e acentua sinais de envelhecimento,\n          deixando a pele com apar\u00eancia mais opaca.\n        <\/p>\n      <\/div>\n    <\/div>\n\n    <div class=\"item-evitar\">\n      <div class=\"marcador-evitar\">2<\/div>\n      <div class=\"conteudo-evitar\">\n        <h3>Loiro platinado sem nuances<\/h3>\n        <p>\n          Muito claro e sem profundidade, pode \u201clavar\u201d o rosto e evidenciar a perda de pigmenta\u00e7\u00e3o natural da pele.\n        <\/p>\n      <\/div>\n    <\/div>\n\n    <div class=\"item-evitar\">\n      <div class=\"marcador-evitar\">3<\/div>\n      <div class=\"conteudo-evitar\">\n        <h3>Ruivo muito vibrante e artificial<\/h3>\n        <p>\n          Tons alaranjados extremos tendem a ressaltar vermelhid\u00e3o e manchas,\n          especialmente em peles maduras.\n        <\/p>\n      <\/div>\n    <\/div>\n\n    <div class=\"item-evitar\">\n      <div class=\"marcador-evitar\">4<\/div>\n      <div class=\"conteudo-evitar\">\n        <h3>Castanho acinzentado sem brilho<\/h3>\n        <p>\n          Uma colora\u00e7\u00e3o apagada e sem reflexos pode adicionar anos ao visual\n          e transmitir aspecto pouco iluminado.\n        <\/p>\n      <\/div>\n    <\/div>\n\n  <\/div>\n<\/div>\n\n\n\n<h2 class=\"wp-block-heading\">Quais tons de cabelo rejuvenescem e iluminam o rosto?<\/h2>\n\n\n\n<p>A estrat\u00e9gia para parecer mais jovem est\u00e1 em escolher cores de cabelo que tragam luminosidade e suavidade. Tons com reflexos e dimens\u00e3o criam movimento nos fios e devolvem vivacidade \u00e0 apar\u00eancia.<\/p>\n\n\n\n<p>Estas s\u00e3o as quatro tonalidades que coloristas e profissionais de beleza mais recomendam:<\/p>\n\n\n\n<div class=\"bloco-paleta-premium\">\n  <style>\n    .bloco-paleta-premium {\n      font-family: -apple-system, BlinkMacSystemFont, \"Segoe UI\", Roboto, Arial, sans-serif;\n      background: #ffffff;\n      border: 1px solid #e5e7eb;\n      border-radius: 16px;\n      padding: 26px;\n      max-width: 1000px;\n      margin: 0 auto;\n      box-shadow: 0 6px 22px rgba(0,0,0,0.06);\n    }\n\n    .bloco-paleta-premium h2 {\n      font-size: 21px;\n      text-align: center;\n      margin-bottom: 24px;\n      color: #111827;\n    }\n\n    .paleta-grid {\n      display: grid;\n      grid-template-columns: repeat(4, 1fr);\n      gap: 18px;\n    }\n\n    .paleta-item {\n      text-align: center;\n      padding: 18px 14px;\n      border-radius: 14px;\n      background: #f9fafb;\n      border: 1px solid #e5e7eb;\n      transition: all 0.25s ease;\n    }\n\n    .paleta-item:hover {\n      transform: translateY(-4px);\n      box-shadow: 0 10px 24px rgba(0,0,0,0.08);\n    }\n\n    .circulo-cor {\n      width: 70px;\n      height: 70px;\n      border-radius: 50%;\n      margin: 0 auto 14px auto;\n      border: 3px solid #ffffff;\n      box-shadow: 0 4px 12px rgba(0,0,0,0.08);\n    }\n\n    .castanho-mel { background: linear-gradient(135deg, #5a3b1f, #c68642); }\n    .loiro-dourado { background: linear-gradient(135deg, #d4a017, #f4d03f); }\n    .ruivo-cobre { background: linear-gradient(135deg, #8b2e1f, #d2691e); }\n    .chocolate-caramelo { background: linear-gradient(135deg, #3a2416, #b87333); }\n\n    .paleta-item h3 {\n      font-size: 15px;\n      margin: 0 0 8px 0;\n      color: #111827;\n    }\n\n    .paleta-item p {\n      font-size: 13.5px;\n      margin: 0;\n      color: #4b5563;\n      line-height: 1.6;\n    }\n\n    @media (max-width: 900px) {\n      .paleta-grid {\n        grid-template-columns: repeat(2, 1fr);\n      }\n    }\n\n    @media (max-width: 520px) {\n      .paleta-grid {\n        grid-template-columns: 1fr;\n      }\n    }\n  <\/style>\n\n  <h2>Paleta de Tons Sofisticados e Iluminados<\/h2>\n\n  <div class=\"paleta-grid\">\n\n    <div class=\"paleta-item\">\n      <div class=\"circulo-cor castanho-mel\"><\/div>\n      <h3>Castanho iluminado com mechas mel<\/h3>\n      <p>Adiciona brilho natural sem contrastar demais, valorizando todos os tons de pele.<\/p>\n    <\/div>\n\n    <div class=\"paleta-item\">\n      <div class=\"circulo-cor loiro-dourado\"><\/div>\n      <h3>Loiro m\u00e9dio dourado<\/h3>\n      <p>Aquece o rosto, suaviza linhas finas e combina especialmente bem com peles m\u00e9dias e morenas.<\/p>\n    <\/div>\n\n    <div class=\"paleta-item\">\n      <div class=\"circulo-cor ruivo-cobre\"><\/div>\n      <h3>Ruivo acobreado suave<\/h3>\n      <p>Um tom sofisticado que ilumina sem exagerar, perfeito para quem quer ousadia com eleg\u00e2ncia.<\/p>\n    <\/div>\n\n    <div class=\"paleta-item\">\n      <div class=\"circulo-cor chocolate-caramelo\"><\/div>\n      <h3>Castanho chocolate com reflexos caramelo<\/h3>\n      <p>Cria profundidade e dimens\u00e3o nos fios, emoldurando o rosto de forma harmoniosa.<\/p>\n    <\/div>\n\n  <\/div>\n<\/div>\n\n\n\n<h2 class=\"wp-block-heading\">Como escolher a cor de cabelo ideal para o seu tom de pele?<\/h2>\n\n\n\n<p>A regra de ouro da colorimetria capilar \u00e9 respeitar o subtom da pele. Peles com subtom quente harmonizam melhor com dourados, acobreados e tons de mel. J\u00e1 peles com subtom frio ficam mais bonitas com reflexos acinzentados, beges e tons de champanhe.<\/p>\n\n\n\n<p>Uma dica pr\u00e1tica \u00e9 observar as veias do pulso sob luz natural. Se elas parecerem esverdeadas, seu subtom \u00e9 quente. Se forem azuladas ou arroxeadas, o subtom \u00e9 frio. Esse teste simples ajuda a direcionar a escolha da colora\u00e7\u00e3o e evitar erros que comprometam a harmonia do visual.<\/p>\n\n\n<div class=\"wp-block-image\">\n<figure class=\"aligncenter size-large\"><img loading=\"lazy\" decoding=\"async\" width=\"1024\" height=\"572\" src=\"https:\/\/www.em.com.br\/emfoco\/wp-content\/uploads\/2026\/02\/freepik__35mm-film-photography-close-nas-mos-segurando-mech__55505-1024x572.jpeg\" alt=\"4 cores de cabelo que voc\u00ea deve evitar depois dos 40 e 4 que rejuvenescem a sua apar\u00eancia.\" class=\"wp-image-175736\"\/><figcaption class=\"wp-element-caption\">Cores de cabelo depois dos 40 podem envelhecer ou iluminar o rosto<\/figcaption><\/figure><\/div>\n\n\n<h2 class=\"wp-block-heading\">Que cuidados capilares ajudam a manter a cor bonita por mais tempo?<\/h2>\n\n\n\n<p>Manter a vitalidade da colora\u00e7\u00e3o exige uma rotina de cuidados espec\u00edficos. Fios coloridos perdem pigmento com lavagens frequentes, exposi\u00e7\u00e3o solar e uso de ferramentas t\u00e9rmicas como secador e chapinha.<\/p>\n\n\n\n<p>Invista em shampoos e condicionadores sem sulfato, que limpam sem agredir a fibra capilar. M\u00e1scaras de hidrata\u00e7\u00e3o semanal com queratina e \u00f3leos vegetais preservam o brilho e evitam o ressecamento. Al\u00e9m disso, aplicar protetor t\u00e9rmico antes de usar secador \u00e9 fundamental para manter a cor vibrante e os fios saud\u00e1veis.<\/p>\n\n\n\n<h2 class=\"wp-block-heading\">Por que consultar um colorista faz diferen\u00e7a na escolha dos tons?<\/h2>\n\n\n\n<p>Um profissional de beleza capacitado avalia a textura dos fios, o hist\u00f3rico de qu\u00edmica, o formato do rosto e o tom de pele antes de indicar a colora\u00e7\u00e3o ideal. Essa an\u00e1lise personalizada evita resultados indesejados e garante que a transi\u00e7\u00e3o de cor seja feita de forma segura, sem comprometer a sa\u00fade capilar.<\/p>\n\n\n\n<p>Cores de cabelo bem escolhidas s\u00e3o um dos recursos mais acess\u00edveis e transformadores no universo da beleza e do cuidado pessoal. Com orienta\u00e7\u00e3o adequada e uma rotina de tratamento consistente, \u00e9 poss\u00edvel rejuvenescer a apar\u00eancia, valorizar os tra\u00e7os e elevar a autoestima em qualquer idade.<\/p>\n","protected":false},"excerpt":{"rendered":"<p>Escolher as cores de cabelo certas depois dos 40 faz toda a diferen\u00e7a na apar\u00eancia e na autoestima. Alguns tons endurecem o rosto, evidenciam linhas de express\u00e3o e deixam a pele com aspecto cansado, enquanto outros iluminam, suavizam os tra\u00e7os e criam um efeito rejuvenescedor imediato. Saber quais tons favorecem o seu tipo de pele [&hellip;]<\/p>\n","protected":false},"author":10,"featured_media":175737,"comment_status":"open","ping_status":"open","sticky":false,"template":"","format":"standard","meta":{"jnews-multi-image_gallery":[],"jnews_single_post":{"format":"standard"},"jnews_primary_category":[],"jnews_social_meta":[],"jnews_override_counter":[],"footnotes":""},"categories":[8691],"tags":[17172,5678,25431],"class_list":["post-175712","post","type-post","status-publish","format-standard","has-post-thumbnail","hentry","category-bem-estar","tag-aparencia-jovem","tag-cores-de-cabelo","tag-depois-dos-40"],"yoast_head":"<!-- This site is optimized with the Yoast SEO plugin v23.8 - https:\/\/yoast.com\/wordpress\/plugins\/seo\/ -->\n<title>4 cores de cabelo que voc\u00ea deve evitar depois dos 40 e 4 que rejuvenescem a sua apar\u00eancia. - Estado de Minas - Em foco<\/title>\n<meta name=\"description\" content=\"Algumas cores de cabelo depois dos 40 pesam no visual, enquanto outras devolvem luminosidade e valorizam os tra\u00e7os.\" \/>\n<meta name=\"robots\" content=\"index, follow, max-snippet:-1, max-image-preview:large, max-video-preview:-1\" \/>\n<link rel=\"canonical\" href=\"https:\/\/www.em.com.br\/emfoco\/2026\/02\/28\/4-cores-de-cabelo-que-voce-deve-evitar-depois-dos-40-e-4-que-rejuvenescem-a-sua-aparencia\/\" \/>\n<meta property=\"og:locale\" content=\"pt_BR\" \/>\n<meta property=\"og:type\" content=\"article\" \/>\n<meta property=\"og:title\" content=\"4 cores de cabelo que voc\u00ea deve evitar depois dos 40 e 4 que rejuvenescem a sua apar\u00eancia. - Estado de Minas - Em foco\" \/>\n<meta property=\"og:description\" content=\"Algumas cores de cabelo depois dos 40 pesam no visual, enquanto outras devolvem luminosidade e valorizam os tra\u00e7os.\" \/>\n<meta property=\"og:url\" content=\"https:\/\/www.em.com.br\/emfoco\/2026\/02\/28\/4-cores-de-cabelo-que-voce-deve-evitar-depois-dos-40-e-4-que-rejuvenescem-a-sua-aparencia\/\" \/>\n<meta property=\"og:site_name\" content=\"Estado de Minas - Em foco\" \/>\n<meta property=\"article:published_time\" content=\"2026-02-28T17:58:00+00:00\" \/>\n<meta property=\"article:modified_time\" content=\"2026-02-28T17:28:25+00:00\" \/>\n<meta property=\"og:image\" content=\"https:\/\/www.em.com.br\/emfoco\/wp-content\/uploads\/2026\/02\/freepik__35mm-film-photography-mulher-madura-com-cabelo-cas__55504-e1772299402664.jpeg\" \/>\n\t<meta property=\"og:image:width\" content=\"1280\" \/>\n\t<meta property=\"og:image:height\" content=\"714\" \/>\n\t<meta property=\"og:image:type\" content=\"image\/jpeg\" \/>\n<meta name=\"author\" content=\"Patryck Reinehr\" \/>\n<meta name=\"twitter:card\" content=\"summary_large_image\" \/>\n<meta name=\"twitter:label1\" content=\"Escrito por\" \/>\n\t<meta name=\"twitter:data1\" content=\"Patryck Reinehr\" \/>\n\t<meta name=\"twitter:label2\" content=\"Est. tempo de leitura\" \/>\n\t<meta name=\"twitter:data2\" content=\"5 minutos\" \/>\n<!-- \/ Yoast SEO plugin. -->","yoast_head_json":{"title":"4 cores de cabelo que voc\u00ea deve evitar depois dos 40 e 4 que rejuvenescem a sua apar\u00eancia. - Estado de Minas - Em foco","description":"Algumas cores de cabelo depois dos 40 pesam no visual, enquanto outras devolvem luminosidade e valorizam os tra\u00e7os.","robots":{"index":"index","follow":"follow","max-snippet":"max-snippet:-1","max-image-preview":"max-image-preview:large","max-video-preview":"max-video-preview:-1"},"canonical":"https:\/\/www.em.com.br\/emfoco\/2026\/02\/28\/4-cores-de-cabelo-que-voce-deve-evitar-depois-dos-40-e-4-que-rejuvenescem-a-sua-aparencia\/","og_locale":"pt_BR","og_type":"article","og_title":"4 cores de cabelo que voc\u00ea deve evitar depois dos 40 e 4 que rejuvenescem a sua apar\u00eancia. - Estado de Minas - Em foco","og_description":"Algumas cores de cabelo depois dos 40 pesam no visual, enquanto outras devolvem luminosidade e valorizam os tra\u00e7os.","og_url":"https:\/\/www.em.com.br\/emfoco\/2026\/02\/28\/4-cores-de-cabelo-que-voce-deve-evitar-depois-dos-40-e-4-que-rejuvenescem-a-sua-aparencia\/","og_site_name":"Estado de Minas - Em foco","article_published_time":"2026-02-28T17:58:00+00:00","article_modified_time":"2026-02-28T17:28:25+00:00","og_image":[{"width":1280,"height":714,"url":"https:\/\/www.em.com.br\/emfoco\/wp-content\/uploads\/2026\/02\/freepik__35mm-film-photography-mulher-madura-com-cabelo-cas__55504-e1772299402664.jpeg","type":"image\/jpeg"}],"author":"Patryck Reinehr","twitter_card":"summary_large_image","twitter_misc":{"Escrito por":"Patryck Reinehr","Est. tempo de leitura":"5 minutos"},"schema":{"@context":"https:\/\/schema.org","@graph":[{"@type":"WebPage","@id":"https:\/\/www.em.com.br\/emfoco\/2026\/02\/28\/4-cores-de-cabelo-que-voce-deve-evitar-depois-dos-40-e-4-que-rejuvenescem-a-sua-aparencia\/","url":"https:\/\/www.em.com.br\/emfoco\/2026\/02\/28\/4-cores-de-cabelo-que-voce-deve-evitar-depois-dos-40-e-4-que-rejuvenescem-a-sua-aparencia\/","name":"4 cores de cabelo que voc\u00ea deve evitar depois dos 40 e 4 que rejuvenescem a sua apar\u00eancia. - Estado de Minas - Em foco","isPartOf":{"@id":"https:\/\/www.em.com.br\/emfoco\/#website"},"primaryImageOfPage":{"@id":"https:\/\/www.em.com.br\/emfoco\/2026\/02\/28\/4-cores-de-cabelo-que-voce-deve-evitar-depois-dos-40-e-4-que-rejuvenescem-a-sua-aparencia\/#primaryimage"},"image":{"@id":"https:\/\/www.em.com.br\/emfoco\/2026\/02\/28\/4-cores-de-cabelo-que-voce-deve-evitar-depois-dos-40-e-4-que-rejuvenescem-a-sua-aparencia\/#primaryimage"},"thumbnailUrl":"https:\/\/www.em.com.br\/emfoco\/wp-content\/uploads\/2026\/02\/freepik__35mm-film-photography-mulher-madura-com-cabelo-cas__55504-e1772299402664.jpeg","datePublished":"2026-02-28T17:58:00+00:00","dateModified":"2026-02-28T17:28:25+00:00","author":{"@id":"https:\/\/www.em.com.br\/emfoco\/#\/schema\/person\/43407752bebcbbb4d0ec79deedc0d7ce"},"description":"Algumas cores de cabelo depois dos 40 pesam no visual, enquanto outras devolvem luminosidade e valorizam os tra\u00e7os.","breadcrumb":{"@id":"https:\/\/www.em.com.br\/emfoco\/2026\/02\/28\/4-cores-de-cabelo-que-voce-deve-evitar-depois-dos-40-e-4-que-rejuvenescem-a-sua-aparencia\/#breadcrumb"},"inLanguage":"pt-BR","potentialAction":[{"@type":"ReadAction","target":["https:\/\/www.em.com.br\/emfoco\/2026\/02\/28\/4-cores-de-cabelo-que-voce-deve-evitar-depois-dos-40-e-4-que-rejuvenescem-a-sua-aparencia\/"]}]},{"@type":"ImageObject","inLanguage":"pt-BR","@id":"https:\/\/www.em.com.br\/emfoco\/2026\/02\/28\/4-cores-de-cabelo-que-voce-deve-evitar-depois-dos-40-e-4-que-rejuvenescem-a-sua-aparencia\/#primaryimage","url":"https:\/\/www.em.com.br\/emfoco\/wp-content\/uploads\/2026\/02\/freepik__35mm-film-photography-mulher-madura-com-cabelo-cas__55504-e1772299402664.jpeg","contentUrl":"https:\/\/www.em.com.br\/emfoco\/wp-content\/uploads\/2026\/02\/freepik__35mm-film-photography-mulher-madura-com-cabelo-cas__55504-e1772299402664.jpeg","width":1280,"height":714,"caption":"Cores de cabelo depois dos 40 fazem diferen\u00e7a na autoestima e no espelho"},{"@type":"BreadcrumbList","@id":"https:\/\/www.em.com.br\/emfoco\/2026\/02\/28\/4-cores-de-cabelo-que-voce-deve-evitar-depois-dos-40-e-4-que-rejuvenescem-a-sua-aparencia\/#breadcrumb","itemListElement":[{"@type":"ListItem","position":1,"name":"In\u00edcio","item":"https:\/\/www.em.com.br\/emfoco\/"},{"@type":"ListItem","position":2,"name":"4 cores de cabelo que voc\u00ea deve evitar depois dos 40 e 4 que rejuvenescem a sua apar\u00eancia."}]},{"@type":"WebSite","@id":"https:\/\/www.em.com.br\/emfoco\/#website","url":"https:\/\/www.em.com.br\/emfoco\/","name":"Estado de Minas - Em foco","description":"Acompanhe as \u00faltimas not\u00edcias e fique bem informado sobre tudo o que acontece em Minas Gerais, Brasil e no mundo.","potentialAction":[{"@type":"SearchAction","target":{"@type":"EntryPoint","urlTemplate":"https:\/\/www.em.com.br\/emfoco\/?s={search_term_string}"},"query-input":{"@type":"PropertyValueSpecification","valueRequired":true,"valueName":"search_term_string"}}],"inLanguage":"pt-BR"},{"@type":"Person","@id":"https:\/\/www.em.com.br\/emfoco\/#\/schema\/person\/43407752bebcbbb4d0ec79deedc0d7ce","name":"Patryck Reinehr","image":{"@type":"ImageObject","inLanguage":"pt-BR","@id":"https:\/\/www.em.com.br\/emfoco\/#\/schema\/person\/image\/","url":"https:\/\/secure.gravatar.com\/avatar\/570c7fb2898c0e2df0823196891bea88?s=96&d=mm&r=g","contentUrl":"https:\/\/secure.gravatar.com\/avatar\/570c7fb2898c0e2df0823196891bea88?s=96&d=mm&r=g","caption":"Patryck Reinehr"},"url":"https:\/\/www.em.com.br\/emfoco\/author\/patryckmyth\/"}]}},"_links":{"self":[{"href":"https:\/\/www.em.com.br\/emfoco\/wp-json\/wp\/v2\/posts\/175712","targetHints":{"allow":["GET"]}}],"collection":[{"href":"https:\/\/www.em.com.br\/emfoco\/wp-json\/wp\/v2\/posts"}],"about":[{"href":"https:\/\/www.em.com.br\/emfoco\/wp-json\/wp\/v2\/types\/post"}],"author":[{"embeddable":true,"href":"https:\/\/www.em.com.br\/emfoco\/wp-json\/wp\/v2\/users\/10"}],"replies":[{"embeddable":true,"href":"https:\/\/www.em.com.br\/emfoco\/wp-json\/wp\/v2\/comments?post=175712"}],"version-history":[{"count":1,"href":"https:\/\/www.em.com.br\/emfoco\/wp-json\/wp\/v2\/posts\/175712\/revisions"}],"predecessor-version":[{"id":175742,"href":"https:\/\/www.em.com.br\/emfoco\/wp-json\/wp\/v2\/posts\/175712\/revisions\/175742"}],"wp:featuredmedia":[{"embeddable":true,"href":"https:\/\/www.em.com.br\/emfoco\/wp-json\/wp\/v2\/media\/175737"}],"wp:attachment":[{"href":"https:\/\/www.em.com.br\/emfoco\/wp-json\/wp\/v2\/media?parent=175712"}],"wp:term":[{"taxonomy":"category","embeddable":true,"href":"https:\/\/www.em.com.br\/emfoco\/wp-json\/wp\/v2\/categories?post=175712"},{"taxonomy":"post_tag","embeddable":true,"href":"https:\/\/www.em.com.br\/emfoco\/wp-json\/wp\/v2\/tags?post=175712"}],"curies":[{"name":"wp","href":"https:\/\/api.w.org\/{rel}","templated":true}]}}