{"id":175703,"date":"2026-03-01T09:05:00","date_gmt":"2026-03-01T12:05:00","guid":{"rendered":"https:\/\/www.em.com.br\/emfoco\/?p=175703"},"modified":"2026-02-28T12:52:46","modified_gmt":"2026-02-28T15:52:46","slug":"os-sinais-mais-importantes-de-mal-subito-que-exigem-socorro-imediato","status":"publish","type":"post","link":"https:\/\/www.em.com.br\/emfoco\/2026\/03\/01\/os-sinais-mais-importantes-de-mal-subito-que-exigem-socorro-imediato\/","title":{"rendered":"Os sinais mais importantes de mal s\u00fabito que exigem socorro imediato"},"content":{"rendered":"\n<p>O recente incidente envolvendo o humorista<strong> Marquito<\/strong> trouxe \u00e0 tona a quest\u00e3o do <strong>Mal S\u00fabito<\/strong>, um sintoma que pode se manifestar sem aviso e causar grande preocupa\u00e7\u00e3o. Esse fen\u00f4meno n\u00e3o \u00e9 uma doen\u00e7a espec\u00edfica, mas sim uma manifesta\u00e7\u00e3o de desequil\u00edbrio r\u00e1pido no suprimento de sangue para \u00f3rg\u00e3os vitais, variando de uma simples s\u00edncope a condi\u00e7\u00f5es mais graves, como infarto ou parada card\u00edaca.<\/p>\n\n\n\n<h2 class=\"wp-block-heading\">O que \u00e9 mal s\u00fabito e como ele se diferencia de doen\u00e7as espec\u00edficas?<\/h2>\n\n\n\n<p>Especialistas explicam que o mal s\u00fabito \u00e9 um termo gen\u00e9rico, abrangendo desde quedas de press\u00e3o at\u00e9 eventos como acidentes vasculares cerebrais ou crises epil\u00e9pticas. A gravidade desse sintoma pode oscilar muito, o que torna essencial um diagn\u00f3stico r\u00e1pido e preciso para controlar e tratar poss\u00edveis complica\u00e7\u00f5es.<\/p>\n\n\n\n<p>Em muitos casos, o mal s\u00fabito est\u00e1 associado a problemas cardiovasculares, neurol\u00f3gicos ou metab\u00f3licos que podem permanecer silenciosos por anos. Por isso, a investiga\u00e7\u00e3o m\u00e9dica detalhada \u00e9 fundamental para identificar a causa subjacente e orientar o tratamento adequado.<\/p>\n\n\n\n<h2 class=\"wp-block-heading\">Quais as diferen\u00e7as entre mal s\u00fabito, infarto e parada card\u00edaca?<\/h2>\n\n\n\n<p>Embora mal s\u00fabito, infarto e parada card\u00edaca sejam termos frequentemente confundidos, \u00e9 importante esclarecer suas distin\u00e7\u00f5es. O mal s\u00fabito descreve apenas um sintoma repentino, enquanto o infarto \u00e9 caracterizado por dor no peito, falta de ar e sudorese intensa, e a parada cardiorrespirat\u00f3ria representa a interrup\u00e7\u00e3o completa da atividade mec\u00e2nica e el\u00e9trica do cora\u00e7\u00e3o.<\/p>\n\n\n\n<p>Essas diferen\u00e7as ajudam a entender o valor do diagn\u00f3stico precoce e da observa\u00e7\u00e3o de sinais de alerta. Em casos de arritmia, por exemplo, \u00e9 comum notar palpita\u00e7\u00f5es ou tonturas, enquanto em eventos de infarto uma dor inexplic\u00e1vel, prolongada ou em aperto pode anteceder o incidente.<\/p>\n\n\n\n<h2 class=\"wp-block-heading\">Principais sinais de alerta que n\u00e3o devem ser ignorados?<\/h2>\n\n\n\n<p>O corpo humano frequentemente emite sinais sutis que podem servir de alerta antes de um epis\u00f3dio de mal s\u00fabito. Dependendo da causa, podem surgir sintomas como palpita\u00e7\u00f5es, tontura intensa, dor no peito, falta de ar, sudorese fria ou altera\u00e7\u00e3o s\u00fabita do n\u00edvel de consci\u00eancia, especialmente em situa\u00e7\u00f5es de calor extremo ou desidrata\u00e7\u00e3o.<\/p>\n\n\n\n<p>Em pessoas mais sens\u00edveis ou com doen\u00e7as pr\u00e9-existentes, reconhecer esses sinais \u00e9 vital para evitar consequ\u00eancias graves. O teste da mesa inclinada, por exemplo, avalia a resposta da press\u00e3o arterial e da frequ\u00eancia card\u00edaca a mudan\u00e7as de posi\u00e7\u00e3o, ajudando a identificar indiv\u00edduos suscet\u00edveis a quedas bruscas de press\u00e3o.<\/p>\n\n\n<div class=\"wp-block-image\">\n<figure class=\"aligncenter size-large\"><img loading=\"lazy\" decoding=\"async\" width=\"1024\" height=\"576\" src=\"https:\/\/www.em.com.br\/emfoco\/wp-content\/uploads\/2026\/02\/Sudden-Illness_1772293944780-1024x576.jpg\" alt=\"\" class=\"wp-image-175706\" srcset=\"https:\/\/www.em.com.br\/emfoco\/wp-content\/uploads\/2026\/02\/Sudden-Illness_1772293944780-1024x576.jpg 1024w, https:\/\/www.em.com.br\/emfoco\/wp-content\/uploads\/2026\/02\/Sudden-Illness_1772293944780-300x169.jpg 300w, https:\/\/www.em.com.br\/emfoco\/wp-content\/uploads\/2026\/02\/Sudden-Illness_1772293944780-768x432.jpg 768w, https:\/\/www.em.com.br\/emfoco\/wp-content\/uploads\/2026\/02\/Sudden-Illness_1772293944780-750x422.jpg 750w, https:\/\/www.em.com.br\/emfoco\/wp-content\/uploads\/2026\/02\/Sudden-Illness_1772293944780-1140x641.jpg 1140w, https:\/\/www.em.com.br\/emfoco\/wp-content\/uploads\/2026\/02\/Sudden-Illness_1772293944780.jpg 1280w\" sizes=\"auto, (max-width: 1024px) 100vw, 1024px\" \/><figcaption class=\"wp-element-caption\">Sintomas silenciosos que antecedem mal s\u00fabito e parada card\u00edaca &#8211; Cr\u00e9ditos: depositphotos.com \/ pixelaway<\/figcaption><\/figure><\/div>\n\n\n<h2 class=\"wp-block-heading\">Como prevenir o mal s\u00fabito e agir em casos de emerg\u00eancia?<\/h2>\n\n\n\n<p>A preven\u00e7\u00e3o do mal s\u00fabito pode ser desafiadora, j\u00e1 que um eletrocardiograma simples pode n\u00e3o detectar a causa real do problema. Exames como o eletrocardiograma de 24 horas (Holter), testes de esfor\u00e7o e avalia\u00e7\u00e3o cardiol\u00f3gica completa podem revelar arritmias ou outras altera\u00e7\u00f5es que um exame isolado n\u00e3o mostraria.<\/p>\n\n\n\n<p>Ao presenciar algu\u00e9m sofrer um mal s\u00fabito, \u00e9 fundamental agir com rapidez e seguran\u00e7a. A seguir, est\u00e3o medidas imediatas b\u00e1sicas que podem fazer diferen\u00e7a at\u00e9 a chegada do socorro especializado:<\/p>\n\n\n\n<ul class=\"wp-block-list\">\n<li>Verificar se a pessoa responde a est\u00edmulos, chamando-a e tocando suavemente.<\/li>\n\n\n\n<li>Acionar imediatamente o servi\u00e7o de emerg\u00eancia local, informando o quadro observado.<\/li>\n\n\n\n<li>Checar se h\u00e1 respira\u00e7\u00e3o e pulso; se n\u00e3o houver, iniciar massagens card\u00edacas (RCP) sem demora.<\/li>\n\n\n\n<li>Manter a v\u00edtima deitada e em local arejado, evitando aglomera\u00e7\u00f5es ao redor.<\/li>\n<\/ul>\n\n\n\n<h2 class=\"wp-block-heading\">Suporte, recupera\u00e7\u00e3o e import\u00e2ncia do acompanhamento?<\/h2>\n\n\n\n<p>Com medidas preventivas adequadas e aten\u00e7\u00e3o aos sinais de alerta, o mal s\u00fabito pode ser melhor controlado, reduzindo riscos de sequelas e morte. Ap\u00f3s um epis\u00f3dio, o acompanhamento m\u00e9dico e a reavalia\u00e7\u00e3o de h\u00e1bitos de vida, como controle de press\u00e3o, colesterol, diabetes e cessa\u00e7\u00e3o do tabagismo, s\u00e3o fundamentais.<\/p>\n\n\n\n<p>O humorista Marquito, que recentemente passou por essa experi\u00eancia, est\u00e1 em recupera\u00e7\u00e3o, refor\u00e7ando a import\u00e2ncia do tratamento e do monitoramento cont\u00ednuos. Informa\u00e7\u00f5es confi\u00e1veis, educa\u00e7\u00e3o em primeiros socorros e acesso eficiente aos servi\u00e7os de sa\u00fade s\u00e3o armas poderosas para prevenir novos epis\u00f3dios e proteger a popula\u00e7\u00e3o.<\/p>\n\n\n<a href=\"https:\/\/www.instagram.com\/dra.annaluisabf\/\" target=\"_blank\" style=\"text-decoration: none; color: inherit;\">\n  <span style=\"display:inline-block; border:1px solid #ccc; border-radius:10px; padding:15px; max-width:550px; font-family:sans-serif; box-shadow:0 2px 5px rgba(0,0,0,0.1);\">\n    <span style=\"margin:0 0 15px 0; font-weight:bold; color:#2c3e50; text-align: center;\">Entre em contato:<\/span>\n\n    <span style=\"display:flex; align-items:center;\">\n      <img decoding=\"async\" src=\"https:\/\/www.correiobraziliense.com.br\/cbradar\/wp-content\/uploads\/2025\/08\/dra_anna_luisa.jpeg\" alt=\"Dra Anna Lu\u00edsa\" style=\"border-radius:50%; width:80px; height:80px; margin-right:15px;\">\n      <span style=\"flex:1;\">\n        <h3 style=\"margin:0 0 5px 0;\">Dra. Anna Lu\u00edsa Barbosa Fernandes<\/h3>\n        <p style=\"margin:0 0 10px 0;\">CRM-GO 33.271<\/p>\n        <span style=\"display:flex; gap:10px;\">\n          <img decoding=\"async\" src=\"https:\/\/cdn-icons-png.flaticon.com\/24\/1384\/1384063.png\" alt=\"Instagram\">\n        <\/span>\n      <\/span>\n    <\/span>\n  <\/span>\n<\/a>","protected":false},"excerpt":{"rendered":"<p>O recente incidente envolvendo o humorista Marquito trouxe \u00e0 tona a quest\u00e3o do Mal S\u00fabito, um sintoma que pode se manifestar sem aviso e causar grande preocupa\u00e7\u00e3o. Esse fen\u00f4meno n\u00e3o \u00e9 uma doen\u00e7a espec\u00edfica, mas sim uma manifesta\u00e7\u00e3o de desequil\u00edbrio r\u00e1pido no suprimento de sangue para \u00f3rg\u00e3os vitais, variando de uma simples s\u00edncope a condi\u00e7\u00f5es [&hellip;]<\/p>\n","protected":false},"author":25,"featured_media":175705,"comment_status":"open","ping_status":"open","sticky":false,"template":"","format":"standard","meta":{"jnews-multi-image_gallery":[],"jnews_single_post":{"format":"standard"},"jnews_primary_category":[],"jnews_social_meta":[],"jnews_override_counter":[],"footnotes":""},"categories":[9053],"tags":[711,327,415],"class_list":["post-175703","post","type-post","status-publish","format-standard","has-post-thumbnail","hentry","category-saude","tag-bem-estar","tag-qualidade-de-vida","tag-saude"],"yoast_head":"<!-- This site is optimized with the Yoast SEO plugin v23.8 - https:\/\/yoast.com\/wordpress\/plugins\/seo\/ -->\n<title>Os sinais mais importantes de mal s\u00fabito que exigem socorro imediato - Estado de Minas - Em foco<\/title>\n<meta name=\"description\" content=\"Mal s\u00fabito n\u00e3o \u00e9 doen\u00e7a, mas pode esconder risco card\u00edaco. Descubra sinais que n\u00e3o devem ser ignorados.\" \/>\n<meta name=\"robots\" content=\"index, follow, max-snippet:-1, max-image-preview:large, max-video-preview:-1\" \/>\n<link rel=\"canonical\" href=\"https:\/\/www.em.com.br\/emfoco\/2026\/03\/01\/os-sinais-mais-importantes-de-mal-subito-que-exigem-socorro-imediato\/\" \/>\n<meta property=\"og:locale\" content=\"pt_BR\" \/>\n<meta property=\"og:type\" content=\"article\" \/>\n<meta property=\"og:title\" content=\"Os sinais mais importantes de mal s\u00fabito que exigem socorro imediato - Estado de Minas - Em foco\" \/>\n<meta property=\"og:description\" content=\"Mal s\u00fabito n\u00e3o \u00e9 doen\u00e7a, mas pode esconder risco card\u00edaco. Descubra sinais que n\u00e3o devem ser ignorados.\" \/>\n<meta property=\"og:url\" content=\"https:\/\/www.em.com.br\/emfoco\/2026\/03\/01\/os-sinais-mais-importantes-de-mal-subito-que-exigem-socorro-imediato\/\" \/>\n<meta property=\"og:site_name\" content=\"Estado de Minas - Em foco\" \/>\n<meta property=\"article:published_time\" content=\"2026-03-01T12:05:00+00:00\" \/>\n<meta property=\"article:modified_time\" content=\"2026-02-28T15:52:46+00:00\" \/>\n<meta property=\"og:image\" content=\"https:\/\/www.em.com.br\/emfoco\/wp-content\/uploads\/2026\/02\/Sudden-Illness_1772292652762.jpg\" \/>\n\t<meta property=\"og:image:width\" content=\"1280\" \/>\n\t<meta property=\"og:image:height\" content=\"720\" \/>\n\t<meta property=\"og:image:type\" content=\"image\/jpeg\" \/>\n<meta name=\"author\" content=\"Guilherme Lopes\" \/>\n<meta name=\"twitter:card\" content=\"summary_large_image\" \/>\n<meta name=\"twitter:label1\" content=\"Escrito por\" \/>\n\t<meta name=\"twitter:data1\" content=\"Guilherme Lopes\" \/>\n\t<meta name=\"twitter:label2\" content=\"Est. tempo de leitura\" \/>\n\t<meta name=\"twitter:data2\" content=\"5 minutos\" \/>\n<!-- \/ Yoast SEO plugin. -->","yoast_head_json":{"title":"Os sinais mais importantes de mal s\u00fabito que exigem socorro imediato - Estado de Minas - Em foco","description":"Mal s\u00fabito n\u00e3o \u00e9 doen\u00e7a, mas pode esconder risco card\u00edaco. Descubra sinais que n\u00e3o devem ser ignorados.","robots":{"index":"index","follow":"follow","max-snippet":"max-snippet:-1","max-image-preview":"max-image-preview:large","max-video-preview":"max-video-preview:-1"},"canonical":"https:\/\/www.em.com.br\/emfoco\/2026\/03\/01\/os-sinais-mais-importantes-de-mal-subito-que-exigem-socorro-imediato\/","og_locale":"pt_BR","og_type":"article","og_title":"Os sinais mais importantes de mal s\u00fabito que exigem socorro imediato - Estado de Minas - Em foco","og_description":"Mal s\u00fabito n\u00e3o \u00e9 doen\u00e7a, mas pode esconder risco card\u00edaco. Descubra sinais que n\u00e3o devem ser ignorados.","og_url":"https:\/\/www.em.com.br\/emfoco\/2026\/03\/01\/os-sinais-mais-importantes-de-mal-subito-que-exigem-socorro-imediato\/","og_site_name":"Estado de Minas - Em foco","article_published_time":"2026-03-01T12:05:00+00:00","article_modified_time":"2026-02-28T15:52:46+00:00","og_image":[{"width":1280,"height":720,"url":"https:\/\/www.em.com.br\/emfoco\/wp-content\/uploads\/2026\/02\/Sudden-Illness_1772292652762.jpg","type":"image\/jpeg"}],"author":"Guilherme Lopes","twitter_card":"summary_large_image","twitter_misc":{"Escrito por":"Guilherme Lopes","Est. tempo de leitura":"5 minutos"},"schema":{"@context":"https:\/\/schema.org","@graph":[{"@type":"WebPage","@id":"https:\/\/www.em.com.br\/emfoco\/2026\/03\/01\/os-sinais-mais-importantes-de-mal-subito-que-exigem-socorro-imediato\/","url":"https:\/\/www.em.com.br\/emfoco\/2026\/03\/01\/os-sinais-mais-importantes-de-mal-subito-que-exigem-socorro-imediato\/","name":"Os sinais mais importantes de mal s\u00fabito que exigem socorro imediato - Estado de Minas - Em foco","isPartOf":{"@id":"https:\/\/www.em.com.br\/emfoco\/#website"},"primaryImageOfPage":{"@id":"https:\/\/www.em.com.br\/emfoco\/2026\/03\/01\/os-sinais-mais-importantes-de-mal-subito-que-exigem-socorro-imediato\/#primaryimage"},"image":{"@id":"https:\/\/www.em.com.br\/emfoco\/2026\/03\/01\/os-sinais-mais-importantes-de-mal-subito-que-exigem-socorro-imediato\/#primaryimage"},"thumbnailUrl":"https:\/\/www.em.com.br\/emfoco\/wp-content\/uploads\/2026\/02\/Sudden-Illness_1772292652762.jpg","datePublished":"2026-03-01T12:05:00+00:00","dateModified":"2026-02-28T15:52:46+00:00","author":{"@id":"https:\/\/www.em.com.br\/emfoco\/#\/schema\/person\/f6eade2e287023da170a1b2b329f68e5"},"description":"Mal s\u00fabito n\u00e3o \u00e9 doen\u00e7a, mas pode esconder risco card\u00edaco. Descubra sinais que n\u00e3o devem ser ignorados.","breadcrumb":{"@id":"https:\/\/www.em.com.br\/emfoco\/2026\/03\/01\/os-sinais-mais-importantes-de-mal-subito-que-exigem-socorro-imediato\/#breadcrumb"},"inLanguage":"pt-BR","potentialAction":[{"@type":"ReadAction","target":["https:\/\/www.em.com.br\/emfoco\/2026\/03\/01\/os-sinais-mais-importantes-de-mal-subito-que-exigem-socorro-imediato\/"]}]},{"@type":"ImageObject","inLanguage":"pt-BR","@id":"https:\/\/www.em.com.br\/emfoco\/2026\/03\/01\/os-sinais-mais-importantes-de-mal-subito-que-exigem-socorro-imediato\/#primaryimage","url":"https:\/\/www.em.com.br\/emfoco\/wp-content\/uploads\/2026\/02\/Sudden-Illness_1772292652762.jpg","contentUrl":"https:\/\/www.em.com.br\/emfoco\/wp-content\/uploads\/2026\/02\/Sudden-Illness_1772292652762.jpg","width":1280,"height":720,"caption":"Os sinais ignorados que podem anteceder um mal s\u00fabito grave - Cr\u00e9ditos: depositphotos.com \/ pixelaway"},{"@type":"BreadcrumbList","@id":"https:\/\/www.em.com.br\/emfoco\/2026\/03\/01\/os-sinais-mais-importantes-de-mal-subito-que-exigem-socorro-imediato\/#breadcrumb","itemListElement":[{"@type":"ListItem","position":1,"name":"In\u00edcio","item":"https:\/\/www.em.com.br\/emfoco\/"},{"@type":"ListItem","position":2,"name":"Os sinais mais importantes de mal s\u00fabito que exigem socorro imediato"}]},{"@type":"WebSite","@id":"https:\/\/www.em.com.br\/emfoco\/#website","url":"https:\/\/www.em.com.br\/emfoco\/","name":"Estado de Minas - Em foco","description":"Acompanhe as \u00faltimas not\u00edcias e fique bem informado sobre tudo o que acontece em Minas Gerais, Brasil e no mundo.","potentialAction":[{"@type":"SearchAction","target":{"@type":"EntryPoint","urlTemplate":"https:\/\/www.em.com.br\/emfoco\/?s={search_term_string}"},"query-input":{"@type":"PropertyValueSpecification","valueRequired":true,"valueName":"search_term_string"}}],"inLanguage":"pt-BR"},{"@type":"Person","@id":"https:\/\/www.em.com.br\/emfoco\/#\/schema\/person\/f6eade2e287023da170a1b2b329f68e5","name":"Guilherme Lopes","image":{"@type":"ImageObject","inLanguage":"pt-BR","@id":"https:\/\/www.em.com.br\/emfoco\/#\/schema\/person\/image\/","url":"https:\/\/secure.gravatar.com\/avatar\/df9adfb835d344bc0af109d41756253f?s=96&d=mm&r=g","contentUrl":"https:\/\/secure.gravatar.com\/avatar\/df9adfb835d344bc0af109d41756253f?s=96&d=mm&r=g","caption":"Guilherme Lopes"},"url":"https:\/\/www.em.com.br\/emfoco\/author\/guilherme_saude\/"}]}},"_links":{"self":[{"href":"https:\/\/www.em.com.br\/emfoco\/wp-json\/wp\/v2\/posts\/175703","targetHints":{"allow":["GET"]}}],"collection":[{"href":"https:\/\/www.em.com.br\/emfoco\/wp-json\/wp\/v2\/posts"}],"about":[{"href":"https:\/\/www.em.com.br\/emfoco\/wp-json\/wp\/v2\/types\/post"}],"author":[{"embeddable":true,"href":"https:\/\/www.em.com.br\/emfoco\/wp-json\/wp\/v2\/users\/25"}],"replies":[{"embeddable":true,"href":"https:\/\/www.em.com.br\/emfoco\/wp-json\/wp\/v2\/comments?post=175703"}],"version-history":[{"count":1,"href":"https:\/\/www.em.com.br\/emfoco\/wp-json\/wp\/v2\/posts\/175703\/revisions"}],"predecessor-version":[{"id":175707,"href":"https:\/\/www.em.com.br\/emfoco\/wp-json\/wp\/v2\/posts\/175703\/revisions\/175707"}],"wp:featuredmedia":[{"embeddable":true,"href":"https:\/\/www.em.com.br\/emfoco\/wp-json\/wp\/v2\/media\/175705"}],"wp:attachment":[{"href":"https:\/\/www.em.com.br\/emfoco\/wp-json\/wp\/v2\/media?parent=175703"}],"wp:term":[{"taxonomy":"category","embeddable":true,"href":"https:\/\/www.em.com.br\/emfoco\/wp-json\/wp\/v2\/categories?post=175703"},{"taxonomy":"post_tag","embeddable":true,"href":"https:\/\/www.em.com.br\/emfoco\/wp-json\/wp\/v2\/tags?post=175703"}],"curies":[{"name":"wp","href":"https:\/\/api.w.org\/{rel}","templated":true}]}}