{"id":175697,"date":"2026-03-01T08:05:00","date_gmt":"2026-03-01T11:05:00","guid":{"rendered":"https:\/\/www.em.com.br\/emfoco\/?p=175697"},"modified":"2026-02-28T12:26:33","modified_gmt":"2026-02-28T15:26:33","slug":"colageno-melhora-elasticidade-e-hidratacao-da-pele-segundo-estudos","status":"publish","type":"post","link":"https:\/\/www.em.com.br\/emfoco\/2026\/03\/01\/colageno-melhora-elasticidade-e-hidratacao-da-pele-segundo-estudos\/","title":{"rendered":"Col\u00e1geno melhora elasticidade e hidrata\u00e7\u00e3o da pele segundo estudos"},"content":{"rendered":"\n<p>Nos \u00faltimos anos, a suplementa\u00e7\u00e3o de <strong>Col\u00e1geno <\/strong>vem ganhando popularidade entre aqueles que buscam melhorar a apar\u00eancia e a sa\u00fade da pele. Embora tenha se tornado um item comum nas prateleiras de farm\u00e1cias e lojas de suplementos, sua efic\u00e1cia ainda \u00e9 tema de discuss\u00e3o no meio cient\u00edfico, mesmo ap\u00f3s an\u00e1lises como a publicada pela Academia de Oxford na revista Aesthetic Surgery Journal em janeiro de 2026.<\/p>\n\n\n\n<h2 class=\"wp-block-heading\">Quais os benef\u00edcios comprovados do col\u00e1geno para a pele?<\/h2>\n\n\n\n<p>O col\u00e1geno \u00e9 mais do que uma simples prote\u00edna: ele desempenha um papel vital na sustenta\u00e7\u00e3o e na elasticidade da pele, al\u00e9m de contribuir para a forma\u00e7\u00e3o de fibroblastos. A revisita\u00e7\u00e3o dos dados cient\u00edficos sugere que a suplementa\u00e7\u00e3o de col\u00e1geno efetivamente melhora a elasticidade e a hidrata\u00e7\u00e3o da pele, aspectos cruciais para uma apar\u00eancia saud\u00e1vel e jovem.<\/p>\n\n\n\n<p>Pessoas que consumiram col\u00e1geno por per\u00edodos prolongados experimentaram uma pele mais firme, o que refor\u00e7a sua capacidade de refor\u00e7ar caracter\u00edsticas estruturais da pele. Alguns estudos tamb\u00e9m apontam melhora subjetiva na textura e na sensa\u00e7\u00e3o de maciez, embora esses achados ainda precisem de confirma\u00e7\u00e3o em pesquisas de maior escala.<\/p>\n\n\n\n<p>Para compreender melhor se tomar col\u00e1geno realmente funciona e quais s\u00e3o as evid\u00eancias cient\u00edficas sobre o suplemento, assista ao v\u00eddeo a seguir, no qual a Dra. Marina Hayashida explica o assunto de forma clara e did\u00e1tica no canal Dra. Marina Hayashida.<\/p>\n\n\n\n<iframe loading=\"lazy\" width=\"1396\" height=\"785\" src=\"https:\/\/www.youtube.com\/embed\/a3HyqRd7NzQ\" title=\"TOMAR col\u00e1geno REALMENTE funciona?\" frameborder=\"0\" allow=\"accelerometer; autoplay; clipboard-write; encrypted-media; gyroscope; picture-in-picture; web-share\" referrerpolicy=\"strict-origin-when-cross-origin\" allowfullscreen><\/iframe>\n\n\n\n<h2 class=\"wp-block-heading\">O col\u00e1geno realmente previne rugas?<\/h2>\n\n\n\n<p>Apesar das melhorias em elasticidade e hidrata\u00e7\u00e3o, ainda n\u00e3o h\u00e1 evid\u00eancias definitivas de que o col\u00e1geno possa prevenir ou tratar rugas profundas de forma consistente. Alguns estudos inclusos na revis\u00e3o indicam uma leve redu\u00e7\u00e3o na profundidade de linhas finas, mas esses resultados s\u00e3o acompanhados de limita\u00e7\u00f5es metodol\u00f3gicas importantes.<\/p>\n\n\n\n<p>A diversidade nas doses ingeridas, no tipo de col\u00e1geno utilizado e no tempo de uso dificulta compara\u00e7\u00f5es diretas entre os estudos. Assim, as promessas de a\u00e7\u00e3o \u201cantirrugas\u201d devem ser vistas com cautela, principalmente quando o objetivo \u00e9 reverter rugas j\u00e1 estabelecidas.<\/p>\n\n\n\n<h2 class=\"wp-block-heading\">Principais efeitos do col\u00e1geno observados em estudos?<\/h2>\n\n\n\n<p>De forma geral, a revis\u00e3o cient\u00edfica destaca benef\u00edcios espec\u00edficos, mas tamb\u00e9m ressalta lacunas de conhecimento. A seguir, est\u00e3o os principais desfechos analisados em rela\u00e7\u00e3o ao uso de suplementos de col\u00e1geno para a pele:<\/p>\n\n\n\n<ul class=\"wp-block-list\">\n<li>Elasticidade: melhoria significativa observada em v\u00e1rios ensaios cl\u00ednicos.<\/li>\n\n\n\n<li>Hidrata\u00e7\u00e3o: incremento not\u00e1vel em quem utilizou o suplemento regularmente.<\/li>\n\n\n\n<li>Rugas: falta de evid\u00eancias robustas para sustentar a promessa de preven\u00e7\u00e3o de rugas profundas.<\/li>\n<\/ul>\n\n\n\n<h2 class=\"wp-block-heading\">A suplementa\u00e7\u00e3o de col\u00e1geno substitui outros cuidados com a pele?<\/h2>\n\n\n\n<p>Os autores da revis\u00e3o sublinham que, apesar de os suplementos de col\u00e1geno contribu\u00edrem para uma pele com apar\u00eancia mais saud\u00e1vel, eles n\u00e3o substituem pr\u00e1ticas j\u00e1 comprovadas. Prote\u00e7\u00e3o solar di\u00e1ria, dieta equilibrada e hidrata\u00e7\u00e3o adequada continuam sendo pilares essenciais do cuidado com a pele.<\/p>\n\n\n\n<p>Fatores ambientais e h\u00e1bitos de vida, como tabagismo, estresse cr\u00f4nico e priva\u00e7\u00e3o de sono, tamb\u00e9m t\u00eam impacto significativo no envelhecimento cut\u00e2neo. A elimina\u00e7\u00e3o de rugas estabelecidas, por sua vez, geralmente exige abordagens adicionais, como tratamentos t\u00f3picos, procedimentos est\u00e9ticos ou interven\u00e7\u00f5es m\u00e9dicas espec\u00edficas.<\/p>\n\n\n<div class=\"wp-block-image\">\n<figure class=\"aligncenter size-large\"><img loading=\"lazy\" decoding=\"async\" width=\"1024\" height=\"576\" src=\"https:\/\/www.em.com.br\/emfoco\/wp-content\/uploads\/2026\/02\/animal_1772291565340-1024x576.jpg\" alt=\"\" class=\"wp-image-175699\" srcset=\"https:\/\/www.em.com.br\/emfoco\/wp-content\/uploads\/2026\/02\/animal_1772291565340-1024x576.jpg 1024w, https:\/\/www.em.com.br\/emfoco\/wp-content\/uploads\/2026\/02\/animal_1772291565340-300x169.jpg 300w, https:\/\/www.em.com.br\/emfoco\/wp-content\/uploads\/2026\/02\/animal_1772291565340-768x432.jpg 768w, https:\/\/www.em.com.br\/emfoco\/wp-content\/uploads\/2026\/02\/animal_1772291565340-750x422.jpg 750w, https:\/\/www.em.com.br\/emfoco\/wp-content\/uploads\/2026\/02\/animal_1772291565340-1140x641.jpg 1140w, https:\/\/www.em.com.br\/emfoco\/wp-content\/uploads\/2026\/02\/animal_1772291565340.jpg 1280w\" sizes=\"auto, (max-width: 1024px) 100vw, 1024px\" \/><figcaption class=\"wp-element-caption\">Suplementa\u00e7\u00e3o de col\u00e1geno ajuda na elasticidade e combate ressecamento &#8211; Cr\u00e9ditos: depositphotos.com \/ MadeleineSteinbach<\/figcaption><\/figure><\/div>\n\n\n<h2 class=\"wp-block-heading\">Conclus\u00f5es dos pesquisadores sobre o uso de col\u00e1geno<\/h2>\n\n\n\n<p>Os pesquisadores mant\u00eam postura cautelosa em rela\u00e7\u00e3o \u00e0 ideia de que o col\u00e1geno seja um elixir anti-idade. Embora existam evid\u00eancias de melhora na elasticidade, hidrata\u00e7\u00e3o e firmeza da pele, o suplemento n\u00e3o deve ser visto como um tratamento milagroso contra rugas ou como \u00fanica estrat\u00e9gia de rejuvenescimento.<\/p>\n\n\n\n<p>A suplementa\u00e7\u00e3o pode integrar um regime de cuidados com a pele, especialmente quando associada a h\u00e1bitos saud\u00e1veis e prote\u00e7\u00e3o contra fatores externos nocivos. O foco recomendado \u00e9 uma abordagem hol\u00edstica, combinando nutri\u00e7\u00e3o, fotoprote\u00e7\u00e3o, estilo de vida equilibrado e, quando necess\u00e1rio, orienta\u00e7\u00e3o profissional especializada.<\/p>\n\n\n<a href=\"https:\/\/www.instagram.com\/dra.annaluisabf\/\" target=\"_blank\" style=\"text-decoration: none; color: inherit;\">\n  <span style=\"display:inline-block; border:1px solid #ccc; border-radius:10px; padding:15px; max-width:550px; font-family:sans-serif; box-shadow:0 2px 5px rgba(0,0,0,0.1);\">\n    <span style=\"margin:0 0 15px 0; font-weight:bold; color:#2c3e50; text-align: center;\">Entre em contato:<\/span>\n\n    <span style=\"display:flex; align-items:center;\">\n      <img decoding=\"async\" src=\"https:\/\/www.correiobraziliense.com.br\/cbradar\/wp-content\/uploads\/2025\/08\/dra_anna_luisa.jpeg\" alt=\"Dra Anna Lu\u00edsa\" style=\"border-radius:50%; width:80px; height:80px; margin-right:15px;\">\n      <span style=\"flex:1;\">\n        <h3 style=\"margin:0 0 5px 0;\">Dra. Anna Lu\u00edsa Barbosa Fernandes<\/h3>\n        <p style=\"margin:0 0 10px 0;\">CRM-GO 33.271<\/p>\n        <span style=\"display:flex; gap:10px;\">\n          <img decoding=\"async\" src=\"https:\/\/cdn-icons-png.flaticon.com\/24\/1384\/1384063.png\" alt=\"Instagram\">\n        <\/span>\n      <\/span>\n    <\/span>\n  <\/span>\n<\/a>","protected":false},"excerpt":{"rendered":"<p>Nos \u00faltimos anos, a suplementa\u00e7\u00e3o de Col\u00e1geno vem ganhando popularidade entre aqueles que buscam melhorar a apar\u00eancia e a sa\u00fade da pele. Embora tenha se tornado um item comum nas prateleiras de farm\u00e1cias e lojas de suplementos, sua efic\u00e1cia ainda \u00e9 tema de discuss\u00e3o no meio cient\u00edfico, mesmo ap\u00f3s an\u00e1lises como a publicada pela Academia [&hellip;]<\/p>\n","protected":false},"author":25,"featured_media":175698,"comment_status":"open","ping_status":"open","sticky":false,"template":"","format":"standard","meta":{"jnews-multi-image_gallery":[],"jnews_single_post":{"format":"standard"},"jnews_primary_category":[],"jnews_social_meta":[],"jnews_override_counter":[],"footnotes":""},"categories":[9053],"tags":[711,327,415],"class_list":["post-175697","post","type-post","status-publish","format-standard","has-post-thumbnail","hentry","category-saude","tag-bem-estar","tag-qualidade-de-vida","tag-saude"],"yoast_head":"<!-- This site is optimized with the Yoast SEO plugin v23.8 - https:\/\/yoast.com\/wordpress\/plugins\/seo\/ -->\n<title>Col\u00e1geno melhora elasticidade e hidrata\u00e7\u00e3o da pele segundo estudos - Estado de Minas - Em foco<\/title>\n<meta name=\"description\" content=\"Col\u00e1geno pode melhorar elasticidade e hidrata\u00e7\u00e3o da pele. Descubra o que a ci\u00eancia realmente comprovou.\" \/>\n<meta name=\"robots\" content=\"index, follow, max-snippet:-1, max-image-preview:large, max-video-preview:-1\" \/>\n<link rel=\"canonical\" href=\"https:\/\/www.em.com.br\/emfoco\/2026\/03\/01\/colageno-melhora-elasticidade-e-hidratacao-da-pele-segundo-estudos\/\" \/>\n<meta property=\"og:locale\" content=\"pt_BR\" \/>\n<meta property=\"og:type\" content=\"article\" \/>\n<meta property=\"og:title\" content=\"Col\u00e1geno melhora elasticidade e hidrata\u00e7\u00e3o da pele segundo estudos - Estado de Minas - Em foco\" \/>\n<meta property=\"og:description\" content=\"Col\u00e1geno pode melhorar elasticidade e hidrata\u00e7\u00e3o da pele. Descubra o que a ci\u00eancia realmente comprovou.\" \/>\n<meta property=\"og:url\" content=\"https:\/\/www.em.com.br\/emfoco\/2026\/03\/01\/colageno-melhora-elasticidade-e-hidratacao-da-pele-segundo-estudos\/\" \/>\n<meta property=\"og:site_name\" content=\"Estado de Minas - Em foco\" \/>\n<meta property=\"article:published_time\" content=\"2026-03-01T11:05:00+00:00\" \/>\n<meta property=\"article:modified_time\" content=\"2026-02-28T15:26:33+00:00\" \/>\n<meta property=\"og:image\" content=\"https:\/\/www.em.com.br\/emfoco\/wp-content\/uploads\/2026\/02\/colageno_1772291441714.jpg\" \/>\n\t<meta property=\"og:image:width\" content=\"1280\" \/>\n\t<meta property=\"og:image:height\" content=\"720\" \/>\n\t<meta property=\"og:image:type\" content=\"image\/jpeg\" \/>\n<meta name=\"author\" content=\"Guilherme Lopes\" \/>\n<meta name=\"twitter:card\" content=\"summary_large_image\" \/>\n<meta name=\"twitter:label1\" content=\"Escrito por\" \/>\n\t<meta name=\"twitter:data1\" content=\"Guilherme Lopes\" \/>\n\t<meta name=\"twitter:label2\" content=\"Est. tempo de leitura\" \/>\n\t<meta name=\"twitter:data2\" content=\"5 minutos\" \/>\n<!-- \/ Yoast SEO plugin. -->","yoast_head_json":{"title":"Col\u00e1geno melhora elasticidade e hidrata\u00e7\u00e3o da pele segundo estudos - Estado de Minas - Em foco","description":"Col\u00e1geno pode melhorar elasticidade e hidrata\u00e7\u00e3o da pele. Descubra o que a ci\u00eancia realmente comprovou.","robots":{"index":"index","follow":"follow","max-snippet":"max-snippet:-1","max-image-preview":"max-image-preview:large","max-video-preview":"max-video-preview:-1"},"canonical":"https:\/\/www.em.com.br\/emfoco\/2026\/03\/01\/colageno-melhora-elasticidade-e-hidratacao-da-pele-segundo-estudos\/","og_locale":"pt_BR","og_type":"article","og_title":"Col\u00e1geno melhora elasticidade e hidrata\u00e7\u00e3o da pele segundo estudos - Estado de Minas - Em foco","og_description":"Col\u00e1geno pode melhorar elasticidade e hidrata\u00e7\u00e3o da pele. Descubra o que a ci\u00eancia realmente comprovou.","og_url":"https:\/\/www.em.com.br\/emfoco\/2026\/03\/01\/colageno-melhora-elasticidade-e-hidratacao-da-pele-segundo-estudos\/","og_site_name":"Estado de Minas - Em foco","article_published_time":"2026-03-01T11:05:00+00:00","article_modified_time":"2026-02-28T15:26:33+00:00","og_image":[{"width":1280,"height":720,"url":"https:\/\/www.em.com.br\/emfoco\/wp-content\/uploads\/2026\/02\/colageno_1772291441714.jpg","type":"image\/jpeg"}],"author":"Guilherme Lopes","twitter_card":"summary_large_image","twitter_misc":{"Escrito por":"Guilherme Lopes","Est. tempo de leitura":"5 minutos"},"schema":{"@context":"https:\/\/schema.org","@graph":[{"@type":"WebPage","@id":"https:\/\/www.em.com.br\/emfoco\/2026\/03\/01\/colageno-melhora-elasticidade-e-hidratacao-da-pele-segundo-estudos\/","url":"https:\/\/www.em.com.br\/emfoco\/2026\/03\/01\/colageno-melhora-elasticidade-e-hidratacao-da-pele-segundo-estudos\/","name":"Col\u00e1geno melhora elasticidade e hidrata\u00e7\u00e3o da pele segundo estudos - Estado de Minas - Em foco","isPartOf":{"@id":"https:\/\/www.em.com.br\/emfoco\/#website"},"primaryImageOfPage":{"@id":"https:\/\/www.em.com.br\/emfoco\/2026\/03\/01\/colageno-melhora-elasticidade-e-hidratacao-da-pele-segundo-estudos\/#primaryimage"},"image":{"@id":"https:\/\/www.em.com.br\/emfoco\/2026\/03\/01\/colageno-melhora-elasticidade-e-hidratacao-da-pele-segundo-estudos\/#primaryimage"},"thumbnailUrl":"https:\/\/www.em.com.br\/emfoco\/wp-content\/uploads\/2026\/02\/colageno_1772291441714.jpg","datePublished":"2026-03-01T11:05:00+00:00","dateModified":"2026-02-28T15:26:33+00:00","author":{"@id":"https:\/\/www.em.com.br\/emfoco\/#\/schema\/person\/f6eade2e287023da170a1b2b329f68e5"},"description":"Col\u00e1geno pode melhorar elasticidade e hidrata\u00e7\u00e3o da pele. Descubra o que a ci\u00eancia realmente comprovou.","breadcrumb":{"@id":"https:\/\/www.em.com.br\/emfoco\/2026\/03\/01\/colageno-melhora-elasticidade-e-hidratacao-da-pele-segundo-estudos\/#breadcrumb"},"inLanguage":"pt-BR","potentialAction":[{"@type":"ReadAction","target":["https:\/\/www.em.com.br\/emfoco\/2026\/03\/01\/colageno-melhora-elasticidade-e-hidratacao-da-pele-segundo-estudos\/"]}]},{"@type":"ImageObject","inLanguage":"pt-BR","@id":"https:\/\/www.em.com.br\/emfoco\/2026\/03\/01\/colageno-melhora-elasticidade-e-hidratacao-da-pele-segundo-estudos\/#primaryimage","url":"https:\/\/www.em.com.br\/emfoco\/wp-content\/uploads\/2026\/02\/colageno_1772291441714.jpg","contentUrl":"https:\/\/www.em.com.br\/emfoco\/wp-content\/uploads\/2026\/02\/colageno_1772291441714.jpg","width":1280,"height":720,"caption":"Col\u00e1geno - Cr\u00e9ditos: depositphotos.com \/ IgorVetushko"},{"@type":"BreadcrumbList","@id":"https:\/\/www.em.com.br\/emfoco\/2026\/03\/01\/colageno-melhora-elasticidade-e-hidratacao-da-pele-segundo-estudos\/#breadcrumb","itemListElement":[{"@type":"ListItem","position":1,"name":"In\u00edcio","item":"https:\/\/www.em.com.br\/emfoco\/"},{"@type":"ListItem","position":2,"name":"Col\u00e1geno melhora elasticidade e hidrata\u00e7\u00e3o da pele segundo estudos"}]},{"@type":"WebSite","@id":"https:\/\/www.em.com.br\/emfoco\/#website","url":"https:\/\/www.em.com.br\/emfoco\/","name":"Estado de Minas - Em foco","description":"Acompanhe as \u00faltimas not\u00edcias e fique bem informado sobre tudo o que acontece em Minas Gerais, Brasil e no mundo.","potentialAction":[{"@type":"SearchAction","target":{"@type":"EntryPoint","urlTemplate":"https:\/\/www.em.com.br\/emfoco\/?s={search_term_string}"},"query-input":{"@type":"PropertyValueSpecification","valueRequired":true,"valueName":"search_term_string"}}],"inLanguage":"pt-BR"},{"@type":"Person","@id":"https:\/\/www.em.com.br\/emfoco\/#\/schema\/person\/f6eade2e287023da170a1b2b329f68e5","name":"Guilherme Lopes","image":{"@type":"ImageObject","inLanguage":"pt-BR","@id":"https:\/\/www.em.com.br\/emfoco\/#\/schema\/person\/image\/","url":"https:\/\/secure.gravatar.com\/avatar\/df9adfb835d344bc0af109d41756253f?s=96&d=mm&r=g","contentUrl":"https:\/\/secure.gravatar.com\/avatar\/df9adfb835d344bc0af109d41756253f?s=96&d=mm&r=g","caption":"Guilherme Lopes"},"url":"https:\/\/www.em.com.br\/emfoco\/author\/guilherme_saude\/"}]}},"_links":{"self":[{"href":"https:\/\/www.em.com.br\/emfoco\/wp-json\/wp\/v2\/posts\/175697","targetHints":{"allow":["GET"]}}],"collection":[{"href":"https:\/\/www.em.com.br\/emfoco\/wp-json\/wp\/v2\/posts"}],"about":[{"href":"https:\/\/www.em.com.br\/emfoco\/wp-json\/wp\/v2\/types\/post"}],"author":[{"embeddable":true,"href":"https:\/\/www.em.com.br\/emfoco\/wp-json\/wp\/v2\/users\/25"}],"replies":[{"embeddable":true,"href":"https:\/\/www.em.com.br\/emfoco\/wp-json\/wp\/v2\/comments?post=175697"}],"version-history":[{"count":1,"href":"https:\/\/www.em.com.br\/emfoco\/wp-json\/wp\/v2\/posts\/175697\/revisions"}],"predecessor-version":[{"id":175700,"href":"https:\/\/www.em.com.br\/emfoco\/wp-json\/wp\/v2\/posts\/175697\/revisions\/175700"}],"wp:featuredmedia":[{"embeddable":true,"href":"https:\/\/www.em.com.br\/emfoco\/wp-json\/wp\/v2\/media\/175698"}],"wp:attachment":[{"href":"https:\/\/www.em.com.br\/emfoco\/wp-json\/wp\/v2\/media?parent=175697"}],"wp:term":[{"taxonomy":"category","embeddable":true,"href":"https:\/\/www.em.com.br\/emfoco\/wp-json\/wp\/v2\/categories?post=175697"},{"taxonomy":"post_tag","embeddable":true,"href":"https:\/\/www.em.com.br\/emfoco\/wp-json\/wp\/v2\/tags?post=175697"}],"curies":[{"name":"wp","href":"https:\/\/api.w.org\/{rel}","templated":true}]}}