{"id":175662,"date":"2026-03-02T14:35:00","date_gmt":"2026-03-02T17:35:00","guid":{"rendered":"https:\/\/www.em.com.br\/emfoco\/?p=175662"},"modified":"2026-02-28T01:31:54","modified_gmt":"2026-02-28T04:31:54","slug":"quais-sao-os-beneficios-da-agua-de-casca-de-maca-e-por-que-voce-deveria-comecar-a-beber-hoje","status":"publish","type":"post","link":"https:\/\/www.em.com.br\/emfoco\/2026\/03\/02\/quais-sao-os-beneficios-da-agua-de-casca-de-maca-e-por-que-voce-deveria-comecar-a-beber-hoje\/","title":{"rendered":"Quais s\u00e3o os benef\u00edcios da \u00e1gua de casca de ma\u00e7\u00e3 e por que voc\u00ea deveria come\u00e7ar a beber hoje"},"content":{"rendered":"\n<p>A <strong>\u00e1gua de casca de ma\u00e7\u00e3<\/strong> se popularizou como h\u00e1bito matinal para melhorar a digest\u00e3o e estimular o metabolismo. A bebida aproveita fibras e antioxidantes presentes na casca, parte da fruta que concentra compostos bioativos importantes.<\/p>\n\n\n\n<h2 class=\"wp-block-heading\">Para que serve a \u00e1gua de casca de ma\u00e7\u00e3?<\/h2>\n\n\n\n<p>Consumida em jejum, a infus\u00e3o pode auxiliar na <strong>regula\u00e7\u00e3o do intestino<\/strong>, pois a casca \u00e9 rica em fibras sol\u00faveis que favorecem o equil\u00edbrio do tr\u00e2nsito intestinal e ajudam a proteger a mucosa g\u00e1strica.<\/p>\n\n\n\n<p>Tamb\u00e9m oferece <strong>a\u00e7\u00e3o <a href=\"https:\/\/www.em.com.br\/emfoco\/2026\/02\/27\/como-incluir-o-araca-na-rotina-e-aproveitar-vitaminas-fibras-e-antioxidantes-essenciais\/\" target=\"_blank\" rel=\"noreferrer noopener\">antioxidante<\/a><\/strong>, contribuindo para neutralizar radicais livres e apoiar a sa\u00fade cardiovascular. O efeito n\u00e3o \u00e9 milagroso, mas pode complementar uma alimenta\u00e7\u00e3o equilibrada.<\/p>\n\n\n\n<figure class=\"wp-block-image size-large\"><img loading=\"lazy\" decoding=\"async\" width=\"1024\" height=\"576\" src=\"https:\/\/www.em.com.br\/emfoco\/wp-content\/uploads\/2026\/02\/5-29-1024x576.jpg\" alt=\"Quais s\u00e3o os benef\u00edcios da \u00e1gua de casca de ma\u00e7\u00e3 e por que voc\u00ea deveria come\u00e7ar a beber hoje\" class=\"wp-image-175669\" srcset=\"https:\/\/www.em.com.br\/emfoco\/wp-content\/uploads\/2026\/02\/5-29-1024x576.jpg 1024w, https:\/\/www.em.com.br\/emfoco\/wp-content\/uploads\/2026\/02\/5-29-300x169.jpg 300w, https:\/\/www.em.com.br\/emfoco\/wp-content\/uploads\/2026\/02\/5-29-768x432.jpg 768w, https:\/\/www.em.com.br\/emfoco\/wp-content\/uploads\/2026\/02\/5-29-750x422.jpg 750w, https:\/\/www.em.com.br\/emfoco\/wp-content\/uploads\/2026\/02\/5-29-1140x641.jpg 1140w, https:\/\/www.em.com.br\/emfoco\/wp-content\/uploads\/2026\/02\/5-29.jpg 1280w\" sizes=\"auto, (max-width: 1024px) 100vw, 1024px\" \/><figcaption class=\"wp-element-caption\">Fibras sol\u00faveis na casca favorecem o equil\u00edbrio do tr\u00e2nsito intestinal<\/figcaption><\/figure>\n\n\n\n<h2 class=\"wp-block-heading\">Quais nutrientes da casca explicam seus benef\u00edcios?<\/h2>\n\n\n\n<p>A casca da ma\u00e7\u00e3 concentra compostos que influenciam digest\u00e3o, saciedade e prote\u00e7\u00e3o celular. Esses nutrientes explicam por que a pr\u00e1tica ganhou destaque entre profissionais de nutri\u00e7\u00e3o. Entre os principais est\u00e3o os seguintes.<\/p>\n\n\n\n<ul class=\"wp-block-list\">\n<li><strong>Pectina<\/strong> atua como fibra sol\u00favel que forma um gel no intestino, auxiliando tanto em casos de constipa\u00e7\u00e3o quanto em irrita\u00e7\u00f5es leves da mucosa.<\/li>\n\n\n\n<li><strong>Quercetina<\/strong> funciona como antioxidante natural, ajudando na prote\u00e7\u00e3o das c\u00e9lulas e na manuten\u00e7\u00e3o da elasticidade arterial.<\/li>\n\n\n\n<li><strong>\u00c1cido urs\u00f3lico<\/strong> est\u00e1 associado \u00e0 sensa\u00e7\u00e3o prolongada de saciedade, podendo colaborar com o controle do peso quando aliado a h\u00e1bitos saud\u00e1veis.<\/li>\n<\/ul>\n\n\n\n<h2 class=\"wp-block-heading\">A bebida ajuda na glicose e no colesterol?<\/h2>\n\n\n\n<p>A presen\u00e7a de <strong>fibra sol\u00favel<\/strong> pode retardar a absor\u00e7\u00e3o de carboidratos ap\u00f3s o jejum, favorecendo maior estabilidade nos n\u00edveis de glicose ao longo do dia.<\/p>\n\n\n\n<p>Al\u00e9m disso, o consumo regular de fibras est\u00e1 ligado \u00e0 redu\u00e7\u00e3o do<strong> <\/strong><a href=\"https:\/\/my.clevelandclinic.org\/health\/articles\/24391-ldl-cholesterol\" target=\"_blank\" rel=\"noreferrer noopener\"><strong>colesterol LDL<\/strong>,<\/a> pois elas auxiliam na elimina\u00e7\u00e3o de parte das gorduras ingeridas, contribuindo para a sa\u00fade do sistema cardiovascular.<\/p>\n\n\n\n<figure class=\"wp-block-image size-large\"><img loading=\"lazy\" decoding=\"async\" width=\"1024\" height=\"576\" src=\"https:\/\/www.em.com.br\/emfoco\/wp-content\/uploads\/2026\/02\/4-30-1024x576.jpg\" alt=\"Quais s\u00e3o os benef\u00edcios da \u00e1gua de casca de ma\u00e7\u00e3 e por que voc\u00ea deveria come\u00e7ar a beber hoje\" class=\"wp-image-175668\" srcset=\"https:\/\/www.em.com.br\/emfoco\/wp-content\/uploads\/2026\/02\/4-30-1024x576.jpg 1024w, https:\/\/www.em.com.br\/emfoco\/wp-content\/uploads\/2026\/02\/4-30-300x169.jpg 300w, https:\/\/www.em.com.br\/emfoco\/wp-content\/uploads\/2026\/02\/4-30-768x432.jpg 768w, https:\/\/www.em.com.br\/emfoco\/wp-content\/uploads\/2026\/02\/4-30-750x422.jpg 750w, https:\/\/www.em.com.br\/emfoco\/wp-content\/uploads\/2026\/02\/4-30-1140x641.jpg 1140w, https:\/\/www.em.com.br\/emfoco\/wp-content\/uploads\/2026\/02\/4-30.jpg 1280w\" sizes=\"auto, (max-width: 1024px) 100vw, 1024px\" \/><figcaption class=\"wp-element-caption\">O consumo regular auxilia na estabilidade dos n\u00edveis de glicose di\u00e1rios<\/figcaption><\/figure>\n\n\n\n<h2 class=\"wp-block-heading\">Como preparar a \u00e1gua de casca de ma\u00e7\u00e3 corretamente?<\/h2>\n\n\n\n<p>O preparo adequado garante melhor aproveitamento dos nutrientes e reduz riscos associados a res\u00edduos qu\u00edmicos. A escolha da fruta e o tempo de fervura fazem diferen\u00e7a no resultado final. Siga as orienta\u00e7\u00f5es abaixo.<\/p>\n\n\n\n<ul class=\"wp-block-list\">\n<li><strong>Utilize ma\u00e7\u00e3s org\u00e2nicas ou lave cuidadosamente<\/strong> com \u00e1gua corrente e solu\u00e7\u00e3o adequada para remover poss\u00edveis pesticidas.<\/li>\n\n\n\n<li><strong>Ferva as cascas por 10 a 15 minutos<\/strong> para extrair fibras sol\u00faveis e antioxidantes sem perder o aroma natural.<\/li>\n\n\n\n<li><strong>Consuma morna e rec\u00e9m-preparada<\/strong>, evitando armazenar por longos per\u00edodos para preservar propriedades nutricionais.<\/li>\n<\/ul>\n\n\n\n<p>Algumas pessoas acrescentam canela, que pode potencializar o sabor e oferecer leve efeito digestivo, mas o consumo deve sempre fazer parte de uma rotina alimentar equilibrada.<\/p>\n\n\n\n<h2 class=\"wp-block-heading\">Quais precau\u00e7\u00f5es devem ser consideradas?<\/h2>\n\n\n\n<p>A <strong>infus\u00e3o de casca de ma\u00e7\u00e3<\/strong> n\u00e3o substitui tratamentos m\u00e9dicos nem resolve problemas metab\u00f3licos de forma isolada. Ela atua como complemento dentro de um estilo de vida saud\u00e1vel.<\/p>\n\n\n\n<p>Pessoas com <strong>diabetes ou doen\u00e7as cr\u00f4nicas<\/strong> devem consultar um profissional de sa\u00fade antes de adotar o consumo di\u00e1rio, garantindo que a pr\u00e1tica seja segura e adequada ao seu quadro cl\u00ednico.<\/p>\n","protected":false},"excerpt":{"rendered":"<p>A \u00e1gua de casca de ma\u00e7\u00e3 se popularizou como h\u00e1bito matinal para melhorar a digest\u00e3o e estimular o metabolismo. A bebida aproveita fibras e antioxidantes presentes na casca, parte da fruta que concentra compostos bioativos importantes. Para que serve a \u00e1gua de casca de ma\u00e7\u00e3? Consumida em jejum, a infus\u00e3o pode auxiliar na regula\u00e7\u00e3o do [&hellip;]<\/p>\n","protected":false},"author":13,"featured_media":175670,"comment_status":"open","ping_status":"open","sticky":false,"template":"","format":"standard","meta":{"jnews-multi-image_gallery":[],"jnews_single_post":{"format":"standard"},"jnews_primary_category":[],"jnews_social_meta":[],"jnews_override_counter":[],"footnotes":""},"categories":[9053],"tags":[25418,25419,10034],"class_list":["post-175662","post","type-post","status-publish","format-standard","has-post-thumbnail","hentry","category-saude","tag-agua-de-casca-de-maca","tag-ativar-digestao","tag-jejum"],"yoast_head":"<!-- This site is optimized with the Yoast SEO plugin v23.8 - https:\/\/yoast.com\/wordpress\/plugins\/seo\/ -->\n<title>Quais s\u00e3o os benef\u00edcios da \u00e1gua de casca de ma\u00e7\u00e3 e por que voc\u00ea deveria come\u00e7ar a beber hoje - Estado de Minas - Em foco<\/title>\n<meta name=\"description\" content=\"\u00c1gua de casca de ma\u00e7\u00e3 em jejum pode melhorar digest\u00e3o, saciedade e metabolismo quando combinada com rotina saud\u00e1vel.\" \/>\n<meta name=\"robots\" content=\"index, follow, max-snippet:-1, max-image-preview:large, max-video-preview:-1\" \/>\n<link rel=\"canonical\" href=\"https:\/\/www.em.com.br\/emfoco\/2026\/03\/02\/quais-sao-os-beneficios-da-agua-de-casca-de-maca-e-por-que-voce-deveria-comecar-a-beber-hoje\/\" \/>\n<meta property=\"og:locale\" content=\"pt_BR\" \/>\n<meta property=\"og:type\" content=\"article\" \/>\n<meta property=\"og:title\" content=\"Quais s\u00e3o os benef\u00edcios da \u00e1gua de casca de ma\u00e7\u00e3 e por que voc\u00ea deveria come\u00e7ar a beber hoje - Estado de Minas - Em foco\" \/>\n<meta property=\"og:description\" content=\"\u00c1gua de casca de ma\u00e7\u00e3 em jejum pode melhorar digest\u00e3o, saciedade e metabolismo quando combinada com rotina saud\u00e1vel.\" \/>\n<meta property=\"og:url\" content=\"https:\/\/www.em.com.br\/emfoco\/2026\/03\/02\/quais-sao-os-beneficios-da-agua-de-casca-de-maca-e-por-que-voce-deveria-comecar-a-beber-hoje\/\" \/>\n<meta property=\"og:site_name\" content=\"Estado de Minas - Em foco\" \/>\n<meta property=\"article:published_time\" content=\"2026-03-02T17:35:00+00:00\" \/>\n<meta property=\"article:modified_time\" content=\"2026-02-28T04:31:54+00:00\" \/>\n<meta property=\"og:image\" content=\"https:\/\/www.em.com.br\/emfoco\/wp-content\/uploads\/2026\/02\/6-25.jpg\" \/>\n\t<meta property=\"og:image:width\" content=\"1280\" \/>\n\t<meta property=\"og:image:height\" content=\"720\" \/>\n\t<meta property=\"og:image:type\" content=\"image\/jpeg\" \/>\n<meta name=\"author\" content=\"Gabriel Martins\" \/>\n<meta name=\"twitter:card\" content=\"summary_large_image\" \/>\n<meta name=\"twitter:label1\" content=\"Escrito por\" \/>\n\t<meta name=\"twitter:data1\" content=\"Gabriel Martins\" \/>\n\t<meta name=\"twitter:label2\" content=\"Est. tempo de leitura\" \/>\n\t<meta name=\"twitter:data2\" content=\"4 minutos\" \/>\n<!-- \/ Yoast SEO plugin. -->","yoast_head_json":{"title":"Quais s\u00e3o os benef\u00edcios da \u00e1gua de casca de ma\u00e7\u00e3 e por que voc\u00ea deveria come\u00e7ar a beber hoje - Estado de Minas - Em foco","description":"\u00c1gua de casca de ma\u00e7\u00e3 em jejum pode melhorar digest\u00e3o, saciedade e metabolismo quando combinada com rotina saud\u00e1vel.","robots":{"index":"index","follow":"follow","max-snippet":"max-snippet:-1","max-image-preview":"max-image-preview:large","max-video-preview":"max-video-preview:-1"},"canonical":"https:\/\/www.em.com.br\/emfoco\/2026\/03\/02\/quais-sao-os-beneficios-da-agua-de-casca-de-maca-e-por-que-voce-deveria-comecar-a-beber-hoje\/","og_locale":"pt_BR","og_type":"article","og_title":"Quais s\u00e3o os benef\u00edcios da \u00e1gua de casca de ma\u00e7\u00e3 e por que voc\u00ea deveria come\u00e7ar a beber hoje - Estado de Minas - Em foco","og_description":"\u00c1gua de casca de ma\u00e7\u00e3 em jejum pode melhorar digest\u00e3o, saciedade e metabolismo quando combinada com rotina saud\u00e1vel.","og_url":"https:\/\/www.em.com.br\/emfoco\/2026\/03\/02\/quais-sao-os-beneficios-da-agua-de-casca-de-maca-e-por-que-voce-deveria-comecar-a-beber-hoje\/","og_site_name":"Estado de Minas - Em foco","article_published_time":"2026-03-02T17:35:00+00:00","article_modified_time":"2026-02-28T04:31:54+00:00","og_image":[{"width":1280,"height":720,"url":"https:\/\/www.em.com.br\/emfoco\/wp-content\/uploads\/2026\/02\/6-25.jpg","type":"image\/jpeg"}],"author":"Gabriel Martins","twitter_card":"summary_large_image","twitter_misc":{"Escrito por":"Gabriel Martins","Est. tempo de leitura":"4 minutos"},"schema":{"@context":"https:\/\/schema.org","@graph":[{"@type":"WebPage","@id":"https:\/\/www.em.com.br\/emfoco\/2026\/03\/02\/quais-sao-os-beneficios-da-agua-de-casca-de-maca-e-por-que-voce-deveria-comecar-a-beber-hoje\/","url":"https:\/\/www.em.com.br\/emfoco\/2026\/03\/02\/quais-sao-os-beneficios-da-agua-de-casca-de-maca-e-por-que-voce-deveria-comecar-a-beber-hoje\/","name":"Quais s\u00e3o os benef\u00edcios da \u00e1gua de casca de ma\u00e7\u00e3 e por que voc\u00ea deveria come\u00e7ar a beber hoje - Estado de Minas - Em foco","isPartOf":{"@id":"https:\/\/www.em.com.br\/emfoco\/#website"},"primaryImageOfPage":{"@id":"https:\/\/www.em.com.br\/emfoco\/2026\/03\/02\/quais-sao-os-beneficios-da-agua-de-casca-de-maca-e-por-que-voce-deveria-comecar-a-beber-hoje\/#primaryimage"},"image":{"@id":"https:\/\/www.em.com.br\/emfoco\/2026\/03\/02\/quais-sao-os-beneficios-da-agua-de-casca-de-maca-e-por-que-voce-deveria-comecar-a-beber-hoje\/#primaryimage"},"thumbnailUrl":"https:\/\/www.em.com.br\/emfoco\/wp-content\/uploads\/2026\/02\/6-25.jpg","datePublished":"2026-03-02T17:35:00+00:00","dateModified":"2026-02-28T04:31:54+00:00","author":{"@id":"https:\/\/www.em.com.br\/emfoco\/#\/schema\/person\/1c9ddeab18b98abeffef834667bcf08a"},"description":"\u00c1gua de casca de ma\u00e7\u00e3 em jejum pode melhorar digest\u00e3o, saciedade e metabolismo quando combinada com rotina saud\u00e1vel.","breadcrumb":{"@id":"https:\/\/www.em.com.br\/emfoco\/2026\/03\/02\/quais-sao-os-beneficios-da-agua-de-casca-de-maca-e-por-que-voce-deveria-comecar-a-beber-hoje\/#breadcrumb"},"inLanguage":"pt-BR","potentialAction":[{"@type":"ReadAction","target":["https:\/\/www.em.com.br\/emfoco\/2026\/03\/02\/quais-sao-os-beneficios-da-agua-de-casca-de-maca-e-por-que-voce-deveria-comecar-a-beber-hoje\/"]}]},{"@type":"ImageObject","inLanguage":"pt-BR","@id":"https:\/\/www.em.com.br\/emfoco\/2026\/03\/02\/quais-sao-os-beneficios-da-agua-de-casca-de-maca-e-por-que-voce-deveria-comecar-a-beber-hoje\/#primaryimage","url":"https:\/\/www.em.com.br\/emfoco\/wp-content\/uploads\/2026\/02\/6-25.jpg","contentUrl":"https:\/\/www.em.com.br\/emfoco\/wp-content\/uploads\/2026\/02\/6-25.jpg","width":1280,"height":720,"caption":"A bebida matinal aproveita fibras e antioxidantes para estimular o metabolismo"},{"@type":"BreadcrumbList","@id":"https:\/\/www.em.com.br\/emfoco\/2026\/03\/02\/quais-sao-os-beneficios-da-agua-de-casca-de-maca-e-por-que-voce-deveria-comecar-a-beber-hoje\/#breadcrumb","itemListElement":[{"@type":"ListItem","position":1,"name":"In\u00edcio","item":"https:\/\/www.em.com.br\/emfoco\/"},{"@type":"ListItem","position":2,"name":"Quais s\u00e3o os benef\u00edcios da \u00e1gua de casca de ma\u00e7\u00e3 e por que voc\u00ea deveria come\u00e7ar a beber hoje"}]},{"@type":"WebSite","@id":"https:\/\/www.em.com.br\/emfoco\/#website","url":"https:\/\/www.em.com.br\/emfoco\/","name":"Estado de Minas - Em foco","description":"Acompanhe as \u00faltimas not\u00edcias e fique bem informado sobre tudo o que acontece em Minas Gerais, Brasil e no mundo.","potentialAction":[{"@type":"SearchAction","target":{"@type":"EntryPoint","urlTemplate":"https:\/\/www.em.com.br\/emfoco\/?s={search_term_string}"},"query-input":{"@type":"PropertyValueSpecification","valueRequired":true,"valueName":"search_term_string"}}],"inLanguage":"pt-BR"},{"@type":"Person","@id":"https:\/\/www.em.com.br\/emfoco\/#\/schema\/person\/1c9ddeab18b98abeffef834667bcf08a","name":"Gabriel Martins","image":{"@type":"ImageObject","inLanguage":"pt-BR","@id":"https:\/\/www.em.com.br\/emfoco\/#\/schema\/person\/image\/","url":"https:\/\/secure.gravatar.com\/avatar\/f0f1e2efdfd88f1ad2cb08c5c2731e50?s=96&d=mm&r=g","contentUrl":"https:\/\/secure.gravatar.com\/avatar\/f0f1e2efdfd88f1ad2cb08c5c2731e50?s=96&d=mm&r=g","caption":"Gabriel Martins"},"sameAs":["https:\/\/www.em.com.br\/emfoco\/"],"url":"https:\/\/www.em.com.br\/emfoco\/author\/gabrielmartinsmyth\/"}]}},"_links":{"self":[{"href":"https:\/\/www.em.com.br\/emfoco\/wp-json\/wp\/v2\/posts\/175662","targetHints":{"allow":["GET"]}}],"collection":[{"href":"https:\/\/www.em.com.br\/emfoco\/wp-json\/wp\/v2\/posts"}],"about":[{"href":"https:\/\/www.em.com.br\/emfoco\/wp-json\/wp\/v2\/types\/post"}],"author":[{"embeddable":true,"href":"https:\/\/www.em.com.br\/emfoco\/wp-json\/wp\/v2\/users\/13"}],"replies":[{"embeddable":true,"href":"https:\/\/www.em.com.br\/emfoco\/wp-json\/wp\/v2\/comments?post=175662"}],"version-history":[{"count":1,"href":"https:\/\/www.em.com.br\/emfoco\/wp-json\/wp\/v2\/posts\/175662\/revisions"}],"predecessor-version":[{"id":175671,"href":"https:\/\/www.em.com.br\/emfoco\/wp-json\/wp\/v2\/posts\/175662\/revisions\/175671"}],"wp:featuredmedia":[{"embeddable":true,"href":"https:\/\/www.em.com.br\/emfoco\/wp-json\/wp\/v2\/media\/175670"}],"wp:attachment":[{"href":"https:\/\/www.em.com.br\/emfoco\/wp-json\/wp\/v2\/media?parent=175662"}],"wp:term":[{"taxonomy":"category","embeddable":true,"href":"https:\/\/www.em.com.br\/emfoco\/wp-json\/wp\/v2\/categories?post=175662"},{"taxonomy":"post_tag","embeddable":true,"href":"https:\/\/www.em.com.br\/emfoco\/wp-json\/wp\/v2\/tags?post=175662"}],"curies":[{"name":"wp","href":"https:\/\/api.w.org\/{rel}","templated":true}]}}