{"id":175618,"date":"2026-03-02T07:25:00","date_gmt":"2026-03-02T10:25:00","guid":{"rendered":"https:\/\/www.em.com.br\/emfoco\/?p=175618"},"modified":"2026-02-28T00:46:59","modified_gmt":"2026-02-28T03:46:59","slug":"como-pequenas-atitudes-na-hora-de-lavar-e-secar-o-cabelo-podem-dobrar-o-tempo-de-duracao-da-tintura","status":"publish","type":"post","link":"https:\/\/www.em.com.br\/emfoco\/2026\/03\/02\/como-pequenas-atitudes-na-hora-de-lavar-e-secar-o-cabelo-podem-dobrar-o-tempo-de-duracao-da-tintura\/","title":{"rendered":"Como pequenas atitudes na hora de lavar e secar o cabelo podem dobrar o tempo de dura\u00e7\u00e3o da tintura"},"content":{"rendered":"\n<p>Quer saber como fazer a <strong>tintura de cabelo durar mais<\/strong>? Manter a cor vibrante e o brilho intenso exige cuidados espec\u00edficos ap\u00f3s a colora\u00e7\u00e3o. Com h\u00e1bitos certos e produtos adequados, \u00e9 poss\u00edvel reduzir o desbotamento e preservar a sa\u00fade dos fios.<\/p>\n\n\n\n<h2 class=\"wp-block-heading\">Por que a tintura desbota t\u00e3o r\u00e1pido?<\/h2>\n\n\n\n<p>Ap\u00f3s a colora\u00e7\u00e3o, as <strong>cut\u00edculas do cabelo<\/strong> permanecem mais abertas e vulner\u00e1veis. Lavagens frequentes, \u00e1gua quente e exposi\u00e7\u00e3o ao sol aceleram a perda do pigmento, deixando a cor opaca antes do esperado.<\/p>\n\n\n\n<p>Cabelos tingidos tamb\u00e9m tendem a ficar mais ressecados, o que compromete o <strong><a href=\"https:\/\/www.loreal-paris.com.br\/dicas-de-duracao-da-coloracao\" target=\"_blank\" rel=\"noreferrer noopener\">brilho e a fixa\u00e7\u00e3o da cor<\/a><\/strong>. Por isso, a manuten\u00e7\u00e3o adequada come\u00e7a j\u00e1 nas primeiras 72 horas ap\u00f3s sair do sal\u00e3o.<\/p>\n\n\n\n<figure class=\"wp-block-image size-large\"><img loading=\"lazy\" decoding=\"async\" width=\"1024\" height=\"576\" src=\"https:\/\/www.em.com.br\/emfoco\/wp-content\/uploads\/2026\/02\/11-3-1024x576.jpg\" alt=\"Como pequenas atitudes na hora de lavar e secar o cabelo podem dobrar o tempo de dura\u00e7\u00e3o da tintura\" class=\"wp-image-175635\" srcset=\"https:\/\/www.em.com.br\/emfoco\/wp-content\/uploads\/2026\/02\/11-3-1024x576.jpg 1024w, https:\/\/www.em.com.br\/emfoco\/wp-content\/uploads\/2026\/02\/11-3-300x169.jpg 300w, https:\/\/www.em.com.br\/emfoco\/wp-content\/uploads\/2026\/02\/11-3-768x432.jpg 768w, https:\/\/www.em.com.br\/emfoco\/wp-content\/uploads\/2026\/02\/11-3-750x422.jpg 750w, https:\/\/www.em.com.br\/emfoco\/wp-content\/uploads\/2026\/02\/11-3-1140x641.jpg 1140w, https:\/\/www.em.com.br\/emfoco\/wp-content\/uploads\/2026\/02\/11-3.jpg 1280w\" sizes=\"auto, (max-width: 1024px) 100vw, 1024px\" \/><figcaption class=\"wp-element-caption\">Cut\u00edculas abertas e lavagens frequentes aceleram a perda do pigmento capilar<\/figcaption><\/figure>\n\n\n\n<h2 class=\"wp-block-heading\">Quais cuidados imediatos prolongam a cor?<\/h2>\n\n\n\n<p>Os primeiros dias ap\u00f3s pintar o cabelo s\u00e3o decisivos para garantir maior durabilidade do pigmento. Ajustar a rotina logo no in\u00edcio evita que a cor perca intensidade rapidamente. Entre as principais recomenda\u00e7\u00f5es est\u00e3o as seguintes.<\/p>\n\n\n\n<ul class=\"wp-block-list\">\n<li><strong>Esperar de 48 a 72 horas para lavar<\/strong>, permitindo que o pigmento fixe corretamente na fibra capilar.<\/li>\n\n\n\n<li><strong>Evitar lavagens di\u00e1rias<\/strong>, optando por intervalos de dois ou tr\u00eas dias entre cada shampoo.<\/li>\n\n\n\n<li><strong>Usar shampoos para cabelos coloridos<\/strong>, formulados para limpar suavemente sem remover o pigmento.<\/li>\n<\/ul>\n\n\n\n<h2 class=\"wp-block-heading\">A temperatura da \u00e1gua interfere na durabilidade?<\/h2>\n\n\n\n<p>A \u00e1gua muito quente abre as <strong>cut\u00edculas capilares<\/strong> e facilita o desbotamento. Para proteger a <strong><a href=\"https:\/\/www.em.com.br\/emfoco\/2026\/02\/11\/pare-de-pintar-seus-cabelos-brancos-de-preto-uma-cabeleireira-japonesa-revela-a-coloracao-mais-eficaz-para-cobrir-os-fios-brancos-o-resultado-e-natural-jovial-e-permanece-bonito-por-meses\/\" target=\"_blank\" rel=\"noreferrer noopener\">colora\u00e7\u00e3o<\/a><\/strong>, o ideal \u00e9 lavar com \u00e1gua morna e finalizar com enx\u00e1gue frio, ajudando a selar os fios.<\/p>\n\n\n\n<p>Esse cuidado simples mant\u00e9m o <strong>brilho da tintura<\/strong> por mais tempo e reduz o aspecto opaco. Pequenas mudan\u00e7as na rotina de banho j\u00e1 fazem diferen\u00e7a vis\u00edvel nas primeiras semanas.<\/p>\n\n\n\n<figure class=\"wp-block-image size-large\"><img loading=\"lazy\" decoding=\"async\" width=\"1024\" height=\"576\" src=\"https:\/\/www.em.com.br\/emfoco\/wp-content\/uploads\/2026\/02\/10-4-1024x576.jpg\" alt=\"Como pequenas atitudes na hora de lavar e secar o cabelo podem dobrar o tempo de dura\u00e7\u00e3o da tintura\" class=\"wp-image-175634\" srcset=\"https:\/\/www.em.com.br\/emfoco\/wp-content\/uploads\/2026\/02\/10-4-1024x576.jpg 1024w, https:\/\/www.em.com.br\/emfoco\/wp-content\/uploads\/2026\/02\/10-4-300x169.jpg 300w, https:\/\/www.em.com.br\/emfoco\/wp-content\/uploads\/2026\/02\/10-4-768x432.jpg 768w, https:\/\/www.em.com.br\/emfoco\/wp-content\/uploads\/2026\/02\/10-4-750x422.jpg 750w, https:\/\/www.em.com.br\/emfoco\/wp-content\/uploads\/2026\/02\/10-4-1140x641.jpg 1140w, https:\/\/www.em.com.br\/emfoco\/wp-content\/uploads\/2026\/02\/10-4.jpg 1280w\" sizes=\"auto, (max-width: 1024px) 100vw, 1024px\" \/><figcaption class=\"wp-element-caption\">Lavar com \u00e1gua morna e enx\u00e1gue frio ajuda a selar fios<\/figcaption><\/figure>\n\n\n\n<h2 class=\"wp-block-heading\">Como proteger a cor contra calor e fatores externos?<\/h2>\n\n\n\n<p>Ferramentas t\u00e9rmicas, exposi\u00e7\u00e3o ao sol, cloro e polui\u00e7\u00e3o s\u00e3o inimigos da colora\u00e7\u00e3o. Proteger os fios dessas agress\u00f5es evita desgaste da fibra e mant\u00e9m a tonalidade mais intensa. Algumas medidas pr\u00e1ticas ajudam nesse processo.<\/p>\n\n\n\n<ul class=\"wp-block-list\">\n<li><strong>Aplicar protetor t\u00e9rmico<\/strong> antes de usar secador, chapinha ou modelador.<\/li>\n\n\n\n<li><strong>Utilizar produtos com filtro UV<\/strong> para evitar que o sol desgaste o pigmento.<\/li>\n\n\n\n<li><strong>Enxaguar o cabelo antes e depois da piscina<\/strong>, reduzindo a absor\u00e7\u00e3o de cloro.<\/li>\n<\/ul>\n\n\n\n<h2 class=\"wp-block-heading\">Hidrata\u00e7\u00e3o e brilho fazem diferen\u00e7a na dura\u00e7\u00e3o?<\/h2>\n\n\n\n<p>A <strong>hidrata\u00e7\u00e3o profunda<\/strong> \u00e9 essencial para cabelos tingidos, pois a cor tende a evidenciar o ressecamento. M\u00e1scaras nutritivas aplicadas uma ou duas vezes por semana restauram a maciez e a elasticidade.<\/p>\n\n\n\n<p>Tratamentos tonalizantes e m\u00e1scaras com efeito gloss ajudam a refor\u00e7ar a <strong>intensidade da cor<\/strong> entre as visitas ao sal\u00e3o. Assim, o cabelo permanece com apar\u00eancia rec\u00e9m-pintada por muito mais tempo.<\/p>\n","protected":false},"excerpt":{"rendered":"<p>Quer saber como fazer a tintura de cabelo durar mais? Manter a cor vibrante e o brilho intenso exige cuidados espec\u00edficos ap\u00f3s a colora\u00e7\u00e3o. Com h\u00e1bitos certos e produtos adequados, \u00e9 poss\u00edvel reduzir o desbotamento e preservar a sa\u00fade dos fios. Por que a tintura desbota t\u00e3o r\u00e1pido? Ap\u00f3s a colora\u00e7\u00e3o, as cut\u00edculas do cabelo [&hellip;]<\/p>\n","protected":false},"author":13,"featured_media":175636,"comment_status":"open","ping_status":"open","sticky":false,"template":"","format":"standard","meta":{"jnews-multi-image_gallery":[],"jnews_single_post":{"format":"standard"},"jnews_primary_category":[],"jnews_social_meta":[],"jnews_override_counter":[],"footnotes":""},"categories":[8819],"tags":[712,22900,17701],"class_list":["post-175618","post","type-post","status-publish","format-standard","has-post-thumbnail","hentry","category-curiosidades","tag-autocuidado","tag-moda-e-beleza","tag-tinta-de-cabelo"],"yoast_head":"<!-- This site is optimized with the Yoast SEO plugin v23.8 - https:\/\/yoast.com\/wordpress\/plugins\/seo\/ -->\n<title>Como pequenas atitudes na hora de lavar e secar o cabelo podem dobrar o tempo de dura\u00e7\u00e3o da tintura - Estado de Minas - Em foco<\/title>\n<meta name=\"description\" content=\"Saiba por que a tintura desbota r\u00e1pido e quais cuidados simples mant\u00eam a cor vibrante por muito mais tempo.\" \/>\n<meta name=\"robots\" content=\"index, follow, max-snippet:-1, max-image-preview:large, max-video-preview:-1\" \/>\n<link rel=\"canonical\" href=\"https:\/\/www.em.com.br\/emfoco\/2026\/03\/02\/como-pequenas-atitudes-na-hora-de-lavar-e-secar-o-cabelo-podem-dobrar-o-tempo-de-duracao-da-tintura\/\" \/>\n<meta property=\"og:locale\" content=\"pt_BR\" \/>\n<meta property=\"og:type\" content=\"article\" \/>\n<meta property=\"og:title\" content=\"Como pequenas atitudes na hora de lavar e secar o cabelo podem dobrar o tempo de dura\u00e7\u00e3o da tintura - Estado de Minas - Em foco\" \/>\n<meta property=\"og:description\" content=\"Saiba por que a tintura desbota r\u00e1pido e quais cuidados simples mant\u00eam a cor vibrante por muito mais tempo.\" \/>\n<meta property=\"og:url\" content=\"https:\/\/www.em.com.br\/emfoco\/2026\/03\/02\/como-pequenas-atitudes-na-hora-de-lavar-e-secar-o-cabelo-podem-dobrar-o-tempo-de-duracao-da-tintura\/\" \/>\n<meta property=\"og:site_name\" content=\"Estado de Minas - Em foco\" \/>\n<meta property=\"article:published_time\" content=\"2026-03-02T10:25:00+00:00\" \/>\n<meta property=\"article:modified_time\" content=\"2026-02-28T03:46:59+00:00\" \/>\n<meta property=\"og:image\" content=\"https:\/\/www.em.com.br\/emfoco\/wp-content\/uploads\/2026\/02\/12-2.jpg\" \/>\n\t<meta property=\"og:image:width\" content=\"1280\" \/>\n\t<meta property=\"og:image:height\" content=\"720\" \/>\n\t<meta property=\"og:image:type\" content=\"image\/jpeg\" \/>\n<meta name=\"author\" content=\"Gabriel Martins\" \/>\n<meta name=\"twitter:card\" content=\"summary_large_image\" \/>\n<meta name=\"twitter:label1\" content=\"Escrito por\" \/>\n\t<meta name=\"twitter:data1\" content=\"Gabriel Martins\" \/>\n\t<meta name=\"twitter:label2\" content=\"Est. tempo de leitura\" \/>\n\t<meta name=\"twitter:data2\" content=\"4 minutos\" \/>\n<!-- \/ Yoast SEO plugin. -->","yoast_head_json":{"title":"Como pequenas atitudes na hora de lavar e secar o cabelo podem dobrar o tempo de dura\u00e7\u00e3o da tintura - Estado de Minas - Em foco","description":"Saiba por que a tintura desbota r\u00e1pido e quais cuidados simples mant\u00eam a cor vibrante por muito mais tempo.","robots":{"index":"index","follow":"follow","max-snippet":"max-snippet:-1","max-image-preview":"max-image-preview:large","max-video-preview":"max-video-preview:-1"},"canonical":"https:\/\/www.em.com.br\/emfoco\/2026\/03\/02\/como-pequenas-atitudes-na-hora-de-lavar-e-secar-o-cabelo-podem-dobrar-o-tempo-de-duracao-da-tintura\/","og_locale":"pt_BR","og_type":"article","og_title":"Como pequenas atitudes na hora de lavar e secar o cabelo podem dobrar o tempo de dura\u00e7\u00e3o da tintura - Estado de Minas - Em foco","og_description":"Saiba por que a tintura desbota r\u00e1pido e quais cuidados simples mant\u00eam a cor vibrante por muito mais tempo.","og_url":"https:\/\/www.em.com.br\/emfoco\/2026\/03\/02\/como-pequenas-atitudes-na-hora-de-lavar-e-secar-o-cabelo-podem-dobrar-o-tempo-de-duracao-da-tintura\/","og_site_name":"Estado de Minas - Em foco","article_published_time":"2026-03-02T10:25:00+00:00","article_modified_time":"2026-02-28T03:46:59+00:00","og_image":[{"width":1280,"height":720,"url":"https:\/\/www.em.com.br\/emfoco\/wp-content\/uploads\/2026\/02\/12-2.jpg","type":"image\/jpeg"}],"author":"Gabriel Martins","twitter_card":"summary_large_image","twitter_misc":{"Escrito por":"Gabriel Martins","Est. tempo de leitura":"4 minutos"},"schema":{"@context":"https:\/\/schema.org","@graph":[{"@type":"WebPage","@id":"https:\/\/www.em.com.br\/emfoco\/2026\/03\/02\/como-pequenas-atitudes-na-hora-de-lavar-e-secar-o-cabelo-podem-dobrar-o-tempo-de-duracao-da-tintura\/","url":"https:\/\/www.em.com.br\/emfoco\/2026\/03\/02\/como-pequenas-atitudes-na-hora-de-lavar-e-secar-o-cabelo-podem-dobrar-o-tempo-de-duracao-da-tintura\/","name":"Como pequenas atitudes na hora de lavar e secar o cabelo podem dobrar o tempo de dura\u00e7\u00e3o da tintura - Estado de Minas - Em foco","isPartOf":{"@id":"https:\/\/www.em.com.br\/emfoco\/#website"},"primaryImageOfPage":{"@id":"https:\/\/www.em.com.br\/emfoco\/2026\/03\/02\/como-pequenas-atitudes-na-hora-de-lavar-e-secar-o-cabelo-podem-dobrar-o-tempo-de-duracao-da-tintura\/#primaryimage"},"image":{"@id":"https:\/\/www.em.com.br\/emfoco\/2026\/03\/02\/como-pequenas-atitudes-na-hora-de-lavar-e-secar-o-cabelo-podem-dobrar-o-tempo-de-duracao-da-tintura\/#primaryimage"},"thumbnailUrl":"https:\/\/www.em.com.br\/emfoco\/wp-content\/uploads\/2026\/02\/12-2.jpg","datePublished":"2026-03-02T10:25:00+00:00","dateModified":"2026-02-28T03:46:59+00:00","author":{"@id":"https:\/\/www.em.com.br\/emfoco\/#\/schema\/person\/1c9ddeab18b98abeffef834667bcf08a"},"description":"Saiba por que a tintura desbota r\u00e1pido e quais cuidados simples mant\u00eam a cor vibrante por muito mais tempo.","breadcrumb":{"@id":"https:\/\/www.em.com.br\/emfoco\/2026\/03\/02\/como-pequenas-atitudes-na-hora-de-lavar-e-secar-o-cabelo-podem-dobrar-o-tempo-de-duracao-da-tintura\/#breadcrumb"},"inLanguage":"pt-BR","potentialAction":[{"@type":"ReadAction","target":["https:\/\/www.em.com.br\/emfoco\/2026\/03\/02\/como-pequenas-atitudes-na-hora-de-lavar-e-secar-o-cabelo-podem-dobrar-o-tempo-de-duracao-da-tintura\/"]}]},{"@type":"ImageObject","inLanguage":"pt-BR","@id":"https:\/\/www.em.com.br\/emfoco\/2026\/03\/02\/como-pequenas-atitudes-na-hora-de-lavar-e-secar-o-cabelo-podem-dobrar-o-tempo-de-duracao-da-tintura\/#primaryimage","url":"https:\/\/www.em.com.br\/emfoco\/wp-content\/uploads\/2026\/02\/12-2.jpg","contentUrl":"https:\/\/www.em.com.br\/emfoco\/wp-content\/uploads\/2026\/02\/12-2.jpg","width":1280,"height":720,"caption":"H\u00e1bitos espec\u00edficos e produtos adequados preservam a cor e brilho intenso"},{"@type":"BreadcrumbList","@id":"https:\/\/www.em.com.br\/emfoco\/2026\/03\/02\/como-pequenas-atitudes-na-hora-de-lavar-e-secar-o-cabelo-podem-dobrar-o-tempo-de-duracao-da-tintura\/#breadcrumb","itemListElement":[{"@type":"ListItem","position":1,"name":"In\u00edcio","item":"https:\/\/www.em.com.br\/emfoco\/"},{"@type":"ListItem","position":2,"name":"Como pequenas atitudes na hora de lavar e secar o cabelo podem dobrar o tempo de dura\u00e7\u00e3o da tintura"}]},{"@type":"WebSite","@id":"https:\/\/www.em.com.br\/emfoco\/#website","url":"https:\/\/www.em.com.br\/emfoco\/","name":"Estado de Minas - Em foco","description":"Acompanhe as \u00faltimas not\u00edcias e fique bem informado sobre tudo o que acontece em Minas Gerais, Brasil e no mundo.","potentialAction":[{"@type":"SearchAction","target":{"@type":"EntryPoint","urlTemplate":"https:\/\/www.em.com.br\/emfoco\/?s={search_term_string}"},"query-input":{"@type":"PropertyValueSpecification","valueRequired":true,"valueName":"search_term_string"}}],"inLanguage":"pt-BR"},{"@type":"Person","@id":"https:\/\/www.em.com.br\/emfoco\/#\/schema\/person\/1c9ddeab18b98abeffef834667bcf08a","name":"Gabriel Martins","image":{"@type":"ImageObject","inLanguage":"pt-BR","@id":"https:\/\/www.em.com.br\/emfoco\/#\/schema\/person\/image\/","url":"https:\/\/secure.gravatar.com\/avatar\/f0f1e2efdfd88f1ad2cb08c5c2731e50?s=96&d=mm&r=g","contentUrl":"https:\/\/secure.gravatar.com\/avatar\/f0f1e2efdfd88f1ad2cb08c5c2731e50?s=96&d=mm&r=g","caption":"Gabriel Martins"},"sameAs":["https:\/\/www.em.com.br\/emfoco\/"],"url":"https:\/\/www.em.com.br\/emfoco\/author\/gabrielmartinsmyth\/"}]}},"_links":{"self":[{"href":"https:\/\/www.em.com.br\/emfoco\/wp-json\/wp\/v2\/posts\/175618","targetHints":{"allow":["GET"]}}],"collection":[{"href":"https:\/\/www.em.com.br\/emfoco\/wp-json\/wp\/v2\/posts"}],"about":[{"href":"https:\/\/www.em.com.br\/emfoco\/wp-json\/wp\/v2\/types\/post"}],"author":[{"embeddable":true,"href":"https:\/\/www.em.com.br\/emfoco\/wp-json\/wp\/v2\/users\/13"}],"replies":[{"embeddable":true,"href":"https:\/\/www.em.com.br\/emfoco\/wp-json\/wp\/v2\/comments?post=175618"}],"version-history":[{"count":1,"href":"https:\/\/www.em.com.br\/emfoco\/wp-json\/wp\/v2\/posts\/175618\/revisions"}],"predecessor-version":[{"id":175637,"href":"https:\/\/www.em.com.br\/emfoco\/wp-json\/wp\/v2\/posts\/175618\/revisions\/175637"}],"wp:featuredmedia":[{"embeddable":true,"href":"https:\/\/www.em.com.br\/emfoco\/wp-json\/wp\/v2\/media\/175636"}],"wp:attachment":[{"href":"https:\/\/www.em.com.br\/emfoco\/wp-json\/wp\/v2\/media?parent=175618"}],"wp:term":[{"taxonomy":"category","embeddable":true,"href":"https:\/\/www.em.com.br\/emfoco\/wp-json\/wp\/v2\/categories?post=175618"},{"taxonomy":"post_tag","embeddable":true,"href":"https:\/\/www.em.com.br\/emfoco\/wp-json\/wp\/v2\/tags?post=175618"}],"curies":[{"name":"wp","href":"https:\/\/api.w.org\/{rel}","templated":true}]}}