{"id":175528,"date":"2026-03-01T11:15:00","date_gmt":"2026-03-01T14:15:00","guid":{"rendered":"https:\/\/www.em.com.br\/emfoco\/?p=175528"},"modified":"2026-02-28T19:41:33","modified_gmt":"2026-02-28T22:41:33","slug":"diga-adeus-ao-seu-quarto-sem-graca-ideias-modernas-para-decora-lo-e-faze-lo-parecer-maior","status":"publish","type":"post","link":"https:\/\/www.em.com.br\/emfoco\/2026\/03\/01\/diga-adeus-ao-seu-quarto-sem-graca-ideias-modernas-para-decora-lo-e-faze-lo-parecer-maior\/","title":{"rendered":"Diga adeus ao seu quarto sem gra\u00e7a: ideias modernas para decor\u00e1-lo e faz\u00ea-lo parecer maior"},"content":{"rendered":"\n<p>Transformar um quarto pequeno em um verdadeiro o\u00e1sis de descanso e estilo n\u00e3o exige quebra-quebra ou or\u00e7amentos milion\u00e1rios, pois solu\u00e7\u00f5es inteligentes de decora\u00e7\u00e3o resolvem o problema. Com algumas adapta\u00e7\u00f5es estrat\u00e9gicas e um toque de criatividade, voc\u00ea consegue ampliar visualmente o ambiente e criar um espa\u00e7o altamente funcional, moderno e acolhedor.<\/p>\n\n\n\n<h2 class=\"wp-block-heading\">Como os m\u00f3veis multifuncionais salvam o espa\u00e7o do seu quarto<\/h2>\n\n\n\n<p>A escolha inteligente do mobili\u00e1rio \u00e9 o grande segredo para ganhar \u00e1rea de circula\u00e7\u00e3o livre sem perder a organiza\u00e7\u00e3o das suas roupas. Opte por camas com ba\u00fas integrados e adote m\u00f3veis suspensos, como escrivaninhas fixadas diretamente na parede, que liberam o piso imediatamente.<\/p>\n\n\n\n<p>Outra dica valiosa dos especialistas \u00e9 priorizar <a href=\"https:\/\/www.em.com.br\/emfoco\/2026\/02\/22\/adeus-as-camas-box-tradicionais-esta-e-a-nova-tendencia-mais-confortavel-e-elegante-para-2026\/\" target=\"_blank\" rel=\"noreferrer noopener\">camas<\/a>, poltronas e c\u00f4modas com p\u00e9s palito ou bases ligeiramente elevadas. Essa pequena eleva\u00e7\u00e3o permite que a luz flua por baixo das pe\u00e7as, criando uma ilus\u00e3o de \u00f3tica poderosa que faz o c\u00f4modo parecer muito mais amplo.<\/p>\n\n\n\n<h2 class=\"wp-block-heading\">Estrat\u00e9gias pr\u00e1ticas para aproveitar o espa\u00e7o vertical das paredes<\/h2>\n\n\n\n<p>Quando a metragem do piso \u00e9 escassa, as paredes livres se tornam as suas maiores aliadas na busca por um ambiente funcional e bonito. Para otimizar cada cent\u00edmetro no seu projeto de decora\u00e7\u00e3o, os designers recomendam explorar essas superf\u00edcies verticais aplicando as seguintes solu\u00e7\u00f5es pr\u00e1ticas hoje mesmo:<\/p>\n\n\n\n<ul class=\"wp-block-list\">\n<li>Instala\u00e7\u00e3o de prateleiras lineares ou arm\u00e1rios a\u00e9reos at\u00e9 o teto para guardar itens fora de temporada.<\/li>\n\n\n\n<li>Cabeceiras de cama alongadas com nichos laterais embutidos para substituir as tradicionais mesas de apoio.<\/li>\n\n\n\n<li>Organizadores de tecido suspensos atr\u00e1s da porta principal para acomodar dezenas de sapatos e acess\u00f3rios.<\/li>\n<\/ul>\n\n\n\n<figure class=\"wp-block-image size-large\"><img loading=\"lazy\" decoding=\"async\" width=\"1024\" height=\"576\" src=\"https:\/\/www.em.com.br\/emfoco\/wp-content\/uploads\/2026\/02\/ChatGPT-Image-27-de-fev.-de-2026-21_25_17-1-1024x576.png\" alt=\"Quarto pequeno organizado vale ouro\" class=\"wp-image-175535\" srcset=\"https:\/\/www.em.com.br\/emfoco\/wp-content\/uploads\/2026\/02\/ChatGPT-Image-27-de-fev.-de-2026-21_25_17-1-1024x576.png 1024w, https:\/\/www.em.com.br\/emfoco\/wp-content\/uploads\/2026\/02\/ChatGPT-Image-27-de-fev.-de-2026-21_25_17-1-300x169.png 300w, https:\/\/www.em.com.br\/emfoco\/wp-content\/uploads\/2026\/02\/ChatGPT-Image-27-de-fev.-de-2026-21_25_17-1-768x432.png 768w, https:\/\/www.em.com.br\/emfoco\/wp-content\/uploads\/2026\/02\/ChatGPT-Image-27-de-fev.-de-2026-21_25_17-1-750x422.png 750w, https:\/\/www.em.com.br\/emfoco\/wp-content\/uploads\/2026\/02\/ChatGPT-Image-27-de-fev.-de-2026-21_25_17-1-1140x641.png 1140w, https:\/\/www.em.com.br\/emfoco\/wp-content\/uploads\/2026\/02\/ChatGPT-Image-27-de-fev.-de-2026-21_25_17-1.png 1280w\" sizes=\"auto, (max-width: 1024px) 100vw, 1024px\" \/><figcaption class=\"wp-element-caption\">Quarto pequeno organizado vale ouro<\/figcaption><\/figure>\n\n\n\n<h2 class=\"wp-block-heading\">Qual \u00e9 o real impacto das cores na sensa\u00e7\u00e3o de amplitude visual?<\/h2>\n\n\n\n<p>A percep\u00e7\u00e3o do tamanho de um c\u00f4modo muda drasticamente com a escolha da tinta e dos acabamentos est\u00e9ticos corretos. Uma paleta focada em tons claros, como beges, cinzas suaves ou os cl\u00e1ssicos tons pastel, reflete a luz natural com m\u00e1xima efici\u00eancia.<\/p>\n\n\n\n<p><a href=\"https:\/\/br.pinterest.com\/natanaelarq\/pinturas-paredes-e-tetos\/\" target=\"_blank\" rel=\"noreferrer noopener\">Pintar as paredes, o teto e at\u00e9 os rodap\u00e9s <\/a>exatamente com a mesma tonalidade \u00e9 um truque infal\u00edvel de design moderno. Essa continuidade inteligente elimina as quebras visuais e adiciona uma incr\u00edvel sensa\u00e7\u00e3o de fluidez e altura ao seu dormit\u00f3rio.<\/p>\n\n\n\n<h2 class=\"wp-block-heading\">Onde posicionar os espelhos para duplicar a ilumina\u00e7\u00e3o natural?<\/h2>\n\n\n\n<p>O uso estrat\u00e9gico de superf\u00edcies espelhadas \u00e9 a regra de ouro para enganar os olhos e duplicar a profundidade de qualquer espa\u00e7o. Posicionar um espelho grande diretamente em frente \u00e0 janela ou revestir as portas do guarda-roupa transforma a claridade do local.<\/p>\n\n\n\n<p>Para complementar esse truque de mestre e trazer ainda mais sofistica\u00e7\u00e3o, instale o var\u00e3o das cortinas o mais alto poss\u00edvel, encostado no teto. Deixar o tecido fluir at\u00e9 tocar o ch\u00e3o alonga a parede, criando um visual de revista sem exigir nenhuma reforma pesada.<\/p>\n\n\n\n<h2 class=\"wp-block-heading\">Por que a organiza\u00e7\u00e3o transforma a atmosfera do seu descanso?<\/h2>\n\n\n\n<p>Manter a ordem implac\u00e1vel \u00e9 o toque final e mais importante, pois o excesso de objetos decorativos gera polui\u00e7\u00e3o visual e encolhe o c\u00f4modo. Utilize organizadores a v\u00e1cuo para comprimir roupas volumosas e liberar um espa\u00e7o valioso de respiro nas suas gavetas e prateleiras.<\/p>\n\n\n\n<p>Seu quarto \u00e9 o seu ref\u00fagio sagrado, o lugar onde voc\u00ea recarrega as energias, e ele merece refletir paz, beleza e conforto absoluto. N\u00e3o perca mais tempo dormindo em um ambiente que te sufoca; aplique essas ideias simples neste fim de semana e acorde na segunda-feira em um espa\u00e7o inspirador e totalmente renovado!<\/p>\n","protected":false},"excerpt":{"rendered":"<p>Transformar um quarto pequeno em um verdadeiro o\u00e1sis de descanso e estilo n\u00e3o exige quebra-quebra ou or\u00e7amentos milion\u00e1rios, pois solu\u00e7\u00f5es inteligentes de decora\u00e7\u00e3o resolvem o problema. Com algumas adapta\u00e7\u00f5es estrat\u00e9gicas e um toque de criatividade, voc\u00ea consegue ampliar visualmente o ambiente e criar um espa\u00e7o altamente funcional, moderno e acolhedor. Como os m\u00f3veis multifuncionais salvam [&hellip;]<\/p>\n","protected":false},"author":11,"featured_media":145233,"comment_status":"open","ping_status":"open","sticky":false,"template":"","format":"standard","meta":{"jnews-multi-image_gallery":[],"jnews_single_post":{"format":"standard"},"jnews_primary_category":[],"jnews_social_meta":[],"jnews_override_counter":[],"footnotes":""},"categories":[8819],"tags":[4687,14659,25400,13874],"class_list":["post-175528","post","type-post","status-publish","format-standard","has-post-thumbnail","hentry","category-curiosidades","tag-decoracao","tag-moveis","tag-organizar-quarto-pequeno","tag-quarto"],"yoast_head":"<!-- This site is optimized with the Yoast SEO plugin v23.8 - https:\/\/yoast.com\/wordpress\/plugins\/seo\/ -->\n<title>Diga adeus ao seu quarto sem gra\u00e7a: ideias modernas para decor\u00e1-lo e faz\u00ea-lo parecer maior - Estado de Minas - Em foco<\/title>\n<meta name=\"description\" content=\"Quarto pequeno pode parecer maior com m\u00f3veis certos e cores claras. Veja truques simples para ampliar o espa\u00e7o sem reforma.\" \/>\n<meta name=\"robots\" content=\"index, follow, max-snippet:-1, max-image-preview:large, max-video-preview:-1\" \/>\n<link rel=\"canonical\" href=\"https:\/\/www.em.com.br\/emfoco\/2026\/03\/01\/diga-adeus-ao-seu-quarto-sem-graca-ideias-modernas-para-decora-lo-e-faze-lo-parecer-maior\/\" \/>\n<meta property=\"og:locale\" content=\"pt_BR\" \/>\n<meta property=\"og:type\" content=\"article\" \/>\n<meta property=\"og:title\" content=\"Diga adeus ao seu quarto sem gra\u00e7a: ideias modernas para decor\u00e1-lo e faz\u00ea-lo parecer maior - Estado de Minas - Em foco\" \/>\n<meta property=\"og:description\" content=\"Quarto pequeno pode parecer maior com m\u00f3veis certos e cores claras. Veja truques simples para ampliar o espa\u00e7o sem reforma.\" \/>\n<meta property=\"og:url\" content=\"https:\/\/www.em.com.br\/emfoco\/2026\/03\/01\/diga-adeus-ao-seu-quarto-sem-graca-ideias-modernas-para-decora-lo-e-faze-lo-parecer-maior\/\" \/>\n<meta property=\"og:site_name\" content=\"Estado de Minas - Em foco\" \/>\n<meta property=\"article:published_time\" content=\"2026-03-01T14:15:00+00:00\" \/>\n<meta property=\"article:modified_time\" content=\"2026-02-28T22:41:33+00:00\" \/>\n<meta property=\"og:image\" content=\"https:\/\/www.em.com.br\/emfoco\/wp-content\/uploads\/2025\/12\/ChatGPT-Image-23-de-dez.-de-2025-21_19_07-1.png\" \/>\n\t<meta property=\"og:image:width\" content=\"1280\" \/>\n\t<meta property=\"og:image:height\" content=\"720\" \/>\n\t<meta property=\"og:image:type\" content=\"image\/png\" \/>\n<meta name=\"author\" content=\"Andre\u0301 Rangel\u00a0\" \/>\n<meta name=\"twitter:card\" content=\"summary_large_image\" \/>\n<meta name=\"twitter:label1\" content=\"Escrito por\" \/>\n\t<meta name=\"twitter:data1\" content=\"Andre\u0301 Rangel\u00a0\" \/>\n\t<meta name=\"twitter:label2\" content=\"Est. tempo de leitura\" \/>\n\t<meta name=\"twitter:data2\" content=\"4 minutos\" \/>\n<!-- \/ Yoast SEO plugin. -->","yoast_head_json":{"title":"Diga adeus ao seu quarto sem gra\u00e7a: ideias modernas para decor\u00e1-lo e faz\u00ea-lo parecer maior - Estado de Minas - Em foco","description":"Quarto pequeno pode parecer maior com m\u00f3veis certos e cores claras. Veja truques simples para ampliar o espa\u00e7o sem reforma.","robots":{"index":"index","follow":"follow","max-snippet":"max-snippet:-1","max-image-preview":"max-image-preview:large","max-video-preview":"max-video-preview:-1"},"canonical":"https:\/\/www.em.com.br\/emfoco\/2026\/03\/01\/diga-adeus-ao-seu-quarto-sem-graca-ideias-modernas-para-decora-lo-e-faze-lo-parecer-maior\/","og_locale":"pt_BR","og_type":"article","og_title":"Diga adeus ao seu quarto sem gra\u00e7a: ideias modernas para decor\u00e1-lo e faz\u00ea-lo parecer maior - Estado de Minas - Em foco","og_description":"Quarto pequeno pode parecer maior com m\u00f3veis certos e cores claras. Veja truques simples para ampliar o espa\u00e7o sem reforma.","og_url":"https:\/\/www.em.com.br\/emfoco\/2026\/03\/01\/diga-adeus-ao-seu-quarto-sem-graca-ideias-modernas-para-decora-lo-e-faze-lo-parecer-maior\/","og_site_name":"Estado de Minas - Em foco","article_published_time":"2026-03-01T14:15:00+00:00","article_modified_time":"2026-02-28T22:41:33+00:00","og_image":[{"width":1280,"height":720,"url":"https:\/\/www.em.com.br\/emfoco\/wp-content\/uploads\/2025\/12\/ChatGPT-Image-23-de-dez.-de-2025-21_19_07-1.png","type":"image\/png"}],"author":"Andre\u0301 Rangel\u00a0","twitter_card":"summary_large_image","twitter_misc":{"Escrito por":"Andre\u0301 Rangel\u00a0","Est. tempo de leitura":"4 minutos"},"schema":{"@context":"https:\/\/schema.org","@graph":[{"@type":"WebPage","@id":"https:\/\/www.em.com.br\/emfoco\/2026\/03\/01\/diga-adeus-ao-seu-quarto-sem-graca-ideias-modernas-para-decora-lo-e-faze-lo-parecer-maior\/","url":"https:\/\/www.em.com.br\/emfoco\/2026\/03\/01\/diga-adeus-ao-seu-quarto-sem-graca-ideias-modernas-para-decora-lo-e-faze-lo-parecer-maior\/","name":"Diga adeus ao seu quarto sem gra\u00e7a: ideias modernas para decor\u00e1-lo e faz\u00ea-lo parecer maior - Estado de Minas - Em foco","isPartOf":{"@id":"https:\/\/www.em.com.br\/emfoco\/#website"},"primaryImageOfPage":{"@id":"https:\/\/www.em.com.br\/emfoco\/2026\/03\/01\/diga-adeus-ao-seu-quarto-sem-graca-ideias-modernas-para-decora-lo-e-faze-lo-parecer-maior\/#primaryimage"},"image":{"@id":"https:\/\/www.em.com.br\/emfoco\/2026\/03\/01\/diga-adeus-ao-seu-quarto-sem-graca-ideias-modernas-para-decora-lo-e-faze-lo-parecer-maior\/#primaryimage"},"thumbnailUrl":"https:\/\/www.em.com.br\/emfoco\/wp-content\/uploads\/2025\/12\/ChatGPT-Image-23-de-dez.-de-2025-21_19_07-1.png","datePublished":"2026-03-01T14:15:00+00:00","dateModified":"2026-02-28T22:41:33+00:00","author":{"@id":"https:\/\/www.em.com.br\/emfoco\/#\/schema\/person\/60eda09c1fedf0d6891f4cef4b60b8b8"},"description":"Quarto pequeno pode parecer maior com m\u00f3veis certos e cores claras. Veja truques simples para ampliar o espa\u00e7o sem reforma.","breadcrumb":{"@id":"https:\/\/www.em.com.br\/emfoco\/2026\/03\/01\/diga-adeus-ao-seu-quarto-sem-graca-ideias-modernas-para-decora-lo-e-faze-lo-parecer-maior\/#breadcrumb"},"inLanguage":"pt-BR","potentialAction":[{"@type":"ReadAction","target":["https:\/\/www.em.com.br\/emfoco\/2026\/03\/01\/diga-adeus-ao-seu-quarto-sem-graca-ideias-modernas-para-decora-lo-e-faze-lo-parecer-maior\/"]}]},{"@type":"ImageObject","inLanguage":"pt-BR","@id":"https:\/\/www.em.com.br\/emfoco\/2026\/03\/01\/diga-adeus-ao-seu-quarto-sem-graca-ideias-modernas-para-decora-lo-e-faze-lo-parecer-maior\/#primaryimage","url":"https:\/\/www.em.com.br\/emfoco\/wp-content\/uploads\/2025\/12\/ChatGPT-Image-23-de-dez.-de-2025-21_19_07-1.png","contentUrl":"https:\/\/www.em.com.br\/emfoco\/wp-content\/uploads\/2025\/12\/ChatGPT-Image-23-de-dez.-de-2025-21_19_07-1.png","width":1280,"height":720,"caption":"Como a cama com dossel moderna muda a decora\u00e7\u00e3o do quarto"},{"@type":"BreadcrumbList","@id":"https:\/\/www.em.com.br\/emfoco\/2026\/03\/01\/diga-adeus-ao-seu-quarto-sem-graca-ideias-modernas-para-decora-lo-e-faze-lo-parecer-maior\/#breadcrumb","itemListElement":[{"@type":"ListItem","position":1,"name":"In\u00edcio","item":"https:\/\/www.em.com.br\/emfoco\/"},{"@type":"ListItem","position":2,"name":"Diga adeus ao seu quarto sem gra\u00e7a: ideias modernas para decor\u00e1-lo e faz\u00ea-lo parecer maior"}]},{"@type":"WebSite","@id":"https:\/\/www.em.com.br\/emfoco\/#website","url":"https:\/\/www.em.com.br\/emfoco\/","name":"Estado de Minas - Em foco","description":"Acompanhe as \u00faltimas not\u00edcias e fique bem informado sobre tudo o que acontece em Minas Gerais, Brasil e no mundo.","potentialAction":[{"@type":"SearchAction","target":{"@type":"EntryPoint","urlTemplate":"https:\/\/www.em.com.br\/emfoco\/?s={search_term_string}"},"query-input":{"@type":"PropertyValueSpecification","valueRequired":true,"valueName":"search_term_string"}}],"inLanguage":"pt-BR"},{"@type":"Person","@id":"https:\/\/www.em.com.br\/emfoco\/#\/schema\/person\/60eda09c1fedf0d6891f4cef4b60b8b8","name":"Andre\u0301 Rangel\u00a0","image":{"@type":"ImageObject","inLanguage":"pt-BR","@id":"https:\/\/www.em.com.br\/emfoco\/#\/schema\/person\/image\/","url":"https:\/\/secure.gravatar.com\/avatar\/6234dc814c77c8ef6d8bba622c787efc?s=96&d=mm&r=g","contentUrl":"https:\/\/secure.gravatar.com\/avatar\/6234dc814c77c8ef6d8bba622c787efc?s=96&d=mm&r=g","caption":"Andre\u0301 Rangel\u00a0"},"url":"https:\/\/www.em.com.br\/emfoco\/author\/luizmyth\/"}]}},"_links":{"self":[{"href":"https:\/\/www.em.com.br\/emfoco\/wp-json\/wp\/v2\/posts\/175528","targetHints":{"allow":["GET"]}}],"collection":[{"href":"https:\/\/www.em.com.br\/emfoco\/wp-json\/wp\/v2\/posts"}],"about":[{"href":"https:\/\/www.em.com.br\/emfoco\/wp-json\/wp\/v2\/types\/post"}],"author":[{"embeddable":true,"href":"https:\/\/www.em.com.br\/emfoco\/wp-json\/wp\/v2\/users\/11"}],"replies":[{"embeddable":true,"href":"https:\/\/www.em.com.br\/emfoco\/wp-json\/wp\/v2\/comments?post=175528"}],"version-history":[{"count":4,"href":"https:\/\/www.em.com.br\/emfoco\/wp-json\/wp\/v2\/posts\/175528\/revisions"}],"predecessor-version":[{"id":175545,"href":"https:\/\/www.em.com.br\/emfoco\/wp-json\/wp\/v2\/posts\/175528\/revisions\/175545"}],"wp:featuredmedia":[{"embeddable":true,"href":"https:\/\/www.em.com.br\/emfoco\/wp-json\/wp\/v2\/media\/145233"}],"wp:attachment":[{"href":"https:\/\/www.em.com.br\/emfoco\/wp-json\/wp\/v2\/media?parent=175528"}],"wp:term":[{"taxonomy":"category","embeddable":true,"href":"https:\/\/www.em.com.br\/emfoco\/wp-json\/wp\/v2\/categories?post=175528"},{"taxonomy":"post_tag","embeddable":true,"href":"https:\/\/www.em.com.br\/emfoco\/wp-json\/wp\/v2\/tags?post=175528"}],"curies":[{"name":"wp","href":"https:\/\/api.w.org\/{rel}","templated":true}]}}