{"id":175468,"date":"2026-02-28T12:55:52","date_gmt":"2026-02-28T15:55:52","guid":{"rendered":"https:\/\/www.em.com.br\/emfoco\/?p=175468"},"modified":"2026-02-27T20:12:29","modified_gmt":"2026-02-27T23:12:29","slug":"adeus-cabelo-reto-o-corte-que-devolve-movimento-e-suaviza-os-tracos-depois-dos-50","status":"publish","type":"post","link":"https:\/\/www.em.com.br\/emfoco\/2026\/02\/28\/adeus-cabelo-reto-o-corte-que-devolve-movimento-e-suaviza-os-tracos-depois-dos-50\/","title":{"rendered":"Adeus cabelo reto: o corte que devolve movimento e suaviza os tra\u00e7os depois dos 50"},"content":{"rendered":"\n<p>Voc\u00ea j\u00e1 se olhou no espelho depois dos 50 e sentiu que o cabelo reto parece mais parado, sem gra\u00e7a, como se tivesse \u201cdespencado\u201d? Isso \u00e9 muito comum: os fios ficam mais finos, o frizz aumenta e o comprimento perde balan\u00e7o. Nessa fase, o <b>corte em camadas<\/b> entra como um grande aliado para devolver <b>leveza<\/b>, movimento e um visual elegante, sem abrir m\u00e3o da praticidade no dia a dia.<\/p>\n\n\n\n<h2 class=\"wp-block-heading\">Por que o corte em camadas depois dos 50 faz tanta diferen\u00e7a no visual<\/h2>\n\n\n\n<p>A palavra-chave central <strong>corte em camadas depois dos 50<\/strong> est\u00e1 ligada a necessidades bem reais dessa fase da vida. Com o tempo, os fios costumam ficar mais <b>ralos<\/b> nas pontas e menos <b>encorpados<\/b> na raiz, o que deixa o cabelo reto com apar\u00eancia \u201cmurcha\u201d e sem forma.<\/p>\n\n\n\n<p>As camadas ajudam a disfar\u00e7ar essa diferen\u00e7a de densidade, criando sensa\u00e7\u00e3o de <b>cheio<\/b> sem depender de muita escova ou produtos. Em cortes m\u00e9dios e longos, o cabelo totalmente reto pode evidenciar ainda mais a perda de volume, enquanto o <strong>corte em camadas para cabelos maduros<\/strong> deixa tudo mais <b>leve<\/b>, solto e f\u00e1cil de arrumar.<\/p>\n\n\n\n<figure class=\"wp-block-embed is-type-rich is-provider-pinterest wp-block-embed-pinterest\"><div class=\"wp-block-embed__wrapper\">\n<iframe loading=\"lazy\" title=\"TOP 10 Cortes de cabelo curto Femininos 2025 Tend\u00eancias Exclusivas +50 anos\" src=\"https:\/\/assets.pinterest.com\/ext\/embed.html?id=347269821287326690&#038;src=oembed\" height=\"716\" width=\"450\" frameborder=\"0\" scrolling=\"no\" ><\/iframe>\n<\/div><\/figure>\n\n\n\n<p>Leia tamb\u00e9m:&nbsp;<a href=\"https:\/\/www.em.com.br\/emfoco\/2026\/02\/27\/adeus-cabelo-ralo-corte-moderno-devolve-volume-e-movimento-aos-fios-finos-apos-os-55\/\" target=\"_blank\" rel=\"noopener\">Adeus cabelo ralo: corte moderno devolve volume e movimento aos fios finos ap\u00f3s os 55<\/a><\/p>\n\n\n\n<h2 class=\"wp-block-heading\">Como o corte em camadas depois dos 50 devolve o movimento aos fios<\/h2>\n\n\n\n<p>O movimento n\u00e3o vem apenas da tesoura, mas de como as camadas s\u00e3o distribu\u00eddas e de como o cabelo cai naturalmente. Em um <b>cabelo reto<\/b> depois dos 50, as pontas formam quase uma linha reta, o que dificulta o balan\u00e7o. Ao criar diferentes comprimentos, as <b>mechas<\/b> se movimentam de forma independente e o visual ganha vida.<\/p>\n\n\n\n<p>Al\u00e9m disso, o corte em camadas reduz o peso nas pontas, d\u00e1 mais fluidez em volta do rosto e distribui melhor o volume. Em cabelos lisos, as camadas podem ser bem discretas, s\u00f3 para tirar o aspecto pesado; em fios ondulados ou levemente cacheados, elas destacam a <b>textura<\/b> natural e diminuem a necessidade de <b>chapinha<\/b> e babyliss.<\/p>\n\n\n\n<figure class=\"wp-block-embed is-type-rich is-provider-pinterest wp-block-embed-pinterest\"><div class=\"wp-block-embed__wrapper\">\n<iframe loading=\"lazy\" title=\" \" src=\"https:\/\/assets.pinterest.com\/ext\/embed.html?id=8373949303263830&#038;src=oembed\" height=\"644\" width=\"450\" frameborder=\"0\" scrolling=\"no\" ><\/iframe>\n<\/div><\/figure>\n\n\n\n<h2 class=\"wp-block-heading\">Quais tipos de corte em camadas funcionam melhor ap\u00f3s os 50 anos<\/h2>\n\n\n\n<p>Existem v\u00e1rias vers\u00f5es de <strong>corte em camadas para mulheres maduras<\/strong>, e cada uma combina com um estilo de vida. Em sal\u00f5es, \u00e9 comum encontrar desde camadas bem suaves at\u00e9 cortes mais modernos, que deixam o visual <b>despojado<\/b> sem perder a <b>eleg\u00e2ncia<\/b>.<\/p>\n\n\n\n<p>Para facilitar a escolha, muitos profissionais consideram fatores como espessura do fio, volume natural, formato do rosto e tempo dispon\u00edvel para cuidar do cabelo. Assim, o <strong>corte em camadas depois dos 50<\/strong> deixa de ser algo gen\u00e9rico e passa a ser totalmente <b>personalizado<\/b>, seja para quem ama cabelo longo ou prefere algo mais curto e pr\u00e1tico.<\/p>\n\n\n\n<p>Para voc\u00ea que gosta de se cuidar, separamos um v\u00eddeo do canal do <a href=\"https:\/\/www.youtube.com\/@eriveltonsena\" target=\"_blank\" rel=\"noreferrer noopener\">Erivelton Sena<\/a> com dicas para fazer o corte de cabelo em camadas e o resultado:<\/p>\n\n\n\n<figure class=\"wp-block-embed is-type-video is-provider-youtube wp-block-embed-youtube wp-embed-aspect-16-9 wp-has-aspect-ratio\"><div class=\"wp-block-embed__wrapper\">\n<div class=\"jeg_video_container jeg_video_content\"><iframe loading=\"lazy\" title=\"CORTE EM CAMADAS- T\u00c9CNICA SIMPLIFICADA\" width=\"500\" height=\"281\" src=\"https:\/\/www.youtube.com\/embed\/0s-JWx55xio?feature=oembed\" frameborder=\"0\" allow=\"accelerometer; autoplay; clipboard-write; encrypted-media; gyroscope; picture-in-picture; web-share\" referrerpolicy=\"strict-origin-when-cross-origin\" allowfullscreen><\/iframe><\/div>\n<\/div><\/figure>\n\n\n\n<h2 class=\"wp-block-heading\">Que tipo de corte em camadas voc\u00ea pode pedir no sal\u00e3o<\/h2>\n\n\n\n<p>Na hora de conversar com o cabeleireiro, ajuda muito chegar com algumas ideias em mente. Abaixo est\u00e3o op\u00e7\u00f5es de cortes em camadas que costumam funcionar bem depois dos 50, especialmente para quem quer <b>movimento<\/b> sem exageros:<\/p>\n\n\n\n<ul class=\"wp-block-list\">\n<li><strong>Camadas longas no cabelo m\u00e9dio ou longo:<\/strong> ideal para manter comprimento com mais <b>bala\u00e7o<\/b> e um visual mais <b>jovial<\/b>.<\/li>\n\n\n\n<li><strong>Long bob com camadas suaves:<\/strong> na altura dos ombros, com pontas levemente desestruturadas, trazendo um ar <b>moderno<\/b> e muito <b>vers\u00e1til<\/b> para o dia a dia.<\/li>\n\n\n\n<li><strong>Camadas ao redor do rosto:<\/strong> \u00f3tima op\u00e7\u00e3o para quem quer mudar pouco, focando s\u00f3 na parte frontal e suavizando tra\u00e7os mais <b>marcantes<\/b>, criando um contorno mais <b>delicado<\/b>.<\/li>\n\n\n\n<li><strong>Shag ou repicado moderno:<\/strong> camadas mais marcadas, com ar jovem e despojado, perfeito para quem gosta de um visual mais <b>atual<\/b> e com bastante <b>personalidade<\/b>.<\/li>\n<\/ul>\n\n\n\n<figure class=\"wp-block-embed is-type-rich is-provider-pinterest wp-block-embed-pinterest\"><div class=\"wp-block-embed__wrapper\">\n<iframe loading=\"lazy\" title=\"28 Timeless Long Layered Haircuts &amp; Hairstyles for Women Over 50\" src=\"https:\/\/assets.pinterest.com\/ext\/embed.html?id=100064422966456881&#038;src=oembed\" height=\"775\" width=\"450\" frameborder=\"0\" scrolling=\"no\" ><\/iframe>\n<\/div><\/figure>\n\n\n\n<h2 class=\"wp-block-heading\">Quais cuidados mant\u00eam o corte em camadas bonito depois dos 50<\/h2>\n\n\n\n<p>Depois de adotar o corte em camadas, a manuten\u00e7\u00e3o \u00e9 essencial para preservar o movimento. Com o passar dos meses, as pontas podem ressecar e as camadas perdem o desenho. Por isso, \u00e9 interessante aparar o cabelo a cada 8 a 12 semanas, dependendo do ritmo de crescimento e do <b>estado<\/b> dos <b>fios<\/b>.<\/p>\n\n\n\n<p>No dia a dia, vale apostar em shampoo e condicionador para cabelos mais finos ou maduros, usar um leave-in leve nas pontas para real\u00e7ar o balan\u00e7o, proteger sempre do calor do secador e, na hora de secar, levantar levemente a raiz em vez de puxar tudo para baixo.<\/p>\n","protected":false},"excerpt":{"rendered":"<p>Voc\u00ea j\u00e1 se olhou no espelho depois dos 50 e sentiu que o cabelo reto parece mais parado, sem gra\u00e7a, como se tivesse \u201cdespencado\u201d? Isso \u00e9 muito comum: os fios ficam mais finos, o frizz aumenta e o comprimento perde balan\u00e7o. Nessa fase, o corte em camadas entra como um grande aliado para devolver leveza, [&hellip;]<\/p>\n","protected":false},"author":9,"featured_media":141369,"comment_status":"open","ping_status":"open","sticky":false,"template":"","format":"standard","meta":{"jnews-multi-image_gallery":[],"jnews_single_post":{"format":"standard"},"jnews_primary_category":[],"jnews_social_meta":[],"jnews_override_counter":[],"footnotes":""},"categories":[8691,8819,1],"tags":[2616,4905,25395],"class_list":["post-175468","post","type-post","status-publish","format-standard","has-post-thumbnail","hentry","category-bem-estar","category-curiosidades","category-noticias","tag-beleza","tag-cabelo","tag-camdas"],"yoast_head":"<!-- This site is optimized with the Yoast SEO plugin v23.8 - https:\/\/yoast.com\/wordpress\/plugins\/seo\/ -->\n<title>Adeus cabelo reto: o corte que devolve movimento e suaviza os tra\u00e7os depois dos 50 - Estado de Minas - Em foco<\/title>\n<meta name=\"description\" content=\"D\u00ea vida nova aos seus fios! Descubra como o corte em camadas depois dos 50 traz movimento, volume e eleg\u00e2ncia\" \/>\n<meta name=\"robots\" content=\"index, follow, max-snippet:-1, max-image-preview:large, max-video-preview:-1\" \/>\n<link rel=\"canonical\" href=\"https:\/\/www.em.com.br\/emfoco\/2026\/02\/28\/adeus-cabelo-reto-o-corte-que-devolve-movimento-e-suaviza-os-tracos-depois-dos-50\/\" \/>\n<meta property=\"og:locale\" content=\"pt_BR\" \/>\n<meta property=\"og:type\" content=\"article\" \/>\n<meta property=\"og:title\" content=\"Adeus cabelo reto: o corte que devolve movimento e suaviza os tra\u00e7os depois dos 50 - Estado de Minas - Em foco\" \/>\n<meta property=\"og:description\" content=\"D\u00ea vida nova aos seus fios! Descubra como o corte em camadas depois dos 50 traz movimento, volume e eleg\u00e2ncia\" \/>\n<meta property=\"og:url\" content=\"https:\/\/www.em.com.br\/emfoco\/2026\/02\/28\/adeus-cabelo-reto-o-corte-que-devolve-movimento-e-suaviza-os-tracos-depois-dos-50\/\" \/>\n<meta property=\"og:site_name\" content=\"Estado de Minas - Em foco\" \/>\n<meta property=\"article:published_time\" content=\"2026-02-28T15:55:52+00:00\" \/>\n<meta property=\"article:modified_time\" content=\"2026-02-27T23:12:29+00:00\" \/>\n<meta property=\"og:image\" content=\"https:\/\/www.em.com.br\/emfoco\/wp-content\/uploads\/2025\/12\/Gemini_Generated_Image_uqtdkkuqtdkkuqtd-1.png\" \/>\n\t<meta property=\"og:image:width\" content=\"1280\" \/>\n\t<meta property=\"og:image:height\" content=\"720\" \/>\n\t<meta property=\"og:image:type\" content=\"image\/png\" \/>\n<meta name=\"author\" content=\"Daniely Cardoso\" \/>\n<meta name=\"twitter:card\" content=\"summary_large_image\" \/>\n<meta name=\"twitter:label1\" content=\"Escrito por\" \/>\n\t<meta name=\"twitter:data1\" content=\"Daniely Cardoso\" \/>\n\t<meta name=\"twitter:label2\" content=\"Est. tempo de leitura\" \/>\n\t<meta name=\"twitter:data2\" content=\"5 minutos\" \/>\n<!-- \/ Yoast SEO plugin. -->","yoast_head_json":{"title":"Adeus cabelo reto: o corte que devolve movimento e suaviza os tra\u00e7os depois dos 50 - Estado de Minas - Em foco","description":"D\u00ea vida nova aos seus fios! Descubra como o corte em camadas depois dos 50 traz movimento, volume e eleg\u00e2ncia","robots":{"index":"index","follow":"follow","max-snippet":"max-snippet:-1","max-image-preview":"max-image-preview:large","max-video-preview":"max-video-preview:-1"},"canonical":"https:\/\/www.em.com.br\/emfoco\/2026\/02\/28\/adeus-cabelo-reto-o-corte-que-devolve-movimento-e-suaviza-os-tracos-depois-dos-50\/","og_locale":"pt_BR","og_type":"article","og_title":"Adeus cabelo reto: o corte que devolve movimento e suaviza os tra\u00e7os depois dos 50 - Estado de Minas - Em foco","og_description":"D\u00ea vida nova aos seus fios! Descubra como o corte em camadas depois dos 50 traz movimento, volume e eleg\u00e2ncia","og_url":"https:\/\/www.em.com.br\/emfoco\/2026\/02\/28\/adeus-cabelo-reto-o-corte-que-devolve-movimento-e-suaviza-os-tracos-depois-dos-50\/","og_site_name":"Estado de Minas - Em foco","article_published_time":"2026-02-28T15:55:52+00:00","article_modified_time":"2026-02-27T23:12:29+00:00","og_image":[{"width":1280,"height":720,"url":"https:\/\/www.em.com.br\/emfoco\/wp-content\/uploads\/2025\/12\/Gemini_Generated_Image_uqtdkkuqtdkkuqtd-1.png","type":"image\/png"}],"author":"Daniely Cardoso","twitter_card":"summary_large_image","twitter_misc":{"Escrito por":"Daniely Cardoso","Est. tempo de leitura":"5 minutos"},"schema":{"@context":"https:\/\/schema.org","@graph":[{"@type":"WebPage","@id":"https:\/\/www.em.com.br\/emfoco\/2026\/02\/28\/adeus-cabelo-reto-o-corte-que-devolve-movimento-e-suaviza-os-tracos-depois-dos-50\/","url":"https:\/\/www.em.com.br\/emfoco\/2026\/02\/28\/adeus-cabelo-reto-o-corte-que-devolve-movimento-e-suaviza-os-tracos-depois-dos-50\/","name":"Adeus cabelo reto: o corte que devolve movimento e suaviza os tra\u00e7os depois dos 50 - Estado de Minas - Em foco","isPartOf":{"@id":"https:\/\/www.em.com.br\/emfoco\/#website"},"primaryImageOfPage":{"@id":"https:\/\/www.em.com.br\/emfoco\/2026\/02\/28\/adeus-cabelo-reto-o-corte-que-devolve-movimento-e-suaviza-os-tracos-depois-dos-50\/#primaryimage"},"image":{"@id":"https:\/\/www.em.com.br\/emfoco\/2026\/02\/28\/adeus-cabelo-reto-o-corte-que-devolve-movimento-e-suaviza-os-tracos-depois-dos-50\/#primaryimage"},"thumbnailUrl":"https:\/\/www.em.com.br\/emfoco\/wp-content\/uploads\/2025\/12\/Gemini_Generated_Image_uqtdkkuqtdkkuqtd-1.png","datePublished":"2026-02-28T15:55:52+00:00","dateModified":"2026-02-27T23:12:29+00:00","author":{"@id":"https:\/\/www.em.com.br\/emfoco\/#\/schema\/person\/0a8186d72f2c3a5c6276d90b41f271a0"},"description":"D\u00ea vida nova aos seus fios! Descubra como o corte em camadas depois dos 50 traz movimento, volume e eleg\u00e2ncia","breadcrumb":{"@id":"https:\/\/www.em.com.br\/emfoco\/2026\/02\/28\/adeus-cabelo-reto-o-corte-que-devolve-movimento-e-suaviza-os-tracos-depois-dos-50\/#breadcrumb"},"inLanguage":"pt-BR","potentialAction":[{"@type":"ReadAction","target":["https:\/\/www.em.com.br\/emfoco\/2026\/02\/28\/adeus-cabelo-reto-o-corte-que-devolve-movimento-e-suaviza-os-tracos-depois-dos-50\/"]}]},{"@type":"ImageObject","inLanguage":"pt-BR","@id":"https:\/\/www.em.com.br\/emfoco\/2026\/02\/28\/adeus-cabelo-reto-o-corte-que-devolve-movimento-e-suaviza-os-tracos-depois-dos-50\/#primaryimage","url":"https:\/\/www.em.com.br\/emfoco\/wp-content\/uploads\/2025\/12\/Gemini_Generated_Image_uqtdkkuqtdkkuqtd-1.png","contentUrl":"https:\/\/www.em.com.br\/emfoco\/wp-content\/uploads\/2025\/12\/Gemini_Generated_Image_uqtdkkuqtdkkuqtd-1.png","width":1280,"height":720,"caption":"Depois dos 45 anos, o cabelo costuma mudar de espessura e textura, ficando mais fino ou com mais ondula\u00e7\u00e3o"},{"@type":"BreadcrumbList","@id":"https:\/\/www.em.com.br\/emfoco\/2026\/02\/28\/adeus-cabelo-reto-o-corte-que-devolve-movimento-e-suaviza-os-tracos-depois-dos-50\/#breadcrumb","itemListElement":[{"@type":"ListItem","position":1,"name":"In\u00edcio","item":"https:\/\/www.em.com.br\/emfoco\/"},{"@type":"ListItem","position":2,"name":"Adeus cabelo reto: o corte que devolve movimento e suaviza os tra\u00e7os depois dos 50"}]},{"@type":"WebSite","@id":"https:\/\/www.em.com.br\/emfoco\/#website","url":"https:\/\/www.em.com.br\/emfoco\/","name":"Estado de Minas - Em foco","description":"Acompanhe as \u00faltimas not\u00edcias e fique bem informado sobre tudo o que acontece em Minas Gerais, Brasil e no mundo.","potentialAction":[{"@type":"SearchAction","target":{"@type":"EntryPoint","urlTemplate":"https:\/\/www.em.com.br\/emfoco\/?s={search_term_string}"},"query-input":{"@type":"PropertyValueSpecification","valueRequired":true,"valueName":"search_term_string"}}],"inLanguage":"pt-BR"},{"@type":"Person","@id":"https:\/\/www.em.com.br\/emfoco\/#\/schema\/person\/0a8186d72f2c3a5c6276d90b41f271a0","name":"Daniely Cardoso","image":{"@type":"ImageObject","inLanguage":"pt-BR","@id":"https:\/\/www.em.com.br\/emfoco\/#\/schema\/person\/image\/","url":"https:\/\/secure.gravatar.com\/avatar\/4b80ddbd124d1f071b626d52d62e5dff?s=96&d=mm&r=g","contentUrl":"https:\/\/secure.gravatar.com\/avatar\/4b80ddbd124d1f071b626d52d62e5dff?s=96&d=mm&r=g","caption":"Daniely Cardoso"},"url":"https:\/\/www.em.com.br\/emfoco\/author\/danielymyth\/"}]}},"_links":{"self":[{"href":"https:\/\/www.em.com.br\/emfoco\/wp-json\/wp\/v2\/posts\/175468","targetHints":{"allow":["GET"]}}],"collection":[{"href":"https:\/\/www.em.com.br\/emfoco\/wp-json\/wp\/v2\/posts"}],"about":[{"href":"https:\/\/www.em.com.br\/emfoco\/wp-json\/wp\/v2\/types\/post"}],"author":[{"embeddable":true,"href":"https:\/\/www.em.com.br\/emfoco\/wp-json\/wp\/v2\/users\/9"}],"replies":[{"embeddable":true,"href":"https:\/\/www.em.com.br\/emfoco\/wp-json\/wp\/v2\/comments?post=175468"}],"version-history":[{"count":3,"href":"https:\/\/www.em.com.br\/emfoco\/wp-json\/wp\/v2\/posts\/175468\/revisions"}],"predecessor-version":[{"id":175513,"href":"https:\/\/www.em.com.br\/emfoco\/wp-json\/wp\/v2\/posts\/175468\/revisions\/175513"}],"wp:featuredmedia":[{"embeddable":true,"href":"https:\/\/www.em.com.br\/emfoco\/wp-json\/wp\/v2\/media\/141369"}],"wp:attachment":[{"href":"https:\/\/www.em.com.br\/emfoco\/wp-json\/wp\/v2\/media?parent=175468"}],"wp:term":[{"taxonomy":"category","embeddable":true,"href":"https:\/\/www.em.com.br\/emfoco\/wp-json\/wp\/v2\/categories?post=175468"},{"taxonomy":"post_tag","embeddable":true,"href":"https:\/\/www.em.com.br\/emfoco\/wp-json\/wp\/v2\/tags?post=175468"}],"curies":[{"name":"wp","href":"https:\/\/api.w.org\/{rel}","templated":true}]}}