{"id":17546,"date":"2025-02-15T22:20:00","date_gmt":"2025-02-16T01:20:00","guid":{"rendered":"https:\/\/www.em.com.br\/emfoco\/?p=17546"},"modified":"2025-02-14T16:08:26","modified_gmt":"2025-02-14T19:08:26","slug":"alphabet-libera-inteligencia-artificial-para-uso-militar-e-governamental","status":"publish","type":"post","link":"https:\/\/www.em.com.br\/emfoco\/2025\/02\/15\/alphabet-libera-inteligencia-artificial-para-uso-militar-e-governamental\/","title":{"rendered":"Alphabet libera intelig\u00eancia artificial para uso militar e governamental"},"content":{"rendered":"\n<p>A <strong>Alphabet<\/strong>, empresa controladora do <strong><a href=\"https:\/\/www.google.com.br\/?hl=pt-BR\" target=\"_blank\" rel=\"noreferrer noopener\">Google<\/a><\/strong>, anunciou recentemente uma mudan\u00e7a significativa em sua pol\u00edtica de uso de <strong><a href=\"https:\/\/www.em.com.br\/emfoco\/2025\/01\/13\/uma-parceria-que-transforma-o-futuro-da-inteligencia-artificial\/\" target=\"_blank\" rel=\"noreferrer noopener\">intelig\u00eancia artificial<\/a><\/strong> (IA). A partir de agora, a empresa permitir\u00e1 que suas tecnologias de IA sejam utilizadas em pesquisas com fins militares. Essa decis\u00e3o marca uma reviravolta em rela\u00e7\u00e3o \u00e0 diretriz adotada em 2018, que proibia o uso militar de suas inova\u00e7\u00f5es em IA.<\/p>\n\n\n\n<p>Essa mudan\u00e7a ocorre em um contexto geopol\u00edtico cada vez mais complexo, onde a lideran\u00e7a no desenvolvimento de intelig\u00eancia artificial \u00e9 vista como crucial. A Alphabet destaca que as democracias devem liderar esse desenvolvimento, guiadas por valores como liberdade, equidade e respeito aos direitos humanos. A empresa acredita que organiza\u00e7\u00f5es que compartilham esses valores devem colaborar para proteger as pessoas e apoiar a seguran\u00e7a nacional.<\/p>\n\n\n\n<h2 class=\"wp-block-heading\">Por que a Alphabet mudou sua pol\u00edtica?<\/h2>\n\n\n\n<p>Em 2018, a Alphabet enfrentou protestos internos quando funcion\u00e1rios se opuseram ao uso de IA para fins militares. Na \u00e9poca, a empresa decidiu rescindir um contrato com o <strong>Departamento de Defesa dos Estados Unidos<\/strong>. No entanto, o cen\u00e1rio atual, caracterizado por uma competi\u00e7\u00e3o acirrada na lideran\u00e7a da IA, levou a empresa a reconsiderar sua posi\u00e7\u00e3o.<\/p>\n\n\n\n<p>O comunicado da Alphabet n\u00e3o menciona diretamente o uso de armas, mas enfatiza a import\u00e2ncia de liderar o desenvolvimento de IA em um mundo onde a seguran\u00e7a nacional e o crescimento global s\u00e3o prioridades. Essa decis\u00e3o reflete uma estrat\u00e9gia de adapta\u00e7\u00e3o \u00e0s novas demandas e desafios do cen\u00e1rio internacional.<\/p>\n\n\n\n<figure class=\"wp-block-image size-large\"><img loading=\"lazy\" decoding=\"async\" width=\"1024\" height=\"576\" src=\"https:\/\/www.em.com.br\/emfoco\/wp-content\/uploads\/2025\/02\/militar_1738926685645-1024x576.jpg\" alt=\"\" class=\"wp-image-17551\" srcset=\"https:\/\/www.em.com.br\/emfoco\/wp-content\/uploads\/2025\/02\/militar_1738926685645-1024x576.jpg 1024w, https:\/\/www.em.com.br\/emfoco\/wp-content\/uploads\/2025\/02\/militar_1738926685645-300x169.jpg 300w, https:\/\/www.em.com.br\/emfoco\/wp-content\/uploads\/2025\/02\/militar_1738926685645-768x432.jpg 768w, https:\/\/www.em.com.br\/emfoco\/wp-content\/uploads\/2025\/02\/militar_1738926685645-750x422.jpg 750w, https:\/\/www.em.com.br\/emfoco\/wp-content\/uploads\/2025\/02\/militar_1738926685645-1140x641.jpg 1140w, https:\/\/www.em.com.br\/emfoco\/wp-content\/uploads\/2025\/02\/militar_1738926685645.jpg 1280w\" sizes=\"auto, (max-width: 1024px) 100vw, 1024px\" \/><figcaption class=\"wp-element-caption\">Militares &#8211; Cr\u00e9ditos: depositphotos.com \/ zabelin<\/figcaption><\/figure>\n\n\n\n<h2 class=\"wp-block-heading\">Como a IA est\u00e1 sendo utilizada em contextos militares?<\/h2>\n\n\n\n<p>Relat\u00f3rios recentes indicam que a Alphabet j\u00e1 teria utilizado suas tecnologias de IA em contextos militares. Segundo o jornal <strong>The Washington Post<\/strong>, documentos internos revelaram que a empresa colaborou com Israel no combate ao Hamas, fornecendo acesso a programas de IA para an\u00e1lise de documentos e grava\u00e7\u00f5es de \u00e1udio. Essa parceria, no entanto, n\u00e3o foi confirmada oficialmente pelas for\u00e7as israelenses ou pela Alphabet.<\/p>\n\n\n\n<p>O programa chamado <strong>Vertex<\/strong>, mencionado nos relat\u00f3rios, teria sido utilizado para acelerar a an\u00e1lise de informa\u00e7\u00f5es obtidas pelos servi\u00e7os de intelig\u00eancia israelenses. Essa aplica\u00e7\u00e3o demonstra o potencial da IA em opera\u00e7\u00f5es de seguran\u00e7a e intelig\u00eancia, destacando sua relev\u00e2ncia em contextos militares.<\/p>\n\n\n\n<h2 class=\"wp-block-heading\">Quais s\u00e3o as implica\u00e7\u00f5es dessa decis\u00e3o?<\/h2>\n\n\n\n<p>A decis\u00e3o da Alphabet de permitir o uso de IA para fins militares levanta uma s\u00e9rie de quest\u00f5es \u00e9ticas e pol\u00edticas. Por um lado, h\u00e1 preocupa\u00e7\u00f5es sobre o impacto do uso militar da IA nos direitos humanos e na seguran\u00e7a global. Por outro lado, a empresa argumenta que a lideran\u00e7a democr\u00e1tica no desenvolvimento de IA \u00e9 essencial para garantir que essas tecnologias sejam utilizadas de maneira respons\u00e1vel.<\/p>\n\n\n\n<p>Al\u00e9m disso, essa mudan\u00e7a pode influenciar outras empresas de tecnologia a reconsiderarem suas pol\u00edticas em rela\u00e7\u00e3o ao uso militar de suas inova\u00e7\u00f5es. A competi\u00e7\u00e3o pela lideran\u00e7a em IA pode levar a um aumento na colabora\u00e7\u00e3o entre empresas e governos, com o objetivo de fortalecer a seguran\u00e7a nacional e promover o crescimento econ\u00f4mico.<\/p>\n\n\n\n<h2 class=\"wp-block-heading\">O que o futuro reserva para a IA em contextos militares?<\/h2>\n\n\n\n<p>O uso de intelig\u00eancia artificial em contextos militares est\u00e1 se tornando cada vez mais comum, e a decis\u00e3o da Alphabet reflete essa tend\u00eancia. \u00c0 medida que a tecnologia avan\u00e7a, \u00e9 prov\u00e1vel que vejamos um aumento na integra\u00e7\u00e3o de IA em opera\u00e7\u00f5es de seguran\u00e7a e defesa. No entanto, \u00e9 crucial que essas inova\u00e7\u00f5es sejam guiadas por princ\u00edpios \u00e9ticos e valores fundamentais, para garantir que sejam utilizadas de maneira respons\u00e1vel e segura.<\/p>\n\n\n\n<p>O futuro da IA em contextos militares depender\u00e1 de como as empresas e governos equilibram a necessidade de seguran\u00e7a com a prote\u00e7\u00e3o dos direitos humanos e a promo\u00e7\u00e3o da paz global. A lideran\u00e7a no desenvolvimento de IA pode ser uma ferramenta poderosa para alcan\u00e7ar esses objetivos, desde que seja utilizada com responsabilidade e transpar\u00eancia.<\/p>\n","protected":false},"excerpt":{"rendered":"<p>A Alphabet, empresa controladora do Google, anunciou recentemente uma mudan\u00e7a significativa em sua pol\u00edtica de uso de intelig\u00eancia artificial (IA). A partir de agora, a empresa permitir\u00e1 que suas tecnologias de IA sejam utilizadas em pesquisas com fins militares. Essa decis\u00e3o marca uma reviravolta em rela\u00e7\u00e3o \u00e0 diretriz adotada em 2018, que proibia o uso [&hellip;]<\/p>\n","protected":false},"author":5,"featured_media":17550,"comment_status":"open","ping_status":"open","sticky":false,"template":"","format":"standard","meta":{"jnews-multi-image_gallery":[],"jnews_single_post":{"format":"standard"},"jnews_primary_category":[],"jnews_social_meta":[],"jnews_override_counter":[],"footnotes":""},"categories":[138,1,4204],"tags":[1249,1011,182],"class_list":["post-17546","post","type-post","status-publish","format-standard","has-post-thumbnail","hentry","category-mundo","category-noticias","category-tecnologia","tag-inteligencia-artificial","tag-militares","tag-seguranca"],"yoast_head":"<!-- This site is optimized with the Yoast SEO plugin v23.8 - https:\/\/yoast.com\/wordpress\/plugins\/seo\/ -->\n<title>Alphabet libera intelig\u00eancia artificial para uso militar e governamental - Estado de Minas - Em foco<\/title>\n<meta name=\"description\" content=\"Uso militar da IA ganha for\u00e7a e Google estaria envolvido! Veja como a Alphabet mudou sua pol\u00edtica e quais s\u00e3o as consequ\u00eancias!\" \/>\n<meta name=\"robots\" content=\"index, follow, max-snippet:-1, max-image-preview:large, max-video-preview:-1\" \/>\n<link rel=\"canonical\" href=\"https:\/\/www.em.com.br\/emfoco\/2025\/02\/15\/alphabet-libera-inteligencia-artificial-para-uso-militar-e-governamental\/\" \/>\n<meta property=\"og:locale\" content=\"pt_BR\" \/>\n<meta property=\"og:type\" content=\"article\" \/>\n<meta property=\"og:title\" content=\"Alphabet libera intelig\u00eancia artificial para uso militar e governamental - Estado de Minas - Em foco\" \/>\n<meta property=\"og:description\" content=\"Uso militar da IA ganha for\u00e7a e Google estaria envolvido! Veja como a Alphabet mudou sua pol\u00edtica e quais s\u00e3o as consequ\u00eancias!\" \/>\n<meta property=\"og:url\" content=\"https:\/\/www.em.com.br\/emfoco\/2025\/02\/15\/alphabet-libera-inteligencia-artificial-para-uso-militar-e-governamental\/\" \/>\n<meta property=\"og:site_name\" content=\"Estado de Minas - Em foco\" \/>\n<meta property=\"article:published_time\" content=\"2025-02-16T01:20:00+00:00\" \/>\n<meta property=\"article:modified_time\" content=\"2025-02-14T19:08:26+00:00\" \/>\n<meta property=\"og:image\" content=\"https:\/\/www.em.com.br\/emfoco\/wp-content\/uploads\/2025\/02\/militar_1738926628465.jpg\" \/>\n\t<meta property=\"og:image:width\" content=\"1280\" \/>\n\t<meta property=\"og:image:height\" content=\"720\" \/>\n\t<meta property=\"og:image:type\" content=\"image\/jpeg\" \/>\n<meta name=\"author\" content=\"N\u00fabia Rangel\" \/>\n<meta name=\"twitter:card\" content=\"summary_large_image\" \/>\n<meta name=\"twitter:label1\" content=\"Escrito por\" \/>\n\t<meta name=\"twitter:data1\" content=\"N\u00fabia Rangel\" \/>\n\t<meta name=\"twitter:label2\" content=\"Est. tempo de leitura\" \/>\n\t<meta name=\"twitter:data2\" content=\"4 minutos\" \/>\n<!-- \/ Yoast SEO plugin. -->","yoast_head_json":{"title":"Alphabet libera intelig\u00eancia artificial para uso militar e governamental - Estado de Minas - Em foco","description":"Uso militar da IA ganha for\u00e7a e Google estaria envolvido! Veja como a Alphabet mudou sua pol\u00edtica e quais s\u00e3o as consequ\u00eancias!","robots":{"index":"index","follow":"follow","max-snippet":"max-snippet:-1","max-image-preview":"max-image-preview:large","max-video-preview":"max-video-preview:-1"},"canonical":"https:\/\/www.em.com.br\/emfoco\/2025\/02\/15\/alphabet-libera-inteligencia-artificial-para-uso-militar-e-governamental\/","og_locale":"pt_BR","og_type":"article","og_title":"Alphabet libera intelig\u00eancia artificial para uso militar e governamental - Estado de Minas - Em foco","og_description":"Uso militar da IA ganha for\u00e7a e Google estaria envolvido! Veja como a Alphabet mudou sua pol\u00edtica e quais s\u00e3o as consequ\u00eancias!","og_url":"https:\/\/www.em.com.br\/emfoco\/2025\/02\/15\/alphabet-libera-inteligencia-artificial-para-uso-militar-e-governamental\/","og_site_name":"Estado de Minas - Em foco","article_published_time":"2025-02-16T01:20:00+00:00","article_modified_time":"2025-02-14T19:08:26+00:00","og_image":[{"width":1280,"height":720,"url":"https:\/\/www.em.com.br\/emfoco\/wp-content\/uploads\/2025\/02\/militar_1738926628465.jpg","type":"image\/jpeg"}],"author":"N\u00fabia Rangel","twitter_card":"summary_large_image","twitter_misc":{"Escrito por":"N\u00fabia Rangel","Est. tempo de leitura":"4 minutos"},"schema":{"@context":"https:\/\/schema.org","@graph":[{"@type":"WebPage","@id":"https:\/\/www.em.com.br\/emfoco\/2025\/02\/15\/alphabet-libera-inteligencia-artificial-para-uso-militar-e-governamental\/","url":"https:\/\/www.em.com.br\/emfoco\/2025\/02\/15\/alphabet-libera-inteligencia-artificial-para-uso-militar-e-governamental\/","name":"Alphabet libera intelig\u00eancia artificial para uso militar e governamental - Estado de Minas - Em foco","isPartOf":{"@id":"https:\/\/www.em.com.br\/emfoco\/#website"},"primaryImageOfPage":{"@id":"https:\/\/www.em.com.br\/emfoco\/2025\/02\/15\/alphabet-libera-inteligencia-artificial-para-uso-militar-e-governamental\/#primaryimage"},"image":{"@id":"https:\/\/www.em.com.br\/emfoco\/2025\/02\/15\/alphabet-libera-inteligencia-artificial-para-uso-militar-e-governamental\/#primaryimage"},"thumbnailUrl":"https:\/\/www.em.com.br\/emfoco\/wp-content\/uploads\/2025\/02\/militar_1738926628465.jpg","datePublished":"2025-02-16T01:20:00+00:00","dateModified":"2025-02-14T19:08:26+00:00","author":{"@id":"https:\/\/www.em.com.br\/emfoco\/#\/schema\/person\/524437ef54f8a5d32591b143307f2e20"},"description":"Uso militar da IA ganha for\u00e7a e Google estaria envolvido! Veja como a Alphabet mudou sua pol\u00edtica e quais s\u00e3o as consequ\u00eancias!","breadcrumb":{"@id":"https:\/\/www.em.com.br\/emfoco\/2025\/02\/15\/alphabet-libera-inteligencia-artificial-para-uso-militar-e-governamental\/#breadcrumb"},"inLanguage":"pt-BR","potentialAction":[{"@type":"ReadAction","target":["https:\/\/www.em.com.br\/emfoco\/2025\/02\/15\/alphabet-libera-inteligencia-artificial-para-uso-militar-e-governamental\/"]}]},{"@type":"ImageObject","inLanguage":"pt-BR","@id":"https:\/\/www.em.com.br\/emfoco\/2025\/02\/15\/alphabet-libera-inteligencia-artificial-para-uso-militar-e-governamental\/#primaryimage","url":"https:\/\/www.em.com.br\/emfoco\/wp-content\/uploads\/2025\/02\/militar_1738926628465.jpg","contentUrl":"https:\/\/www.em.com.br\/emfoco\/wp-content\/uploads\/2025\/02\/militar_1738926628465.jpg","width":1280,"height":720,"caption":"MIlitar com computador - Cr\u00e9ditos: depositphotos.com \/ EdZbarzhyvetsky"},{"@type":"BreadcrumbList","@id":"https:\/\/www.em.com.br\/emfoco\/2025\/02\/15\/alphabet-libera-inteligencia-artificial-para-uso-militar-e-governamental\/#breadcrumb","itemListElement":[{"@type":"ListItem","position":1,"name":"In\u00edcio","item":"https:\/\/www.em.com.br\/emfoco\/"},{"@type":"ListItem","position":2,"name":"Alphabet libera intelig\u00eancia artificial para uso militar e governamental"}]},{"@type":"WebSite","@id":"https:\/\/www.em.com.br\/emfoco\/#website","url":"https:\/\/www.em.com.br\/emfoco\/","name":"Estado de Minas - Em foco","description":"Acompanhe as \u00faltimas not\u00edcias e fique bem informado sobre tudo o que acontece em Minas Gerais, Brasil e no mundo.","potentialAction":[{"@type":"SearchAction","target":{"@type":"EntryPoint","urlTemplate":"https:\/\/www.em.com.br\/emfoco\/?s={search_term_string}"},"query-input":{"@type":"PropertyValueSpecification","valueRequired":true,"valueName":"search_term_string"}}],"inLanguage":"pt-BR"},{"@type":"Person","@id":"https:\/\/www.em.com.br\/emfoco\/#\/schema\/person\/524437ef54f8a5d32591b143307f2e20","name":"N\u00fabia Rangel","image":{"@type":"ImageObject","inLanguage":"pt-BR","@id":"https:\/\/www.em.com.br\/emfoco\/#\/schema\/person\/image\/","url":"https:\/\/secure.gravatar.com\/avatar\/47cff2827a5ba23c37e8068c86817ea4?s=96&d=mm&r=g","contentUrl":"https:\/\/secure.gravatar.com\/avatar\/47cff2827a5ba23c37e8068c86817ea4?s=96&d=mm&r=g","caption":"N\u00fabia Rangel"},"sameAs":["https:\/\/www.em.com.br\/emfoco\/"],"url":"https:\/\/www.em.com.br\/emfoco\/author\/nubiamyth\/"}]}},"_links":{"self":[{"href":"https:\/\/www.em.com.br\/emfoco\/wp-json\/wp\/v2\/posts\/17546","targetHints":{"allow":["GET"]}}],"collection":[{"href":"https:\/\/www.em.com.br\/emfoco\/wp-json\/wp\/v2\/posts"}],"about":[{"href":"https:\/\/www.em.com.br\/emfoco\/wp-json\/wp\/v2\/types\/post"}],"author":[{"embeddable":true,"href":"https:\/\/www.em.com.br\/emfoco\/wp-json\/wp\/v2\/users\/5"}],"replies":[{"embeddable":true,"href":"https:\/\/www.em.com.br\/emfoco\/wp-json\/wp\/v2\/comments?post=17546"}],"version-history":[{"count":2,"href":"https:\/\/www.em.com.br\/emfoco\/wp-json\/wp\/v2\/posts\/17546\/revisions"}],"predecessor-version":[{"id":17553,"href":"https:\/\/www.em.com.br\/emfoco\/wp-json\/wp\/v2\/posts\/17546\/revisions\/17553"}],"wp:featuredmedia":[{"embeddable":true,"href":"https:\/\/www.em.com.br\/emfoco\/wp-json\/wp\/v2\/media\/17550"}],"wp:attachment":[{"href":"https:\/\/www.em.com.br\/emfoco\/wp-json\/wp\/v2\/media?parent=17546"}],"wp:term":[{"taxonomy":"category","embeddable":true,"href":"https:\/\/www.em.com.br\/emfoco\/wp-json\/wp\/v2\/categories?post=17546"},{"taxonomy":"post_tag","embeddable":true,"href":"https:\/\/www.em.com.br\/emfoco\/wp-json\/wp\/v2\/tags?post=17546"}],"curies":[{"name":"wp","href":"https:\/\/api.w.org\/{rel}","templated":true}]}}