{"id":175374,"date":"2026-02-28T19:25:00","date_gmt":"2026-02-28T22:25:00","guid":{"rendered":"https:\/\/www.em.com.br\/emfoco\/?p=175374"},"modified":"2026-02-27T23:19:39","modified_gmt":"2026-02-28T02:19:39","slug":"nao-seja-pego-de-surpresa-confira-quando-acontece-a-mudanca-de-horario-em-2026","status":"publish","type":"post","link":"https:\/\/www.em.com.br\/emfoco\/2026\/02\/28\/nao-seja-pego-de-surpresa-confira-quando-acontece-a-mudanca-de-horario-em-2026\/","title":{"rendered":"N\u00e3o seja pego de surpresa: confira quando acontece a mudan\u00e7a de hor\u00e1rio em 2026"},"content":{"rendered":"\n<p>O debate sobre a&nbsp;<strong>mudan\u00e7a de hora no Chile<\/strong>&nbsp;volta \u00e0 pauta sempre que o ver\u00e3o se aproxima do fim, levantando d\u00favidas sobre datas, diferen\u00e7as regionais e at\u00e9 quando o ajuste de rel\u00f3gios seguir\u00e1 obrigat\u00f3rio. A quest\u00e3o envolve decis\u00f5es governamentais, rotinas de trabalho e estudo, comunica\u00e7\u00e3o com outros pa\u00edses e at\u00e9 sa\u00fade f\u00edsica e mental, o que mant\u00e9m o tema vivo no dia a dia da popula\u00e7\u00e3o.<\/p>\n\n\n\n<h2 class=\"wp-block-heading\">At\u00e9 quando ser\u00e1 feita a mudan\u00e7a de hora no Chile<\/h2>\n\n\n\n<p>A pergunta&nbsp;<strong>\u201cAt\u00e9 quando ser\u00e1 necess\u00e1rio realizar a mudan\u00e7a de hora?\u201d<\/strong>&nbsp;ganhou for\u00e7a porque o atual regime tem data-limite definida em decreto. O texto prev\u00ea ajustes formais de fuso hor\u00e1rio at\u00e9 o in\u00edcio de 2026, com as transi\u00e7\u00f5es de outono e primavera ainda mantidas.<\/p>\n\n\n\n<p>Depois desse per\u00edodo, caber\u00e1 ao governo decidir se a\u00a0<a href=\"https:\/\/www.em.com.br\/emfoco\/2026\/02\/19\/a-mudanca-de-horario-esta-chegando-veja-a-data-como-ajustar-o-relogio-e-o-que-muda-na-rotina-dos-brasileiros\/\" target=\"_blank\" rel=\"noreferrer noopener\">mudan\u00e7a de hor\u00e1rio<\/a>\u00a0continuar\u00e1 duas vezes ao ano, se haver\u00e1 um hor\u00e1rio fixo ou um modelo h\u00edbrido. At\u00e9 que uma nova norma seja publicada, segue valendo o calend\u00e1rio oficial com altera\u00e7\u00f5es programadas em abril e setembro.<\/p>\n\n\n\n<figure class=\"wp-block-image\"><img decoding=\"async\" src=\"https:\/\/www.em.com.br\/emfoco\/wp-content\/uploads\/2025\/09\/fuso-horario_1756843129680-1024x576.jpg\" alt=\"\"\/><figcaption class=\"wp-element-caption\">Mudan\u00e7a de fuso hor\u00e1rio &#8211; Cr\u00e9ditos: depositphotos.com \/ Steklo_KRD<\/figcaption><\/figure>\n\n\n\n<h2 class=\"wp-block-heading\">Como ficar\u00e1 a diferen\u00e7a entre Chile e Brasil at\u00e9 2026<\/h2>\n\n\n\n<p>Para 2026, n\u00e3o haver\u00e1 mudan\u00e7a de hor\u00e1rio no <strong>Brasil<\/strong>, j\u00e1 que o governo federal decidiu manter suspenso o hor\u00e1rio de ver\u00e3o desde 2019. Estudos do <strong>Minist\u00e9rio de Minas e Energia<\/strong> indicam que o adiantamento dos rel\u00f3gios n\u00e3o gera mais economia de energia significativa.<\/p>\n\n\n\n<p>Na pr\u00e1tica, o Brasil opera com hor\u00e1rio fixo ao longo do ano, enquanto o Chile mant\u00e9m o esquema de mudan\u00e7a de hora em abril e setembro. Essa assimetria torna o planejamento entre os dois pa\u00edses ainda mais importante para quem viaja, trabalha remoto ou mant\u00e9m neg\u00f3cios.<\/p>\n\n\n\n<h2 class=\"wp-block-heading\">Como a mudan\u00e7a de hora no Chile afeta o dia a dia em 2026<\/h2>\n\n\n\n<p>A mudan\u00e7a de hor\u00e1rio impacta diretamente quem vive no pa\u00eds e precisa se comunicar com o Brasil, pois as janelas de contato e o fuso variam ao longo do ano. Diferente do Brasil, o Chile altera os rel\u00f3gios duas vezes ao ano, afetando reuni\u00f5es, prazos e organiza\u00e7\u00e3o dom\u00e9stica.<\/p>\n\n\n\n<p>Em 2026, considerando a refer\u00eancia do hor\u00e1rio de <strong>Bras\u00edlia <\/strong>(UTC-3), o calend\u00e1rio previsto de mudan\u00e7as no Chile ser\u00e1:<\/p>\n\n\n\n<ul class=\"wp-block-list\">\n<li><strong>5 de abril (domingo) \u2013 In\u00edcio do hor\u00e1rio de inverno<\/strong>: \u00e0 meia-noite, os rel\u00f3gios no Chile continental que seguem o regime principal atrasam 1 hora, passando para UTC-4. Impacto: o Chile fica 1 hora atr\u00e1s de Bras\u00edlia; se forem 10h em S\u00e3o Paulo, ser\u00e3o 9h em Santiago.<\/li>\n\n\n\n<li><strong>6 de setembro (domingo) \u2013 In\u00edcio do hor\u00e1rio de ver\u00e3o<\/strong>: \u00e0 meia-noite, os rel\u00f3gios s\u00e3o adiantados em 1 hora, e o fuso volta para UTC-3. Impacto: Chile e Brasil (Bras\u00edlia) passam a ter o mesmo hor\u00e1rio durante a primavera e o ver\u00e3o chilenos.<\/li>\n<\/ul>\n\n\n\n<figure class=\"wp-block-image size-large\"><img loading=\"lazy\" decoding=\"async\" width=\"1024\" height=\"576\" src=\"https:\/\/www.em.com.br\/emfoco\/wp-content\/uploads\/2026\/02\/ChatGPT-Image-27-de-fev.-de-2026-18_55_42-1-1024x576.png\" alt=\"Como a mudan\u00e7a de hor\u00e1rio mexe com sua rotina\" class=\"wp-image-175415\" srcset=\"https:\/\/www.em.com.br\/emfoco\/wp-content\/uploads\/2026\/02\/ChatGPT-Image-27-de-fev.-de-2026-18_55_42-1-1024x576.png 1024w, https:\/\/www.em.com.br\/emfoco\/wp-content\/uploads\/2026\/02\/ChatGPT-Image-27-de-fev.-de-2026-18_55_42-1-300x169.png 300w, https:\/\/www.em.com.br\/emfoco\/wp-content\/uploads\/2026\/02\/ChatGPT-Image-27-de-fev.-de-2026-18_55_42-1-768x432.png 768w, https:\/\/www.em.com.br\/emfoco\/wp-content\/uploads\/2026\/02\/ChatGPT-Image-27-de-fev.-de-2026-18_55_42-1-750x422.png 750w, https:\/\/www.em.com.br\/emfoco\/wp-content\/uploads\/2026\/02\/ChatGPT-Image-27-de-fev.-de-2026-18_55_42-1-1140x641.png 1140w, https:\/\/www.em.com.br\/emfoco\/wp-content\/uploads\/2026\/02\/ChatGPT-Image-27-de-fev.-de-2026-18_55_42-1.png 1280w\" sizes=\"auto, (max-width: 1024px) 100vw, 1024px\" \/><figcaption class=\"wp-element-caption\">Como a mudan\u00e7a de hor\u00e1rio mexe com sua rotina<\/figcaption><\/figure>\n\n\n\n<h2 class=\"wp-block-heading\">Quais regi\u00f5es mudam a hora e por que isso gera tanta discuss\u00e3o<\/h2>\n\n\n\n<p>O sistema de\u00a0mudan\u00e7a de hora no Chile\u00a0n\u00e3o \u00e9 uniforme em todo o territ\u00f3rio. Grande parte do <strong>Chile continental <\/strong>muda de hor\u00e1rio em abril e setembro, enquanto o <strong>Chile Insular<\/strong> segue fuso pr\u00f3prio e <strong><a href=\"https:\/\/patagonia-chile.com\/provincia\/magallanes\/?lang=en\" target=\"_blank\" rel=\"noreferrer noopener\">Magallanes <\/a><\/strong>e a <strong>Ant\u00e1rtica Chilena<\/strong> mant\u00eam\u00a0hor\u00e1rio de ver\u00e3o permanente, criando diferen\u00e7as internas de fuso.<\/p>\n\n\n\n<p>Essas particularidades alimentam o debate entre especialistas em sa\u00fade, educa\u00e7\u00e3o, transporte, energia e setores produtivos. De um lado, cita-se o melhor uso da luz solar e o alinhamento com hor\u00e1rios de estudo e trabalho; de outro, apontam-se efeitos no sono, na fadiga e no rendimento, sobretudo em crian\u00e7as e idosos.<\/p>\n\n\n\n<h2 class=\"wp-block-heading\">Como se preparar para a pr\u00f3xima mudan\u00e7a de hora no Chile<\/h2>\n\n\n\n<p>Enquanto o sistema estiver em vigor, a orienta\u00e7\u00e3o \u00e9 seguir o decreto atual, acompanhar avisos oficiais e organizar a rotina com anteced\u00eancia. Preparar-se bem reduz erros em compromissos importantes, viagens, reuni\u00f5es de trabalho remoto e cuidados com crian\u00e7as e pessoas mais vulner\u00e1veis.<\/p>\n\n\n\n<p>N\u00e3o espere a \u00faltima semana para ajustar a vida \u00e0 mudan\u00e7a de hora: confira a hora oficial, revise despertadores e adapte gradualmente o sono nos dias anteriores. Compartilhe essas informa\u00e7\u00f5es com familiares, colegas e clientes hoje mesmo e garanta que ningu\u00e9m fique para tr\u00e1s na pr\u00f3xima&nbsp;<strong>mudan\u00e7a de hora no Chile<\/strong>.<\/p>\n","protected":false},"excerpt":{"rendered":"<p>O debate sobre a&nbsp;mudan\u00e7a de hora no Chile&nbsp;volta \u00e0 pauta sempre que o ver\u00e3o se aproxima do fim, levantando d\u00favidas sobre datas, diferen\u00e7as regionais e at\u00e9 quando o ajuste de rel\u00f3gios seguir\u00e1 obrigat\u00f3rio. A quest\u00e3o envolve decis\u00f5es governamentais, rotinas de trabalho e estudo, comunica\u00e7\u00e3o com outros pa\u00edses e at\u00e9 sa\u00fade f\u00edsica e mental, o que [&hellip;]<\/p>\n","protected":false},"author":11,"featured_media":175412,"comment_status":"open","ping_status":"open","sticky":false,"template":"","format":"standard","meta":{"jnews-multi-image_gallery":[],"jnews_single_post":{"format":"standard"},"jnews_primary_category":[],"jnews_social_meta":[],"jnews_override_counter":[],"footnotes":""},"categories":[8819,1],"tags":[787,2174,20535,2175],"class_list":["post-175374","post","type-post","status-publish","format-standard","has-post-thumbnail","hentry","category-curiosidades","category-noticias","tag-calendario","tag-fuso-horario","tag-horario","tag-horario-de-verao"],"yoast_head":"<!-- This site is optimized with the Yoast SEO plugin v23.8 - https:\/\/yoast.com\/wordpress\/plugins\/seo\/ -->\n<title>N\u00e3o seja pego de surpresa: confira quando acontece a mudan\u00e7a de hor\u00e1rio em 2026 - Estado de Minas - Em foco<\/title>\n<meta name=\"description\" content=\"A mudan\u00e7a de hora no Chile segue at\u00e9 2026. Veja datas oficiais, diferen\u00e7a para o Brasil e como isso afeta viagens e trabalho.\" \/>\n<meta name=\"robots\" content=\"index, follow, max-snippet:-1, max-image-preview:large, max-video-preview:-1\" \/>\n<link rel=\"canonical\" href=\"https:\/\/www.em.com.br\/emfoco\/2026\/02\/28\/nao-seja-pego-de-surpresa-confira-quando-acontece-a-mudanca-de-horario-em-2026\/\" \/>\n<meta property=\"og:locale\" content=\"pt_BR\" \/>\n<meta property=\"og:type\" content=\"article\" \/>\n<meta property=\"og:title\" content=\"N\u00e3o seja pego de surpresa: confira quando acontece a mudan\u00e7a de hor\u00e1rio em 2026 - Estado de Minas - Em foco\" \/>\n<meta property=\"og:description\" content=\"A mudan\u00e7a de hora no Chile segue at\u00e9 2026. Veja datas oficiais, diferen\u00e7a para o Brasil e como isso afeta viagens e trabalho.\" \/>\n<meta property=\"og:url\" content=\"https:\/\/www.em.com.br\/emfoco\/2026\/02\/28\/nao-seja-pego-de-surpresa-confira-quando-acontece-a-mudanca-de-horario-em-2026\/\" \/>\n<meta property=\"og:site_name\" content=\"Estado de Minas - Em foco\" \/>\n<meta property=\"article:published_time\" content=\"2026-02-28T22:25:00+00:00\" \/>\n<meta property=\"article:modified_time\" content=\"2026-02-28T02:19:39+00:00\" \/>\n<meta property=\"og:image\" content=\"https:\/\/www.em.com.br\/emfoco\/wp-content\/uploads\/2026\/02\/ChatGPT-Image-27-de-fev.-de-2026-18_53_11-1.png\" \/>\n\t<meta property=\"og:image:width\" content=\"1280\" \/>\n\t<meta property=\"og:image:height\" content=\"720\" \/>\n\t<meta property=\"og:image:type\" content=\"image\/png\" \/>\n<meta name=\"author\" content=\"Andre\u0301 Rangel\u00a0\" \/>\n<meta name=\"twitter:card\" content=\"summary_large_image\" \/>\n<meta name=\"twitter:label1\" content=\"Escrito por\" \/>\n\t<meta name=\"twitter:data1\" content=\"Andre\u0301 Rangel\u00a0\" \/>\n\t<meta name=\"twitter:label2\" content=\"Est. tempo de leitura\" \/>\n\t<meta name=\"twitter:data2\" content=\"5 minutos\" \/>\n<!-- \/ Yoast SEO plugin. -->","yoast_head_json":{"title":"N\u00e3o seja pego de surpresa: confira quando acontece a mudan\u00e7a de hor\u00e1rio em 2026 - Estado de Minas - Em foco","description":"A mudan\u00e7a de hora no Chile segue at\u00e9 2026. Veja datas oficiais, diferen\u00e7a para o Brasil e como isso afeta viagens e trabalho.","robots":{"index":"index","follow":"follow","max-snippet":"max-snippet:-1","max-image-preview":"max-image-preview:large","max-video-preview":"max-video-preview:-1"},"canonical":"https:\/\/www.em.com.br\/emfoco\/2026\/02\/28\/nao-seja-pego-de-surpresa-confira-quando-acontece-a-mudanca-de-horario-em-2026\/","og_locale":"pt_BR","og_type":"article","og_title":"N\u00e3o seja pego de surpresa: confira quando acontece a mudan\u00e7a de hor\u00e1rio em 2026 - Estado de Minas - Em foco","og_description":"A mudan\u00e7a de hora no Chile segue at\u00e9 2026. Veja datas oficiais, diferen\u00e7a para o Brasil e como isso afeta viagens e trabalho.","og_url":"https:\/\/www.em.com.br\/emfoco\/2026\/02\/28\/nao-seja-pego-de-surpresa-confira-quando-acontece-a-mudanca-de-horario-em-2026\/","og_site_name":"Estado de Minas - Em foco","article_published_time":"2026-02-28T22:25:00+00:00","article_modified_time":"2026-02-28T02:19:39+00:00","og_image":[{"width":1280,"height":720,"url":"https:\/\/www.em.com.br\/emfoco\/wp-content\/uploads\/2026\/02\/ChatGPT-Image-27-de-fev.-de-2026-18_53_11-1.png","type":"image\/png"}],"author":"Andre\u0301 Rangel\u00a0","twitter_card":"summary_large_image","twitter_misc":{"Escrito por":"Andre\u0301 Rangel\u00a0","Est. tempo de leitura":"5 minutos"},"schema":{"@context":"https:\/\/schema.org","@graph":[{"@type":"WebPage","@id":"https:\/\/www.em.com.br\/emfoco\/2026\/02\/28\/nao-seja-pego-de-surpresa-confira-quando-acontece-a-mudanca-de-horario-em-2026\/","url":"https:\/\/www.em.com.br\/emfoco\/2026\/02\/28\/nao-seja-pego-de-surpresa-confira-quando-acontece-a-mudanca-de-horario-em-2026\/","name":"N\u00e3o seja pego de surpresa: confira quando acontece a mudan\u00e7a de hor\u00e1rio em 2026 - Estado de Minas - Em foco","isPartOf":{"@id":"https:\/\/www.em.com.br\/emfoco\/#website"},"primaryImageOfPage":{"@id":"https:\/\/www.em.com.br\/emfoco\/2026\/02\/28\/nao-seja-pego-de-surpresa-confira-quando-acontece-a-mudanca-de-horario-em-2026\/#primaryimage"},"image":{"@id":"https:\/\/www.em.com.br\/emfoco\/2026\/02\/28\/nao-seja-pego-de-surpresa-confira-quando-acontece-a-mudanca-de-horario-em-2026\/#primaryimage"},"thumbnailUrl":"https:\/\/www.em.com.br\/emfoco\/wp-content\/uploads\/2026\/02\/ChatGPT-Image-27-de-fev.-de-2026-18_53_11-1.png","datePublished":"2026-02-28T22:25:00+00:00","dateModified":"2026-02-28T02:19:39+00:00","author":{"@id":"https:\/\/www.em.com.br\/emfoco\/#\/schema\/person\/60eda09c1fedf0d6891f4cef4b60b8b8"},"description":"A mudan\u00e7a de hora no Chile segue at\u00e9 2026. Veja datas oficiais, diferen\u00e7a para o Brasil e como isso afeta viagens e trabalho.","breadcrumb":{"@id":"https:\/\/www.em.com.br\/emfoco\/2026\/02\/28\/nao-seja-pego-de-surpresa-confira-quando-acontece-a-mudanca-de-horario-em-2026\/#breadcrumb"},"inLanguage":"pt-BR","potentialAction":[{"@type":"ReadAction","target":["https:\/\/www.em.com.br\/emfoco\/2026\/02\/28\/nao-seja-pego-de-surpresa-confira-quando-acontece-a-mudanca-de-horario-em-2026\/"]}]},{"@type":"ImageObject","inLanguage":"pt-BR","@id":"https:\/\/www.em.com.br\/emfoco\/2026\/02\/28\/nao-seja-pego-de-surpresa-confira-quando-acontece-a-mudanca-de-horario-em-2026\/#primaryimage","url":"https:\/\/www.em.com.br\/emfoco\/wp-content\/uploads\/2026\/02\/ChatGPT-Image-27-de-fev.-de-2026-18_53_11-1.png","contentUrl":"https:\/\/www.em.com.br\/emfoco\/wp-content\/uploads\/2026\/02\/ChatGPT-Image-27-de-fev.-de-2026-18_53_11-1.png","width":1280,"height":720,"caption":"Como a mudan\u00e7a de hor\u00e1rio mexe com sua rotina"},{"@type":"BreadcrumbList","@id":"https:\/\/www.em.com.br\/emfoco\/2026\/02\/28\/nao-seja-pego-de-surpresa-confira-quando-acontece-a-mudanca-de-horario-em-2026\/#breadcrumb","itemListElement":[{"@type":"ListItem","position":1,"name":"In\u00edcio","item":"https:\/\/www.em.com.br\/emfoco\/"},{"@type":"ListItem","position":2,"name":"N\u00e3o seja pego de surpresa: confira quando acontece a mudan\u00e7a de hor\u00e1rio em 2026"}]},{"@type":"WebSite","@id":"https:\/\/www.em.com.br\/emfoco\/#website","url":"https:\/\/www.em.com.br\/emfoco\/","name":"Estado de Minas - Em foco","description":"Acompanhe as \u00faltimas not\u00edcias e fique bem informado sobre tudo o que acontece em Minas Gerais, Brasil e no mundo.","potentialAction":[{"@type":"SearchAction","target":{"@type":"EntryPoint","urlTemplate":"https:\/\/www.em.com.br\/emfoco\/?s={search_term_string}"},"query-input":{"@type":"PropertyValueSpecification","valueRequired":true,"valueName":"search_term_string"}}],"inLanguage":"pt-BR"},{"@type":"Person","@id":"https:\/\/www.em.com.br\/emfoco\/#\/schema\/person\/60eda09c1fedf0d6891f4cef4b60b8b8","name":"Andre\u0301 Rangel\u00a0","image":{"@type":"ImageObject","inLanguage":"pt-BR","@id":"https:\/\/www.em.com.br\/emfoco\/#\/schema\/person\/image\/","url":"https:\/\/secure.gravatar.com\/avatar\/6234dc814c77c8ef6d8bba622c787efc?s=96&d=mm&r=g","contentUrl":"https:\/\/secure.gravatar.com\/avatar\/6234dc814c77c8ef6d8bba622c787efc?s=96&d=mm&r=g","caption":"Andre\u0301 Rangel\u00a0"},"url":"https:\/\/www.em.com.br\/emfoco\/author\/luizmyth\/"}]}},"_links":{"self":[{"href":"https:\/\/www.em.com.br\/emfoco\/wp-json\/wp\/v2\/posts\/175374","targetHints":{"allow":["GET"]}}],"collection":[{"href":"https:\/\/www.em.com.br\/emfoco\/wp-json\/wp\/v2\/posts"}],"about":[{"href":"https:\/\/www.em.com.br\/emfoco\/wp-json\/wp\/v2\/types\/post"}],"author":[{"embeddable":true,"href":"https:\/\/www.em.com.br\/emfoco\/wp-json\/wp\/v2\/users\/11"}],"replies":[{"embeddable":true,"href":"https:\/\/www.em.com.br\/emfoco\/wp-json\/wp\/v2\/comments?post=175374"}],"version-history":[{"count":2,"href":"https:\/\/www.em.com.br\/emfoco\/wp-json\/wp\/v2\/posts\/175374\/revisions"}],"predecessor-version":[{"id":175416,"href":"https:\/\/www.em.com.br\/emfoco\/wp-json\/wp\/v2\/posts\/175374\/revisions\/175416"}],"wp:featuredmedia":[{"embeddable":true,"href":"https:\/\/www.em.com.br\/emfoco\/wp-json\/wp\/v2\/media\/175412"}],"wp:attachment":[{"href":"https:\/\/www.em.com.br\/emfoco\/wp-json\/wp\/v2\/media?parent=175374"}],"wp:term":[{"taxonomy":"category","embeddable":true,"href":"https:\/\/www.em.com.br\/emfoco\/wp-json\/wp\/v2\/categories?post=175374"},{"taxonomy":"post_tag","embeddable":true,"href":"https:\/\/www.em.com.br\/emfoco\/wp-json\/wp\/v2\/tags?post=175374"}],"curies":[{"name":"wp","href":"https:\/\/api.w.org\/{rel}","templated":true}]}}