{"id":175364,"date":"2026-02-28T17:35:12","date_gmt":"2026-02-28T20:35:12","guid":{"rendered":"https:\/\/www.em.com.br\/emfoco\/?p=175364"},"modified":"2026-02-27T18:46:08","modified_gmt":"2026-02-27T21:46:08","slug":"nem-orquidea-nem-rosa-essa-e-a-flor-perfeita-para-quem-nao-tem-jeito-com-plantas","status":"publish","type":"post","link":"https:\/\/www.em.com.br\/emfoco\/2026\/02\/28\/nem-orquidea-nem-rosa-essa-e-a-flor-perfeita-para-quem-nao-tem-jeito-com-plantas\/","title":{"rendered":"Nem orqu\u00eddea, nem rosa: essa \u00e9 a flor perfeita para quem n\u00e3o tem jeito com plantas"},"content":{"rendered":"\n<p>Quem nunca passou diante de um vaso de <b>ger\u00e2nio<\/b> bem florido e pensou: \u201cQueria ter um desses em casa, mas n\u00e3o levo jeito para <b>plantas<\/b>\u201d? A boa not\u00edcia \u00e9 que o ger\u00e2nio \u00e9 justamente o tipo de flor que combina com quem tem pouco tempo, pouco espa\u00e7o e at\u00e9 pouca experi\u00eancia, mas quer ver <b>cor<\/b> o ano todo no jardim, na varanda ou na janela.<\/p>\n\n\n\n<h2 class=\"wp-block-heading\">Como plantar ger\u00e2nio desde o in\u00edcio de forma simples e segura<\/h2>\n\n\n\n<p>Antes de colocar a m\u00e3o na terra, vale entender o b\u00e1sico: o ger\u00e2nio gosta de <b>sol<\/b>, solo fofo e regas sem exagero. Quando esses tr\u00eas pontos se encaixam, ele retribui com muitas <b>flores<\/b> por meses seguidos, mesmo em espa\u00e7os pequenos como <b>sacadas<\/b> de apartamento ou jardineiras de janela.<\/p>\n\n\n\n<p>Mesmo sendo uma planta resistente, alguns erros podem atrapalhar, como <b>encharcar<\/b> o vaso ou usar terra muito pesada. Ajustando esses detalhes e observando a rea\u00e7\u00e3o das <b>folhas<\/b> e flores, o ger\u00e2nio costuma se tornar uma presen\u00e7a duradoura e <b>colorida<\/b> em qualquer cantinho da casa.<\/p>\n\n\n<div class=\"wp-block-image\">\n<figure class=\"aligncenter size-large\"><img loading=\"lazy\" decoding=\"async\" width=\"1024\" height=\"576\" src=\"https:\/\/www.em.com.br\/emfoco\/wp-content\/uploads\/2026\/02\/geranio_1771101193083-1024x576.jpg\" alt=\"\" class=\"wp-image-169487\" srcset=\"https:\/\/www.em.com.br\/emfoco\/wp-content\/uploads\/2026\/02\/geranio_1771101193083-1024x576.jpg 1024w, https:\/\/www.em.com.br\/emfoco\/wp-content\/uploads\/2026\/02\/geranio_1771101193083-300x169.jpg 300w, https:\/\/www.em.com.br\/emfoco\/wp-content\/uploads\/2026\/02\/geranio_1771101193083-768x432.jpg 768w, https:\/\/www.em.com.br\/emfoco\/wp-content\/uploads\/2026\/02\/geranio_1771101193083-750x422.jpg 750w, https:\/\/www.em.com.br\/emfoco\/wp-content\/uploads\/2026\/02\/geranio_1771101193083-1140x641.jpg 1140w, https:\/\/www.em.com.br\/emfoco\/wp-content\/uploads\/2026\/02\/geranio_1771101193083.jpg 1280w\" sizes=\"auto, (max-width: 1024px) 100vw, 1024px\" \/><figcaption class=\"wp-element-caption\">Antes de qualquer coisa, o ger\u00e2nio precisa de um bom lar. Escolha um vaso com furos de drenagem no fundo &#8211; Cr\u00e9ditos: depositphotos.com \/ joruba75<\/figcaption><\/figure><\/div>\n\n\n<p>Leia tamb\u00e9m:&nbsp;<a href=\"https:\/\/www.em.com.br\/emfoco\/2026\/02\/25\/como-plantar-melancia-em-casa-e-ter-frutos-doces-e-suculentos-mesmo-em-pequenos-espacos\/\" target=\"_blank\" rel=\"noopener\">Como plantar melancia em casa e ter frutos doces e suculentos mesmo em pequenos espa\u00e7os<\/a><\/p>\n\n\n\n<h2 class=\"wp-block-heading\">Como escolher o vaso e preparar a terra para o ger\u00e2nio<\/h2>\n\n\n\n<p>O primeiro passo \u00e9 decidir se o ger\u00e2nio vai viver em <b>vaso<\/b>, jardineira ou direto no canteiro. Em vasos, a drenagem \u00e9 essencial: furos no fundo e uma camada de brita, cacos de telha ou <b>argila<\/b> expandida ajudam a \u00e1gua a escorrer, evitando que as <b>ra\u00edzes<\/b> apodre\u00e7am com o tempo.<\/p>\n\n\n\n<p>Em canteiros, a ideia \u00e9 manter a terra solta e leve, misturada com mat\u00e9ria org\u00e2nica bem curtida. Voc\u00ea pode usar terra comum misturada com <b>composto<\/b> org\u00e2nico e um pouco de areia grossa, criando um ambiente arejado onde as ra\u00edzes conseguem se <b>espalhar<\/b> sem esfor\u00e7o, o que favorece o crescimento mais <b>saud\u00e1vel<\/b> da planta.<\/p>\n\n\n\n<figure class=\"wp-block-embed is-type-rich is-provider-pinterest wp-block-embed-pinterest\"><div class=\"wp-block-embed__wrapper\">\n<iframe loading=\"lazy\" title=\"Geranio\" src=\"https:\/\/assets.pinterest.com\/ext\/embed.html?id=554576141637593005&#038;src=oembed\" height=\"899\" width=\"450\" frameborder=\"0\" scrolling=\"no\" ><\/iframe>\n<\/div><\/figure>\n\n\n\n<h2 class=\"wp-block-heading\">Qual \u00e9 o passo a passo para plantar ger\u00e2nio em vasos e jardins<\/h2>\n\n\n\n<p>Quando se fala em \u201ccomo plantar ger\u00e2nio\u201d, pense em uma sequ\u00eancia simples, que qualquer pessoa consegue seguir. O segredo \u00e9 respeitar as necessidades da planta desde o come\u00e7o: <b>luz<\/b>, \u00e1gua na medida certa e um solo que n\u00e3o acumule <b>po\u00e7as<\/b> ap\u00f3s a rega ou a chuva, evitando assim problemas de <b>fungos<\/b> nas ra\u00edzes.<\/p>\n\n\n\n<ol class=\"wp-block-list\">\n<li><strong>Escolha do local:<\/strong> selecione uma \u00e1rea com boa <b>luminosidade<\/b>, recebendo de 4 a 6 horas de sol direto por dia. Varandas ensolaradas, janelas amplas ou <b>canteiros<\/b> frontais costumam funcionar muito bem, garantindo uma <b>flora\u00e7\u00e3o<\/b> mais intensa.<\/li>\n\n\n\n<li><strong>Sele\u00e7\u00e3o do vaso ou canteiro:<\/strong> em vasos, prefira modelos com furos de <b>drenagem<\/b>; em jardins, observe se a \u00e1gua n\u00e3o fica parada ap\u00f3s chuvas. Isso ajuda a prevenir o <b>apodrecimento<\/b> das ra\u00edzes e mant\u00e9m o solo mais <b>arejado<\/b>.<\/li>\n\n\n\n<li><strong>Prepara\u00e7\u00e3o do substrato:<\/strong> misture terra comum com <b>composto<\/b> org\u00e2nico e um pouco de areia grossa ou perlita, deixando o solo leve e bem arejado. Um substrato equilibrado melhora a <b>nutri\u00e7\u00e3o<\/b> da planta e reduz o risco de <b>doen\u00e7as<\/b> relacionadas ao excesso de umidade.<\/li>\n\n\n\n<li><strong>Plantio da muda ou estaca:<\/strong> fa\u00e7a um pequeno <b>buraco<\/b>, acomode o torr\u00e3o ou a estaca j\u00e1 enraizada e cubra com o substrato, mantendo o n\u00edvel do solo na altura do colo da planta. Aperte levemente ao redor para dar <b>estabilidade<\/b>, mas sem compactar demais a <b>terra<\/b>.<\/li>\n\n\n\n<li><strong>Primeira rega:<\/strong> regue de forma <b>generosa<\/b> logo ap\u00f3s o plantio, esperando a \u00e1gua escorrer pelos furos do vaso ou se infiltrar bem no canteiro. Essa primeira rega ajuda a eliminar bols\u00f5es de <b>ar<\/b> no substrato e favorece o melhor contato das <b>ra\u00edzes<\/b> com o solo.<\/li>\n\n\n\n<li><strong>Manuten\u00e7\u00e3o inicial:<\/strong> deixe o ger\u00e2nio em local iluminado, protegido de ventos muito <b>fortes<\/b>, observando folhas e brotos nas primeiras semanas. Caso perceba folhas muito <b>murchas<\/b> ou amareladas, ajuste as regas ou a exposi\u00e7\u00e3o ao <b>sol<\/b>.<\/li>\n<\/ol>\n\n\n\n<p>Se voc\u00ea gosta de flores, separamos esse v\u00eddeo do canal <a href=\"https:\/\/www.youtube.com\/@SpagnholPlantas1\" target=\"_blank\" rel=\"noreferrer noopener\">Spagnhol Plantas<\/a> ensinando mais sobre o ger\u00e2nio:<\/p>\n\n\n\n<figure class=\"wp-block-embed is-type-video is-provider-youtube wp-block-embed-youtube wp-embed-aspect-16-9 wp-has-aspect-ratio\"><div class=\"wp-block-embed__wrapper\">\n<div class=\"jeg_video_container jeg_video_content\"><iframe loading=\"lazy\" title=\"GER\u00c2NIOS, O QUE  VOC\u00ca AINDA N\u00c3O SABIA!\" width=\"500\" height=\"281\" src=\"https:\/\/www.youtube.com\/embed\/e9KawIz3his?start=5&#038;feature=oembed\" frameborder=\"0\" allow=\"accelerometer; autoplay; clipboard-write; encrypted-media; gyroscope; picture-in-picture; web-share\" referrerpolicy=\"strict-origin-when-cross-origin\" allowfullscreen><\/iframe><\/div>\n<\/div><\/figure>\n\n\n\n<h2 class=\"wp-block-heading\">Quais cuidados di\u00e1rios o ger\u00e2nio precisa depois do plantio<\/h2>\n\n\n\n<p>Depois de plantar, chega a fase de acompanhar a planta no dia a dia, sem complica\u00e7\u00e3o. O ger\u00e2nio gosta de rotina simples: regas <b>moderadas<\/b>, retirada das flores secas e, de tempos em tempos, um pouco de <b>adubo<\/b> para animar a flora\u00e7\u00e3o e manter as folhas <b>bonitas<\/b>.<\/p>\n\n\n\n<p>O maior cuidado \u00e9 n\u00e3o exagerar na \u00e1gua. Toque a terra com o dedo: se estiver seca a cerca de 2 a 3 cent\u00edmetros de profundidade, \u00e9 hora de regar. Em lugares quentes, isso acontece com mais <b>frequ\u00eancia<\/b>; em regi\u00f5es frias ou \u00famidas, o intervalo \u00e9 maior, evitando folhas <b>amareladas<\/b> e murchas por excesso de <b>umidade<\/b>.<\/p>\n\n\n\n<ul class=\"wp-block-list\">\n<li><strong>Luz:<\/strong> o ger\u00e2nio aprecia sol direto; em ambientes internos, coloque-o pr\u00f3ximo a janelas bem <b>iluminadas<\/b>. Se faltar luz, a planta tende a ficar mais <b>estirada<\/b> e com menos <b>flores<\/b>.<\/li>\n\n\n\n<li><strong>Aduba\u00e7\u00e3o:<\/strong> a cada 30 a 45 dias, use adubo rico em <b>f\u00f3sforo<\/b> e pot\u00e1ssio, sempre seguindo as orienta\u00e7\u00f5es do fabricante. Isso estimula uma <b>flora\u00e7\u00e3o<\/b> cont\u00ednua e ajuda na forma\u00e7\u00e3o de <b>bot\u00f5es<\/b> mais vigorosos.<\/li>\n\n\n\n<li><strong>Poda:<\/strong> retire flores <b>secas<\/b> e galhos fracos para estimular novos brotos; podas mais fortes s\u00e3o feitas no fim do inverno ou in\u00edcio da <b>primavera<\/b>. Aproveite para remover partes <b>doentes<\/b> ou muito antigas, rejuvenescendo a planta.<\/li>\n\n\n\n<li><strong>Ventila\u00e7\u00e3o:<\/strong> locais arejados ajudam a evitar fungos e pragas como <b>pulg\u00f5es<\/b> e cochonilhas. Em infesta\u00e7\u00f5es leves, um jato de \u00e1gua ou sab\u00e3o <b>neutro<\/b> dilu\u00eddo pode ajudar a controlar os <b>insetos<\/b>.<\/li>\n<\/ul>\n\n\n\n<figure class=\"wp-block-embed is-type-rich is-provider-pinterest wp-block-embed-pinterest\"><div class=\"wp-block-embed__wrapper\">\n<iframe loading=\"lazy\" title=\"20+ Beautiful Geranium Flower Bed Ideas\" src=\"https:\/\/assets.pinterest.com\/ext\/embed.html?id=9077636744873435&#038;src=oembed\" height=\"775\" width=\"450\" frameborder=\"0\" scrolling=\"no\" ><\/iframe>\n<\/div><\/figure>\n\n\n\n<h2 class=\"wp-block-heading\">Como fazer mudas de ger\u00e2nio e manter a flora\u00e7\u00e3o por muitos anos<\/h2>\n\n\n\n<p>Com o tempo, quem se apaixona por ger\u00e2nios costuma querer espalh\u00e1-los pela casa toda. A boa not\u00edcia \u00e9 que fazer <b>mudas<\/b> \u00e9 simples: voc\u00ea pode multiplicar uma planta saud\u00e1vel em v\u00e1rios novos vasos, renovando <b>canteiros<\/b> sem gastar muito e mantendo sempre alguma planta em plena <b>flora\u00e7\u00e3o<\/b>.<\/p>\n\n\n\n<p>O m\u00e9todo mais comum \u00e9 por estacas: corte um peda\u00e7o de <b>galho<\/b> firme, sem flores, com cerca de 8 a 12 cent\u00edmetros, retire as folhas da base e plante em substrato leve ou em mistura de areia e terra. Mantenha levemente \u00famido, em local claro, mas sem sol forte direto. Ap\u00f3s algumas <b>semanas<\/b>, quando surgirem novas brota\u00e7\u00f5es, a muda estar\u00e1 pronta para ir para o vaso ou jardim <b>definitivo<\/b>, mantendo seus ger\u00e2nios sempre presentes e <b>floridos<\/b>.<\/p>\n","protected":false},"excerpt":{"rendered":"<p>Quem nunca passou diante de um vaso de ger\u00e2nio bem florido e pensou: \u201cQueria ter um desses em casa, mas n\u00e3o levo jeito para plantas\u201d? A boa not\u00edcia \u00e9 que o ger\u00e2nio \u00e9 justamente o tipo de flor que combina com quem tem pouco tempo, pouco espa\u00e7o e at\u00e9 pouca experi\u00eancia, mas quer ver cor [&hellip;]<\/p>\n","protected":false},"author":9,"featured_media":132768,"comment_status":"open","ping_status":"open","sticky":false,"template":"","format":"standard","meta":{"jnews-multi-image_gallery":[],"jnews_single_post":{"format":"standard"},"jnews_primary_category":[],"jnews_social_meta":[],"jnews_override_counter":[],"footnotes":""},"categories":[8691,8819,1],"tags":[7701,3357,24657],"class_list":["post-175364","post","type-post","status-publish","format-standard","has-post-thumbnail","hentry","category-bem-estar","category-curiosidades","category-noticias","tag-como-plantar","tag-flores","tag-geranio"],"yoast_head":"<!-- This site is optimized with the Yoast SEO plugin v23.8 - https:\/\/yoast.com\/wordpress\/plugins\/seo\/ -->\n<title>Nem orqu\u00eddea, nem rosa: essa \u00e9 a flor perfeita para quem n\u00e3o tem jeito com plantas - Estado de Minas - Em foco<\/title>\n<meta name=\"description\" content=\"Aprenda plantar em vasos ou jardins, com dicas simples de solo, rega e sol para ter flores coloridas o ano todo, mesmo sem experi\u00eancia.\" \/>\n<meta name=\"robots\" content=\"index, follow, max-snippet:-1, max-image-preview:large, max-video-preview:-1\" \/>\n<link rel=\"canonical\" href=\"https:\/\/www.em.com.br\/emfoco\/2026\/02\/28\/nem-orquidea-nem-rosa-essa-e-a-flor-perfeita-para-quem-nao-tem-jeito-com-plantas\/\" \/>\n<meta property=\"og:locale\" content=\"pt_BR\" \/>\n<meta property=\"og:type\" content=\"article\" \/>\n<meta property=\"og:title\" content=\"Nem orqu\u00eddea, nem rosa: essa \u00e9 a flor perfeita para quem n\u00e3o tem jeito com plantas - Estado de Minas - Em foco\" \/>\n<meta property=\"og:description\" content=\"Aprenda plantar em vasos ou jardins, com dicas simples de solo, rega e sol para ter flores coloridas o ano todo, mesmo sem experi\u00eancia.\" \/>\n<meta property=\"og:url\" content=\"https:\/\/www.em.com.br\/emfoco\/2026\/02\/28\/nem-orquidea-nem-rosa-essa-e-a-flor-perfeita-para-quem-nao-tem-jeito-com-plantas\/\" \/>\n<meta property=\"og:site_name\" content=\"Estado de Minas - Em foco\" \/>\n<meta property=\"article:published_time\" content=\"2026-02-28T20:35:12+00:00\" \/>\n<meta property=\"article:modified_time\" content=\"2026-02-27T21:46:08+00:00\" \/>\n<meta property=\"og:image\" content=\"https:\/\/www.em.com.br\/emfoco\/wp-content\/uploads\/2025\/11\/unnamed-7-1.jpg\" \/>\n\t<meta property=\"og:image:width\" content=\"1280\" \/>\n\t<meta property=\"og:image:height\" content=\"720\" \/>\n\t<meta property=\"og:image:type\" content=\"image\/jpeg\" \/>\n<meta name=\"author\" content=\"Daniely Cardoso\" \/>\n<meta name=\"twitter:card\" content=\"summary_large_image\" \/>\n<meta name=\"twitter:label1\" content=\"Escrito por\" \/>\n\t<meta name=\"twitter:data1\" content=\"Daniely Cardoso\" \/>\n\t<meta name=\"twitter:label2\" content=\"Est. tempo de leitura\" \/>\n\t<meta name=\"twitter:data2\" content=\"7 minutos\" \/>\n<!-- \/ Yoast SEO plugin. -->","yoast_head_json":{"title":"Nem orqu\u00eddea, nem rosa: essa \u00e9 a flor perfeita para quem n\u00e3o tem jeito com plantas - Estado de Minas - Em foco","description":"Aprenda plantar em vasos ou jardins, com dicas simples de solo, rega e sol para ter flores coloridas o ano todo, mesmo sem experi\u00eancia.","robots":{"index":"index","follow":"follow","max-snippet":"max-snippet:-1","max-image-preview":"max-image-preview:large","max-video-preview":"max-video-preview:-1"},"canonical":"https:\/\/www.em.com.br\/emfoco\/2026\/02\/28\/nem-orquidea-nem-rosa-essa-e-a-flor-perfeita-para-quem-nao-tem-jeito-com-plantas\/","og_locale":"pt_BR","og_type":"article","og_title":"Nem orqu\u00eddea, nem rosa: essa \u00e9 a flor perfeita para quem n\u00e3o tem jeito com plantas - Estado de Minas - Em foco","og_description":"Aprenda plantar em vasos ou jardins, com dicas simples de solo, rega e sol para ter flores coloridas o ano todo, mesmo sem experi\u00eancia.","og_url":"https:\/\/www.em.com.br\/emfoco\/2026\/02\/28\/nem-orquidea-nem-rosa-essa-e-a-flor-perfeita-para-quem-nao-tem-jeito-com-plantas\/","og_site_name":"Estado de Minas - Em foco","article_published_time":"2026-02-28T20:35:12+00:00","article_modified_time":"2026-02-27T21:46:08+00:00","og_image":[{"width":1280,"height":720,"url":"https:\/\/www.em.com.br\/emfoco\/wp-content\/uploads\/2025\/11\/unnamed-7-1.jpg","type":"image\/jpeg"}],"author":"Daniely Cardoso","twitter_card":"summary_large_image","twitter_misc":{"Escrito por":"Daniely Cardoso","Est. tempo de leitura":"7 minutos"},"schema":{"@context":"https:\/\/schema.org","@graph":[{"@type":"WebPage","@id":"https:\/\/www.em.com.br\/emfoco\/2026\/02\/28\/nem-orquidea-nem-rosa-essa-e-a-flor-perfeita-para-quem-nao-tem-jeito-com-plantas\/","url":"https:\/\/www.em.com.br\/emfoco\/2026\/02\/28\/nem-orquidea-nem-rosa-essa-e-a-flor-perfeita-para-quem-nao-tem-jeito-com-plantas\/","name":"Nem orqu\u00eddea, nem rosa: essa \u00e9 a flor perfeita para quem n\u00e3o tem jeito com plantas - Estado de Minas - Em foco","isPartOf":{"@id":"https:\/\/www.em.com.br\/emfoco\/#website"},"primaryImageOfPage":{"@id":"https:\/\/www.em.com.br\/emfoco\/2026\/02\/28\/nem-orquidea-nem-rosa-essa-e-a-flor-perfeita-para-quem-nao-tem-jeito-com-plantas\/#primaryimage"},"image":{"@id":"https:\/\/www.em.com.br\/emfoco\/2026\/02\/28\/nem-orquidea-nem-rosa-essa-e-a-flor-perfeita-para-quem-nao-tem-jeito-com-plantas\/#primaryimage"},"thumbnailUrl":"https:\/\/www.em.com.br\/emfoco\/wp-content\/uploads\/2025\/11\/unnamed-7-1.jpg","datePublished":"2026-02-28T20:35:12+00:00","dateModified":"2026-02-27T21:46:08+00:00","author":{"@id":"https:\/\/www.em.com.br\/emfoco\/#\/schema\/person\/0a8186d72f2c3a5c6276d90b41f271a0"},"description":"Aprenda plantar em vasos ou jardins, com dicas simples de solo, rega e sol para ter flores coloridas o ano todo, mesmo sem experi\u00eancia.","breadcrumb":{"@id":"https:\/\/www.em.com.br\/emfoco\/2026\/02\/28\/nem-orquidea-nem-rosa-essa-e-a-flor-perfeita-para-quem-nao-tem-jeito-com-plantas\/#breadcrumb"},"inLanguage":"pt-BR","potentialAction":[{"@type":"ReadAction","target":["https:\/\/www.em.com.br\/emfoco\/2026\/02\/28\/nem-orquidea-nem-rosa-essa-e-a-flor-perfeita-para-quem-nao-tem-jeito-com-plantas\/"]}]},{"@type":"ImageObject","inLanguage":"pt-BR","@id":"https:\/\/www.em.com.br\/emfoco\/2026\/02\/28\/nem-orquidea-nem-rosa-essa-e-a-flor-perfeita-para-quem-nao-tem-jeito-com-plantas\/#primaryimage","url":"https:\/\/www.em.com.br\/emfoco\/wp-content\/uploads\/2025\/11\/unnamed-7-1.jpg","contentUrl":"https:\/\/www.em.com.br\/emfoco\/wp-content\/uploads\/2025\/11\/unnamed-7-1.jpg","width":1280,"height":720,"caption":"H\u00e1 esp\u00e9cies de flores, como lavanda e ger\u00e2nio, reconhecidas pela flora\u00e7\u00e3o praticamente ininterrupta"},{"@type":"BreadcrumbList","@id":"https:\/\/www.em.com.br\/emfoco\/2026\/02\/28\/nem-orquidea-nem-rosa-essa-e-a-flor-perfeita-para-quem-nao-tem-jeito-com-plantas\/#breadcrumb","itemListElement":[{"@type":"ListItem","position":1,"name":"In\u00edcio","item":"https:\/\/www.em.com.br\/emfoco\/"},{"@type":"ListItem","position":2,"name":"Nem orqu\u00eddea, nem rosa: essa \u00e9 a flor perfeita para quem n\u00e3o tem jeito com plantas"}]},{"@type":"WebSite","@id":"https:\/\/www.em.com.br\/emfoco\/#website","url":"https:\/\/www.em.com.br\/emfoco\/","name":"Estado de Minas - Em foco","description":"Acompanhe as \u00faltimas not\u00edcias e fique bem informado sobre tudo o que acontece em Minas Gerais, Brasil e no mundo.","potentialAction":[{"@type":"SearchAction","target":{"@type":"EntryPoint","urlTemplate":"https:\/\/www.em.com.br\/emfoco\/?s={search_term_string}"},"query-input":{"@type":"PropertyValueSpecification","valueRequired":true,"valueName":"search_term_string"}}],"inLanguage":"pt-BR"},{"@type":"Person","@id":"https:\/\/www.em.com.br\/emfoco\/#\/schema\/person\/0a8186d72f2c3a5c6276d90b41f271a0","name":"Daniely Cardoso","image":{"@type":"ImageObject","inLanguage":"pt-BR","@id":"https:\/\/www.em.com.br\/emfoco\/#\/schema\/person\/image\/","url":"https:\/\/secure.gravatar.com\/avatar\/4b80ddbd124d1f071b626d52d62e5dff?s=96&d=mm&r=g","contentUrl":"https:\/\/secure.gravatar.com\/avatar\/4b80ddbd124d1f071b626d52d62e5dff?s=96&d=mm&r=g","caption":"Daniely Cardoso"},"url":"https:\/\/www.em.com.br\/emfoco\/author\/danielymyth\/"}]}},"_links":{"self":[{"href":"https:\/\/www.em.com.br\/emfoco\/wp-json\/wp\/v2\/posts\/175364","targetHints":{"allow":["GET"]}}],"collection":[{"href":"https:\/\/www.em.com.br\/emfoco\/wp-json\/wp\/v2\/posts"}],"about":[{"href":"https:\/\/www.em.com.br\/emfoco\/wp-json\/wp\/v2\/types\/post"}],"author":[{"embeddable":true,"href":"https:\/\/www.em.com.br\/emfoco\/wp-json\/wp\/v2\/users\/9"}],"replies":[{"embeddable":true,"href":"https:\/\/www.em.com.br\/emfoco\/wp-json\/wp\/v2\/comments?post=175364"}],"version-history":[{"count":2,"href":"https:\/\/www.em.com.br\/emfoco\/wp-json\/wp\/v2\/posts\/175364\/revisions"}],"predecessor-version":[{"id":175402,"href":"https:\/\/www.em.com.br\/emfoco\/wp-json\/wp\/v2\/posts\/175364\/revisions\/175402"}],"wp:featuredmedia":[{"embeddable":true,"href":"https:\/\/www.em.com.br\/emfoco\/wp-json\/wp\/v2\/media\/132768"}],"wp:attachment":[{"href":"https:\/\/www.em.com.br\/emfoco\/wp-json\/wp\/v2\/media?parent=175364"}],"wp:term":[{"taxonomy":"category","embeddable":true,"href":"https:\/\/www.em.com.br\/emfoco\/wp-json\/wp\/v2\/categories?post=175364"},{"taxonomy":"post_tag","embeddable":true,"href":"https:\/\/www.em.com.br\/emfoco\/wp-json\/wp\/v2\/tags?post=175364"}],"curies":[{"name":"wp","href":"https:\/\/api.w.org\/{rel}","templated":true}]}}