{"id":175347,"date":"2026-02-28T21:15:58","date_gmt":"2026-03-01T00:15:58","guid":{"rendered":"https:\/\/www.em.com.br\/emfoco\/?p=175347"},"modified":"2026-03-02T15:10:25","modified_gmt":"2026-03-02T18:10:25","slug":"o-que-significa-quando-uma-pessoa-diz-obrigado-muitas-vezes-segundo-a-psicologia","status":"publish","type":"post","link":"https:\/\/www.em.com.br\/emfoco\/2026\/02\/28\/o-que-significa-quando-uma-pessoa-diz-obrigado-muitas-vezes-segundo-a-psicologia\/","title":{"rendered":"O que significa quando uma pessoa diz &#8216;obrigado&#8217; muitas vezes, segundo a psicologia"},"content":{"rendered":"\n<p>Voc\u00ea j\u00e1 reparou como algumas pessoas, mesmo em dias dif\u00edceis, conseguem encontrar algo de bom para reconhecer? Em vez de ignorar os <b>problemas<\/b>, elas olham com mais carinho para os <b>apoios<\/b> que recebem, para as chances que aparecem e para os aprendizados do dia a dia. A gratid\u00e3o, nesse sentido, n\u00e3o \u00e9 s\u00f3 uma palavra bonita: \u00e9 uma forma de enxergar a pr\u00f3pria <b>vida<\/b> com mais leveza e conex\u00e3o com o que realmente importa.<\/p>\n\n\n\n<h2 class=\"wp-block-heading\">O que \u00e9 gratid\u00e3o na psicologia e no dia a dia<\/h2>\n\n\n\n<p>Na psicologia, a <b>gratid\u00e3o<\/b> \u00e9 vista como uma mistura de emo\u00e7\u00e3o, atitude e jeito de pensar. \u00c9 quando a gente percebe algo <b>bom<\/b> acontecendo, valoriza esse momento e reconhece que ele tamb\u00e9m dependeu de outras pessoas, de certas condi\u00e7\u00f5es ou at\u00e9 da <b>sorte<\/b>.<\/p>\n\n\n\n<p>Ela n\u00e3o aparece s\u00f3 em grandes conquistas: pode surgir num <b>conselho<\/b> amigo, numa ajuda no trabalho ou num simples gesto de aten\u00e7\u00e3o. Assim, a gratid\u00e3o funciona como uma \u201c<b>lente<\/b>\u201d que destaca o que nos sustenta na rotina e lembra que n\u00e3o precisamos carregar tudo <b>sozinhos<\/b>.<\/p>\n\n\n<div class=\"wp-block-image\">\n<figure class=\"aligncenter size-large\"><img loading=\"lazy\" decoding=\"async\" width=\"1024\" height=\"576\" src=\"https:\/\/www.em.com.br\/emfoco\/wp-content\/uploads\/2026\/02\/Gemini_Generated_Image_svez5dsvez5dsvez-1-1024x576.png\" alt=\"\" class=\"wp-image-175397\" srcset=\"https:\/\/www.em.com.br\/emfoco\/wp-content\/uploads\/2026\/02\/Gemini_Generated_Image_svez5dsvez5dsvez-1-1024x576.png 1024w, https:\/\/www.em.com.br\/emfoco\/wp-content\/uploads\/2026\/02\/Gemini_Generated_Image_svez5dsvez5dsvez-1-300x169.png 300w, https:\/\/www.em.com.br\/emfoco\/wp-content\/uploads\/2026\/02\/Gemini_Generated_Image_svez5dsvez5dsvez-1-768x432.png 768w, https:\/\/www.em.com.br\/emfoco\/wp-content\/uploads\/2026\/02\/Gemini_Generated_Image_svez5dsvez5dsvez-1-750x422.png 750w, https:\/\/www.em.com.br\/emfoco\/wp-content\/uploads\/2026\/02\/Gemini_Generated_Image_svez5dsvez5dsvez-1-1140x641.png 1140w, https:\/\/www.em.com.br\/emfoco\/wp-content\/uploads\/2026\/02\/Gemini_Generated_Image_svez5dsvez5dsvez-1.png 1280w\" sizes=\"auto, (max-width: 1024px) 100vw, 1024px\" \/><figcaption class=\"wp-element-caption\">Ela n\u00e3o aparece s\u00f3 em grandes conquistas: pode surgir num conselho amigo<\/figcaption><\/figure><\/div>\n\n\n<p>Leia tamb\u00e9m:&nbsp;<a href=\"https:\/\/www.em.com.br\/emfoco\/2026\/02\/27\/o-que-significa-lavar-sua-propria-xicara-na-casa-de-outra-pessoa-segundo-a-psicologia\/\" target=\"_blank\" rel=\"noopener\">O que significa lavar sua pr\u00f3pria x\u00edcara na casa de outra pessoa, segundo a psicologia<\/a><\/p>\n\n\n\n<h2 class=\"wp-block-heading\">Como a gratid\u00e3o fortalece a sensa\u00e7\u00e3o de conex\u00e3o<\/h2>\n\n\n\n<p>Especialistas em psicologia positiva descrevem a <b>gratid\u00e3o<\/b> como um \u201csistema de reconhecimento duplo\u201d: primeiro, a pessoa percebe algo positivo; depois, entende que esse ganho tem rela\u00e7\u00e3o com outras <b>pessoas<\/b> ou com o contexto. Esse movimento diminui a ideia de que estamos <b>isolados<\/b> no mundo.<\/p>\n\n\n\n<p>Ao notar que v\u00e1rias coisas boas dependem tamb\u00e9m de apoios externos, cresce a sensa\u00e7\u00e3o de <b>interdepend\u00eancia<\/b>. Isso \u00e9 importante para o bem-estar emocional e social, pois refor\u00e7a que fazemos parte de uma <b>rede<\/b> e n\u00e3o estamos totalmente por conta pr\u00f3pria, mesmo nos dias mais <b>desafiadores<\/b>.<\/p>\n\n\n\n<h2 class=\"wp-block-heading\">Quais s\u00e3o os benef\u00edcios de ser agradecido segundo a psicologia<\/h2>\n\n\n\n<p>Estudos em psicologia, sociologia e <b>neuroci\u00eancia<\/b> mostram que cultivar gratid\u00e3o est\u00e1 ligado a um aumento de bem-estar subjetivo, ou seja, a forma como a pessoa avalia a pr\u00f3pria <b>vida<\/b> e o quanto se sente satisfeita com ela.<\/p>\n\n\n\n<p>Pessoas que registram motivos para agradecer relatam mais <b>esperan\u00e7a<\/b> em rela\u00e7\u00e3o ao futuro, menos queixas f\u00edsicas e mais disposi\u00e7\u00e3o para cuidar de si, como fazer exerc\u00edcios e organizar melhor o <b>sono<\/b>. A gratid\u00e3o tamb\u00e9m est\u00e1 relacionada a n\u00edveis menores de <b>estresse<\/b> percebido e a uma recupera\u00e7\u00e3o emocional mais r\u00e1pida depois de situa\u00e7\u00f5es dif\u00edceis. No v\u00eddeo a seguir, o canal <a href=\"https:\/\/www.youtube.com\/@NeuroVox\" target=\"_blank\" rel=\"noreferrer noopener\">NeuroVox<\/a> fala sobre os efeitos que a gratid\u00e3o exerce no c\u00e9rebro: <\/p>\n\n\n\n<figure class=\"wp-block-embed is-type-video is-provider-youtube wp-block-embed-youtube wp-embed-aspect-16-9 wp-has-aspect-ratio\"><div class=\"wp-block-embed__wrapper\">\n<div class=\"jeg_video_container jeg_video_content\"><iframe loading=\"lazy\" title=\"O SURPREENDENTE efeito da GRATID\u00c3O no c\u00e9rebro\" width=\"500\" height=\"281\" src=\"https:\/\/www.youtube.com\/embed\/sWXbO5YpZQg?start=727&#038;feature=oembed\" frameborder=\"0\" allow=\"accelerometer; autoplay; clipboard-write; encrypted-media; gyroscope; picture-in-picture; web-share\" referrerpolicy=\"strict-origin-when-cross-origin\" allowfullscreen><\/iframe><\/div>\n<\/div><\/figure>\n\n\n\n<h2 class=\"wp-block-heading\">Como a gratid\u00e3o se relaciona com a felicidade ao longo da vida<\/h2>\n\n\n\n<p>Pesquisas sobre <b>felicidade<\/b> mostram que pessoas que se sentem mais realizadas costumam ter v\u00ednculos sociais fortes, senso de <b>prop\u00f3sito<\/b> e uma forma de pensar que inclui a gratid\u00e3o. Elas n\u00e3o negam as dificuldades, mas cultivam o h\u00e1bito de reconhecer pequenas conquistas, apoios recebidos e recursos dispon\u00edveis em cada fase da <b>vida<\/b>.<\/p>\n\n\n\n<p>Em vez de olhar s\u00f3 para o que falta, a pessoa agradecida tamb\u00e9m registra o que j\u00e1 est\u00e1 <b>presente<\/b>. Isso reduz compara\u00e7\u00f5es constantes com os outros e aquela sensa\u00e7\u00e3o de que nada \u00e9 suficiente, trazendo mais estabilidade <b>emocional<\/b> e um contentamento que dura um pouco mais.<\/p>\n\n\n\n<div class=\"google-auto-ads-ignore\" style=\"box-sizing: border-box; display: flex; flex-direction: column; width: 100%; max-width: 800px; margin: 30px auto; background-color: #f0faff; color: #1f1f1f; border-radius: 12px; overflow: hidden; font-family: 'Segoe UI', Roboto, Helvetica, Arial, sans-serif; box-shadow: 0 4px 15px rgba(0,0,0,0.08); border: 1px solid #d9f7ff; position: relative; z-index: 5;\">\n\n  <div style=\"background-color: #e6f7ff; padding: 25px; border-bottom: 3px solid #1890ff; text-align: center;\">\n    <h2 style=\"margin: 0; color: #003a8c; font-size: 1.5rem; line-height: 1.3;\">\ud83e\udde0 Impactos Positivos no Bem-Estar Mental<\/h2>\n    <div style=\"font-size: 0.95rem; margin-top: 8px; color: #434343; opacity: 0.9;\">Como a mudan\u00e7a de perspectiva transforma a sa\u00fade emocional e a percep\u00e7\u00e3o do eu<\/div>\n  <\/div>\n\n  <div style=\"padding: 25px; display: flex; flex-wrap: wrap; gap: 20px;\">\n    \n    <div style=\"flex: 1 1 300px; background-color: #ffffff; border-radius: 8px; padding: 20px; border: 1px solid #bae7ff; box-shadow: 0 2px 5px rgba(0,0,0,0.02);\">\n      <h3 style=\"margin: 0 0 15px 0; color: #096dd9; font-size: 1.1rem; font-weight: bold; border-bottom: 1px solid #e6f7ff; padding-bottom: 8px;\">\n        \ud83d\udd04 Processamento de Pensamentos\n      <\/h3>\n      \n      <div style=\"margin-bottom: 12px;\">\n        <strong style=\"display: block; font-size: 0.85rem; color: #595959; text-transform: none; margin-bottom: 4px;\">Redu\u00e7\u00e3o e Foco<\/strong>\n        <div style=\"font-size: 0.95rem; line-height: 1.5; font-weight: 400;\">\n          Promove a <b>redu\u00e7\u00e3o de rumina\u00e7\u00f5es<\/b>, gastando menos tempo revivendo mentalmente situa\u00e7\u00f5es <b>negativas<\/b>. Al\u00e9m disso, permite a <b>amplia\u00e7\u00e3o do foco<\/b> para experi\u00eancias positivas ou neutras, e n\u00e3o apenas \u00e0s amea\u00e7as.\n        <\/div>\n      <\/div>\n    <\/div>\n\n    <div style=\"flex: 1 1 300px; background-color: #ffffff; border-radius: 8px; padding: 20px; border: 1px solid #bae7ff; box-shadow: 0 2px 5px rgba(0,0,0,0.02);\">\n      <h3 style=\"margin: 0 0 15px 0; color: #096dd9; font-size: 1.1rem; font-weight: bold; border-bottom: 1px solid #e6f7ff; padding-bottom: 8px;\">\n        \ud83e\udd1d Identidade e Conex\u00e3o\n      <\/h3>\n      \n      <div style=\"margin-bottom: 12px;\">\n        <strong style=\"display: block; font-size: 0.85rem; color: #595959; text-transform: none; margin-bottom: 4px;\">Pertencimento e Apoio<\/strong>\n        <div style=\"font-size: 0.95rem; line-height: 1.5; font-weight: 400;\">\n          Trabalha o <b>fortalecimento da identidade<\/b>, gerando a sensa\u00e7\u00e3o de ser algu\u00e9m <b>apoiado<\/b> e n\u00e3o completamente sozinho. Essa mudan\u00e7a \u00e9 essencial para construir uma base emocional s\u00f3lida e resiliente.\n        <\/div>\n      <\/div>\n    <\/div>\n\n  <\/div>\n<\/div>\n\n\n\n<h2 class=\"wp-block-heading\">Quais s\u00e3o os principais benef\u00edcios de ser agradecido no dia a dia<\/h2>\n\n\n\n<p>Na rotina, os <b>benef\u00edcios<\/b> de ser uma pessoa agradecida aparecem em v\u00e1rios n\u00edveis. Emocionalmente, h\u00e1 mais equil\u00edbrio entre <b>preocupa\u00e7\u00f5es<\/b> e reconhecimentos positivos. No campo social, o agradecimento aumenta a chance de intera\u00e7\u00f5es respeitosas, pois pequenas ajudas e colabora\u00e7\u00f5es passam a ser notadas e <b>mencionadas<\/b>.<\/p>\n\n\n\n<p>No corpo, estudos relacionam a pr\u00e1tica da <b>gratid\u00e3o<\/b> a melhor qualidade de sono e menos queixas de dores e fadiga. Com o tempo, a mente aprende a n\u00e3o ficar presa apenas aos <b>problemas<\/b>, abrindo espa\u00e7o para enxergar o que apoia e d\u00e1 <b>sentido<\/b> \u00e0 vida.<\/p>\n","protected":false},"excerpt":{"rendered":"<p>Voc\u00ea j\u00e1 reparou como algumas pessoas, mesmo em dias dif\u00edceis, conseguem encontrar algo de bom para reconhecer? Em vez de ignorar os problemas, elas olham com mais carinho para os apoios que recebem, para as chances que aparecem e para os aprendizados do dia a dia. A gratid\u00e3o, nesse sentido, n\u00e3o \u00e9 s\u00f3 uma palavra [&hellip;]<\/p>\n","protected":false},"author":9,"featured_media":175393,"comment_status":"open","ping_status":"open","sticky":false,"template":"","format":"standard","meta":{"jnews-multi-image_gallery":[],"jnews_single_post":{"format":"standard"},"jnews_primary_category":[],"jnews_social_meta":[],"jnews_override_counter":[],"footnotes":""},"categories":[8819,9053],"tags":[25379,5858,2545],"class_list":["post-175347","post","type-post","status-publish","format-standard","has-post-thumbnail","hentry","category-curiosidades","category-saude","tag-falar-obrigado","tag-gratidao","tag-psicologico"],"yoast_head":"<!-- This site is optimized with the Yoast SEO plugin v23.8 - https:\/\/yoast.com\/wordpress\/plugins\/seo\/ -->\n<title>O que significa quando uma pessoa diz &#039;obrigado&#039; muitas vezes, segundo a psicologia - Estado de Minas - Em foco<\/title>\n<meta name=\"description\" content=\"Descubra os benef\u00edcios de ser agradecido e como a gratid\u00e3o melhora rela\u00e7\u00f5es, reduz estresse e aumenta o bem-estar emocional.\" \/>\n<meta name=\"robots\" content=\"index, follow, max-snippet:-1, max-image-preview:large, max-video-preview:-1\" \/>\n<link rel=\"canonical\" href=\"https:\/\/www.em.com.br\/emfoco\/2026\/02\/28\/o-que-significa-quando-uma-pessoa-diz-obrigado-muitas-vezes-segundo-a-psicologia\/\" \/>\n<meta property=\"og:locale\" content=\"pt_BR\" \/>\n<meta property=\"og:type\" content=\"article\" \/>\n<meta property=\"og:title\" content=\"O que significa quando uma pessoa diz &#039;obrigado&#039; muitas vezes, segundo a psicologia - Estado de Minas - Em foco\" \/>\n<meta property=\"og:description\" content=\"Descubra os benef\u00edcios de ser agradecido e como a gratid\u00e3o melhora rela\u00e7\u00f5es, reduz estresse e aumenta o bem-estar emocional.\" \/>\n<meta property=\"og:url\" content=\"https:\/\/www.em.com.br\/emfoco\/2026\/02\/28\/o-que-significa-quando-uma-pessoa-diz-obrigado-muitas-vezes-segundo-a-psicologia\/\" \/>\n<meta property=\"og:site_name\" content=\"Estado de Minas - Em foco\" \/>\n<meta property=\"article:published_time\" content=\"2026-03-01T00:15:58+00:00\" \/>\n<meta property=\"article:modified_time\" content=\"2026-03-02T18:10:25+00:00\" \/>\n<meta property=\"og:image\" content=\"https:\/\/www.em.com.br\/emfoco\/wp-content\/uploads\/2026\/02\/Gemini_Generated_Image_jux5k5jux5k5jux5-1.png\" \/>\n\t<meta property=\"og:image:width\" content=\"1280\" \/>\n\t<meta property=\"og:image:height\" content=\"720\" \/>\n\t<meta property=\"og:image:type\" content=\"image\/png\" \/>\n<meta name=\"author\" content=\"Daniely Cardoso\" \/>\n<meta name=\"twitter:card\" content=\"summary_large_image\" \/>\n<meta name=\"twitter:label1\" content=\"Escrito por\" \/>\n\t<meta name=\"twitter:data1\" content=\"Daniely Cardoso\" \/>\n\t<meta name=\"twitter:label2\" content=\"Est. tempo de leitura\" \/>\n\t<meta name=\"twitter:data2\" content=\"5 minutos\" \/>\n<!-- \/ Yoast SEO plugin. -->","yoast_head_json":{"title":"O que significa quando uma pessoa diz 'obrigado' muitas vezes, segundo a psicologia - Estado de Minas - Em foco","description":"Descubra os benef\u00edcios de ser agradecido e como a gratid\u00e3o melhora rela\u00e7\u00f5es, reduz estresse e aumenta o bem-estar emocional.","robots":{"index":"index","follow":"follow","max-snippet":"max-snippet:-1","max-image-preview":"max-image-preview:large","max-video-preview":"max-video-preview:-1"},"canonical":"https:\/\/www.em.com.br\/emfoco\/2026\/02\/28\/o-que-significa-quando-uma-pessoa-diz-obrigado-muitas-vezes-segundo-a-psicologia\/","og_locale":"pt_BR","og_type":"article","og_title":"O que significa quando uma pessoa diz 'obrigado' muitas vezes, segundo a psicologia - Estado de Minas - Em foco","og_description":"Descubra os benef\u00edcios de ser agradecido e como a gratid\u00e3o melhora rela\u00e7\u00f5es, reduz estresse e aumenta o bem-estar emocional.","og_url":"https:\/\/www.em.com.br\/emfoco\/2026\/02\/28\/o-que-significa-quando-uma-pessoa-diz-obrigado-muitas-vezes-segundo-a-psicologia\/","og_site_name":"Estado de Minas - Em foco","article_published_time":"2026-03-01T00:15:58+00:00","article_modified_time":"2026-03-02T18:10:25+00:00","og_image":[{"width":1280,"height":720,"url":"https:\/\/www.em.com.br\/emfoco\/wp-content\/uploads\/2026\/02\/Gemini_Generated_Image_jux5k5jux5k5jux5-1.png","type":"image\/png"}],"author":"Daniely Cardoso","twitter_card":"summary_large_image","twitter_misc":{"Escrito por":"Daniely Cardoso","Est. tempo de leitura":"5 minutos"},"schema":{"@context":"https:\/\/schema.org","@graph":[{"@type":"WebPage","@id":"https:\/\/www.em.com.br\/emfoco\/2026\/02\/28\/o-que-significa-quando-uma-pessoa-diz-obrigado-muitas-vezes-segundo-a-psicologia\/","url":"https:\/\/www.em.com.br\/emfoco\/2026\/02\/28\/o-que-significa-quando-uma-pessoa-diz-obrigado-muitas-vezes-segundo-a-psicologia\/","name":"O que significa quando uma pessoa diz 'obrigado' muitas vezes, segundo a psicologia - Estado de Minas - Em foco","isPartOf":{"@id":"https:\/\/www.em.com.br\/emfoco\/#website"},"primaryImageOfPage":{"@id":"https:\/\/www.em.com.br\/emfoco\/2026\/02\/28\/o-que-significa-quando-uma-pessoa-diz-obrigado-muitas-vezes-segundo-a-psicologia\/#primaryimage"},"image":{"@id":"https:\/\/www.em.com.br\/emfoco\/2026\/02\/28\/o-que-significa-quando-uma-pessoa-diz-obrigado-muitas-vezes-segundo-a-psicologia\/#primaryimage"},"thumbnailUrl":"https:\/\/www.em.com.br\/emfoco\/wp-content\/uploads\/2026\/02\/Gemini_Generated_Image_jux5k5jux5k5jux5-1.png","datePublished":"2026-03-01T00:15:58+00:00","dateModified":"2026-03-02T18:10:25+00:00","author":{"@id":"https:\/\/www.em.com.br\/emfoco\/#\/schema\/person\/0a8186d72f2c3a5c6276d90b41f271a0"},"description":"Descubra os benef\u00edcios de ser agradecido e como a gratid\u00e3o melhora rela\u00e7\u00f5es, reduz estresse e aumenta o bem-estar emocional.","breadcrumb":{"@id":"https:\/\/www.em.com.br\/emfoco\/2026\/02\/28\/o-que-significa-quando-uma-pessoa-diz-obrigado-muitas-vezes-segundo-a-psicologia\/#breadcrumb"},"inLanguage":"pt-BR","potentialAction":[{"@type":"ReadAction","target":["https:\/\/www.em.com.br\/emfoco\/2026\/02\/28\/o-que-significa-quando-uma-pessoa-diz-obrigado-muitas-vezes-segundo-a-psicologia\/"]}]},{"@type":"ImageObject","inLanguage":"pt-BR","@id":"https:\/\/www.em.com.br\/emfoco\/2026\/02\/28\/o-que-significa-quando-uma-pessoa-diz-obrigado-muitas-vezes-segundo-a-psicologia\/#primaryimage","url":"https:\/\/www.em.com.br\/emfoco\/wp-content\/uploads\/2026\/02\/Gemini_Generated_Image_jux5k5jux5k5jux5-1.png","contentUrl":"https:\/\/www.em.com.br\/emfoco\/wp-content\/uploads\/2026\/02\/Gemini_Generated_Image_jux5k5jux5k5jux5-1.png","width":1280,"height":720,"caption":"Na psicologia, a gratid\u00e3o \u00e9 vista como uma mistura de emo\u00e7\u00e3o, atitude e jeito de pensar"},{"@type":"BreadcrumbList","@id":"https:\/\/www.em.com.br\/emfoco\/2026\/02\/28\/o-que-significa-quando-uma-pessoa-diz-obrigado-muitas-vezes-segundo-a-psicologia\/#breadcrumb","itemListElement":[{"@type":"ListItem","position":1,"name":"In\u00edcio","item":"https:\/\/www.em.com.br\/emfoco\/"},{"@type":"ListItem","position":2,"name":"O que significa quando uma pessoa diz &#8216;obrigado&#8217; muitas vezes, segundo a psicologia"}]},{"@type":"WebSite","@id":"https:\/\/www.em.com.br\/emfoco\/#website","url":"https:\/\/www.em.com.br\/emfoco\/","name":"Estado de Minas - Em foco","description":"Acompanhe as \u00faltimas not\u00edcias e fique bem informado sobre tudo o que acontece em Minas Gerais, Brasil e no mundo.","potentialAction":[{"@type":"SearchAction","target":{"@type":"EntryPoint","urlTemplate":"https:\/\/www.em.com.br\/emfoco\/?s={search_term_string}"},"query-input":{"@type":"PropertyValueSpecification","valueRequired":true,"valueName":"search_term_string"}}],"inLanguage":"pt-BR"},{"@type":"Person","@id":"https:\/\/www.em.com.br\/emfoco\/#\/schema\/person\/0a8186d72f2c3a5c6276d90b41f271a0","name":"Daniely Cardoso","image":{"@type":"ImageObject","inLanguage":"pt-BR","@id":"https:\/\/www.em.com.br\/emfoco\/#\/schema\/person\/image\/","url":"https:\/\/secure.gravatar.com\/avatar\/4b80ddbd124d1f071b626d52d62e5dff?s=96&d=mm&r=g","contentUrl":"https:\/\/secure.gravatar.com\/avatar\/4b80ddbd124d1f071b626d52d62e5dff?s=96&d=mm&r=g","caption":"Daniely Cardoso"},"url":"https:\/\/www.em.com.br\/emfoco\/author\/danielymyth\/"}]}},"_links":{"self":[{"href":"https:\/\/www.em.com.br\/emfoco\/wp-json\/wp\/v2\/posts\/175347","targetHints":{"allow":["GET"]}}],"collection":[{"href":"https:\/\/www.em.com.br\/emfoco\/wp-json\/wp\/v2\/posts"}],"about":[{"href":"https:\/\/www.em.com.br\/emfoco\/wp-json\/wp\/v2\/types\/post"}],"author":[{"embeddable":true,"href":"https:\/\/www.em.com.br\/emfoco\/wp-json\/wp\/v2\/users\/9"}],"replies":[{"embeddable":true,"href":"https:\/\/www.em.com.br\/emfoco\/wp-json\/wp\/v2\/comments?post=175347"}],"version-history":[{"count":3,"href":"https:\/\/www.em.com.br\/emfoco\/wp-json\/wp\/v2\/posts\/175347\/revisions"}],"predecessor-version":[{"id":176439,"href":"https:\/\/www.em.com.br\/emfoco\/wp-json\/wp\/v2\/posts\/175347\/revisions\/176439"}],"wp:featuredmedia":[{"embeddable":true,"href":"https:\/\/www.em.com.br\/emfoco\/wp-json\/wp\/v2\/media\/175393"}],"wp:attachment":[{"href":"https:\/\/www.em.com.br\/emfoco\/wp-json\/wp\/v2\/media?parent=175347"}],"wp:term":[{"taxonomy":"category","embeddable":true,"href":"https:\/\/www.em.com.br\/emfoco\/wp-json\/wp\/v2\/categories?post=175347"},{"taxonomy":"post_tag","embeddable":true,"href":"https:\/\/www.em.com.br\/emfoco\/wp-json\/wp\/v2\/tags?post=175347"}],"curies":[{"name":"wp","href":"https:\/\/api.w.org\/{rel}","templated":true}]}}