{"id":175346,"date":"2026-02-28T17:15:54","date_gmt":"2026-02-28T20:15:54","guid":{"rendered":"https:\/\/www.em.com.br\/emfoco\/?p=175346"},"modified":"2026-02-27T18:33:58","modified_gmt":"2026-02-27T21:33:58","slug":"o-que-significa-pegar-o-celular-assim-que-acorda-segundo-a-psicologia","status":"publish","type":"post","link":"https:\/\/www.em.com.br\/emfoco\/2026\/02\/28\/o-que-significa-pegar-o-celular-assim-que-acorda-segundo-a-psicologia\/","title":{"rendered":"O que significa pegar o celular assim que acorda, segundo a psicologia"},"content":{"rendered":"\n<p>Voc\u00ea j\u00e1 acordou, ainda meio sonolento, e a primeira coisa que fez foi esticar a m\u00e3o e pegar o <b>celular<\/b>? Para muita gente, esse gesto virou t\u00e3o autom\u00e1tico quanto desligar o despertador, e acaba dizendo muito sobre como estamos lidando com o in\u00edcio do dia, com a <b>ansiedade<\/b> e com essa sensa\u00e7\u00e3o de estar o tempo todo conectados ao mundo digital, influenciando diretamente o <b>humor<\/b> e a qualidade da aten\u00e7\u00e3o nas primeiras horas da manh\u00e3.<\/p>\n\n\n\n<h2 class=\"wp-block-heading\">O que significa olhar o celular assim que acorda<\/h2>\n\n\n\n<p>Na <b>psicologia<\/b>, o ato de verificar o celular ao despertar \u00e9 frequentemente associado \u00e0 forma como a mente tenta administrar incertezas e expectativas sobre o dia que come\u00e7a. Em muitos casos, esse comportamento est\u00e1 ligado a um estado de <b>hipervigil\u00e2ncia<\/b>, no qual a pessoa sente necessidade de se atualizar rapidamente para reduzir a sensa\u00e7\u00e3o de que algo pode estar fora de <b>controle<\/b>.<\/p>\n\n\n\n<p>A checagem inicial de mensagens e not\u00edcias funciona como uma esp\u00e9cie de \u201cvarredura\u201d mental para confirmar se tudo segue como esperado. Ao mesmo tempo, pode ser um jeito r\u00e1pido de buscar <b>seguran\u00e7a<\/b> emocional, como se o celular desse uma pr\u00e9via do que est\u00e1 por vir, evitando surpresas logo nas primeiras horas do dia e servindo at\u00e9 como um <b>h\u00e1bito<\/b> de autoprote\u00e7\u00e3o diante de rotinas muito exigentes.<\/p>\n\n\n<div class=\"wp-block-image\">\n<figure class=\"aligncenter size-large\"><img loading=\"lazy\" decoding=\"async\" width=\"1024\" height=\"576\" src=\"https:\/\/www.em.com.br\/emfoco\/wp-content\/uploads\/2026\/02\/Gemini_Generated_Image_ndxqe4ndxqe4ndxq-1-1024x576.png\" alt=\"\" class=\"wp-image-175390\" srcset=\"https:\/\/www.em.com.br\/emfoco\/wp-content\/uploads\/2026\/02\/Gemini_Generated_Image_ndxqe4ndxqe4ndxq-1-1024x576.png 1024w, https:\/\/www.em.com.br\/emfoco\/wp-content\/uploads\/2026\/02\/Gemini_Generated_Image_ndxqe4ndxqe4ndxq-1-300x169.png 300w, https:\/\/www.em.com.br\/emfoco\/wp-content\/uploads\/2026\/02\/Gemini_Generated_Image_ndxqe4ndxqe4ndxq-1-768x432.png 768w, https:\/\/www.em.com.br\/emfoco\/wp-content\/uploads\/2026\/02\/Gemini_Generated_Image_ndxqe4ndxqe4ndxq-1-750x422.png 750w, https:\/\/www.em.com.br\/emfoco\/wp-content\/uploads\/2026\/02\/Gemini_Generated_Image_ndxqe4ndxqe4ndxq-1-1140x641.png 1140w, https:\/\/www.em.com.br\/emfoco\/wp-content\/uploads\/2026\/02\/Gemini_Generated_Image_ndxqe4ndxqe4ndxq-1.png 1280w\" sizes=\"auto, (max-width: 1024px) 100vw, 1024px\" \/><figcaption class=\"wp-element-caption\">A checagem inicial de mensagens e not\u00edcias funciona como uma esp\u00e9cie de \u201cvarredura\u201d mental<\/figcaption><\/figure><\/div>\n\n\n<p>Leia tamb\u00e9m:&nbsp;<a href=\"https:\/\/www.em.com.br\/emfoco\/2026\/02\/27\/o-que-significa-lavar-sua-propria-xicara-na-casa-de-outra-pessoa-segundo-a-psicologia\/\" target=\"_blank\" rel=\"noopener\">O que significa lavar sua pr\u00f3pria x\u00edcara na casa de outra pessoa, segundo a psicologia<\/a><\/p>\n\n\n\n<h2 class=\"wp-block-heading\">Revisar o celular ao acordar \u00e9 sempre um problema<\/h2>\n\n\n\n<p>Do ponto de vista <b>emocional<\/b>, o h\u00e1bito de conferir o smartphone logo ao despertar n\u00e3o \u00e9, por si s\u00f3, um sinal de transtorno ou de algo necessariamente prejudicial. Em algumas rotinas, olhar o aparelho cedo pode ser apenas uma forma de organizar <b>hor\u00e1rios<\/b>, conferir a previs\u00e3o do tempo ou verificar recados urgentes, sem grande impacto no <b>humor<\/b>.<\/p>\n\n\n\n<p>O sinal de alerta aparece quando a primeira a\u00e7\u00e3o do dia vem acompanhada de <b>tens\u00e3o<\/b>, taquicardia, preocupa\u00e7\u00e3o imediata com mensagens n\u00e3o lidas ou medo constante de ter perdido algo importante. Nesses casos, o celular passa a funcionar como fonte central de <b>valida\u00e7\u00e3o<\/b> e de al\u00edvio moment\u00e2neo da ansiedade, podendo interferir at\u00e9 na qualidade do <b>sono<\/b> na noite seguinte.<\/p>\n\n\n\n<h2 class=\"wp-block-heading\">Quais fatores psicol\u00f3gicos podem estar por tr\u00e1s desse h\u00e1bito<\/h2>\n\n\n\n<p>Especialistas em comportamento descrevem v\u00e1rios elementos que costumam aparecer ligados ao ato de revisar o celular ao acordar, como a forte <b>necessidade<\/b> de controle. Para muitas pessoas, checar notifica\u00e7\u00f5es \u00e9 uma forma de mapear o dia e reduzir a sensa\u00e7\u00e3o de <b>imprevisibilidade<\/b> nas primeiras horas da manh\u00e3, especialmente em contextos profissionais muito competitivos.<\/p>\n\n\n\n<p>Outro ponto comum \u00e9 a busca de <b>valida\u00e7\u00e3o<\/b>, em que curtidas, coment\u00e1rios e respostas funcionam como um \u201cterm\u00f4metro\u201d afetivo. Em quem est\u00e1 mais sens\u00edvel \u00e0 aprova\u00e7\u00e3o externa, esse retorno imediato pode ganhar um peso grande, al\u00e9m de servir como fuga de pensamentos mais profundos ou sentimentos <b>inc\u00f4modos<\/b> logo ao despertar, contribuindo para um ciclo de depend\u00eancia de est\u00edmulos <b>digitais<\/b>. Separamos esse v\u00eddeo do canal <a href=\"https:\/\/www.youtube.com\/@GeronimoTheml\" target=\"_blank\" rel=\"noreferrer noopener\">Geronimo Theml<\/a> falando mais sobre esse h\u00e1bito:<\/p>\n\n\n\n<figure class=\"wp-block-embed is-type-video is-provider-youtube wp-block-embed-youtube wp-embed-aspect-16-9 wp-has-aspect-ratio\"><div class=\"wp-block-embed__wrapper\">\n<div class=\"jeg_video_container jeg_video_content\"><iframe loading=\"lazy\" title=\"2 motivos para jamais usar seu celular assim que voc\u00ea acorda \u2013 O celular faz mal?\" width=\"500\" height=\"281\" src=\"https:\/\/www.youtube.com\/embed\/cL78SettNuo?feature=oembed\" frameborder=\"0\" allow=\"accelerometer; autoplay; clipboard-write; encrypted-media; gyroscope; picture-in-picture; web-share\" referrerpolicy=\"strict-origin-when-cross-origin\" allowfullscreen><\/iframe><\/div>\n<\/div><\/figure>\n\n\n\n<h2 class=\"wp-block-heading\">Como tornar o despertar mais consciente mesmo usando o celular<\/h2>\n\n\n\n<p>Profissionais da \u00e1rea costumam recomendar que cada pessoa observe, com mais aten\u00e7\u00e3o, o que sente antes e depois de checar o aparelho ao acordar. A ideia n\u00e3o \u00e9 impor regras <b>r\u00edgidas<\/b>, mas incentivar uma rela\u00e7\u00e3o mais consciente, em que o celular n\u00e3o roube totalmente o primeiro contato com voc\u00ea mesmo ao iniciar o <b>dia<\/b>, favorecendo um come\u00e7o mais <b>equilibrado<\/b>.<\/p>\n\n\n\n<p>Uma forma simples de come\u00e7ar \u00e9 fazer pequenos ajustes na maneira como voc\u00ea usa o smartphone nos primeiros minutos ap\u00f3s acordar, criando um intervalo entre o despertar e a enxurrada de <b>informa\u00e7\u00f5es<\/b>. Alguns exemplos de mudan\u00e7as pr\u00e1ticas que podem ajudar:<\/p>\n\n\n\n<ul class=\"wp-block-list\">\n<li>Esperar alguns minutos antes de pegar o celular, respirando fundo ou alongando o <b>corpo<\/b>.<\/li>\n\n\n\n<li>Definir hor\u00e1rios espec\u00edficos para conferir mensagens e redes <b>sociais<\/b>.<\/li>\n\n\n\n<li>Desativar notifica\u00e7\u00f5es n\u00e3o essenciais durante a <b>noite<\/b> e nas primeiras horas da manh\u00e3.<\/li>\n\n\n\n<li>Utilizar o aparelho apenas para fun\u00e7\u00f5es <b>pr\u00e1ticas<\/b> nesse primeiro momento, como o alarme ou a <b>agenda<\/b>.<\/li>\n<\/ul>\n\n\n\n<p>Se voc\u00ea percebe que esse h\u00e1bito anda pesando no seu <b>humor<\/b>, experimente testar pequenas mudan\u00e7as por alguns dias e notar como se sente. Caso a sensa\u00e7\u00e3o de depend\u00eancia ou <b>ang\u00fastia<\/b> persista, considerar uma conversa com um profissional de sa\u00fade <b>mental<\/b> pode ser um passo importante, favorecendo um despertar mais leve, consciente e alinhado ao que voc\u00ea realmente precisa logo nas primeiras horas da manh\u00e3.<\/p>\n","protected":false},"excerpt":{"rendered":"<p>Voc\u00ea j\u00e1 acordou, ainda meio sonolento, e a primeira coisa que fez foi esticar a m\u00e3o e pegar o celular? Para muita gente, esse gesto virou t\u00e3o autom\u00e1tico quanto desligar o despertador, e acaba dizendo muito sobre como estamos lidando com o in\u00edcio do dia, com a ansiedade e com essa sensa\u00e7\u00e3o de estar o [&hellip;]<\/p>\n","protected":false},"author":9,"featured_media":175387,"comment_status":"open","ping_status":"open","sticky":false,"template":"","format":"standard","meta":{"jnews-multi-image_gallery":[],"jnews_single_post":{"format":"standard"},"jnews_primary_category":[],"jnews_social_meta":[],"jnews_override_counter":[],"footnotes":""},"categories":[8819,9053],"tags":[25378,5155,10962],"class_list":["post-175346","post","type-post","status-publish","format-standard","has-post-thumbnail","hentry","category-curiosidades","category-saude","tag-celular-ao-acordar","tag-psicologia","tag-tempo-de-tela"],"yoast_head":"<!-- This site is optimized with the Yoast SEO plugin v23.8 - https:\/\/yoast.com\/wordpress\/plugins\/seo\/ -->\n<title>O que significa pegar o celular assim que acorda, segundo a psicologia - Estado de Minas - Em foco<\/title>\n<meta name=\"description\" content=\"Entenda o que a psicologia diz sobre olhar o celular ao acordar e como esse h\u00e1bito pode afetar humor, ansiedade e foco.\" \/>\n<meta name=\"robots\" content=\"index, follow, max-snippet:-1, max-image-preview:large, max-video-preview:-1\" \/>\n<link rel=\"canonical\" href=\"https:\/\/www.em.com.br\/emfoco\/2026\/02\/28\/o-que-significa-pegar-o-celular-assim-que-acorda-segundo-a-psicologia\/\" \/>\n<meta property=\"og:locale\" content=\"pt_BR\" \/>\n<meta property=\"og:type\" content=\"article\" \/>\n<meta property=\"og:title\" content=\"O que significa pegar o celular assim que acorda, segundo a psicologia - Estado de Minas - Em foco\" \/>\n<meta property=\"og:description\" content=\"Entenda o que a psicologia diz sobre olhar o celular ao acordar e como esse h\u00e1bito pode afetar humor, ansiedade e foco.\" \/>\n<meta property=\"og:url\" content=\"https:\/\/www.em.com.br\/emfoco\/2026\/02\/28\/o-que-significa-pegar-o-celular-assim-que-acorda-segundo-a-psicologia\/\" \/>\n<meta property=\"og:site_name\" content=\"Estado de Minas - Em foco\" \/>\n<meta property=\"article:published_time\" content=\"2026-02-28T20:15:54+00:00\" \/>\n<meta property=\"article:modified_time\" content=\"2026-02-27T21:33:58+00:00\" \/>\n<meta property=\"og:image\" content=\"https:\/\/www.em.com.br\/emfoco\/wp-content\/uploads\/2026\/02\/Gemini_Generated_Image_7l4rad7l4rad7l4r-1.png\" \/>\n\t<meta property=\"og:image:width\" content=\"1280\" \/>\n\t<meta property=\"og:image:height\" content=\"720\" \/>\n\t<meta property=\"og:image:type\" content=\"image\/png\" \/>\n<meta name=\"author\" content=\"Daniely Cardoso\" \/>\n<meta name=\"twitter:card\" content=\"summary_large_image\" \/>\n<meta name=\"twitter:label1\" content=\"Escrito por\" \/>\n\t<meta name=\"twitter:data1\" content=\"Daniely Cardoso\" \/>\n\t<meta name=\"twitter:label2\" content=\"Est. tempo de leitura\" \/>\n\t<meta name=\"twitter:data2\" content=\"5 minutos\" \/>\n<!-- \/ Yoast SEO plugin. -->","yoast_head_json":{"title":"O que significa pegar o celular assim que acorda, segundo a psicologia - Estado de Minas - Em foco","description":"Entenda o que a psicologia diz sobre olhar o celular ao acordar e como esse h\u00e1bito pode afetar humor, ansiedade e foco.","robots":{"index":"index","follow":"follow","max-snippet":"max-snippet:-1","max-image-preview":"max-image-preview:large","max-video-preview":"max-video-preview:-1"},"canonical":"https:\/\/www.em.com.br\/emfoco\/2026\/02\/28\/o-que-significa-pegar-o-celular-assim-que-acorda-segundo-a-psicologia\/","og_locale":"pt_BR","og_type":"article","og_title":"O que significa pegar o celular assim que acorda, segundo a psicologia - Estado de Minas - Em foco","og_description":"Entenda o que a psicologia diz sobre olhar o celular ao acordar e como esse h\u00e1bito pode afetar humor, ansiedade e foco.","og_url":"https:\/\/www.em.com.br\/emfoco\/2026\/02\/28\/o-que-significa-pegar-o-celular-assim-que-acorda-segundo-a-psicologia\/","og_site_name":"Estado de Minas - Em foco","article_published_time":"2026-02-28T20:15:54+00:00","article_modified_time":"2026-02-27T21:33:58+00:00","og_image":[{"width":1280,"height":720,"url":"https:\/\/www.em.com.br\/emfoco\/wp-content\/uploads\/2026\/02\/Gemini_Generated_Image_7l4rad7l4rad7l4r-1.png","type":"image\/png"}],"author":"Daniely Cardoso","twitter_card":"summary_large_image","twitter_misc":{"Escrito por":"Daniely Cardoso","Est. tempo de leitura":"5 minutos"},"schema":{"@context":"https:\/\/schema.org","@graph":[{"@type":"WebPage","@id":"https:\/\/www.em.com.br\/emfoco\/2026\/02\/28\/o-que-significa-pegar-o-celular-assim-que-acorda-segundo-a-psicologia\/","url":"https:\/\/www.em.com.br\/emfoco\/2026\/02\/28\/o-que-significa-pegar-o-celular-assim-que-acorda-segundo-a-psicologia\/","name":"O que significa pegar o celular assim que acorda, segundo a psicologia - Estado de Minas - Em foco","isPartOf":{"@id":"https:\/\/www.em.com.br\/emfoco\/#website"},"primaryImageOfPage":{"@id":"https:\/\/www.em.com.br\/emfoco\/2026\/02\/28\/o-que-significa-pegar-o-celular-assim-que-acorda-segundo-a-psicologia\/#primaryimage"},"image":{"@id":"https:\/\/www.em.com.br\/emfoco\/2026\/02\/28\/o-que-significa-pegar-o-celular-assim-que-acorda-segundo-a-psicologia\/#primaryimage"},"thumbnailUrl":"https:\/\/www.em.com.br\/emfoco\/wp-content\/uploads\/2026\/02\/Gemini_Generated_Image_7l4rad7l4rad7l4r-1.png","datePublished":"2026-02-28T20:15:54+00:00","dateModified":"2026-02-27T21:33:58+00:00","author":{"@id":"https:\/\/www.em.com.br\/emfoco\/#\/schema\/person\/0a8186d72f2c3a5c6276d90b41f271a0"},"description":"Entenda o que a psicologia diz sobre olhar o celular ao acordar e como esse h\u00e1bito pode afetar humor, ansiedade e foco.","breadcrumb":{"@id":"https:\/\/www.em.com.br\/emfoco\/2026\/02\/28\/o-que-significa-pegar-o-celular-assim-que-acorda-segundo-a-psicologia\/#breadcrumb"},"inLanguage":"pt-BR","potentialAction":[{"@type":"ReadAction","target":["https:\/\/www.em.com.br\/emfoco\/2026\/02\/28\/o-que-significa-pegar-o-celular-assim-que-acorda-segundo-a-psicologia\/"]}]},{"@type":"ImageObject","inLanguage":"pt-BR","@id":"https:\/\/www.em.com.br\/emfoco\/2026\/02\/28\/o-que-significa-pegar-o-celular-assim-que-acorda-segundo-a-psicologia\/#primaryimage","url":"https:\/\/www.em.com.br\/emfoco\/wp-content\/uploads\/2026\/02\/Gemini_Generated_Image_7l4rad7l4rad7l4r-1.png","contentUrl":"https:\/\/www.em.com.br\/emfoco\/wp-content\/uploads\/2026\/02\/Gemini_Generated_Image_7l4rad7l4rad7l4r-1.png","width":1280,"height":720,"caption":"a psicologia, o ato de verificar o celular ao despertar \u00e9 frequentemente associado \u00e0 forma como a mente tenta administrar"},{"@type":"BreadcrumbList","@id":"https:\/\/www.em.com.br\/emfoco\/2026\/02\/28\/o-que-significa-pegar-o-celular-assim-que-acorda-segundo-a-psicologia\/#breadcrumb","itemListElement":[{"@type":"ListItem","position":1,"name":"In\u00edcio","item":"https:\/\/www.em.com.br\/emfoco\/"},{"@type":"ListItem","position":2,"name":"O que significa pegar o celular assim que acorda, segundo a psicologia"}]},{"@type":"WebSite","@id":"https:\/\/www.em.com.br\/emfoco\/#website","url":"https:\/\/www.em.com.br\/emfoco\/","name":"Estado de Minas - Em foco","description":"Acompanhe as \u00faltimas not\u00edcias e fique bem informado sobre tudo o que acontece em Minas Gerais, Brasil e no mundo.","potentialAction":[{"@type":"SearchAction","target":{"@type":"EntryPoint","urlTemplate":"https:\/\/www.em.com.br\/emfoco\/?s={search_term_string}"},"query-input":{"@type":"PropertyValueSpecification","valueRequired":true,"valueName":"search_term_string"}}],"inLanguage":"pt-BR"},{"@type":"Person","@id":"https:\/\/www.em.com.br\/emfoco\/#\/schema\/person\/0a8186d72f2c3a5c6276d90b41f271a0","name":"Daniely Cardoso","image":{"@type":"ImageObject","inLanguage":"pt-BR","@id":"https:\/\/www.em.com.br\/emfoco\/#\/schema\/person\/image\/","url":"https:\/\/secure.gravatar.com\/avatar\/4b80ddbd124d1f071b626d52d62e5dff?s=96&d=mm&r=g","contentUrl":"https:\/\/secure.gravatar.com\/avatar\/4b80ddbd124d1f071b626d52d62e5dff?s=96&d=mm&r=g","caption":"Daniely Cardoso"},"url":"https:\/\/www.em.com.br\/emfoco\/author\/danielymyth\/"}]}},"_links":{"self":[{"href":"https:\/\/www.em.com.br\/emfoco\/wp-json\/wp\/v2\/posts\/175346","targetHints":{"allow":["GET"]}}],"collection":[{"href":"https:\/\/www.em.com.br\/emfoco\/wp-json\/wp\/v2\/posts"}],"about":[{"href":"https:\/\/www.em.com.br\/emfoco\/wp-json\/wp\/v2\/types\/post"}],"author":[{"embeddable":true,"href":"https:\/\/www.em.com.br\/emfoco\/wp-json\/wp\/v2\/users\/9"}],"replies":[{"embeddable":true,"href":"https:\/\/www.em.com.br\/emfoco\/wp-json\/wp\/v2\/comments?post=175346"}],"version-history":[{"count":2,"href":"https:\/\/www.em.com.br\/emfoco\/wp-json\/wp\/v2\/posts\/175346\/revisions"}],"predecessor-version":[{"id":175391,"href":"https:\/\/www.em.com.br\/emfoco\/wp-json\/wp\/v2\/posts\/175346\/revisions\/175391"}],"wp:featuredmedia":[{"embeddable":true,"href":"https:\/\/www.em.com.br\/emfoco\/wp-json\/wp\/v2\/media\/175387"}],"wp:attachment":[{"href":"https:\/\/www.em.com.br\/emfoco\/wp-json\/wp\/v2\/media?parent=175346"}],"wp:term":[{"taxonomy":"category","embeddable":true,"href":"https:\/\/www.em.com.br\/emfoco\/wp-json\/wp\/v2\/categories?post=175346"},{"taxonomy":"post_tag","embeddable":true,"href":"https:\/\/www.em.com.br\/emfoco\/wp-json\/wp\/v2\/tags?post=175346"}],"curies":[{"name":"wp","href":"https:\/\/api.w.org\/{rel}","templated":true}]}}