{"id":17534,"date":"2025-02-16T16:40:00","date_gmt":"2025-02-16T19:40:00","guid":{"rendered":"https:\/\/www.em.com.br\/emfoco\/?p=17534"},"modified":"2025-02-06T23:28:47","modified_gmt":"2025-02-07T02:28:47","slug":"desconto-especial-no-ipva-2025-pode-aliviar-o-bolso-dos-motoristas","status":"publish","type":"post","link":"https:\/\/www.em.com.br\/emfoco\/2025\/02\/16\/desconto-especial-no-ipva-2025-pode-aliviar-o-bolso-dos-motoristas\/","title":{"rendered":"Desconto especial no IPVA 2025 pode aliviar o bolso dos motoristas"},"content":{"rendered":"\n<p>O <strong>Imposto sobre a Propriedade de Ve\u00edculos Automotores<\/strong> (IPVA) \u00e9 uma taxa anual que deve ser paga por todos os propriet\u00e1rios de ve\u00edculos no <strong><a href=\"https:\/\/www.em.com.br\/emfoco\/2025\/02\/02\/o-paraiso-secreto-do-brasil-que-esta-conquistando-turistas-do-mundo-todo\/\" target=\"_blank\" rel=\"noreferrer noopener\">Brasil<\/a><\/strong>. Em 2025, o per\u00edodo para quita\u00e7\u00e3o do imposto ser\u00e1 entre 3 e 7 de fevereiro, dependendo do \u00faltimo d\u00edgito da placa do ve\u00edculo. Optar pelo pagamento em cota \u00fanica oferece um desconto de 3% no valor total.<\/p>\n\n\n\n<p>Al\u00e9m disso, h\u00e1 um incentivo para aqueles que mantiveram seus pagamentos em dia nos anos anteriores. O programa &#8220;<strong><a href=\"https:\/\/www.gov.br\/transportes\/pt-br\/assuntos\/transito\/conteudo-Senatran\/registro-nacional-positivo-de-condutores\" target=\"_blank\" rel=\"noreferrer noopener\">Bom Pagador<\/a><\/strong>&#8221; concede um desconto adicional de 3% para contribuintes que n\u00e3o atrasaram o pagamento do IPVA em 2023 e 2024.<\/p>\n\n\n\n<h2 class=\"wp-block-heading\">Como s\u00e3o calculadas as al\u00edquotas do IPVA?<\/h2>\n\n\n\n<p>As al\u00edquotas do IPVA variam conforme o tipo de ve\u00edculo e s\u00e3o aplicadas sobre o valor venal do mesmo. Cada categoria de ve\u00edculo possui uma al\u00edquota espec\u00edfica, que determina o valor a ser pago.<\/p>\n\n\n\n<ul class=\"wp-block-list\">\n<li><strong>Autom\u00f3veis e ve\u00edculos de uso misto:<\/strong> 4%<\/li>\n\n\n\n<li><strong>Caminhonetes de carga:<\/strong> 3%<\/li>\n\n\n\n<li><strong>Ve\u00edculos de transporte p\u00fablico:<\/strong> 2%<\/li>\n\n\n\n<li><strong>Motocicletas:<\/strong> 2%<\/li>\n\n\n\n<li><strong>Ve\u00edculos de locadoras:<\/strong> 1%<\/li>\n<\/ul>\n\n\n\n<p>Para ve\u00edculos novos, o c\u00e1lculo \u00e9 baseado no pre\u00e7o da nota fiscal. J\u00e1 para os usados, utiliza-se a tabela <strong>Fipe<\/strong> do ano anterior. Ve\u00edculos importados t\u00eam o valor calculado a partir do documento de desembara\u00e7o aduaneiro.<\/p>\n\n\n\n<figure class=\"wp-block-image size-large\"><img loading=\"lazy\" decoding=\"async\" width=\"1024\" height=\"576\" src=\"https:\/\/www.em.com.br\/emfoco\/wp-content\/uploads\/2025\/01\/conta_1736558312788-1024x576.jpg\" alt=\"IPTU e IPVA em atraso? Saiba como evitar multas e juros!\" class=\"wp-image-9760\" srcset=\"https:\/\/www.em.com.br\/emfoco\/wp-content\/uploads\/2025\/01\/conta_1736558312788-1024x576.jpg 1024w, https:\/\/www.em.com.br\/emfoco\/wp-content\/uploads\/2025\/01\/conta_1736558312788-300x169.jpg 300w, https:\/\/www.em.com.br\/emfoco\/wp-content\/uploads\/2025\/01\/conta_1736558312788-768x432.jpg 768w, https:\/\/www.em.com.br\/emfoco\/wp-content\/uploads\/2025\/01\/conta_1736558312788-750x422.jpg 750w, https:\/\/www.em.com.br\/emfoco\/wp-content\/uploads\/2025\/01\/conta_1736558312788-1140x641.jpg 1140w, https:\/\/www.em.com.br\/emfoco\/wp-content\/uploads\/2025\/01\/conta_1736558312788.jpg 1280w\" sizes=\"auto, (max-width: 1024px) 100vw, 1024px\" \/><figcaption class=\"wp-element-caption\">Imagem Ilustrativa de Conta &#8211; Cr\u00e9ditos: depositphotos.com \/ pogonici<\/figcaption><\/figure>\n\n\n\n<h2 class=\"wp-block-heading\">Quais s\u00e3o as datas de pagamento do IPVA 2025?<\/h2>\n\n\n\n<p>O pagamento do IPVA pode ser parcelado ou feito em cota \u00fanica, com as datas de vencimento variando conforme o final da placa do ve\u00edculo. As datas s\u00e3o organizadas da seguinte forma:<\/p>\n\n\n\n<ol class=\"wp-block-list\">\n<li><strong>Placas com finais 1 e 2:<\/strong> 3 de fevereiro para cota \u00fanica ou primeira parcela, 6 de mar\u00e7o para a segunda parcela, e 7 de abril para a terceira parcela.<\/li>\n\n\n\n<li><strong>Placas com finais 3 e 4:<\/strong> 4 de fevereiro para cota \u00fanica ou primeira parcela, 7 de mar\u00e7o para a segunda parcela, e 8 de abril para a terceira parcela.<\/li>\n\n\n\n<li><strong>Placas com finais 5 e 6:<\/strong> 5 de fevereiro para cota \u00fanica ou primeira parcela, 10 de mar\u00e7o para a segunda parcela, e 9 de abril para a terceira parcela.<\/li>\n\n\n\n<li><strong>Placas com finais 7 e 8:<\/strong> 6 de fevereiro para cota \u00fanica ou primeira parcela, 11 de mar\u00e7o para a segunda parcela, e 10 de abril para a terceira parcela.<\/li>\n\n\n\n<li><strong>Placas com finais 9 e 0:<\/strong> 7 de fevereiro para cota \u00fanica ou primeira parcela, 12 de mar\u00e7o para a segunda parcela, e 11 de abril para a terceira parcela.<\/li>\n<\/ol>\n\n\n\n<h2 class=\"wp-block-heading\">Como consultar e questionar o valor do IPVA?<\/h2>\n\n\n\n<p>Os propriet\u00e1rios podem verificar o valor do IPVA no site da Secretaria de Estado da Fazenda. Para isso, \u00e9 necess\u00e1rio acessar a se\u00e7\u00e3o dedicada ao IPVA no menu de tributos. Caso haja discord\u00e2ncia em rela\u00e7\u00e3o ao valor cobrado, \u00e9 poss\u00edvel contestar o montante enviando um recurso \u00e0 <strong>Secretaria de Fazenda<\/strong> dentro de 15 dias ap\u00f3s a notifica\u00e7\u00e3o.<\/p>\n\n\n\n<p>O governo estadual espera arrecadar R$ 11,9 bilh\u00f5es com o IPVA em 2025, representando um aumento de 12% em compara\u00e7\u00e3o ao ano anterior. Este aumento \u00e9 atribu\u00eddo ao ajuste nas al\u00edquotas e \u00e0 valoriza\u00e7\u00e3o dos ve\u00edculos no mercado.<\/p>\n","protected":false},"excerpt":{"rendered":"<p>O Imposto sobre a Propriedade de Ve\u00edculos Automotores (IPVA) \u00e9 uma taxa anual que deve ser paga por todos os propriet\u00e1rios de ve\u00edculos no Brasil. Em 2025, o per\u00edodo para quita\u00e7\u00e3o do imposto ser\u00e1 entre 3 e 7 de fevereiro, dependendo do \u00faltimo d\u00edgito da placa do ve\u00edculo. Optar pelo pagamento em cota \u00fanica oferece [&hellip;]<\/p>\n","protected":false},"author":5,"featured_media":9999,"comment_status":"open","ping_status":"open","sticky":false,"template":"","format":"standard","meta":{"jnews-multi-image_gallery":[],"jnews_single_post":{"format":"standard"},"jnews_primary_category":[],"jnews_social_meta":[],"jnews_override_counter":[],"footnotes":""},"categories":[27,28,1],"tags":[1116,941,762],"class_list":["post-17534","post","type-post","status-publish","format-standard","has-post-thumbnail","hentry","category-carros","category-economia","category-noticias","tag-carros","tag-imposto","tag-ipva"],"yoast_head":"<!-- This site is optimized with the Yoast SEO plugin v23.8 - https:\/\/yoast.com\/wordpress\/plugins\/seo\/ -->\n<title>Desconto especial no IPVA 2025 pode aliviar o bolso dos motoristas - Estado de Minas - Em foco<\/title>\n<meta name=\"description\" content=\"Motoristas podem pagar menos ipva em 2025! Veja como funcionam os descontos, prazos de pagamento e formas de consulta do imposto.\" \/>\n<meta name=\"robots\" content=\"index, follow, max-snippet:-1, max-image-preview:large, max-video-preview:-1\" \/>\n<link rel=\"canonical\" href=\"https:\/\/www.em.com.br\/emfoco\/2025\/02\/16\/desconto-especial-no-ipva-2025-pode-aliviar-o-bolso-dos-motoristas\/\" \/>\n<meta property=\"og:locale\" content=\"pt_BR\" \/>\n<meta property=\"og:type\" content=\"article\" \/>\n<meta property=\"og:title\" content=\"Desconto especial no IPVA 2025 pode aliviar o bolso dos motoristas - Estado de Minas - Em foco\" \/>\n<meta property=\"og:description\" content=\"Motoristas podem pagar menos ipva em 2025! Veja como funcionam os descontos, prazos de pagamento e formas de consulta do imposto.\" \/>\n<meta property=\"og:url\" content=\"https:\/\/www.em.com.br\/emfoco\/2025\/02\/16\/desconto-especial-no-ipva-2025-pode-aliviar-o-bolso-dos-motoristas\/\" \/>\n<meta property=\"og:site_name\" content=\"Estado de Minas - Em foco\" \/>\n<meta property=\"article:published_time\" content=\"2025-02-16T19:40:00+00:00\" \/>\n<meta property=\"article:modified_time\" content=\"2025-02-07T02:28:47+00:00\" \/>\n<meta property=\"og:image\" content=\"https:\/\/www.em.com.br\/emfoco\/wp-content\/uploads\/2025\/01\/carros-automaticos_1736618917035.jpg\" \/>\n\t<meta property=\"og:image:width\" content=\"1280\" \/>\n\t<meta property=\"og:image:height\" content=\"720\" \/>\n\t<meta property=\"og:image:type\" content=\"image\/jpeg\" \/>\n<meta name=\"author\" content=\"N\u00fabia Rangel\" \/>\n<meta name=\"twitter:card\" content=\"summary_large_image\" \/>\n<meta name=\"twitter:label1\" content=\"Escrito por\" \/>\n\t<meta name=\"twitter:data1\" content=\"N\u00fabia Rangel\" \/>\n\t<meta name=\"twitter:label2\" content=\"Est. tempo de leitura\" \/>\n\t<meta name=\"twitter:data2\" content=\"4 minutos\" \/>\n<!-- \/ Yoast SEO plugin. -->","yoast_head_json":{"title":"Desconto especial no IPVA 2025 pode aliviar o bolso dos motoristas - Estado de Minas - Em foco","description":"Motoristas podem pagar menos ipva em 2025! Veja como funcionam os descontos, prazos de pagamento e formas de consulta do imposto.","robots":{"index":"index","follow":"follow","max-snippet":"max-snippet:-1","max-image-preview":"max-image-preview:large","max-video-preview":"max-video-preview:-1"},"canonical":"https:\/\/www.em.com.br\/emfoco\/2025\/02\/16\/desconto-especial-no-ipva-2025-pode-aliviar-o-bolso-dos-motoristas\/","og_locale":"pt_BR","og_type":"article","og_title":"Desconto especial no IPVA 2025 pode aliviar o bolso dos motoristas - Estado de Minas - Em foco","og_description":"Motoristas podem pagar menos ipva em 2025! Veja como funcionam os descontos, prazos de pagamento e formas de consulta do imposto.","og_url":"https:\/\/www.em.com.br\/emfoco\/2025\/02\/16\/desconto-especial-no-ipva-2025-pode-aliviar-o-bolso-dos-motoristas\/","og_site_name":"Estado de Minas - Em foco","article_published_time":"2025-02-16T19:40:00+00:00","article_modified_time":"2025-02-07T02:28:47+00:00","og_image":[{"width":1280,"height":720,"url":"https:\/\/www.em.com.br\/emfoco\/wp-content\/uploads\/2025\/01\/carros-automaticos_1736618917035.jpg","type":"image\/jpeg"}],"author":"N\u00fabia Rangel","twitter_card":"summary_large_image","twitter_misc":{"Escrito por":"N\u00fabia Rangel","Est. tempo de leitura":"4 minutos"},"schema":{"@context":"https:\/\/schema.org","@graph":[{"@type":"WebPage","@id":"https:\/\/www.em.com.br\/emfoco\/2025\/02\/16\/desconto-especial-no-ipva-2025-pode-aliviar-o-bolso-dos-motoristas\/","url":"https:\/\/www.em.com.br\/emfoco\/2025\/02\/16\/desconto-especial-no-ipva-2025-pode-aliviar-o-bolso-dos-motoristas\/","name":"Desconto especial no IPVA 2025 pode aliviar o bolso dos motoristas - Estado de Minas - Em foco","isPartOf":{"@id":"https:\/\/www.em.com.br\/emfoco\/#website"},"primaryImageOfPage":{"@id":"https:\/\/www.em.com.br\/emfoco\/2025\/02\/16\/desconto-especial-no-ipva-2025-pode-aliviar-o-bolso-dos-motoristas\/#primaryimage"},"image":{"@id":"https:\/\/www.em.com.br\/emfoco\/2025\/02\/16\/desconto-especial-no-ipva-2025-pode-aliviar-o-bolso-dos-motoristas\/#primaryimage"},"thumbnailUrl":"https:\/\/www.em.com.br\/emfoco\/wp-content\/uploads\/2025\/01\/carros-automaticos_1736618917035.jpg","datePublished":"2025-02-16T19:40:00+00:00","dateModified":"2025-02-07T02:28:47+00:00","author":{"@id":"https:\/\/www.em.com.br\/emfoco\/#\/schema\/person\/524437ef54f8a5d32591b143307f2e20"},"description":"Motoristas podem pagar menos ipva em 2025! Veja como funcionam os descontos, prazos de pagamento e formas de consulta do imposto.","breadcrumb":{"@id":"https:\/\/www.em.com.br\/emfoco\/2025\/02\/16\/desconto-especial-no-ipva-2025-pode-aliviar-o-bolso-dos-motoristas\/#breadcrumb"},"inLanguage":"pt-BR","potentialAction":[{"@type":"ReadAction","target":["https:\/\/www.em.com.br\/emfoco\/2025\/02\/16\/desconto-especial-no-ipva-2025-pode-aliviar-o-bolso-dos-motoristas\/"]}]},{"@type":"ImageObject","inLanguage":"pt-BR","@id":"https:\/\/www.em.com.br\/emfoco\/2025\/02\/16\/desconto-especial-no-ipva-2025-pode-aliviar-o-bolso-dos-motoristas\/#primaryimage","url":"https:\/\/www.em.com.br\/emfoco\/wp-content\/uploads\/2025\/01\/carros-automaticos_1736618917035.jpg","contentUrl":"https:\/\/www.em.com.br\/emfoco\/wp-content\/uploads\/2025\/01\/carros-automaticos_1736618917035.jpg","width":1280,"height":720,"caption":"Carro - Cr\u00e9ditos: depositphotos.com \/ bjjenzor@gmail.com"},{"@type":"BreadcrumbList","@id":"https:\/\/www.em.com.br\/emfoco\/2025\/02\/16\/desconto-especial-no-ipva-2025-pode-aliviar-o-bolso-dos-motoristas\/#breadcrumb","itemListElement":[{"@type":"ListItem","position":1,"name":"In\u00edcio","item":"https:\/\/www.em.com.br\/emfoco\/"},{"@type":"ListItem","position":2,"name":"Desconto especial no IPVA 2025 pode aliviar o bolso dos motoristas"}]},{"@type":"WebSite","@id":"https:\/\/www.em.com.br\/emfoco\/#website","url":"https:\/\/www.em.com.br\/emfoco\/","name":"Estado de Minas - Em foco","description":"Acompanhe as \u00faltimas not\u00edcias e fique bem informado sobre tudo o que acontece em Minas Gerais, Brasil e no mundo.","potentialAction":[{"@type":"SearchAction","target":{"@type":"EntryPoint","urlTemplate":"https:\/\/www.em.com.br\/emfoco\/?s={search_term_string}"},"query-input":{"@type":"PropertyValueSpecification","valueRequired":true,"valueName":"search_term_string"}}],"inLanguage":"pt-BR"},{"@type":"Person","@id":"https:\/\/www.em.com.br\/emfoco\/#\/schema\/person\/524437ef54f8a5d32591b143307f2e20","name":"N\u00fabia Rangel","image":{"@type":"ImageObject","inLanguage":"pt-BR","@id":"https:\/\/www.em.com.br\/emfoco\/#\/schema\/person\/image\/","url":"https:\/\/secure.gravatar.com\/avatar\/47cff2827a5ba23c37e8068c86817ea4?s=96&d=mm&r=g","contentUrl":"https:\/\/secure.gravatar.com\/avatar\/47cff2827a5ba23c37e8068c86817ea4?s=96&d=mm&r=g","caption":"N\u00fabia Rangel"},"sameAs":["https:\/\/www.em.com.br\/emfoco\/"],"url":"https:\/\/www.em.com.br\/emfoco\/author\/nubiamyth\/"}]}},"_links":{"self":[{"href":"https:\/\/www.em.com.br\/emfoco\/wp-json\/wp\/v2\/posts\/17534","targetHints":{"allow":["GET"]}}],"collection":[{"href":"https:\/\/www.em.com.br\/emfoco\/wp-json\/wp\/v2\/posts"}],"about":[{"href":"https:\/\/www.em.com.br\/emfoco\/wp-json\/wp\/v2\/types\/post"}],"author":[{"embeddable":true,"href":"https:\/\/www.em.com.br\/emfoco\/wp-json\/wp\/v2\/users\/5"}],"replies":[{"embeddable":true,"href":"https:\/\/www.em.com.br\/emfoco\/wp-json\/wp\/v2\/comments?post=17534"}],"version-history":[{"count":2,"href":"https:\/\/www.em.com.br\/emfoco\/wp-json\/wp\/v2\/posts\/17534\/revisions"}],"predecessor-version":[{"id":17537,"href":"https:\/\/www.em.com.br\/emfoco\/wp-json\/wp\/v2\/posts\/17534\/revisions\/17537"}],"wp:featuredmedia":[{"embeddable":true,"href":"https:\/\/www.em.com.br\/emfoco\/wp-json\/wp\/v2\/media\/9999"}],"wp:attachment":[{"href":"https:\/\/www.em.com.br\/emfoco\/wp-json\/wp\/v2\/media?parent=17534"}],"wp:term":[{"taxonomy":"category","embeddable":true,"href":"https:\/\/www.em.com.br\/emfoco\/wp-json\/wp\/v2\/categories?post=17534"},{"taxonomy":"post_tag","embeddable":true,"href":"https:\/\/www.em.com.br\/emfoco\/wp-json\/wp\/v2\/tags?post=17534"}],"curies":[{"name":"wp","href":"https:\/\/api.w.org\/{rel}","templated":true}]}}