{"id":175328,"date":"2026-02-28T09:25:05","date_gmt":"2026-02-28T12:25:05","guid":{"rendered":"https:\/\/www.em.com.br\/emfoco\/?p=175328"},"modified":"2026-02-27T19:47:45","modified_gmt":"2026-02-27T22:47:45","slug":"exercicios-leves-como-idosos-podem-se-manter-ativos-e-seguros-sem-sair-de-casa","status":"publish","type":"post","link":"https:\/\/www.em.com.br\/emfoco\/2026\/02\/28\/exercicios-leves-como-idosos-podem-se-manter-ativos-e-seguros-sem-sair-de-casa\/","title":{"rendered":"Exerc\u00edcios leves: como idosos podem se manter ativos e seguros sem sair de casa"},"content":{"rendered":"\n<p>Dona Maria, 72 anos, percebeu que subir o degrau da porta estava mais dif\u00edcil. Em vez de desistir, decidiu come\u00e7ar a se <b>exercitar<\/b> dentro da pr\u00f3pria <b>sala<\/b>. Assim como ela, muitos idosos podem se beneficiar de <strong>exerc\u00edcios<\/strong> leves para idosos feitos na sala de casa, sem precisar enfrentar rua, tr\u00e2nsito ou clima ruim, cuidando da sa\u00fade de forma simples e poss\u00edvel.<\/p>\n\n\n\n<h2 class=\"wp-block-heading\">Por que exerc\u00edcios leves em casa ajudam tanto na terceira idade<\/h2>\n\n\n\n<p>Com o passar dos anos, manter o <b>corpo<\/b> em movimento deixa de ser conselho distante e vira um cuidado <b>b\u00e1sico<\/b>. Sair de casa pode ser complicado por dor, falta de <b>equil\u00edbrio<\/b>, inseguran\u00e7a ou at\u00e9 medo de cair, e \u00e9 a\u00ed que os exerc\u00edcios na sala se tornam grandes aliados.<\/p>\n\n\n\n<p>Essas atividades n\u00e3o exigem aparelhos, podem ser encaixadas na <b>rotina<\/b> e preservam a <b>autonomia<\/b>. Feitos com calma, aten\u00e7\u00e3o \u00e0 <b>respira\u00e7\u00e3o<\/b> e \u00e0 postura, ajudam a manter a independ\u00eancia em tarefas simples, como levantar da cama, tomar banho e caminhar pela casa.<\/p>\n\n\n\n<figure class=\"wp-block-embed is-type-rich is-provider-pinterest wp-block-embed-pinterest\"><div class=\"wp-block-embed__wrapper\">\n<iframe loading=\"lazy\" title=\"6 exerc\u00edcios obrigat\u00f3rios para adultos de todas as idades!   Fique forte e saud\u00e1vel com estes movimentos simples!   1. Sente-se em p\u00e9 (10 repeti\u00e7\u00f5es)  \ud83d\udd39Fortalece as pernas e melhora o equil\u00edbrio. Simplesmente sente-se em uma cadeira, levante-se e depois sente-se novamente.   2. Marcha lenta com joelhos altos (45 segundos)  \ud83d\udd39 Aumenta a frequ\u00eancia card\u00edaca e melhora o equil\u00edbrio e a coordena\u00e7\u00e3o. Levante os joelhos, um de cada vez, o mais alto que puder, em um ritmo lento e constante.   3. Eleva...\" src=\"https:\/\/assets.pinterest.com\/ext\/embed.html?id=9781324186799440&#038;src=oembed\" height=\"898\" width=\"450\" frameborder=\"0\" scrolling=\"no\" ><\/iframe>\n<\/div><\/figure>\n\n\n\n<p>Leia tamb\u00e9m:&nbsp;<a href=\"https:\/\/www.em.com.br\/emfoco\/2026\/02\/08\/quando-a-rotina-pesa-cuidar-da-saude-parece-impossivel-dicas-para-tornar-o-autocuidado-viavel\/\" target=\"_blank\" rel=\"noopener\">Quando a rotina pesa, cuidar da sa\u00fade parece imposs\u00edvel: dicas para tornar o autocuidado vi\u00e1vel<\/a><\/p>\n\n\n\n<h2 class=\"wp-block-heading\">Quais benef\u00edcios os exerc\u00edcios leves trazem para o dia a dia do idoso<\/h2>\n\n\n\n<p>Entre as principais preocupa\u00e7\u00f5es na terceira idade est\u00e3o a perda de <b>for\u00e7a<\/b>, a rigidez nas <b>articula\u00e7\u00f5es<\/b> e o medo de quedas. A pr\u00e1tica regular de <strong>atividades<\/strong> f\u00edsicas suaves dentro de casa ajuda a manter m\u00fasculos e articula\u00e7\u00f5es ativas, facilitando movimentos como sentar, levantar, alcan\u00e7ar objetos e dar passos mais firmes.<\/p>\n\n\n\n<p>Al\u00e9m da mobilidade, movimentar o corpo melhora a <b>circula\u00e7\u00e3o<\/b>, o sono e o <b>humor<\/b>, e auxilia no controle de doen\u00e7as cr\u00f4nicas, como hipertens\u00e3o e <b>diabetes<\/b>, quando acompanhada de acompanhamento m\u00e9dico. Criar um pequeno \u201critual\u201d de exerc\u00edcios na sala tamb\u00e9m d\u00e1 mais estrutura ao dia e traz a sensa\u00e7\u00e3o de cuidado consigo mesmo.<\/p>\n\n\n\n<figure class=\"wp-block-embed is-type-rich is-provider-pinterest wp-block-embed-pinterest\"><div class=\"wp-block-embed__wrapper\">\n<iframe loading=\"lazy\" title=\" \" src=\"https:\/\/assets.pinterest.com\/ext\/embed.html?id=12244230230804145&#038;src=oembed\" height=\"899\" width=\"450\" frameborder=\"0\" scrolling=\"no\" ><\/iframe>\n<\/div><\/figure>\n\n\n\n<h2 class=\"wp-block-heading\">Quais s\u00e3o os melhores exerc\u00edcios leves para idosos feitos na sala de casa<\/h2>\n\n\n\n<p>Os exerc\u00edcios ideais para a sala s\u00e3o simples, de baixo <b>impacto<\/b> e com pouco <b>deslocamento<\/b>. O objetivo n\u00e3o \u00e9 cansar demais, mas estimular o <b>corpo<\/b> com regularidade e seguran\u00e7a, usando o que j\u00e1 existe em casa, como cadeira, parede ou at\u00e9 uma garrafa com \u00e1gua.<\/p>\n\n\n\n<p>Para organizar melhor, costuma-se dividir as atividades em tr\u00eas grupos: <strong>mobilidade<\/strong> e aquecimento, <strong>fortalecimento<\/strong> e <strong>relaxamento<\/strong>. Abaixo, alguns exemplos pr\u00e1ticos que podem ser adaptados conforme o <b>ritmo<\/b> e a condi\u00e7\u00e3o de cada pessoa:<\/p>\n\n\n\n<ul class=\"wp-block-list\">\n<li><strong>Caminhada<\/strong> estacion\u00e1ria: andar no mesmo lugar, levantando levemente os <b>p\u00e9s<\/b>, por 1 a 3 minutos, no pr\u00f3prio <b>ritmo<\/b>.<\/li>\n\n\n\n<li><strong>Eleva\u00e7\u00e3o<\/strong> de bra\u00e7os: elevar e abaixar os bra\u00e7os lentamente, com ou sem objetos leves, como garrafas pequenas com <b>\u00e1gua<\/b>.<\/li>\n\n\n\n<li><strong>Sentar<\/strong> e levantar: levantar da cadeira e sentar novamente, com calma, apoiando-se no encosto ou nos <b>bra\u00e7os<\/b>, se precisar.<\/li>\n\n\n\n<li><strong>Pontas<\/strong> e calcanhares: em p\u00e9, segurando no encosto da <b>cadeira<\/b>, alternar entre ficar na ponta dos p\u00e9s e apoiar os <b>calcanhares<\/b> no ch\u00e3o.<\/li>\n\n\n\n<li><strong>Alongamento<\/strong> de pesco\u00e7o e ombros: inclinar a cabe\u00e7a suavemente para os lados e fazer movimentos circulares com os <b>ombros<\/b>.<\/li>\n<\/ul>\n\n\n\n<p>Para voc\u00ea que gosta de se cuidar, separamos um v\u00eddeo do canal do <a href=\"https:\/\/www.youtube.com\/@aurelioalfieri\" target=\"_blank\" rel=\"noreferrer noopener\">Aur\u00e9lio Alfieri<\/a> com uma lista de exerc\u00edcios para fazer em casa:<\/p>\n\n\n\n<figure class=\"wp-block-embed is-type-video is-provider-youtube wp-block-embed-youtube wp-embed-aspect-16-9 wp-has-aspect-ratio\"><div class=\"wp-block-embed__wrapper\">\n<div class=\"jeg_video_container jeg_video_content\"><iframe loading=\"lazy\" title=\"EXERC\u00cdCIOS PARA IDOSOS EM CASA | Treino COMPLETO para Terceira Idade em Quarentena | N\u00edvel 3\" width=\"500\" height=\"281\" src=\"https:\/\/www.youtube.com\/embed\/9cKe2I-Ta14?start=3&#038;feature=oembed\" frameborder=\"0\" allow=\"accelerometer; autoplay; clipboard-write; encrypted-media; gyroscope; picture-in-picture; web-share\" referrerpolicy=\"strict-origin-when-cross-origin\" allowfullscreen><\/iframe><\/div>\n<\/div><\/figure>\n\n\n\n<h2 class=\"wp-block-heading\">Como montar uma rotina segura de exerc\u00edcios leves na sala<\/h2>\n\n\n\n<p>Antes de come\u00e7ar, \u00e9 importante conversar com um <b>m\u00e9dico<\/b> ou fisioterapeuta, especialmente se houver doen\u00e7as cr\u00f4nicas, dores frequentes, falta de <b>equil\u00edbrio<\/b> ou hist\u00f3rico de quedas. Com a libera\u00e7\u00e3o em m\u00e3os, o pr\u00f3ximo passo \u00e9 preparar o ambiente para evitar sustos e acidentes.<\/p>\n\n\n\n<p>Vale afastar tapetes escorregadios, tirar objetos do <b>caminho<\/b> e escolher uma cadeira firme, sem rodinhas, de prefer\u00eancia com encosto e apoio para os <b>bra\u00e7os<\/b>. Come\u00e7ar com poucos minutos por dia, em torno de 10 a 20 minutos, e aumentar devagar \u00e9 mais <b>seguro<\/b> do que querer fazer tudo de uma vez.<\/p>\n\n\n\n<figure class=\"wp-block-embed is-type-rich is-provider-pinterest wp-block-embed-pinterest\"><div class=\"wp-block-embed__wrapper\">\n<iframe loading=\"lazy\" title=\"4 Exerc\u00edcios f\u00e1ceis para idosos!\ud83d\ude00  Me siga e receba exerc\u00edcios f\u00e1ceis todos os dias.   #treinoemcasa #exercicioemcasa #caminhadaemcasa #exerciciofacil #treinofacil\" src=\"https:\/\/assets.pinterest.com\/ext\/embed.html?id=4503668372338918&#038;src=oembed\" height=\"899\" width=\"450\" frameborder=\"0\" scrolling=\"no\" ><\/iframe>\n<\/div><\/figure>\n\n\n\n<h2 class=\"wp-block-heading\">Quais cuidados extras aumentam a seguran\u00e7a e a motiva\u00e7\u00e3o<\/h2>\n\n\n\n<p>Manter a motiva\u00e7\u00e3o pode ser dif\u00edcil, principalmente quando h\u00e1 <b>dor<\/b>, cansa\u00e7o ou des\u00e2nimo. Pequenas estrat\u00e9gias ajudam muito: escolher um hor\u00e1rio <b>fixo<\/b>, avisar algu\u00e9m da fam\u00edlia que ir\u00e1 se exercitar e transformar esse momento em um compromisso consigo mesmo.<\/p>\n\n\n\n<p>Hidratar-se antes e depois, usar roupas <b>confort\u00e1veis<\/b> e cal\u00e7ado fechado com solado <b>antiderrapante<\/b> tornam a pr\u00e1tica mais agrad\u00e1vel. Se poss\u00edvel, contar com a presen\u00e7a de um familiar ou <b>cuidador<\/b> em casa aumenta a sensa\u00e7\u00e3o de seguran\u00e7a e deixa o idoso mais confiante para se mexer todos os dias.<\/p>\n","protected":false},"excerpt":{"rendered":"<p>Dona Maria, 72 anos, percebeu que subir o degrau da porta estava mais dif\u00edcil. Em vez de desistir, decidiu come\u00e7ar a se exercitar dentro da pr\u00f3pria sala. Assim como ela, muitos idosos podem se beneficiar de exerc\u00edcios leves para idosos feitos na sala de casa, sem precisar enfrentar rua, tr\u00e2nsito ou clima ruim, cuidando da [&hellip;]<\/p>\n","protected":false},"author":9,"featured_media":175417,"comment_status":"open","ping_status":"open","sticky":false,"template":"","format":"standard","meta":{"jnews-multi-image_gallery":[],"jnews_single_post":{"format":"standard"},"jnews_primary_category":[],"jnews_social_meta":[],"jnews_override_counter":[],"footnotes":""},"categories":[8691,8819,1],"tags":[14033,260,25377],"class_list":["post-175328","post","type-post","status-publish","format-standard","has-post-thumbnail","hentry","category-bem-estar","category-curiosidades","category-noticias","tag-exercicios-leves","tag-idosos","tag-sala-de-casa"],"yoast_head":"<!-- This site is optimized with the Yoast SEO plugin v23.8 - https:\/\/yoast.com\/wordpress\/plugins\/seo\/ -->\n<title>Exerc\u00edcios leves: como idosos podem se manter ativos e seguros sem sair de casa - Estado de Minas - Em foco<\/title>\n<meta name=\"description\" content=\"Recupere sua mobilidade sem sair de casa! Conhe\u00e7a exerc\u00edcios leves e seguros para fortalecer o corpo na melhor idade\" \/>\n<meta name=\"robots\" content=\"index, follow, max-snippet:-1, max-image-preview:large, max-video-preview:-1\" \/>\n<link rel=\"canonical\" href=\"https:\/\/www.em.com.br\/emfoco\/2026\/02\/28\/exercicios-leves-como-idosos-podem-se-manter-ativos-e-seguros-sem-sair-de-casa\/\" \/>\n<meta property=\"og:locale\" content=\"pt_BR\" \/>\n<meta property=\"og:type\" content=\"article\" \/>\n<meta property=\"og:title\" content=\"Exerc\u00edcios leves: como idosos podem se manter ativos e seguros sem sair de casa - Estado de Minas - Em foco\" \/>\n<meta property=\"og:description\" content=\"Recupere sua mobilidade sem sair de casa! Conhe\u00e7a exerc\u00edcios leves e seguros para fortalecer o corpo na melhor idade\" \/>\n<meta property=\"og:url\" content=\"https:\/\/www.em.com.br\/emfoco\/2026\/02\/28\/exercicios-leves-como-idosos-podem-se-manter-ativos-e-seguros-sem-sair-de-casa\/\" \/>\n<meta property=\"og:site_name\" content=\"Estado de Minas - Em foco\" \/>\n<meta property=\"article:published_time\" content=\"2026-02-28T12:25:05+00:00\" \/>\n<meta property=\"article:modified_time\" content=\"2026-02-27T22:47:45+00:00\" \/>\n<meta property=\"og:image\" content=\"https:\/\/www.em.com.br\/emfoco\/wp-content\/uploads\/2026\/02\/exercicios-terceira-idade_1772229631502.jpg\" \/>\n\t<meta property=\"og:image:width\" content=\"1280\" \/>\n\t<meta property=\"og:image:height\" content=\"720\" \/>\n\t<meta property=\"og:image:type\" content=\"image\/jpeg\" \/>\n<meta name=\"author\" content=\"Daniely Cardoso\" \/>\n<meta name=\"twitter:card\" content=\"summary_large_image\" \/>\n<meta name=\"twitter:label1\" content=\"Escrito por\" \/>\n\t<meta name=\"twitter:data1\" content=\"Daniely Cardoso\" \/>\n\t<meta name=\"twitter:label2\" content=\"Est. tempo de leitura\" \/>\n\t<meta name=\"twitter:data2\" content=\"5 minutos\" \/>\n<!-- \/ Yoast SEO plugin. -->","yoast_head_json":{"title":"Exerc\u00edcios leves: como idosos podem se manter ativos e seguros sem sair de casa - Estado de Minas - Em foco","description":"Recupere sua mobilidade sem sair de casa! Conhe\u00e7a exerc\u00edcios leves e seguros para fortalecer o corpo na melhor idade","robots":{"index":"index","follow":"follow","max-snippet":"max-snippet:-1","max-image-preview":"max-image-preview:large","max-video-preview":"max-video-preview:-1"},"canonical":"https:\/\/www.em.com.br\/emfoco\/2026\/02\/28\/exercicios-leves-como-idosos-podem-se-manter-ativos-e-seguros-sem-sair-de-casa\/","og_locale":"pt_BR","og_type":"article","og_title":"Exerc\u00edcios leves: como idosos podem se manter ativos e seguros sem sair de casa - Estado de Minas - Em foco","og_description":"Recupere sua mobilidade sem sair de casa! Conhe\u00e7a exerc\u00edcios leves e seguros para fortalecer o corpo na melhor idade","og_url":"https:\/\/www.em.com.br\/emfoco\/2026\/02\/28\/exercicios-leves-como-idosos-podem-se-manter-ativos-e-seguros-sem-sair-de-casa\/","og_site_name":"Estado de Minas - Em foco","article_published_time":"2026-02-28T12:25:05+00:00","article_modified_time":"2026-02-27T22:47:45+00:00","og_image":[{"width":1280,"height":720,"url":"https:\/\/www.em.com.br\/emfoco\/wp-content\/uploads\/2026\/02\/exercicios-terceira-idade_1772229631502.jpg","type":"image\/jpeg"}],"author":"Daniely Cardoso","twitter_card":"summary_large_image","twitter_misc":{"Escrito por":"Daniely Cardoso","Est. tempo de leitura":"5 minutos"},"schema":{"@context":"https:\/\/schema.org","@graph":[{"@type":"WebPage","@id":"https:\/\/www.em.com.br\/emfoco\/2026\/02\/28\/exercicios-leves-como-idosos-podem-se-manter-ativos-e-seguros-sem-sair-de-casa\/","url":"https:\/\/www.em.com.br\/emfoco\/2026\/02\/28\/exercicios-leves-como-idosos-podem-se-manter-ativos-e-seguros-sem-sair-de-casa\/","name":"Exerc\u00edcios leves: como idosos podem se manter ativos e seguros sem sair de casa - Estado de Minas - Em foco","isPartOf":{"@id":"https:\/\/www.em.com.br\/emfoco\/#website"},"primaryImageOfPage":{"@id":"https:\/\/www.em.com.br\/emfoco\/2026\/02\/28\/exercicios-leves-como-idosos-podem-se-manter-ativos-e-seguros-sem-sair-de-casa\/#primaryimage"},"image":{"@id":"https:\/\/www.em.com.br\/emfoco\/2026\/02\/28\/exercicios-leves-como-idosos-podem-se-manter-ativos-e-seguros-sem-sair-de-casa\/#primaryimage"},"thumbnailUrl":"https:\/\/www.em.com.br\/emfoco\/wp-content\/uploads\/2026\/02\/exercicios-terceira-idade_1772229631502.jpg","datePublished":"2026-02-28T12:25:05+00:00","dateModified":"2026-02-27T22:47:45+00:00","author":{"@id":"https:\/\/www.em.com.br\/emfoco\/#\/schema\/person\/0a8186d72f2c3a5c6276d90b41f271a0"},"description":"Recupere sua mobilidade sem sair de casa! Conhe\u00e7a exerc\u00edcios leves e seguros para fortalecer o corpo na melhor idade","breadcrumb":{"@id":"https:\/\/www.em.com.br\/emfoco\/2026\/02\/28\/exercicios-leves-como-idosos-podem-se-manter-ativos-e-seguros-sem-sair-de-casa\/#breadcrumb"},"inLanguage":"pt-BR","potentialAction":[{"@type":"ReadAction","target":["https:\/\/www.em.com.br\/emfoco\/2026\/02\/28\/exercicios-leves-como-idosos-podem-se-manter-ativos-e-seguros-sem-sair-de-casa\/"]}]},{"@type":"ImageObject","inLanguage":"pt-BR","@id":"https:\/\/www.em.com.br\/emfoco\/2026\/02\/28\/exercicios-leves-como-idosos-podem-se-manter-ativos-e-seguros-sem-sair-de-casa\/#primaryimage","url":"https:\/\/www.em.com.br\/emfoco\/wp-content\/uploads\/2026\/02\/exercicios-terceira-idade_1772229631502.jpg","contentUrl":"https:\/\/www.em.com.br\/emfoco\/wp-content\/uploads\/2026\/02\/exercicios-terceira-idade_1772229631502.jpg","width":1280,"height":720,"caption":"Com o passar dos anos, manter o corpo em movimento deixa de ser conselho distante e vira um cuidado b\u00e1sico - Cr\u00e9ditos: depositphotos.com \/ adriaticphoto"},{"@type":"BreadcrumbList","@id":"https:\/\/www.em.com.br\/emfoco\/2026\/02\/28\/exercicios-leves-como-idosos-podem-se-manter-ativos-e-seguros-sem-sair-de-casa\/#breadcrumb","itemListElement":[{"@type":"ListItem","position":1,"name":"In\u00edcio","item":"https:\/\/www.em.com.br\/emfoco\/"},{"@type":"ListItem","position":2,"name":"Exerc\u00edcios leves: como idosos podem se manter ativos e seguros sem sair de casa"}]},{"@type":"WebSite","@id":"https:\/\/www.em.com.br\/emfoco\/#website","url":"https:\/\/www.em.com.br\/emfoco\/","name":"Estado de Minas - Em foco","description":"Acompanhe as \u00faltimas not\u00edcias e fique bem informado sobre tudo o que acontece em Minas Gerais, Brasil e no mundo.","potentialAction":[{"@type":"SearchAction","target":{"@type":"EntryPoint","urlTemplate":"https:\/\/www.em.com.br\/emfoco\/?s={search_term_string}"},"query-input":{"@type":"PropertyValueSpecification","valueRequired":true,"valueName":"search_term_string"}}],"inLanguage":"pt-BR"},{"@type":"Person","@id":"https:\/\/www.em.com.br\/emfoco\/#\/schema\/person\/0a8186d72f2c3a5c6276d90b41f271a0","name":"Daniely Cardoso","image":{"@type":"ImageObject","inLanguage":"pt-BR","@id":"https:\/\/www.em.com.br\/emfoco\/#\/schema\/person\/image\/","url":"https:\/\/secure.gravatar.com\/avatar\/4b80ddbd124d1f071b626d52d62e5dff?s=96&d=mm&r=g","contentUrl":"https:\/\/secure.gravatar.com\/avatar\/4b80ddbd124d1f071b626d52d62e5dff?s=96&d=mm&r=g","caption":"Daniely Cardoso"},"url":"https:\/\/www.em.com.br\/emfoco\/author\/danielymyth\/"}]}},"_links":{"self":[{"href":"https:\/\/www.em.com.br\/emfoco\/wp-json\/wp\/v2\/posts\/175328","targetHints":{"allow":["GET"]}}],"collection":[{"href":"https:\/\/www.em.com.br\/emfoco\/wp-json\/wp\/v2\/posts"}],"about":[{"href":"https:\/\/www.em.com.br\/emfoco\/wp-json\/wp\/v2\/types\/post"}],"author":[{"embeddable":true,"href":"https:\/\/www.em.com.br\/emfoco\/wp-json\/wp\/v2\/users\/9"}],"replies":[{"embeddable":true,"href":"https:\/\/www.em.com.br\/emfoco\/wp-json\/wp\/v2\/comments?post=175328"}],"version-history":[{"count":3,"href":"https:\/\/www.em.com.br\/emfoco\/wp-json\/wp\/v2\/posts\/175328\/revisions"}],"predecessor-version":[{"id":175474,"href":"https:\/\/www.em.com.br\/emfoco\/wp-json\/wp\/v2\/posts\/175328\/revisions\/175474"}],"wp:featuredmedia":[{"embeddable":true,"href":"https:\/\/www.em.com.br\/emfoco\/wp-json\/wp\/v2\/media\/175417"}],"wp:attachment":[{"href":"https:\/\/www.em.com.br\/emfoco\/wp-json\/wp\/v2\/media?parent=175328"}],"wp:term":[{"taxonomy":"category","embeddable":true,"href":"https:\/\/www.em.com.br\/emfoco\/wp-json\/wp\/v2\/categories?post=175328"},{"taxonomy":"post_tag","embeddable":true,"href":"https:\/\/www.em.com.br\/emfoco\/wp-json\/wp\/v2\/tags?post=175328"}],"curies":[{"name":"wp","href":"https:\/\/api.w.org\/{rel}","templated":true}]}}