{"id":175326,"date":"2026-02-28T07:25:56","date_gmt":"2026-02-28T10:25:56","guid":{"rendered":"https:\/\/www.em.com.br\/emfoco\/?p=175326"},"modified":"2026-02-27T18:53:14","modified_gmt":"2026-02-27T21:53:14","slug":"chega-de-pescoco-duro-aprenda-alongamentos-rapidos-para-fazer-na-cadeira-do-trabalho-e-relaxar","status":"publish","type":"post","link":"https:\/\/www.em.com.br\/emfoco\/2026\/02\/28\/chega-de-pescoco-duro-aprenda-alongamentos-rapidos-para-fazer-na-cadeira-do-trabalho-e-relaxar\/","title":{"rendered":"Chega de pesco\u00e7o duro: aprenda alongamentos r\u00e1pidos para fazer na cadeira do trabalho e relaxar"},"content":{"rendered":"\n<p>Depois de horas no computador, dirigindo ou cuidando da casa, \u00e9 comum sentir o <b>pesco\u00e7o duro<\/b>, os <b>ombros pesados<\/b> e as costas \u201creclamando\u201d. Muitas vezes achamos que isso \u00e9 normal da rotina, mas pequenas pausas com <b>alongamentos simples<\/b> podem mudar bastante essa sensa\u00e7\u00e3o sem precisar de academia, equipamentos ou muito tempo.<\/p>\n\n\n\n<h2 class=\"wp-block-heading\">O que s\u00e3o alongamentos simples e por que ajudam nas tens\u00f5es do dia a dia<\/h2>\n\n\n\n<p>Alongamentos simples s\u00e3o movimentos suaves, f\u00e1ceis de aprender, que ajudam a dar mais <b>flexibilidade muscular<\/b> aos m\u00fasculos e articula\u00e7\u00f5es sem exigir grande esfor\u00e7o f\u00edsico. Em poucos segundos, eles podem diminuir a sensa\u00e7\u00e3o de corpo travado, comum em quem passa horas <b>sentado ou em p\u00e9<\/b> ou no tr\u00e2nsito.<\/p>\n\n\n\n<p>Esses movimentos focam principalmente em regi\u00f5es que mais acumulam tens\u00e3o, como <b>pesco\u00e7o e ombros<\/b>, lombar, punhos e pernas. Ao alongar devagar, o corpo tende a relaxar, a <b>circula\u00e7\u00e3o melhora<\/b> e fica mais f\u00e1cil perceber posturas que estejam causando dor ou desconforto ao longo do dia.<\/p>\n\n\n\n<figure class=\"wp-block-embed is-type-rich is-provider-pinterest wp-block-embed-pinterest\"><div class=\"wp-block-embed__wrapper\">\n<iframe loading=\"lazy\" title=\"\u2728\ud83d\udd25\" src=\"https:\/\/assets.pinterest.com\/ext\/embed.html?id=4996249582627341&#038;src=oembed\" height=\"899\" width=\"450\" frameborder=\"0\" scrolling=\"no\" ><\/iframe>\n<\/div><\/figure>\n\n\n\n<figure class=\"wp-block-embed is-type-rich is-provider-pinterest wp-block-embed-pinterest\"><div class=\"wp-block-embed__wrapper\">\n<iframe loading=\"lazy\" title=\"\ud83d\ude0d\ud83d\udc47\" src=\"https:\/\/assets.pinterest.com\/ext\/embed.html?id=2181499816788532&#038;src=oembed\" height=\"899\" width=\"450\" frameborder=\"0\" scrolling=\"no\" ><\/iframe>\n<\/div><\/figure>\n\n\n\n<p>Leia tamb\u00e9m:&nbsp;<a href=\"https:\/\/www.em.com.br\/emfoco\/2026\/02\/27\/mente-acelerada-ao-deitar-conheca-a-tecnica-de-respiracao-4-4-6-para-dormir-em-poucos-minutos\/\" target=\"_blank\" rel=\"noopener\">Mente acelerada ao deitar? Conhe\u00e7a a t\u00e9cnica de respira\u00e7\u00e3o 4-4-6 para dormir em poucos minutos<\/a><\/p>\n\n\n\n<h2 class=\"wp-block-heading\">Quais alongamentos simples aliviam tens\u00f5es no pesco\u00e7o e ombros<\/h2>\n\n\n\n<p>Pesco\u00e7o e ombros sofrem muito com o uso constante do <b>celular e computador<\/b> e a mania de \u201cencolher\u201d a postura. Fazer pausas curtas para alongar essa regi\u00e3o ajuda a reduzir a <b>rigidez muscular<\/b>, melhorar a postura e at\u00e9 aliviar dores de cabe\u00e7a relacionadas \u00e0 tens\u00e3o muscular.<\/p>\n\n\n\n<ul class=\"wp-block-list\">\n<li><b>Inclina\u00e7\u00e3o lateral<\/b> do pesco\u00e7o: em p\u00e9 ou sentado, mantenha a coluna ereta e incline a cabe\u00e7a suavemente para um lado, aproximando a orelha do <b>ombro sem subir<\/b> o ombro. Segure de 15 a 20 segundos e repita para o outro lado.<\/li>\n\n\n\n<li><b>Alongamento da<\/b> parte de tr\u00e1s do pesco\u00e7o: com a coluna alinhada, leve o queixo em dire\u00e7\u00e3o ao peito. As m\u00e3os podem apoiar levemente na parte de tr\u00e1s da cabe\u00e7a para intensificar um pouco o <b>movimento, sem<\/b> for\u00e7ar.<\/li>\n\n\n\n<li><b>Abertura de peito<\/b> e ombros: em p\u00e9, entrelace os dedos atr\u00e1s das costas, estenda os bra\u00e7os e abra o peito. Puxe os <b>ombros suavemente<\/b> para tr\u00e1s, respirando de forma calma por alguns segundos.<\/li>\n<\/ul>\n\n\n\n<p>Esses alongamentos podem ser feitos em pausas r\u00e1pidas entre tarefas, no trabalho ou em casa. O importante \u00e9 evitar <b>movimentos bruscos<\/b>, respeitar o limite do corpo e parar se surgir dor forte, tontura ou <b>formigamento intenso<\/b> na regi\u00e3o.<\/p>\n\n\n\n<p>Para voc\u00ea que gosta de se cuidar, separamos um v\u00eddeo do canal <a href=\"https:\/\/www.youtube.com\/@PriLeiteYoga\" target=\"_blank\" rel=\"noreferrer noopener\">Pri Leite Yoga<\/a> com dicas para acabar com a tens\u00e3o do pesco\u00e7o e ombros:<\/p>\n\n\n\n<figure class=\"wp-block-embed is-type-video is-provider-youtube wp-block-embed-youtube wp-embed-aspect-16-9 wp-has-aspect-ratio\"><div class=\"wp-block-embed__wrapper\">\n<div class=\"jeg_video_container jeg_video_content\"><iframe loading=\"lazy\" title=\"Tchau tens\u00e3o nos ombros e pesco\u00e7o | 10 Min ( nem precisa levantar da cadeira ) - Pri Leite\" width=\"500\" height=\"281\" src=\"https:\/\/www.youtube.com\/embed\/kxfQD9Q56xE?start=4&#038;feature=oembed\" frameborder=\"0\" allow=\"accelerometer; autoplay; clipboard-write; encrypted-media; gyroscope; picture-in-picture; web-share\" referrerpolicy=\"strict-origin-when-cross-origin\" allowfullscreen><\/iframe><\/div>\n<\/div><\/figure>\n\n\n\n<h2 class=\"wp-block-heading\">Quais alongamentos simples ajudam a reduzir tens\u00f5es nas costas<\/h2>\n\n\n\n<p>A regi\u00e3o lombar suporta grande parte do <b>peso do corpo<\/b> e costuma sofrer quando ficamos muito tempo sentados, principalmente em cadeiras sem apoio adequado. Alongar as costas regularmente pode trazer <b>al\u00edvio di\u00e1rio<\/b>, melhorar a mobilidade e facilitar tarefas como agachar, pegar algo no ch\u00e3o ou subir escadas.<\/p>\n\n\n\n<ol class=\"wp-block-list\">\n<li><b>Alongamento da<\/b> coluna sentado: sentado na cadeira, com os p\u00e9s apoiados no ch\u00e3o, gire o tronco para um lado e segure o encosto com a m\u00e3o oposta, mantendo a <b>rota\u00e7\u00e3o suave<\/b>. Segure alguns segundos e fa\u00e7a para o outro lado.<\/li>\n\n\n\n<li><b>Flex\u00e3o do tronco<\/b> em p\u00e9: em p\u00e9, com os p\u00e9s afastados na largura do quadril, flexione o tronco lentamente \u00e0 frente, aproximando as m\u00e3os do ch\u00e3o, com os joelhos levemente flexionados. Sinta alongar a parte de tr\u00e1s das <b>pernas e coluna<\/b>, sem for\u00e7ar o alcance.<\/li>\n\n\n\n<li><b>Alongamento lombar<\/b> no ch\u00e3o: deitado de costas, traga os joelhos em dire\u00e7\u00e3o ao peito e abrace as pernas. Mantenha alguns segundos, percebendo a lombar encostar melhor no <b>ch\u00e3o, promovendo<\/b> relaxamento.<\/li>\n<\/ol>\n\n\n\n<figure class=\"wp-block-embed is-type-rich is-provider-pinterest wp-block-embed-pinterest\"><div class=\"wp-block-embed__wrapper\">\n<iframe loading=\"lazy\" title=\"Como RELAXAR a COLUNA\" src=\"https:\/\/assets.pinterest.com\/ext\/embed.html?id=1055599908472527&#038;src=oembed\" height=\"899\" width=\"450\" frameborder=\"0\" scrolling=\"no\" ><\/iframe>\n<\/div><\/figure>\n\n\n\n<h2 class=\"wp-block-heading\">Como incluir alongamentos simples na rotina di\u00e1ria sem complica\u00e7\u00e3o<\/h2>\n\n\n\n<p>A grande vantagem dos alongamentos simples \u00e9 que eles podem ser encaixados em momentos comuns do dia, como ao <b>acordar ou<\/b> antes de iniciar o trabalho, ap\u00f3s longos per\u00edodos sentado ou at\u00e9 antes de dormir. Com poucos minutos por vez, j\u00e1 d\u00e1 para notar mais <b>leveza corporal<\/b> e menos rigidez no corpo.<\/p>\n\n\n\n<p>Para facilitar, vale definir pequenos hor\u00e1rios fixos, associar os alongamentos a h\u00e1bitos que voc\u00ea j\u00e1 tem e priorizar as \u00e1reas que mais doem, como pesco\u00e7o, ombros ou lombar. Se voc\u00ea tem dores intensas, hist\u00f3rico de <b>les\u00f5es ou<\/b> problemas na coluna e articula\u00e7\u00f5es, \u00e9 importante buscar <b>orienta\u00e7\u00e3o profissional<\/b> antes de come\u00e7ar, adaptando os movimentos \u00e0s suas necessidades.<\/p>\n","protected":false},"excerpt":{"rendered":"<p>Depois de horas no computador, dirigindo ou cuidando da casa, \u00e9 comum sentir o pesco\u00e7o duro, os ombros pesados e as costas \u201creclamando\u201d. Muitas vezes achamos que isso \u00e9 normal da rotina, mas pequenas pausas com alongamentos simples podem mudar bastante essa sensa\u00e7\u00e3o sem precisar de academia, equipamentos ou muito tempo. O que s\u00e3o alongamentos [&hellip;]<\/p>\n","protected":false},"author":9,"featured_media":175409,"comment_status":"open","ping_status":"open","sticky":false,"template":"","format":"standard","meta":{"jnews-multi-image_gallery":[],"jnews_single_post":{"format":"standard"},"jnews_primary_category":[],"jnews_social_meta":[],"jnews_override_counter":[],"footnotes":""},"categories":[8691,8819,1],"tags":[11064,4131,415],"class_list":["post-175326","post","type-post","status-publish","format-standard","has-post-thumbnail","hentry","category-bem-estar","category-curiosidades","category-noticias","tag-alongamento","tag-exercicios","tag-saude"],"yoast_head":"<!-- This site is optimized with the Yoast SEO plugin v23.8 - https:\/\/yoast.com\/wordpress\/plugins\/seo\/ -->\n<title>Chega de pesco\u00e7o duro: aprenda alongamentos r\u00e1pidos para fazer na cadeira do trabalho e relaxar - Estado de Minas - Em foco<\/title>\n<meta name=\"description\" content=\"Sente o corpo pesado e travado? Descubra alongamentos simples que eliminam a tens\u00e3o no pesco\u00e7o e nas costas rapidamente\" \/>\n<meta name=\"robots\" content=\"index, follow, max-snippet:-1, max-image-preview:large, max-video-preview:-1\" \/>\n<link rel=\"canonical\" href=\"https:\/\/www.em.com.br\/emfoco\/2026\/02\/28\/chega-de-pescoco-duro-aprenda-alongamentos-rapidos-para-fazer-na-cadeira-do-trabalho-e-relaxar\/\" \/>\n<meta property=\"og:locale\" content=\"pt_BR\" \/>\n<meta property=\"og:type\" content=\"article\" \/>\n<meta property=\"og:title\" content=\"Chega de pesco\u00e7o duro: aprenda alongamentos r\u00e1pidos para fazer na cadeira do trabalho e relaxar - Estado de Minas - Em foco\" \/>\n<meta property=\"og:description\" content=\"Sente o corpo pesado e travado? Descubra alongamentos simples que eliminam a tens\u00e3o no pesco\u00e7o e nas costas rapidamente\" \/>\n<meta property=\"og:url\" content=\"https:\/\/www.em.com.br\/emfoco\/2026\/02\/28\/chega-de-pescoco-duro-aprenda-alongamentos-rapidos-para-fazer-na-cadeira-do-trabalho-e-relaxar\/\" \/>\n<meta property=\"og:site_name\" content=\"Estado de Minas - Em foco\" \/>\n<meta property=\"article:published_time\" content=\"2026-02-28T10:25:56+00:00\" \/>\n<meta property=\"article:modified_time\" content=\"2026-02-27T21:53:14+00:00\" \/>\n<meta property=\"og:image\" content=\"https:\/\/www.em.com.br\/emfoco\/wp-content\/uploads\/2026\/02\/alongamentos_1772229191993.jpg\" \/>\n\t<meta property=\"og:image:width\" content=\"1280\" \/>\n\t<meta property=\"og:image:height\" content=\"720\" \/>\n\t<meta property=\"og:image:type\" content=\"image\/jpeg\" \/>\n<meta name=\"author\" content=\"Daniely Cardoso\" \/>\n<meta name=\"twitter:card\" content=\"summary_large_image\" \/>\n<meta name=\"twitter:label1\" content=\"Escrito por\" \/>\n\t<meta name=\"twitter:data1\" content=\"Daniely Cardoso\" \/>\n\t<meta name=\"twitter:label2\" content=\"Est. tempo de leitura\" \/>\n\t<meta name=\"twitter:data2\" content=\"5 minutos\" \/>\n<!-- \/ Yoast SEO plugin. -->","yoast_head_json":{"title":"Chega de pesco\u00e7o duro: aprenda alongamentos r\u00e1pidos para fazer na cadeira do trabalho e relaxar - Estado de Minas - Em foco","description":"Sente o corpo pesado e travado? Descubra alongamentos simples que eliminam a tens\u00e3o no pesco\u00e7o e nas costas rapidamente","robots":{"index":"index","follow":"follow","max-snippet":"max-snippet:-1","max-image-preview":"max-image-preview:large","max-video-preview":"max-video-preview:-1"},"canonical":"https:\/\/www.em.com.br\/emfoco\/2026\/02\/28\/chega-de-pescoco-duro-aprenda-alongamentos-rapidos-para-fazer-na-cadeira-do-trabalho-e-relaxar\/","og_locale":"pt_BR","og_type":"article","og_title":"Chega de pesco\u00e7o duro: aprenda alongamentos r\u00e1pidos para fazer na cadeira do trabalho e relaxar - Estado de Minas - Em foco","og_description":"Sente o corpo pesado e travado? Descubra alongamentos simples que eliminam a tens\u00e3o no pesco\u00e7o e nas costas rapidamente","og_url":"https:\/\/www.em.com.br\/emfoco\/2026\/02\/28\/chega-de-pescoco-duro-aprenda-alongamentos-rapidos-para-fazer-na-cadeira-do-trabalho-e-relaxar\/","og_site_name":"Estado de Minas - Em foco","article_published_time":"2026-02-28T10:25:56+00:00","article_modified_time":"2026-02-27T21:53:14+00:00","og_image":[{"width":1280,"height":720,"url":"https:\/\/www.em.com.br\/emfoco\/wp-content\/uploads\/2026\/02\/alongamentos_1772229191993.jpg","type":"image\/jpeg"}],"author":"Daniely Cardoso","twitter_card":"summary_large_image","twitter_misc":{"Escrito por":"Daniely Cardoso","Est. tempo de leitura":"5 minutos"},"schema":{"@context":"https:\/\/schema.org","@graph":[{"@type":"WebPage","@id":"https:\/\/www.em.com.br\/emfoco\/2026\/02\/28\/chega-de-pescoco-duro-aprenda-alongamentos-rapidos-para-fazer-na-cadeira-do-trabalho-e-relaxar\/","url":"https:\/\/www.em.com.br\/emfoco\/2026\/02\/28\/chega-de-pescoco-duro-aprenda-alongamentos-rapidos-para-fazer-na-cadeira-do-trabalho-e-relaxar\/","name":"Chega de pesco\u00e7o duro: aprenda alongamentos r\u00e1pidos para fazer na cadeira do trabalho e relaxar - Estado de Minas - Em foco","isPartOf":{"@id":"https:\/\/www.em.com.br\/emfoco\/#website"},"primaryImageOfPage":{"@id":"https:\/\/www.em.com.br\/emfoco\/2026\/02\/28\/chega-de-pescoco-duro-aprenda-alongamentos-rapidos-para-fazer-na-cadeira-do-trabalho-e-relaxar\/#primaryimage"},"image":{"@id":"https:\/\/www.em.com.br\/emfoco\/2026\/02\/28\/chega-de-pescoco-duro-aprenda-alongamentos-rapidos-para-fazer-na-cadeira-do-trabalho-e-relaxar\/#primaryimage"},"thumbnailUrl":"https:\/\/www.em.com.br\/emfoco\/wp-content\/uploads\/2026\/02\/alongamentos_1772229191993.jpg","datePublished":"2026-02-28T10:25:56+00:00","dateModified":"2026-02-27T21:53:14+00:00","author":{"@id":"https:\/\/www.em.com.br\/emfoco\/#\/schema\/person\/0a8186d72f2c3a5c6276d90b41f271a0"},"description":"Sente o corpo pesado e travado? Descubra alongamentos simples que eliminam a tens\u00e3o no pesco\u00e7o e nas costas rapidamente","breadcrumb":{"@id":"https:\/\/www.em.com.br\/emfoco\/2026\/02\/28\/chega-de-pescoco-duro-aprenda-alongamentos-rapidos-para-fazer-na-cadeira-do-trabalho-e-relaxar\/#breadcrumb"},"inLanguage":"pt-BR","potentialAction":[{"@type":"ReadAction","target":["https:\/\/www.em.com.br\/emfoco\/2026\/02\/28\/chega-de-pescoco-duro-aprenda-alongamentos-rapidos-para-fazer-na-cadeira-do-trabalho-e-relaxar\/"]}]},{"@type":"ImageObject","inLanguage":"pt-BR","@id":"https:\/\/www.em.com.br\/emfoco\/2026\/02\/28\/chega-de-pescoco-duro-aprenda-alongamentos-rapidos-para-fazer-na-cadeira-do-trabalho-e-relaxar\/#primaryimage","url":"https:\/\/www.em.com.br\/emfoco\/wp-content\/uploads\/2026\/02\/alongamentos_1772229191993.jpg","contentUrl":"https:\/\/www.em.com.br\/emfoco\/wp-content\/uploads\/2026\/02\/alongamentos_1772229191993.jpg","width":1280,"height":720,"caption":"Em poucos segundos, eles podem diminuir a sensa\u00e7\u00e3o de corpo travado, comum em quem passa horas sentado ou em p\u00e9 ou no tr\u00e2nsito. - Cr\u00e9ditos: depositphotos.com \/ IgorVetushko"},{"@type":"BreadcrumbList","@id":"https:\/\/www.em.com.br\/emfoco\/2026\/02\/28\/chega-de-pescoco-duro-aprenda-alongamentos-rapidos-para-fazer-na-cadeira-do-trabalho-e-relaxar\/#breadcrumb","itemListElement":[{"@type":"ListItem","position":1,"name":"In\u00edcio","item":"https:\/\/www.em.com.br\/emfoco\/"},{"@type":"ListItem","position":2,"name":"Chega de pesco\u00e7o duro: aprenda alongamentos r\u00e1pidos para fazer na cadeira do trabalho e relaxar"}]},{"@type":"WebSite","@id":"https:\/\/www.em.com.br\/emfoco\/#website","url":"https:\/\/www.em.com.br\/emfoco\/","name":"Estado de Minas - Em foco","description":"Acompanhe as \u00faltimas not\u00edcias e fique bem informado sobre tudo o que acontece em Minas Gerais, Brasil e no mundo.","potentialAction":[{"@type":"SearchAction","target":{"@type":"EntryPoint","urlTemplate":"https:\/\/www.em.com.br\/emfoco\/?s={search_term_string}"},"query-input":{"@type":"PropertyValueSpecification","valueRequired":true,"valueName":"search_term_string"}}],"inLanguage":"pt-BR"},{"@type":"Person","@id":"https:\/\/www.em.com.br\/emfoco\/#\/schema\/person\/0a8186d72f2c3a5c6276d90b41f271a0","name":"Daniely Cardoso","image":{"@type":"ImageObject","inLanguage":"pt-BR","@id":"https:\/\/www.em.com.br\/emfoco\/#\/schema\/person\/image\/","url":"https:\/\/secure.gravatar.com\/avatar\/4b80ddbd124d1f071b626d52d62e5dff?s=96&d=mm&r=g","contentUrl":"https:\/\/secure.gravatar.com\/avatar\/4b80ddbd124d1f071b626d52d62e5dff?s=96&d=mm&r=g","caption":"Daniely Cardoso"},"url":"https:\/\/www.em.com.br\/emfoco\/author\/danielymyth\/"}]}},"_links":{"self":[{"href":"https:\/\/www.em.com.br\/emfoco\/wp-json\/wp\/v2\/posts\/175326","targetHints":{"allow":["GET"]}}],"collection":[{"href":"https:\/\/www.em.com.br\/emfoco\/wp-json\/wp\/v2\/posts"}],"about":[{"href":"https:\/\/www.em.com.br\/emfoco\/wp-json\/wp\/v2\/types\/post"}],"author":[{"embeddable":true,"href":"https:\/\/www.em.com.br\/emfoco\/wp-json\/wp\/v2\/users\/9"}],"replies":[{"embeddable":true,"href":"https:\/\/www.em.com.br\/emfoco\/wp-json\/wp\/v2\/comments?post=175326"}],"version-history":[{"count":2,"href":"https:\/\/www.em.com.br\/emfoco\/wp-json\/wp\/v2\/posts\/175326\/revisions"}],"predecessor-version":[{"id":175410,"href":"https:\/\/www.em.com.br\/emfoco\/wp-json\/wp\/v2\/posts\/175326\/revisions\/175410"}],"wp:featuredmedia":[{"embeddable":true,"href":"https:\/\/www.em.com.br\/emfoco\/wp-json\/wp\/v2\/media\/175409"}],"wp:attachment":[{"href":"https:\/\/www.em.com.br\/emfoco\/wp-json\/wp\/v2\/media?parent=175326"}],"wp:term":[{"taxonomy":"category","embeddable":true,"href":"https:\/\/www.em.com.br\/emfoco\/wp-json\/wp\/v2\/categories?post=175326"},{"taxonomy":"post_tag","embeddable":true,"href":"https:\/\/www.em.com.br\/emfoco\/wp-json\/wp\/v2\/tags?post=175326"}],"curies":[{"name":"wp","href":"https:\/\/api.w.org\/{rel}","templated":true}]}}