{"id":175261,"date":"2026-03-01T16:25:00","date_gmt":"2026-03-01T19:25:00","guid":{"rendered":"https:\/\/www.em.com.br\/emfoco\/?p=175261"},"modified":"2026-02-27T13:51:33","modified_gmt":"2026-02-27T16:51:33","slug":"receitas-de-cafes-da-manha-low-carb-para-emagrecer-sem-passar-fome","status":"publish","type":"post","link":"https:\/\/www.em.com.br\/emfoco\/2026\/03\/01\/receitas-de-cafes-da-manha-low-carb-para-emagrecer-sem-passar-fome\/","title":{"rendered":"Receitas de caf\u00e9s da manh\u00e3 low carb para emagrecer sem passar fome"},"content":{"rendered":"\n<p><strong>Receitas low carb para o caf\u00e9 da manh\u00e3<\/strong> s\u00e3o a melhor sa\u00edda para quem quer secar a barriga ou controlar o a\u00e7\u00facar no sangue sem passar fome. Essas op\u00e7\u00f5es pr\u00e1ticas substituem o p\u00e3ozinho tradicional por ingredientes nutritivos que garantem energia de sobra para o seu dia render muito mais.<\/p>\n\n\n\n<h2 class=\"wp-block-heading\">Como fazer um p\u00e3o de linha\u00e7a nutritivo?<\/h2>\n\n\n\n<p>O <strong>p\u00e3o de linha\u00e7a<\/strong> \u00e9 uma base excelente porque n\u00e3o cont\u00e9m <strong>gl\u00faten<\/strong> nem <strong>a\u00e7\u00facar<\/strong>. Para preparar, misture <strong>2 x\u00edcaras de farinha de linha\u00e7a<\/strong>, <strong>4 ovos<\/strong>, <strong>1 colher de psyllium<\/strong>, <strong>1 colher de xilitol<\/strong>, <strong>2 colheres de \u00f3leo de coco<\/strong>, uma pitada de <strong>sal<\/strong> e <strong>1 x\u00edcara de \u00e1gua<\/strong>, finalizando com <strong>fermento qu\u00edmico<\/strong>.<\/p>\n\n\n\n<p>O segredo da estrutura est\u00e1 no <strong>psyllium<\/strong>, que deixa a massa fofinha. Asse at\u00e9 dourar e voc\u00ea ter\u00e1 um acompanhamento perfeito para o seu caf\u00e9, rico em <strong>fibras<\/strong> e <strong>gorduras boas<\/strong> que d\u00e3o saciedade prolongada.<\/p>\n\n\n<div class=\"wp-block-image\">\n<figure class=\"aligncenter size-large\"><img loading=\"lazy\" decoding=\"async\" width=\"1024\" height=\"576\" src=\"https:\/\/www.em.com.br\/emfoco\/wp-content\/uploads\/2026\/01\/cafe-da-manha_1768580007534-1024x576.jpg\" alt=\"Depois dos 50 seu caf\u00e9 da manh\u00e3 pode estar sabotando sua sa\u00fade!\" class=\"wp-image-156208\" srcset=\"https:\/\/www.em.com.br\/emfoco\/wp-content\/uploads\/2026\/01\/cafe-da-manha_1768580007534-1024x576.jpg 1024w, https:\/\/www.em.com.br\/emfoco\/wp-content\/uploads\/2026\/01\/cafe-da-manha_1768580007534-300x169.jpg 300w, https:\/\/www.em.com.br\/emfoco\/wp-content\/uploads\/2026\/01\/cafe-da-manha_1768580007534-768x432.jpg 768w, https:\/\/www.em.com.br\/emfoco\/wp-content\/uploads\/2026\/01\/cafe-da-manha_1768580007534-750x422.jpg 750w, https:\/\/www.em.com.br\/emfoco\/wp-content\/uploads\/2026\/01\/cafe-da-manha_1768580007534-1140x641.jpg 1140w, https:\/\/www.em.com.br\/emfoco\/wp-content\/uploads\/2026\/01\/cafe-da-manha_1768580007534.jpg 1280w\" sizes=\"auto, (max-width: 1024px) 100vw, 1024px\" \/><figcaption class=\"wp-element-caption\">5 receitas low carb para o caf\u00e9 da manh\u00e3 para emagrecer &#8211; Cr\u00e9ditos: depositphotos.com \/ AntonMatyukha<\/figcaption><\/figure><\/div>\n\n\n<h2 class=\"wp-block-heading\">Qual \u00e9 a receita de panqueca mais f\u00e1cil do mundo?<\/h2>\n\n\n\n<p>Se voc\u00ea est\u00e1 com pressa, essa <strong>panqueca de dois ingredientes<\/strong> resolve sua vida em minutos. Basta bater <strong>1 ovo<\/strong> com <strong>1 colher de sopa de coco ralado fino<\/strong> e fritar em uma frigideira untada com <strong>azeite<\/strong> at\u00e9 soltar do fundo.<\/p>\n\n\n\n<div class=\"google-auto-ads-ignore\" style=\"box-sizing: border-box; display: flex; flex-direction: column; width: 100%; max-width: 800px; margin: 30px auto; background-color: #ffffff; color: #2c3e50; border-radius: 12px; overflow: hidden; font-family: 'Segoe UI', 'Helvetica Neue', sans-serif; box-shadow: 0 10px 30px rgba(0,0,0,0.05); border: 1px solid #f0f0f0; position: relative; z-index: 5;\">\n\n<div style=\"background-color: #fcfcfc; padding: 40px 25px; border-bottom: 1px solid #eeeeee; text-align: center;\">\n<h2 style=\"margin: 0; color: #1a1a1a; font-size: 1.8rem; font-weight: 300; letter-spacing: -0.5px;\">Comparativo de praticidade das receitas<\/h2>\n<div style=\"font-size: 1rem; margin-top: 12px; opacity: 0.6; font-style: italic;\">Op\u00e7\u00f5es leves com queijo quark, tomate cereja e manjeric\u00e3o<\/div>\n<\/div>\n\n<div style=\"padding: 30px; display: flex; flex-wrap: wrap; gap: 25px; justify-content: center;\">\n\n<div style=\"flex: 1 1 220px; background-color: #ffffff; border-radius: 4px; padding: 25px; border: 1px solid #f5f5f5; transition: all 0.3s ease;\">\n  <h3 style=\"margin: 0 0 20px 0; color: #9a8478; font-size: 0.9rem; font-weight: 600; text-transform: uppercase; letter-spacing: 1px; border-bottom: 1px solid #f0f0f0; padding-bottom: 10px;\">\n    Panqueca r\u00e1pida\n  <\/h3>\n  \n  <div style=\"margin-bottom: 15px;\">\n    <strong style=\"display: block; font-size: 0.75rem; text-transform: uppercase; opacity: 0.5; margin-bottom: 6px; letter-spacing: 0.5px;\">Base principal<\/strong>\n    <div style=\"font-size: 1.05rem; font-weight: 400; color: #444;\">Ovo e coco<\/div>\n  <\/div>\n\n  <div style=\"margin-bottom: 0;\">\n    <strong style=\"display: block; font-size: 0.75rem; text-transform: uppercase; opacity: 0.5; margin-bottom: 6px; letter-spacing: 0.5px;\">Tempo estimado<\/strong>\n    <div style=\"font-size: 1.05rem; font-weight: 400; color: #444;\">5 minutos<\/div>\n  <\/div>\n<\/div>\n\n<div style=\"flex: 1 1 220px; background-color: #ffffff; border-radius: 4px; padding: 25px; border: 1px solid #f5f5f5; transition: all 0.3s ease;\">\n  <h3 style=\"margin: 0 0 20px 0; color: #9a8478; font-size: 0.9rem; font-weight: 600; text-transform: uppercase; letter-spacing: 1px; border-bottom: 1px solid #f0f0f0; padding-bottom: 10px;\">\n    P\u00e3o de frigideira\n  <\/h3>\n  \n  <div style=\"margin-bottom: 15px;\">\n    <strong style=\"display: block; font-size: 0.75rem; text-transform: uppercase; opacity: 0.5; margin-bottom: 6px; letter-spacing: 0.5px;\">Base principal<\/strong>\n    <div style=\"font-size: 1.05rem; font-weight: 400; color: #444;\">Farinha de coco<\/div>\n  <\/div>\n\n  <div style=\"margin-bottom: 0;\">\n    <strong style=\"display: block; font-size: 0.75rem; text-transform: uppercase; opacity: 0.5; margin-bottom: 6px; letter-spacing: 0.5px;\">Tempo estimado<\/strong>\n    <div style=\"font-size: 1.05rem; font-weight: 400; color: #444;\">8 minutos<\/div>\n  <\/div>\n<\/div>\n\n<div style=\"flex: 1 1 220px; background-color: #ffffff; border-radius: 4px; padding: 25px; border: 1px solid #f5f5f5; transition: all 0.3s ease;\">\n  <h3 style=\"margin: 0 0 20px 0; color: #9a8478; font-size: 0.9rem; font-weight: 600; text-transform: uppercase; letter-spacing: 1px; border-bottom: 1px solid #f0f0f0; padding-bottom: 10px;\">\n    Avocado toast\n  <\/h3>\n  \n  <div style=\"margin-bottom: 15px;\">\n    <strong style=\"display: block; font-size: 0.75rem; text-transform: uppercase; opacity: 0.5; margin-bottom: 6px; letter-spacing: 0.5px;\">Base principal<\/strong>\n    <div style=\"font-size: 1.05rem; font-weight: 400; color: #444;\">Mix de farinhas<\/div>\n  <\/div>\n\n  <div style=\"margin-bottom: 0;\">\n    <strong style=\"display: block; font-size: 0.75rem; text-transform: uppercase; opacity: 0.5; margin-bottom: 6px; letter-spacing: 0.5px;\">Tempo estimado<\/strong>\n    <div style=\"font-size: 1.05rem; font-weight: 400; color: #444;\">10 minutos<\/div>\n  <\/div>\n<\/div>\n<\/div>\n<\/div>\n\n\n\n<h2 class=\"wp-block-heading\">Como preparar ovos cremosos de hotel em casa?<\/h2>\n\n\n\n<p>Mudar a sua primeira refei\u00e7\u00e3o do dia \u00e9 o passo mais r\u00e1pido para reprogramar seu metabolismo e garantir que voc\u00ea tenha foco e disposi\u00e7\u00e3o para todas as suas tarefas. No v\u00eddeo a seguir, do canal <a href=\"https:\/\/www.youtube.com\/@juciimorais1\" target=\"_blank\" rel=\"noreferrer noopener\">Juci Morais<\/a>, \u00e9 explicado como adotar receitas low carb para o caf\u00e9 da manh\u00e3 ajuda a fortalecer o organismo e proteger sua sa\u00fade.<\/p>\n\n\n\n<figure class=\"wp-block-embed aligncenter is-type-video is-provider-youtube wp-block-embed-youtube wp-embed-aspect-16-9 wp-has-aspect-ratio\"><div class=\"wp-block-embed__wrapper\">\n<div class=\"jeg_video_container jeg_video_content\"><iframe loading=\"lazy\" title=\"5 Receitas Low Carb Para o Caf\u00e9 da Manh\u00e3\" width=\"500\" height=\"281\" src=\"https:\/\/www.youtube.com\/embed\/BaSHUJNhDu8?feature=oembed\" frameborder=\"0\" allow=\"accelerometer; autoplay; clipboard-write; encrypted-media; gyroscope; picture-in-picture; web-share\" referrerpolicy=\"strict-origin-when-cross-origin\" allowfullscreen><\/iframe><\/div>\n<\/div><\/figure>\n\n\n\n<p>Muitas vezes o b\u00e1sico bem feito \u00e9 o que salva a dieta, e os <strong>ovos cremosos<\/strong> s\u00e3o o exemplo perfeito disso. Voc\u00ea s\u00f3 precisa de <strong>ovos<\/strong> e <strong>sal<\/strong>, mas o truque est\u00e1 no fogo baixo e na agita\u00e7\u00e3o constante para n\u00e3o deixar a prote\u00edna endurecer demais.<\/p>\n\n\n\n<p>Essa t\u00e9cnica transforma um ingrediente simples em um prato sofisticado e rico em <strong>prote\u00ednas<\/strong>. \u00c9 a escolha ideal para quem busca <strong>receitas low carb para o caf\u00e9 da manh\u00e3<\/strong> que sejam baratas e muito eficientes para o ganho de massa magra.<\/p>\n\n\n\n<h2 class=\"wp-block-heading\">O p\u00e3o de frigideira low carb realmente funciona?<\/h2>\n\n\n\n<p>Sim, ele \u00e9 o substituto oficial do p\u00e3o franc\u00eas para quem segue a estrat\u00e9gia <strong>low carb<\/strong>. A mistura leva <strong>1 ovo<\/strong>, <strong>1 colher de farinha de coco<\/strong>, <strong>1 colher de requeij\u00e3o<\/strong>, <strong>1 colher de \u00e1gua<\/strong> e <strong>1 colher de queijo quark<\/strong>.<\/p>\n\n\n\n<ul class=\"wp-block-list\">\n<li><strong>Farinha de coco:<\/strong> garante a consist\u00eancia sem elevar a insulina.<\/li>\n\n\n\n<li><strong>Requeij\u00e3o e Quark:<\/strong> trazem a umidade necess\u00e1ria para a massa n\u00e3o esfarelar.<\/li>\n\n\n\n<li><strong>Rapidez:<\/strong> fica pronto direto na boca do fog\u00e3o, sem precisar de forno.<\/li>\n<\/ul>\n\n\n\n<p>Essa combina\u00e7\u00e3o de <strong>derivados l\u00e1cteos<\/strong> com fibras vegetais cria uma textura macia que sacia rapidamente. \u00c9 uma \u00f3tima forma de variar o card\u00e1pio sem sair da linha na primeira refei\u00e7\u00e3o do dia.<\/p>\n\n\n\n<p>Leia mais: <a href=\"https:\/\/www.em.com.br\/bem-viver\/2026\/02\/7352306-dieta-cetogenica-ajuda-a-reduzir-sintomas-de-depressao.html\" target=\"_blank\" rel=\"noreferrer noopener\">Dieta cetog\u00eanica ajuda a reduzir sintomas de depress\u00e3o<\/a><\/p>\n\n\n\n<h2 class=\"wp-block-heading\">Como montar uma avocado toast sem p\u00e3o de trigo?<\/h2>\n\n\n\n<p>A famosa <strong>avocado toast<\/strong> ganha uma vers\u00e3o funcional usando uma base de <strong>farinha de linha\u00e7a<\/strong> e <strong>farinha de coco<\/strong>. Misture as farinhas com <strong>2 ovos<\/strong> para criar a base, grelhe e cubra com <strong>metade de um avocado<\/strong> amassado, temperado com <strong>azeite de oliva<\/strong>, <strong>sal<\/strong> e <strong>pimenta-do-reino<\/strong>.<\/p>\n\n\n\n<p>O <strong>abacate<\/strong> \u00e9 uma fonte incr\u00edvel de <strong>gorduras monoinsaturadas<\/strong>, que ajudam na sa\u00fade do cora\u00e7\u00e3o e no controle do colesterol. Unir essa fruta com uma base proteica transforma seu desjejum em uma refei\u00e7\u00e3o completa e cheia de sabor.<\/p>\n","protected":false},"excerpt":{"rendered":"<p>Receitas low carb para o caf\u00e9 da manh\u00e3 s\u00e3o a melhor sa\u00edda para quem quer secar a barriga ou controlar o a\u00e7\u00facar no sangue sem passar fome. Essas op\u00e7\u00f5es pr\u00e1ticas substituem o p\u00e3ozinho tradicional por ingredientes nutritivos que garantem energia de sobra para o seu dia render muito mais. Como fazer um p\u00e3o de linha\u00e7a [&hellip;]<\/p>\n","protected":false},"author":20,"featured_media":153247,"comment_status":"open","ping_status":"open","sticky":false,"template":"","format":"standard","meta":{"jnews-multi-image_gallery":[],"jnews_single_post":{"format":"standard"},"jnews_primary_category":[],"jnews_social_meta":[],"jnews_override_counter":[],"footnotes":""},"categories":[8819,20108],"tags":[9775,19895,2872],"class_list":["post-175261","post","type-post","status-publish","format-standard","has-post-thumbnail","hentry","category-curiosidades","category-noticia","tag-cafe-da-manha","tag-low-carb","tag-receitas"],"yoast_head":"<!-- This site is optimized with the Yoast SEO plugin v23.8 - https:\/\/yoast.com\/wordpress\/plugins\/seo\/ -->\n<title>Receitas de caf\u00e9s da manh\u00e3 low carb para emagrecer sem passar fome - Estado de Minas - Em foco<\/title>\n<meta name=\"description\" content=\"Aprenda 5 receitas low carb para o caf\u00e9 da manh\u00e3 que s\u00e3o f\u00e1ceis de fazer, n\u00e3o levam gl\u00faten e ajudam a emagrecer com muito sabor e saciedade.\" \/>\n<meta name=\"robots\" content=\"index, follow, max-snippet:-1, max-image-preview:large, max-video-preview:-1\" \/>\n<link rel=\"canonical\" href=\"https:\/\/www.em.com.br\/emfoco\/2026\/03\/01\/receitas-de-cafes-da-manha-low-carb-para-emagrecer-sem-passar-fome\/\" \/>\n<meta property=\"og:locale\" content=\"pt_BR\" \/>\n<meta property=\"og:type\" content=\"article\" \/>\n<meta property=\"og:title\" content=\"Receitas de caf\u00e9s da manh\u00e3 low carb para emagrecer sem passar fome - Estado de Minas - Em foco\" \/>\n<meta property=\"og:description\" content=\"Aprenda 5 receitas low carb para o caf\u00e9 da manh\u00e3 que s\u00e3o f\u00e1ceis de fazer, n\u00e3o levam gl\u00faten e ajudam a emagrecer com muito sabor e saciedade.\" \/>\n<meta property=\"og:url\" content=\"https:\/\/www.em.com.br\/emfoco\/2026\/03\/01\/receitas-de-cafes-da-manha-low-carb-para-emagrecer-sem-passar-fome\/\" \/>\n<meta property=\"og:site_name\" content=\"Estado de Minas - Em foco\" \/>\n<meta property=\"article:published_time\" content=\"2026-03-01T19:25:00+00:00\" \/>\n<meta property=\"article:modified_time\" content=\"2026-02-27T16:51:33+00:00\" \/>\n<meta property=\"og:image\" content=\"https:\/\/www.em.com.br\/emfoco\/wp-content\/uploads\/2026\/01\/nutricao_1767984468238.jpg\" \/>\n\t<meta property=\"og:image:width\" content=\"1280\" \/>\n\t<meta property=\"og:image:height\" content=\"720\" \/>\n\t<meta property=\"og:image:type\" content=\"image\/jpeg\" \/>\n<meta name=\"author\" content=\"Ingrid Diniz\" \/>\n<meta name=\"twitter:card\" content=\"summary_large_image\" \/>\n<meta name=\"twitter:label1\" content=\"Escrito por\" \/>\n\t<meta name=\"twitter:data1\" content=\"Ingrid Diniz\" \/>\n\t<meta name=\"twitter:label2\" content=\"Est. tempo de leitura\" \/>\n\t<meta name=\"twitter:data2\" content=\"4 minutos\" \/>\n<!-- \/ Yoast SEO plugin. -->","yoast_head_json":{"title":"Receitas de caf\u00e9s da manh\u00e3 low carb para emagrecer sem passar fome - Estado de Minas - Em foco","description":"Aprenda 5 receitas low carb para o caf\u00e9 da manh\u00e3 que s\u00e3o f\u00e1ceis de fazer, n\u00e3o levam gl\u00faten e ajudam a emagrecer com muito sabor e saciedade.","robots":{"index":"index","follow":"follow","max-snippet":"max-snippet:-1","max-image-preview":"max-image-preview:large","max-video-preview":"max-video-preview:-1"},"canonical":"https:\/\/www.em.com.br\/emfoco\/2026\/03\/01\/receitas-de-cafes-da-manha-low-carb-para-emagrecer-sem-passar-fome\/","og_locale":"pt_BR","og_type":"article","og_title":"Receitas de caf\u00e9s da manh\u00e3 low carb para emagrecer sem passar fome - Estado de Minas - Em foco","og_description":"Aprenda 5 receitas low carb para o caf\u00e9 da manh\u00e3 que s\u00e3o f\u00e1ceis de fazer, n\u00e3o levam gl\u00faten e ajudam a emagrecer com muito sabor e saciedade.","og_url":"https:\/\/www.em.com.br\/emfoco\/2026\/03\/01\/receitas-de-cafes-da-manha-low-carb-para-emagrecer-sem-passar-fome\/","og_site_name":"Estado de Minas - Em foco","article_published_time":"2026-03-01T19:25:00+00:00","article_modified_time":"2026-02-27T16:51:33+00:00","og_image":[{"width":1280,"height":720,"url":"https:\/\/www.em.com.br\/emfoco\/wp-content\/uploads\/2026\/01\/nutricao_1767984468238.jpg","type":"image\/jpeg"}],"author":"Ingrid Diniz","twitter_card":"summary_large_image","twitter_misc":{"Escrito por":"Ingrid Diniz","Est. tempo de leitura":"4 minutos"},"schema":{"@context":"https:\/\/schema.org","@graph":[{"@type":"WebPage","@id":"https:\/\/www.em.com.br\/emfoco\/2026\/03\/01\/receitas-de-cafes-da-manha-low-carb-para-emagrecer-sem-passar-fome\/","url":"https:\/\/www.em.com.br\/emfoco\/2026\/03\/01\/receitas-de-cafes-da-manha-low-carb-para-emagrecer-sem-passar-fome\/","name":"Receitas de caf\u00e9s da manh\u00e3 low carb para emagrecer sem passar fome - Estado de Minas - Em foco","isPartOf":{"@id":"https:\/\/www.em.com.br\/emfoco\/#website"},"primaryImageOfPage":{"@id":"https:\/\/www.em.com.br\/emfoco\/2026\/03\/01\/receitas-de-cafes-da-manha-low-carb-para-emagrecer-sem-passar-fome\/#primaryimage"},"image":{"@id":"https:\/\/www.em.com.br\/emfoco\/2026\/03\/01\/receitas-de-cafes-da-manha-low-carb-para-emagrecer-sem-passar-fome\/#primaryimage"},"thumbnailUrl":"https:\/\/www.em.com.br\/emfoco\/wp-content\/uploads\/2026\/01\/nutricao_1767984468238.jpg","datePublished":"2026-03-01T19:25:00+00:00","dateModified":"2026-02-27T16:51:33+00:00","author":{"@id":"https:\/\/www.em.com.br\/emfoco\/#\/schema\/person\/649e610b4eb8fff87ff394e54fe17b2b"},"description":"Aprenda 5 receitas low carb para o caf\u00e9 da manh\u00e3 que s\u00e3o f\u00e1ceis de fazer, n\u00e3o levam gl\u00faten e ajudam a emagrecer com muito sabor e saciedade.","breadcrumb":{"@id":"https:\/\/www.em.com.br\/emfoco\/2026\/03\/01\/receitas-de-cafes-da-manha-low-carb-para-emagrecer-sem-passar-fome\/#breadcrumb"},"inLanguage":"pt-BR","potentialAction":[{"@type":"ReadAction","target":["https:\/\/www.em.com.br\/emfoco\/2026\/03\/01\/receitas-de-cafes-da-manha-low-carb-para-emagrecer-sem-passar-fome\/"]}]},{"@type":"ImageObject","inLanguage":"pt-BR","@id":"https:\/\/www.em.com.br\/emfoco\/2026\/03\/01\/receitas-de-cafes-da-manha-low-carb-para-emagrecer-sem-passar-fome\/#primaryimage","url":"https:\/\/www.em.com.br\/emfoco\/wp-content\/uploads\/2026\/01\/nutricao_1767984468238.jpg","contentUrl":"https:\/\/www.em.com.br\/emfoco\/wp-content\/uploads\/2026\/01\/nutricao_1767984468238.jpg","width":1280,"height":720,"caption":"5 receitas low carb para o caf\u00e9 da manh\u00e3 para emagrecer - Cr\u00e9ditos: depositphotos.com \/ HayDmitriy"},{"@type":"BreadcrumbList","@id":"https:\/\/www.em.com.br\/emfoco\/2026\/03\/01\/receitas-de-cafes-da-manha-low-carb-para-emagrecer-sem-passar-fome\/#breadcrumb","itemListElement":[{"@type":"ListItem","position":1,"name":"In\u00edcio","item":"https:\/\/www.em.com.br\/emfoco\/"},{"@type":"ListItem","position":2,"name":"Receitas de caf\u00e9s da manh\u00e3 low carb para emagrecer sem passar fome"}]},{"@type":"WebSite","@id":"https:\/\/www.em.com.br\/emfoco\/#website","url":"https:\/\/www.em.com.br\/emfoco\/","name":"Estado de Minas - Em foco","description":"Acompanhe as \u00faltimas not\u00edcias e fique bem informado sobre tudo o que acontece em Minas Gerais, Brasil e no mundo.","potentialAction":[{"@type":"SearchAction","target":{"@type":"EntryPoint","urlTemplate":"https:\/\/www.em.com.br\/emfoco\/?s={search_term_string}"},"query-input":{"@type":"PropertyValueSpecification","valueRequired":true,"valueName":"search_term_string"}}],"inLanguage":"pt-BR"},{"@type":"Person","@id":"https:\/\/www.em.com.br\/emfoco\/#\/schema\/person\/649e610b4eb8fff87ff394e54fe17b2b","name":"Ingrid Diniz","image":{"@type":"ImageObject","inLanguage":"pt-BR","@id":"https:\/\/www.em.com.br\/emfoco\/#\/schema\/person\/image\/","url":"https:\/\/secure.gravatar.com\/avatar\/a3baa1449ec5c39b4c42babc9d4f3951?s=96&d=mm&r=g","contentUrl":"https:\/\/secure.gravatar.com\/avatar\/a3baa1449ec5c39b4c42babc9d4f3951?s=96&d=mm&r=g","caption":"Ingrid Diniz"},"sameAs":["https:\/\/www.em.com.br\/"],"url":"https:\/\/www.em.com.br\/emfoco\/author\/ingridmyth\/"}]}},"_links":{"self":[{"href":"https:\/\/www.em.com.br\/emfoco\/wp-json\/wp\/v2\/posts\/175261","targetHints":{"allow":["GET"]}}],"collection":[{"href":"https:\/\/www.em.com.br\/emfoco\/wp-json\/wp\/v2\/posts"}],"about":[{"href":"https:\/\/www.em.com.br\/emfoco\/wp-json\/wp\/v2\/types\/post"}],"author":[{"embeddable":true,"href":"https:\/\/www.em.com.br\/emfoco\/wp-json\/wp\/v2\/users\/20"}],"replies":[{"embeddable":true,"href":"https:\/\/www.em.com.br\/emfoco\/wp-json\/wp\/v2\/comments?post=175261"}],"version-history":[{"count":1,"href":"https:\/\/www.em.com.br\/emfoco\/wp-json\/wp\/v2\/posts\/175261\/revisions"}],"predecessor-version":[{"id":175262,"href":"https:\/\/www.em.com.br\/emfoco\/wp-json\/wp\/v2\/posts\/175261\/revisions\/175262"}],"wp:featuredmedia":[{"embeddable":true,"href":"https:\/\/www.em.com.br\/emfoco\/wp-json\/wp\/v2\/media\/153247"}],"wp:attachment":[{"href":"https:\/\/www.em.com.br\/emfoco\/wp-json\/wp\/v2\/media?parent=175261"}],"wp:term":[{"taxonomy":"category","embeddable":true,"href":"https:\/\/www.em.com.br\/emfoco\/wp-json\/wp\/v2\/categories?post=175261"},{"taxonomy":"post_tag","embeddable":true,"href":"https:\/\/www.em.com.br\/emfoco\/wp-json\/wp\/v2\/tags?post=175261"}],"curies":[{"name":"wp","href":"https:\/\/api.w.org\/{rel}","templated":true}]}}