{"id":175259,"date":"2026-03-01T20:35:00","date_gmt":"2026-03-01T23:35:00","guid":{"rendered":"https:\/\/www.em.com.br\/emfoco\/?p=175259"},"modified":"2026-02-27T14:16:53","modified_gmt":"2026-02-27T17:16:53","slug":"cabelo-fino-ou-caindo-veja-quais-vitaminas-sao-essenciais-para-recuperar-o-volume","status":"publish","type":"post","link":"https:\/\/www.em.com.br\/emfoco\/2026\/03\/01\/cabelo-fino-ou-caindo-veja-quais-vitaminas-sao-essenciais-para-recuperar-o-volume\/","title":{"rendered":"Cabelo fino ou caindo? Veja quais vitaminas s\u00e3o essenciais para recuperar o volume"},"content":{"rendered":"\n<p>A <strong>queda de cabelo<\/strong> \u00e9 um problema que mexe com a autoestima, mas muita gente erra ao tentar resolver tudo com qualquer vitamina de farm\u00e1cia. Na maioria das vezes, o cabelo cai por causa do <strong>efl\u00favio tel\u00f3geno<\/strong>, uma condi\u00e7\u00e3o ligada diretamente \u00e0 falta de <strong>nutrientes espec\u00edficos<\/strong> que s\u00f3 uma suplementa\u00e7\u00e3o direcionada consegue resolver.<\/p>\n\n\n\n<h2 class=\"wp-block-heading\">Por que polivitam\u00ednicos comuns n\u00e3o param a queda?<\/h2>\n\n\n\n<p>O grande erro \u00e9 acreditar que suplementos gen\u00e9ricos t\u00eam for\u00e7a suficiente para tratar uma defici\u00eancia real. Esses produtos costumam ter doses muito baixas, enquanto o corpo precisa de uma <strong>dose de ataque<\/strong> para interromper a <strong>queda de cabelo<\/strong> e estimular o crescimento de novos fios de forma eficaz.<\/p>\n\n\n\n<p>Quando o organismo percebe que faltam vitaminas, ele prioriza \u00f3rg\u00e3os vitais e &#8220;desliga&#8221; o envio de energia para o cabelo e unhas. Para reverter isso, \u00e9 necess\u00e1rio identificar por meio de <strong>exames de sangue<\/strong> exatamente o que est\u00e1 faltando, seja <strong>ferro<\/strong>, <strong>zinco<\/strong> ou <strong>vitaminas do complexo B<\/strong>.<\/p>\n\n\n<div class=\"wp-block-image\">\n<figure class=\"aligncenter size-large\"><img loading=\"lazy\" decoding=\"async\" width=\"1024\" height=\"576\" src=\"https:\/\/www.em.com.br\/emfoco\/wp-content\/uploads\/2026\/02\/vitamina-suplemento-remedio-02-27_141352029-1024x576.png\" alt=\"\" class=\"wp-image-175294\" srcset=\"https:\/\/www.em.com.br\/emfoco\/wp-content\/uploads\/2026\/02\/vitamina-suplemento-remedio-02-27_141352029-1024x576.png 1024w, https:\/\/www.em.com.br\/emfoco\/wp-content\/uploads\/2026\/02\/vitamina-suplemento-remedio-02-27_141352029-300x169.png 300w, https:\/\/www.em.com.br\/emfoco\/wp-content\/uploads\/2026\/02\/vitamina-suplemento-remedio-02-27_141352029-768x432.png 768w, https:\/\/www.em.com.br\/emfoco\/wp-content\/uploads\/2026\/02\/vitamina-suplemento-remedio-02-27_141352029-750x422.png 750w, https:\/\/www.em.com.br\/emfoco\/wp-content\/uploads\/2026\/02\/vitamina-suplemento-remedio-02-27_141352029-1140x641.png 1140w, https:\/\/www.em.com.br\/emfoco\/wp-content\/uploads\/2026\/02\/vitamina-suplemento-remedio-02-27_141352029.png 1280w\" sizes=\"auto, (max-width: 1024px) 100vw, 1024px\" \/><figcaption class=\"wp-element-caption\">Queda de cabelo e os nutrientes que voc\u00ea precisa repor<\/figcaption><\/figure><\/div>\n\n\n<h2 class=\"wp-block-heading\">Quais s\u00e3o os principais minerais para a sa\u00fade capilar?<\/h2>\n\n\n\n<p>O <strong>ferro<\/strong> \u00e9, sem d\u00favida, um dos pilares para manter o cabelo na cabe\u00e7a, especialmente para as mulheres. A <strong>ferritina<\/strong>, que \u00e9 o nosso estoque de ferro, precisa estar em n\u00edveis \u00f3timos para que o ciclo do pelo funcione sem interrup\u00e7\u00f5es e o fio n\u00e3o caia antes da hora.<\/p>\n\n\n\n<div class=\"google-auto-ads-ignore\" style=\"box-sizing: border-box; display: flex; flex-direction: column; width: 100%; max-width: 850px; margin: 40px auto; background-color: #ffffff; color: #2c3e50; border-radius: 8px; overflow: hidden; font-family: 'Segoe UI', 'Helvetica Neue', Arial, sans-serif; box-shadow: 0 15px 45px rgba(0,0,0,0.03); border: 1px solid #f2f2f2; position: relative; z-index: 5;\">\n\n  <div style=\"background-color: #fbfcfd; padding: 50px 30px; border-bottom: 1px solid #f0f0f0; text-align: center;\">\n    <h2 style=\"margin: 0; color: #1a1a1a; font-size: 1.5rem; font-weight: 300; letter-spacing: 0.5px; line-height: 1.3;\">Nutrientes que impactam a for\u00e7a e o volume do seu cabelo<\/h2>\n    <div style=\"font-size: 0.85rem; margin-top: 15px; opacity: 0.5; letter-spacing: 2px; text-transform: uppercase;\">An\u00e1lise de defici\u00eancias e corre\u00e7\u00f5es nutricionais<\/div>\n  <\/div>\n\n  <div style=\"padding: 40px 30px; display: flex; flex-wrap: wrap; gap: 20px; justify-content: center;\">\n    \n    <div style=\"flex: 1 1 250px; background-color: #ffffff; border-radius: 4px; padding: 25px; border: 1px solid #f8f8f8; border-top: 2px solid #e6f7ff;\">\n      <h3 style=\"margin: 0 0 20px 0; color: #003a8c; font-size: 0.95rem; font-weight: 600; letter-spacing: 0.3px; border-bottom: 1px solid #f0f0f0; padding-bottom: 12px;\">\n        Ferro e ferritina\n      <\/h3>\n      \n      <div style=\"margin-bottom: 18px;\">\n        <strong style=\"display: block; font-size: 0.7rem; color: #a0a0a0; text-transform: uppercase; margin-bottom: 5px; letter-spacing: 0.5px;\">Sinal de defici\u00eancia<\/strong>\n        <div style=\"font-size: 0.95rem; font-weight: 400; color: #444; line-height: 1.4;\">Queda cont\u00ednua e fraqueza<\/div>\n      <\/div>\n\n      <div style=\"margin-bottom: 0;\">\n        <strong style=\"display: block; font-size: 0.7rem; color: #a0a0a0; text-transform: uppercase; margin-bottom: 5px; letter-spacing: 0.5px;\">Principal fonte ou corre\u00e7\u00e3o<\/strong>\n        <div style=\"font-size: 0.95rem; font-weight: 400; color: #444; line-height: 1.4;\">Carne vermelha e suplementa\u00e7\u00e3o<\/div>\n      <\/div>\n    <\/div>\n\n    <div style=\"flex: 1 1 250px; background-color: #ffffff; border-radius: 4px; padding: 25px; border: 1px solid #f8f8f8; border-top: 2px solid #e6f7ff;\">\n      <h3 style=\"margin: 0 0 20px 0; color: #003a8c; font-size: 0.95rem; font-weight: 600; letter-spacing: 0.3px; border-bottom: 1px solid #f0f0f0; padding-bottom: 12px;\">\n        Zinco\n      <\/h3>\n      \n      <div style=\"margin-bottom: 18px;\">\n        <strong style=\"display: block; font-size: 0.7rem; color: #a0a0a0; text-transform: uppercase; margin-bottom: 5px; letter-spacing: 0.5px;\">Sinal de defici\u00eancia<\/strong>\n        <div style=\"font-size: 0.95rem; font-weight: 400; color: #444; line-height: 1.4;\">Unhas quebradi\u00e7as e fios finos<\/div>\n      <\/div>\n\n      <div style=\"margin-bottom: 0;\">\n        <strong style=\"display: block; font-size: 0.7rem; color: #a0a0a0; text-transform: uppercase; margin-bottom: 5px; letter-spacing: 0.5px;\">Principal fonte ou corre\u00e7\u00e3o<\/strong>\n        <div style=\"font-size: 0.95rem; font-weight: 400; color: #444; line-height: 1.4;\">Ovos, sementes e c\u00e1psulas<\/div>\n      <\/div>\n    <\/div>\n\n    <div style=\"flex: 1 1 250px; background-color: #ffffff; border-radius: 4px; padding: 25px; border: 1px solid #f8f8f8; border-top: 2px solid #e6f7ff;\">\n      <h3 style=\"margin: 0 0 20px 0; color: #003a8c; font-size: 0.95rem; font-weight: 600; letter-spacing: 0.3px; border-bottom: 1px solid #f0f0f0; padding-bottom: 12px;\">\n        Vitamina B12\n      <\/h3>\n      \n      <div style=\"margin-bottom: 18px;\">\n        <strong style=\"display: block; font-size: 0.7rem; color: #a0a0a0; text-transform: uppercase; margin-bottom: 5px; letter-spacing: 0.5px;\">Sinal de defici\u00eancia<\/strong>\n        <div style=\"font-size: 0.95rem; font-weight: 400; color: #444; line-height: 1.4;\">Fios sem brilho e cansa\u00e7o<\/div>\n      <\/div>\n\n      <div style=\"margin-bottom: 0;\">\n        <strong style=\"display: block; font-size: 0.7rem; color: #a0a0a0; text-transform: uppercase; margin-bottom: 5px; letter-spacing: 0.5px;\">Principal fonte ou corre\u00e7\u00e3o<\/strong>\n        <div style=\"font-size: 0.95rem; font-weight: 400; color: #444; line-height: 1.4;\">Prote\u00edna animal e reposi\u00e7\u00e3o oral<\/div>\n      <\/div>\n    <\/div>\n\n  <\/div>\n<\/div>\n\n\n\n<h2 class=\"wp-block-heading\">Como a Vitamina D influencia o crescimento dos fios?<\/h2>\n\n\n\n<p>N\u00edveis baixos de <strong>Vitamina D<\/strong> (abaixo de <strong>20\u201330 ng\/mL<\/strong>) s\u00e3o uma causa cl\u00e1ssica de <strong>efl\u00favio tel\u00f3geno<\/strong>. Muita gente acha que basta tomar sol, mas a exposi\u00e7\u00e3o solar sem prote\u00e7\u00e3o traz riscos como <strong>c\u00e2ncer de pele<\/strong> e envelhecimento precoce, tornando a <strong>suplementa\u00e7\u00e3o oral<\/strong> a via mais segura.<\/p>\n\n\n\n<p>Manter essa vitamina em dia garante que os receptores nos fol\u00edculos pilosos funcionem corretamente. Sem ela, o cabelo entra na fase de queda muito r\u00e1pido, deixando o couro cabeludo vis\u00edvel e os fios cada vez mais escassos e sem vida.<\/p>\n\n\n\n<p>Identificar as car\u00eancias do seu organismo \u00e9 o caminho mais seguro para recuperar n\u00e3o apenas o volume do seu cabelo, mas tamb\u00e9m a sua energia e disposi\u00e7\u00e3o di\u00e1ria. No v\u00eddeo a seguir, do canal <a href=\"https:\/\/www.youtube.com\/@DraMarinaHayashida\" target=\"_blank\" rel=\"noreferrer noopener\">Dra. Marina Hayashida<\/a>, \u00e9 explicado como tratar a queda de cabelo ajuda a fortalecer o organismo e proteger sua sa\u00fade.<\/p>\n\n\n\n<figure class=\"wp-block-embed aligncenter is-type-video is-provider-youtube wp-block-embed-youtube wp-embed-aspect-16-9 wp-has-aspect-ratio\"><div class=\"wp-block-embed__wrapper\">\n<div class=\"jeg_video_container jeg_video_content\"><iframe loading=\"lazy\" title=\"Qual vitamina falta quando o cabelo est\u00e1 caindo? Qual a melhor vitamina para o cabelo parar de cair?\" width=\"500\" height=\"281\" src=\"https:\/\/www.youtube.com\/embed\/f2OqhzSPgpo?feature=oembed\" frameborder=\"0\" allow=\"accelerometer; autoplay; clipboard-write; encrypted-media; gyroscope; picture-in-picture; web-share\" referrerpolicy=\"strict-origin-when-cross-origin\" allowfullscreen><\/iframe><\/div>\n<\/div><\/figure>\n\n\n\n<h2 class=\"wp-block-heading\">A falta de Vitamina B12 atinge apenas vegetarianos?<\/h2>\n\n\n\n<p>Embora <strong>vegetarianos e veganos<\/strong> estejam no grupo de risco, quem come pouca carne ou tem problemas de absor\u00e7\u00e3o tamb\u00e9m sofre com a falta de <strong>B12<\/strong>. Essa vitamina \u00e9 essencial para a divis\u00e3o celular, e sem ela o corpo n\u00e3o consegue produzir c\u00e9lulas novas para o <strong>crescimento capilar<\/strong> de forma saud\u00e1vel.<\/p>\n\n\n\n<ul class=\"wp-block-list\">\n<li><strong>Exames constantes:<\/strong> Monitore seus n\u00edveis de B12 anualmente em consultas de rotina.<\/li>\n\n\n\n<li><strong>Suplementa\u00e7\u00e3o:<\/strong> Em casos de defici\u00eancia severa, o uso de gotas ou comprimidos \u00e9 indispens\u00e1vel.<\/li>\n\n\n\n<li><strong>Sinais:<\/strong> Al\u00e9m da queda, a falta de B12 pode causar formigamentos e falta de mem\u00f3ria.<\/li>\n<\/ul>\n\n\n\n<p>A corre\u00e7\u00e3o dessa car\u00eancia costuma trazer resultados r\u00e1pidos no brilho e na resist\u00eancia dos fios. \u00c9 um ajuste simples na rotina que faz uma diferen\u00e7a enorme para quem j\u00e1 tentou de tudo e n\u00e3o viu o <strong>cabelo parar de cair<\/strong>.<\/p>\n\n\n\n<p>Leia mais: <a href=\"https:\/\/www.em.com.br\/mundo-corporativo\/2026\/02\/7351929-tricologia-ganha-espaco-no-cuidado-com-a-queda-capilar.html\" target=\"_blank\" rel=\"noreferrer noopener\">Tricologia ganha espa\u00e7o no cuidado com a queda capilar<\/a><\/p>\n\n\n\n<h2 class=\"wp-block-heading\">Existem outras doen\u00e7as que fazem o cabelo cair?<\/h2>\n\n\n\n<p>Nem toda <strong>queda de cabelo<\/strong> \u00e9 culpa da comida; problemas na <strong>tireoide<\/strong>, <strong>diabetes<\/strong> e doen\u00e7as no <strong>f\u00edgado<\/strong> ou rins tamb\u00e9m refletem na sa\u00fade dos fios. Por isso, antes de sair comprando suplementos, \u00e9 fundamental passar por um <strong>dermatologista<\/strong> para descartar outras condi\u00e7\u00f5es m\u00e9dicas graves.<\/p>\n\n\n\n<p>O diagn\u00f3stico correto \u00e9 o que separa quem gasta dinheiro \u00e0 toa de quem realmente recupera o volume capilar. Com a estrat\u00e9gia certa e as doses ajustadas para o seu peso e necessidade, \u00e9 totalmente poss\u00edvel interromper a queda e ter um cabelo muito mais cheio e saud\u00e1vel.<\/p>\n","protected":false},"excerpt":{"rendered":"<p>A queda de cabelo \u00e9 um problema que mexe com a autoestima, mas muita gente erra ao tentar resolver tudo com qualquer vitamina de farm\u00e1cia. Na maioria das vezes, o cabelo cai por causa do efl\u00favio tel\u00f3geno, uma condi\u00e7\u00e3o ligada diretamente \u00e0 falta de nutrientes espec\u00edficos que s\u00f3 uma suplementa\u00e7\u00e3o direcionada consegue resolver. Por que [&hellip;]<\/p>\n","protected":false},"author":20,"featured_media":175293,"comment_status":"open","ping_status":"open","sticky":false,"template":"","format":"standard","meta":{"jnews-multi-image_gallery":[],"jnews_single_post":{"format":"standard"},"jnews_primary_category":[],"jnews_social_meta":[],"jnews_override_counter":[],"footnotes":""},"categories":[8819,20108],"tags":[1915,5044,5611],"class_list":["post-175259","post","type-post","status-publish","format-standard","has-post-thumbnail","hentry","category-curiosidades","category-noticia","tag-nutrientes","tag-queda-de-cabelo","tag-vitaminas"],"yoast_head":"<!-- This site is optimized with the Yoast SEO plugin v23.8 - https:\/\/yoast.com\/wordpress\/plugins\/seo\/ -->\n<title>Cabelo fino ou caindo? Veja quais vitaminas s\u00e3o essenciais para recuperar o volume - Estado de Minas - Em foco<\/title>\n<meta name=\"description\" content=\"Saiba quais vitaminas e minerais est\u00e3o por tr\u00e1s da queda de cabelo e por que polivitam\u00ednicos comuns nem sempre funcionam para tratar o problema.\" \/>\n<meta name=\"robots\" content=\"index, follow, max-snippet:-1, max-image-preview:large, max-video-preview:-1\" \/>\n<link rel=\"canonical\" href=\"https:\/\/www.em.com.br\/emfoco\/2026\/03\/01\/cabelo-fino-ou-caindo-veja-quais-vitaminas-sao-essenciais-para-recuperar-o-volume\/\" \/>\n<meta property=\"og:locale\" content=\"pt_BR\" \/>\n<meta property=\"og:type\" content=\"article\" \/>\n<meta property=\"og:title\" content=\"Cabelo fino ou caindo? Veja quais vitaminas s\u00e3o essenciais para recuperar o volume - Estado de Minas - Em foco\" \/>\n<meta property=\"og:description\" content=\"Saiba quais vitaminas e minerais est\u00e3o por tr\u00e1s da queda de cabelo e por que polivitam\u00ednicos comuns nem sempre funcionam para tratar o problema.\" \/>\n<meta property=\"og:url\" content=\"https:\/\/www.em.com.br\/emfoco\/2026\/03\/01\/cabelo-fino-ou-caindo-veja-quais-vitaminas-sao-essenciais-para-recuperar-o-volume\/\" \/>\n<meta property=\"og:site_name\" content=\"Estado de Minas - Em foco\" \/>\n<meta property=\"article:published_time\" content=\"2026-03-01T23:35:00+00:00\" \/>\n<meta property=\"article:modified_time\" content=\"2026-02-27T17:16:53+00:00\" \/>\n<meta property=\"og:image\" content=\"https:\/\/www.em.com.br\/emfoco\/wp-content\/uploads\/2026\/02\/saude-cabelo-02-27_141439871.png\" \/>\n\t<meta property=\"og:image:width\" content=\"1280\" \/>\n\t<meta property=\"og:image:height\" content=\"720\" \/>\n\t<meta property=\"og:image:type\" content=\"image\/png\" \/>\n<meta name=\"author\" content=\"Ingrid Diniz\" \/>\n<meta name=\"twitter:card\" content=\"summary_large_image\" \/>\n<meta name=\"twitter:label1\" content=\"Escrito por\" \/>\n\t<meta name=\"twitter:data1\" content=\"Ingrid Diniz\" \/>\n\t<meta name=\"twitter:label2\" content=\"Est. tempo de leitura\" \/>\n\t<meta name=\"twitter:data2\" content=\"5 minutos\" \/>\n<!-- \/ Yoast SEO plugin. -->","yoast_head_json":{"title":"Cabelo fino ou caindo? Veja quais vitaminas s\u00e3o essenciais para recuperar o volume - Estado de Minas - Em foco","description":"Saiba quais vitaminas e minerais est\u00e3o por tr\u00e1s da queda de cabelo e por que polivitam\u00ednicos comuns nem sempre funcionam para tratar o problema.","robots":{"index":"index","follow":"follow","max-snippet":"max-snippet:-1","max-image-preview":"max-image-preview:large","max-video-preview":"max-video-preview:-1"},"canonical":"https:\/\/www.em.com.br\/emfoco\/2026\/03\/01\/cabelo-fino-ou-caindo-veja-quais-vitaminas-sao-essenciais-para-recuperar-o-volume\/","og_locale":"pt_BR","og_type":"article","og_title":"Cabelo fino ou caindo? Veja quais vitaminas s\u00e3o essenciais para recuperar o volume - Estado de Minas - Em foco","og_description":"Saiba quais vitaminas e minerais est\u00e3o por tr\u00e1s da queda de cabelo e por que polivitam\u00ednicos comuns nem sempre funcionam para tratar o problema.","og_url":"https:\/\/www.em.com.br\/emfoco\/2026\/03\/01\/cabelo-fino-ou-caindo-veja-quais-vitaminas-sao-essenciais-para-recuperar-o-volume\/","og_site_name":"Estado de Minas - Em foco","article_published_time":"2026-03-01T23:35:00+00:00","article_modified_time":"2026-02-27T17:16:53+00:00","og_image":[{"width":1280,"height":720,"url":"https:\/\/www.em.com.br\/emfoco\/wp-content\/uploads\/2026\/02\/saude-cabelo-02-27_141439871.png","type":"image\/png"}],"author":"Ingrid Diniz","twitter_card":"summary_large_image","twitter_misc":{"Escrito por":"Ingrid Diniz","Est. tempo de leitura":"5 minutos"},"schema":{"@context":"https:\/\/schema.org","@graph":[{"@type":"WebPage","@id":"https:\/\/www.em.com.br\/emfoco\/2026\/03\/01\/cabelo-fino-ou-caindo-veja-quais-vitaminas-sao-essenciais-para-recuperar-o-volume\/","url":"https:\/\/www.em.com.br\/emfoco\/2026\/03\/01\/cabelo-fino-ou-caindo-veja-quais-vitaminas-sao-essenciais-para-recuperar-o-volume\/","name":"Cabelo fino ou caindo? Veja quais vitaminas s\u00e3o essenciais para recuperar o volume - Estado de Minas - Em foco","isPartOf":{"@id":"https:\/\/www.em.com.br\/emfoco\/#website"},"primaryImageOfPage":{"@id":"https:\/\/www.em.com.br\/emfoco\/2026\/03\/01\/cabelo-fino-ou-caindo-veja-quais-vitaminas-sao-essenciais-para-recuperar-o-volume\/#primaryimage"},"image":{"@id":"https:\/\/www.em.com.br\/emfoco\/2026\/03\/01\/cabelo-fino-ou-caindo-veja-quais-vitaminas-sao-essenciais-para-recuperar-o-volume\/#primaryimage"},"thumbnailUrl":"https:\/\/www.em.com.br\/emfoco\/wp-content\/uploads\/2026\/02\/saude-cabelo-02-27_141439871.png","datePublished":"2026-03-01T23:35:00+00:00","dateModified":"2026-02-27T17:16:53+00:00","author":{"@id":"https:\/\/www.em.com.br\/emfoco\/#\/schema\/person\/649e610b4eb8fff87ff394e54fe17b2b"},"description":"Saiba quais vitaminas e minerais est\u00e3o por tr\u00e1s da queda de cabelo e por que polivitam\u00ednicos comuns nem sempre funcionam para tratar o problema.","breadcrumb":{"@id":"https:\/\/www.em.com.br\/emfoco\/2026\/03\/01\/cabelo-fino-ou-caindo-veja-quais-vitaminas-sao-essenciais-para-recuperar-o-volume\/#breadcrumb"},"inLanguage":"pt-BR","potentialAction":[{"@type":"ReadAction","target":["https:\/\/www.em.com.br\/emfoco\/2026\/03\/01\/cabelo-fino-ou-caindo-veja-quais-vitaminas-sao-essenciais-para-recuperar-o-volume\/"]}]},{"@type":"ImageObject","inLanguage":"pt-BR","@id":"https:\/\/www.em.com.br\/emfoco\/2026\/03\/01\/cabelo-fino-ou-caindo-veja-quais-vitaminas-sao-essenciais-para-recuperar-o-volume\/#primaryimage","url":"https:\/\/www.em.com.br\/emfoco\/wp-content\/uploads\/2026\/02\/saude-cabelo-02-27_141439871.png","contentUrl":"https:\/\/www.em.com.br\/emfoco\/wp-content\/uploads\/2026\/02\/saude-cabelo-02-27_141439871.png","width":1280,"height":720,"caption":"Queda de cabelo e os nutrientes que voc\u00ea precisa repor"},{"@type":"BreadcrumbList","@id":"https:\/\/www.em.com.br\/emfoco\/2026\/03\/01\/cabelo-fino-ou-caindo-veja-quais-vitaminas-sao-essenciais-para-recuperar-o-volume\/#breadcrumb","itemListElement":[{"@type":"ListItem","position":1,"name":"In\u00edcio","item":"https:\/\/www.em.com.br\/emfoco\/"},{"@type":"ListItem","position":2,"name":"Cabelo fino ou caindo? Veja quais vitaminas s\u00e3o essenciais para recuperar o volume"}]},{"@type":"WebSite","@id":"https:\/\/www.em.com.br\/emfoco\/#website","url":"https:\/\/www.em.com.br\/emfoco\/","name":"Estado de Minas - Em foco","description":"Acompanhe as \u00faltimas not\u00edcias e fique bem informado sobre tudo o que acontece em Minas Gerais, Brasil e no mundo.","potentialAction":[{"@type":"SearchAction","target":{"@type":"EntryPoint","urlTemplate":"https:\/\/www.em.com.br\/emfoco\/?s={search_term_string}"},"query-input":{"@type":"PropertyValueSpecification","valueRequired":true,"valueName":"search_term_string"}}],"inLanguage":"pt-BR"},{"@type":"Person","@id":"https:\/\/www.em.com.br\/emfoco\/#\/schema\/person\/649e610b4eb8fff87ff394e54fe17b2b","name":"Ingrid Diniz","image":{"@type":"ImageObject","inLanguage":"pt-BR","@id":"https:\/\/www.em.com.br\/emfoco\/#\/schema\/person\/image\/","url":"https:\/\/secure.gravatar.com\/avatar\/a3baa1449ec5c39b4c42babc9d4f3951?s=96&d=mm&r=g","contentUrl":"https:\/\/secure.gravatar.com\/avatar\/a3baa1449ec5c39b4c42babc9d4f3951?s=96&d=mm&r=g","caption":"Ingrid Diniz"},"sameAs":["https:\/\/www.em.com.br\/"],"url":"https:\/\/www.em.com.br\/emfoco\/author\/ingridmyth\/"}]}},"_links":{"self":[{"href":"https:\/\/www.em.com.br\/emfoco\/wp-json\/wp\/v2\/posts\/175259","targetHints":{"allow":["GET"]}}],"collection":[{"href":"https:\/\/www.em.com.br\/emfoco\/wp-json\/wp\/v2\/posts"}],"about":[{"href":"https:\/\/www.em.com.br\/emfoco\/wp-json\/wp\/v2\/types\/post"}],"author":[{"embeddable":true,"href":"https:\/\/www.em.com.br\/emfoco\/wp-json\/wp\/v2\/users\/20"}],"replies":[{"embeddable":true,"href":"https:\/\/www.em.com.br\/emfoco\/wp-json\/wp\/v2\/comments?post=175259"}],"version-history":[{"count":1,"href":"https:\/\/www.em.com.br\/emfoco\/wp-json\/wp\/v2\/posts\/175259\/revisions"}],"predecessor-version":[{"id":175295,"href":"https:\/\/www.em.com.br\/emfoco\/wp-json\/wp\/v2\/posts\/175259\/revisions\/175295"}],"wp:featuredmedia":[{"embeddable":true,"href":"https:\/\/www.em.com.br\/emfoco\/wp-json\/wp\/v2\/media\/175293"}],"wp:attachment":[{"href":"https:\/\/www.em.com.br\/emfoco\/wp-json\/wp\/v2\/media?parent=175259"}],"wp:term":[{"taxonomy":"category","embeddable":true,"href":"https:\/\/www.em.com.br\/emfoco\/wp-json\/wp\/v2\/categories?post=175259"},{"taxonomy":"post_tag","embeddable":true,"href":"https:\/\/www.em.com.br\/emfoco\/wp-json\/wp\/v2\/tags?post=175259"}],"curies":[{"name":"wp","href":"https:\/\/api.w.org\/{rel}","templated":true}]}}