{"id":175243,"date":"2026-03-02T09:25:00","date_gmt":"2026-03-02T12:25:00","guid":{"rendered":"https:\/\/www.em.com.br\/emfoco\/?p=175243"},"modified":"2026-02-27T23:58:28","modified_gmt":"2026-02-28T02:58:28","slug":"estudo-revela-que-ambientes-fechados-prejudicam-metabolismo-e-luz-natural-reverte-parte-desse-impacto-em-idosos-diabeticos","status":"publish","type":"post","link":"https:\/\/www.em.com.br\/emfoco\/2026\/03\/02\/estudo-revela-que-ambientes-fechados-prejudicam-metabolismo-e-luz-natural-reverte-parte-desse-impacto-em-idosos-diabeticos\/","title":{"rendered":"Estudo revela que ambientes fechados prejudicam metabolismo e luz natural reverte parte desse impacto em idosos diab\u00e9ticos"},"content":{"rendered":"\n<p>A <strong>luz solar<\/strong> pode se tornar uma aliada no controle do diabetes tipo 2. Estudo publicado na <strong>Cell Metabolism<\/strong> mostra que a exposi\u00e7\u00e3o \u00e0 luz natural melhora o metabolismo da glicose e a sensibilidade \u00e0 insulina em idosos.<\/p>\n\n\n\n<h2 class=\"wp-block-heading\">Como a luz solar influencia o a\u00e7\u00facar no sangue?<\/h2>\n\n\n\n<p>Pesquisadores da <strong>Universidade de Genebra<\/strong>, em parceria com o<a href=\"https:\/\/www.mumc.nl\/en\" target=\"_blank\" rel=\"noreferrer noopener\"> <strong>Hospital Universit\u00e1rio de Maastricht<\/strong><\/a>, analisaram adultos acima de 65 anos com diabetes tipo 2 sob diferentes condi\u00e7\u00f5es de ilumina\u00e7\u00e3o. A exposi\u00e7\u00e3o \u00e0 luz natural resultou em n\u00edveis glic\u00eamicos mais est\u00e1veis.<\/p>\n\n\n\n<p>Segundo o estudo, a luz do dia atua na sincroniza\u00e7\u00e3o do <strong><a href=\"https:\/\/www.em.com.br\/emfoco\/2026\/02\/22\/voce-sabia-que-jantar-tarde-pode-engordar-e-ate-atrapalhar-seu-sono-veja-como-ajustar-sua-rotina\/\" target=\"_blank\" rel=\"noreferrer noopener\">ritmo circadiano<\/a><\/strong>, ajustando o rel\u00f3gio biol\u00f3gico. Esse mecanismo regula processos metab\u00f3licos no f\u00edgado e nos m\u00fasculos, favorecendo maior <strong>sensibilidade \u00e0 insulina<\/strong> em compara\u00e7\u00e3o \u00e0 luz artificial.<\/p>\n\n\n\n<figure class=\"wp-block-image size-large\"><img loading=\"lazy\" decoding=\"async\" width=\"1024\" height=\"576\" src=\"https:\/\/www.em.com.br\/emfoco\/wp-content\/uploads\/2026\/02\/3-35-1024x576.jpg\" alt=\"Estudo revela que ambientes fechados prejudicam metabolismo e luz natural reverte parte desse impacto em idosos diab\u00e9ticos\" class=\"wp-image-175276\" srcset=\"https:\/\/www.em.com.br\/emfoco\/wp-content\/uploads\/2026\/02\/3-35-1024x576.jpg 1024w, https:\/\/www.em.com.br\/emfoco\/wp-content\/uploads\/2026\/02\/3-35-300x169.jpg 300w, https:\/\/www.em.com.br\/emfoco\/wp-content\/uploads\/2026\/02\/3-35-768x432.jpg 768w, https:\/\/www.em.com.br\/emfoco\/wp-content\/uploads\/2026\/02\/3-35-750x422.jpg 750w, https:\/\/www.em.com.br\/emfoco\/wp-content\/uploads\/2026\/02\/3-35-1140x641.jpg 1140w, https:\/\/www.em.com.br\/emfoco\/wp-content\/uploads\/2026\/02\/3-35.jpg 1280w\" sizes=\"auto, (max-width: 1024px) 100vw, 1024px\" \/><figcaption class=\"wp-element-caption\">Luz do dia ajuda na sincroniza\u00e7\u00e3o do ritmo circadiano regulando processos<\/figcaption><\/figure>\n\n\n\n<h2 class=\"wp-block-heading\">Quais benef\u00edcios metab\u00f3licos foram observados?<\/h2>\n\n\n\n<p>Al\u00e9m do melhor controle da glicemia, os cientistas identificaram impactos positivos em fun\u00e7\u00f5es celulares essenciais. Entre os principais achados descritos na pesquisa publicada na revista cient\u00edfica, est\u00e3o os seguintes efeitos metab\u00f3licos:<\/p>\n\n\n\n<ul class=\"wp-block-list\">\n<li><strong>Melhora do metabolismo da glicose<\/strong>, com menor varia\u00e7\u00e3o dos n\u00edveis de a\u00e7\u00facar ao longo do dia.<\/li>\n\n\n\n<li><strong>Aumento da fun\u00e7\u00e3o mitocondrial<\/strong>, essencial para produ\u00e7\u00e3o eficiente de energia celular.<\/li>\n\n\n\n<li><strong>Melhor metabolismo lip\u00eddico<\/strong>, fator relevante na preven\u00e7\u00e3o da resist\u00eancia \u00e0 insulina.<\/li>\n<\/ul>\n\n\n\n<h2 class=\"wp-block-heading\">Por que o estilo de vida moderno interfere no metabolismo?<\/h2>\n\n\n\n<p>Os autores do estudo afirmam que a rotina predominantemente em ambientes fechados contribui para a <strong>dessincroniza\u00e7\u00e3o biol\u00f3gica<\/strong>. A falta de luz natural altera mecanismos internos que controlam o gasto energ\u00e9tico e o equil\u00edbrio metab\u00f3lico.<\/p>\n\n\n\n<p>A pr\u00f3pria publica\u00e7\u00e3o destaca que fatores ambientais exercem papel crescente na <strong>sa\u00fade metab\u00f3lica<\/strong>. Pequenas mudan\u00e7as, como passar mais tempo pr\u00f3ximo a janelas ou ao ar livre, podem gerar benef\u00edcios mensur\u00e1veis para o controle glic\u00eamico.<\/p>\n\n\n\n<figure class=\"wp-block-image size-large\"><img loading=\"lazy\" decoding=\"async\" width=\"1024\" height=\"576\" src=\"https:\/\/www.em.com.br\/emfoco\/wp-content\/uploads\/2026\/02\/2-56-1024x576.jpg\" alt=\"Estudo revela que ambientes fechados prejudicam metabolismo e luz natural reverte parte desse impacto em idosos diab\u00e9ticos\" class=\"wp-image-175275\" srcset=\"https:\/\/www.em.com.br\/emfoco\/wp-content\/uploads\/2026\/02\/2-56-1024x576.jpg 1024w, https:\/\/www.em.com.br\/emfoco\/wp-content\/uploads\/2026\/02\/2-56-300x169.jpg 300w, https:\/\/www.em.com.br\/emfoco\/wp-content\/uploads\/2026\/02\/2-56-768x432.jpg 768w, https:\/\/www.em.com.br\/emfoco\/wp-content\/uploads\/2026\/02\/2-56-750x422.jpg 750w, https:\/\/www.em.com.br\/emfoco\/wp-content\/uploads\/2026\/02\/2-56-1140x641.jpg 1140w, https:\/\/www.em.com.br\/emfoco\/wp-content\/uploads\/2026\/02\/2-56.jpg 1280w\" sizes=\"auto, (max-width: 1024px) 100vw, 1024px\" \/><figcaption class=\"wp-element-caption\">Rotina em ambientes fechados contribui para a dessincroniza\u00e7\u00e3o biol\u00f3gica do corpo<\/figcaption><\/figure>\n\n\n\n<h2 class=\"wp-block-heading\">Como aplicar essa estrat\u00e9gia na rotina di\u00e1ria?<\/h2>\n\n\n\n<p>A exposi\u00e7\u00e3o solar n\u00e3o substitui medicamentos, mas pode complementar o tratamento tradicional. Especialistas envolvidos na pesquisa refor\u00e7am que integrar a luz natural \u00e0 rotina pode potencializar resultados, especialmente em grupos de risco, como idosos.<\/p>\n\n\n\n<ul class=\"wp-block-list\">\n<li><strong>Priorize luz da manh\u00e3<\/strong>, que ajuda a regular o rel\u00f3gio biol\u00f3gico e estabilizar a produ\u00e7\u00e3o hormonal.<\/li>\n\n\n\n<li><strong>Trabalhe pr\u00f3ximo a janelas<\/strong> ou fa\u00e7a pausas ao ar livre para ampliar o contato com ilumina\u00e7\u00e3o natural.<\/li>\n\n\n\n<li><strong>Associe a h\u00e1bitos saud\u00e1veis<\/strong>, como alimenta\u00e7\u00e3o equilibrada e atividade f\u00edsica, potencializando o efeito metab\u00f3lico.<\/li>\n<\/ul>\n\n\n\n<h2 class=\"wp-block-heading\">O sol pode ser considerado um aliado terap\u00eautico?<\/h2>\n\n\n\n<p>De acordo com os pesquisadores, a <strong>exposi\u00e7\u00e3o \u00e0 luz natural<\/strong> atua como regulador biol\u00f3gico e pode apoiar interven\u00e7\u00f5es n\u00e3o farmacol\u00f3gicas. O impacto observado na fun\u00e7\u00e3o mitocondrial refor\u00e7a seu potencial complementar no tratamento.<\/p>\n\n\n\n<p>Embora n\u00e3o substitua o acompanhamento m\u00e9dico, o estudo sugere que a luz solar pode contribuir para melhor qualidade de vida, equil\u00edbrio glic\u00eamico e bem-estar geral, ampliando as estrat\u00e9gias dispon\u00edveis no cuidado ao diabetes tipo 2.<\/p>\n","protected":false},"excerpt":{"rendered":"<p>A luz solar pode se tornar uma aliada no controle do diabetes tipo 2. Estudo publicado na Cell Metabolism mostra que a exposi\u00e7\u00e3o \u00e0 luz natural melhora o metabolismo da glicose e a sensibilidade \u00e0 insulina em idosos. Como a luz solar influencia o a\u00e7\u00facar no sangue? Pesquisadores da Universidade de Genebra, em parceria com [&hellip;]<\/p>\n","protected":false},"author":13,"featured_media":175277,"comment_status":"open","ping_status":"open","sticky":false,"template":"","format":"standard","meta":{"jnews-multi-image_gallery":[],"jnews_single_post":{"format":"standard"},"jnews_primary_category":[],"jnews_social_meta":[],"jnews_override_counter":[],"footnotes":""},"categories":[9053],"tags":[12386,274,25365],"class_list":["post-175243","post","type-post","status-publish","format-standard","has-post-thumbnail","hentry","category-saude","tag-acucar-no-sangue-2","tag-luz-solar","tag-regular-o-acucar"],"yoast_head":"<!-- This site is optimized with the Yoast SEO plugin v23.8 - https:\/\/yoast.com\/wordpress\/plugins\/seo\/ -->\n<title>Estudo revela que ambientes fechados prejudicam metabolismo e luz natural reverte parte desse impacto em idosos diab\u00e9ticos - Estado de Minas - Em foco<\/title>\n<meta name=\"description\" content=\"Estudo mostra que a luz natural ajudou idosos com diabetes a controlar melhor a glicose e melhorar o metabolismo di\u00e1rio.\" \/>\n<meta name=\"robots\" content=\"index, follow, max-snippet:-1, max-image-preview:large, max-video-preview:-1\" \/>\n<link rel=\"canonical\" href=\"https:\/\/www.em.com.br\/emfoco\/2026\/03\/02\/estudo-revela-que-ambientes-fechados-prejudicam-metabolismo-e-luz-natural-reverte-parte-desse-impacto-em-idosos-diabeticos\/\" \/>\n<meta property=\"og:locale\" content=\"pt_BR\" \/>\n<meta property=\"og:type\" content=\"article\" \/>\n<meta property=\"og:title\" content=\"Estudo revela que ambientes fechados prejudicam metabolismo e luz natural reverte parte desse impacto em idosos diab\u00e9ticos - Estado de Minas - Em foco\" \/>\n<meta property=\"og:description\" content=\"Estudo mostra que a luz natural ajudou idosos com diabetes a controlar melhor a glicose e melhorar o metabolismo di\u00e1rio.\" \/>\n<meta property=\"og:url\" content=\"https:\/\/www.em.com.br\/emfoco\/2026\/03\/02\/estudo-revela-que-ambientes-fechados-prejudicam-metabolismo-e-luz-natural-reverte-parte-desse-impacto-em-idosos-diabeticos\/\" \/>\n<meta property=\"og:site_name\" content=\"Estado de Minas - Em foco\" \/>\n<meta property=\"article:published_time\" content=\"2026-03-02T12:25:00+00:00\" \/>\n<meta property=\"article:modified_time\" content=\"2026-02-28T02:58:28+00:00\" \/>\n<meta property=\"og:image\" content=\"https:\/\/www.em.com.br\/emfoco\/wp-content\/uploads\/2026\/02\/4-25.jpg\" \/>\n\t<meta property=\"og:image:width\" content=\"1280\" \/>\n\t<meta property=\"og:image:height\" content=\"720\" \/>\n\t<meta property=\"og:image:type\" content=\"image\/jpeg\" \/>\n<meta name=\"author\" content=\"Gabriel Martins\" \/>\n<meta name=\"twitter:card\" content=\"summary_large_image\" \/>\n<meta name=\"twitter:label1\" content=\"Escrito por\" \/>\n\t<meta name=\"twitter:data1\" content=\"Gabriel Martins\" \/>\n\t<meta name=\"twitter:label2\" content=\"Est. tempo de leitura\" \/>\n\t<meta name=\"twitter:data2\" content=\"4 minutos\" \/>\n<!-- \/ Yoast SEO plugin. -->","yoast_head_json":{"title":"Estudo revela que ambientes fechados prejudicam metabolismo e luz natural reverte parte desse impacto em idosos diab\u00e9ticos - Estado de Minas - Em foco","description":"Estudo mostra que a luz natural ajudou idosos com diabetes a controlar melhor a glicose e melhorar o metabolismo di\u00e1rio.","robots":{"index":"index","follow":"follow","max-snippet":"max-snippet:-1","max-image-preview":"max-image-preview:large","max-video-preview":"max-video-preview:-1"},"canonical":"https:\/\/www.em.com.br\/emfoco\/2026\/03\/02\/estudo-revela-que-ambientes-fechados-prejudicam-metabolismo-e-luz-natural-reverte-parte-desse-impacto-em-idosos-diabeticos\/","og_locale":"pt_BR","og_type":"article","og_title":"Estudo revela que ambientes fechados prejudicam metabolismo e luz natural reverte parte desse impacto em idosos diab\u00e9ticos - Estado de Minas - Em foco","og_description":"Estudo mostra que a luz natural ajudou idosos com diabetes a controlar melhor a glicose e melhorar o metabolismo di\u00e1rio.","og_url":"https:\/\/www.em.com.br\/emfoco\/2026\/03\/02\/estudo-revela-que-ambientes-fechados-prejudicam-metabolismo-e-luz-natural-reverte-parte-desse-impacto-em-idosos-diabeticos\/","og_site_name":"Estado de Minas - Em foco","article_published_time":"2026-03-02T12:25:00+00:00","article_modified_time":"2026-02-28T02:58:28+00:00","og_image":[{"width":1280,"height":720,"url":"https:\/\/www.em.com.br\/emfoco\/wp-content\/uploads\/2026\/02\/4-25.jpg","type":"image\/jpeg"}],"author":"Gabriel Martins","twitter_card":"summary_large_image","twitter_misc":{"Escrito por":"Gabriel Martins","Est. tempo de leitura":"4 minutos"},"schema":{"@context":"https:\/\/schema.org","@graph":[{"@type":"WebPage","@id":"https:\/\/www.em.com.br\/emfoco\/2026\/03\/02\/estudo-revela-que-ambientes-fechados-prejudicam-metabolismo-e-luz-natural-reverte-parte-desse-impacto-em-idosos-diabeticos\/","url":"https:\/\/www.em.com.br\/emfoco\/2026\/03\/02\/estudo-revela-que-ambientes-fechados-prejudicam-metabolismo-e-luz-natural-reverte-parte-desse-impacto-em-idosos-diabeticos\/","name":"Estudo revela que ambientes fechados prejudicam metabolismo e luz natural reverte parte desse impacto em idosos diab\u00e9ticos - Estado de Minas - Em foco","isPartOf":{"@id":"https:\/\/www.em.com.br\/emfoco\/#website"},"primaryImageOfPage":{"@id":"https:\/\/www.em.com.br\/emfoco\/2026\/03\/02\/estudo-revela-que-ambientes-fechados-prejudicam-metabolismo-e-luz-natural-reverte-parte-desse-impacto-em-idosos-diabeticos\/#primaryimage"},"image":{"@id":"https:\/\/www.em.com.br\/emfoco\/2026\/03\/02\/estudo-revela-que-ambientes-fechados-prejudicam-metabolismo-e-luz-natural-reverte-parte-desse-impacto-em-idosos-diabeticos\/#primaryimage"},"thumbnailUrl":"https:\/\/www.em.com.br\/emfoco\/wp-content\/uploads\/2026\/02\/4-25.jpg","datePublished":"2026-03-02T12:25:00+00:00","dateModified":"2026-02-28T02:58:28+00:00","author":{"@id":"https:\/\/www.em.com.br\/emfoco\/#\/schema\/person\/1c9ddeab18b98abeffef834667bcf08a"},"description":"Estudo mostra que a luz natural ajudou idosos com diabetes a controlar melhor a glicose e melhorar o metabolismo di\u00e1rio.","breadcrumb":{"@id":"https:\/\/www.em.com.br\/emfoco\/2026\/03\/02\/estudo-revela-que-ambientes-fechados-prejudicam-metabolismo-e-luz-natural-reverte-parte-desse-impacto-em-idosos-diabeticos\/#breadcrumb"},"inLanguage":"pt-BR","potentialAction":[{"@type":"ReadAction","target":["https:\/\/www.em.com.br\/emfoco\/2026\/03\/02\/estudo-revela-que-ambientes-fechados-prejudicam-metabolismo-e-luz-natural-reverte-parte-desse-impacto-em-idosos-diabeticos\/"]}]},{"@type":"ImageObject","inLanguage":"pt-BR","@id":"https:\/\/www.em.com.br\/emfoco\/2026\/03\/02\/estudo-revela-que-ambientes-fechados-prejudicam-metabolismo-e-luz-natural-reverte-parte-desse-impacto-em-idosos-diabeticos\/#primaryimage","url":"https:\/\/www.em.com.br\/emfoco\/wp-content\/uploads\/2026\/02\/4-25.jpg","contentUrl":"https:\/\/www.em.com.br\/emfoco\/wp-content\/uploads\/2026\/02\/4-25.jpg","width":1280,"height":720,"caption":"Exposi\u00e7\u00e3o \u00e0 luz natural melhora o metabolismo da glicose em idosos"},{"@type":"BreadcrumbList","@id":"https:\/\/www.em.com.br\/emfoco\/2026\/03\/02\/estudo-revela-que-ambientes-fechados-prejudicam-metabolismo-e-luz-natural-reverte-parte-desse-impacto-em-idosos-diabeticos\/#breadcrumb","itemListElement":[{"@type":"ListItem","position":1,"name":"In\u00edcio","item":"https:\/\/www.em.com.br\/emfoco\/"},{"@type":"ListItem","position":2,"name":"Estudo revela que ambientes fechados prejudicam metabolismo e luz natural reverte parte desse impacto em idosos diab\u00e9ticos"}]},{"@type":"WebSite","@id":"https:\/\/www.em.com.br\/emfoco\/#website","url":"https:\/\/www.em.com.br\/emfoco\/","name":"Estado de Minas - Em foco","description":"Acompanhe as \u00faltimas not\u00edcias e fique bem informado sobre tudo o que acontece em Minas Gerais, Brasil e no mundo.","potentialAction":[{"@type":"SearchAction","target":{"@type":"EntryPoint","urlTemplate":"https:\/\/www.em.com.br\/emfoco\/?s={search_term_string}"},"query-input":{"@type":"PropertyValueSpecification","valueRequired":true,"valueName":"search_term_string"}}],"inLanguage":"pt-BR"},{"@type":"Person","@id":"https:\/\/www.em.com.br\/emfoco\/#\/schema\/person\/1c9ddeab18b98abeffef834667bcf08a","name":"Gabriel Martins","image":{"@type":"ImageObject","inLanguage":"pt-BR","@id":"https:\/\/www.em.com.br\/emfoco\/#\/schema\/person\/image\/","url":"https:\/\/secure.gravatar.com\/avatar\/f0f1e2efdfd88f1ad2cb08c5c2731e50?s=96&d=mm&r=g","contentUrl":"https:\/\/secure.gravatar.com\/avatar\/f0f1e2efdfd88f1ad2cb08c5c2731e50?s=96&d=mm&r=g","caption":"Gabriel Martins"},"sameAs":["https:\/\/www.em.com.br\/emfoco\/"],"url":"https:\/\/www.em.com.br\/emfoco\/author\/gabrielmartinsmyth\/"}]}},"_links":{"self":[{"href":"https:\/\/www.em.com.br\/emfoco\/wp-json\/wp\/v2\/posts\/175243","targetHints":{"allow":["GET"]}}],"collection":[{"href":"https:\/\/www.em.com.br\/emfoco\/wp-json\/wp\/v2\/posts"}],"about":[{"href":"https:\/\/www.em.com.br\/emfoco\/wp-json\/wp\/v2\/types\/post"}],"author":[{"embeddable":true,"href":"https:\/\/www.em.com.br\/emfoco\/wp-json\/wp\/v2\/users\/13"}],"replies":[{"embeddable":true,"href":"https:\/\/www.em.com.br\/emfoco\/wp-json\/wp\/v2\/comments?post=175243"}],"version-history":[{"count":1,"href":"https:\/\/www.em.com.br\/emfoco\/wp-json\/wp\/v2\/posts\/175243\/revisions"}],"predecessor-version":[{"id":175281,"href":"https:\/\/www.em.com.br\/emfoco\/wp-json\/wp\/v2\/posts\/175243\/revisions\/175281"}],"wp:featuredmedia":[{"embeddable":true,"href":"https:\/\/www.em.com.br\/emfoco\/wp-json\/wp\/v2\/media\/175277"}],"wp:attachment":[{"href":"https:\/\/www.em.com.br\/emfoco\/wp-json\/wp\/v2\/media?parent=175243"}],"wp:term":[{"taxonomy":"category","embeddable":true,"href":"https:\/\/www.em.com.br\/emfoco\/wp-json\/wp\/v2\/categories?post=175243"},{"taxonomy":"post_tag","embeddable":true,"href":"https:\/\/www.em.com.br\/emfoco\/wp-json\/wp\/v2\/tags?post=175243"}],"curies":[{"name":"wp","href":"https:\/\/api.w.org\/{rel}","templated":true}]}}