{"id":175242,"date":"2026-03-02T21:05:00","date_gmt":"2026-03-03T00:05:00","guid":{"rendered":"https:\/\/www.em.com.br\/emfoco\/?p=175242"},"modified":"2026-02-27T23:58:14","modified_gmt":"2026-02-28T02:58:14","slug":"o-que-acontece-com-sua-mente-quando-voce-cria-um-jardim-dentro-de-casa-surpreende-ate-quem-nao-gosta-de-plantas","status":"publish","type":"post","link":"https:\/\/www.em.com.br\/emfoco\/2026\/03\/02\/o-que-acontece-com-sua-mente-quando-voce-cria-um-jardim-dentro-de-casa-surpreende-ate-quem-nao-gosta-de-plantas\/","title":{"rendered":"O que acontece com sua mente quando voc\u00ea cria um jardim dentro de casa surpreende at\u00e9 quem n\u00e3o gosta de plantas"},"content":{"rendered":"\n<p>Criar um <strong>jardim calmante dentro de casa<\/strong> vai al\u00e9m da est\u00e9tica. O contato com plantas ajuda a reduzir ansiedade, melhora o foco e estimula neurotransmissores como serotonina e dopamina, promovendo equil\u00edbrio emocional mesmo em ambientes urbanos.<\/p>\n\n\n\n<h2 class=\"wp-block-heading\">Por que um jardim interno melhora o bem-estar?<\/h2>\n\n\n\n<p>A presen\u00e7a de <strong>plantas no ambiente interno<\/strong> influencia diretamente o humor e a concentra\u00e7\u00e3o. Estudos apontam que o contato visual e sensorial com o verde reduz n\u00edveis de estresse e favorece sensa\u00e7\u00e3o de tranquilidade.<\/p>\n\n\n\n<p>Al\u00e9m disso, cuidar das plantas ativa rotinas positivas e estimula a produ\u00e7\u00e3o de <strong>serotonina e <a href=\"https:\/\/www.em.com.br\/emfoco\/2026\/02\/02\/esse-ato-simples-pode-melhorar-sua-circulacao-liberar-dopamina-e-ainda-baixar-a-pressao-arterial-segundo-medicos-e-neurocientistas\/\" target=\"_blank\" rel=\"noreferrer noopener\">dopamina<\/a><\/strong>, subst\u00e2ncias ligadas ao prazer e \u00e0 sensa\u00e7\u00e3o de recompensa, fortalecendo a sa\u00fade mental no dia a dia.<\/p>\n\n\n\n<figure class=\"wp-block-image size-large\"><img loading=\"lazy\" decoding=\"async\" width=\"1024\" height=\"576\" src=\"https:\/\/www.em.com.br\/emfoco\/wp-content\/uploads\/2026\/02\/6-20-1024x576.jpg\" alt=\"O que acontece com sua mente quando voc\u00ea cria um jardim dentro de casa surpreende at\u00e9 quem n\u00e3o gosta de plantas\" class=\"wp-image-175279\" srcset=\"https:\/\/www.em.com.br\/emfoco\/wp-content\/uploads\/2026\/02\/6-20-1024x576.jpg 1024w, https:\/\/www.em.com.br\/emfoco\/wp-content\/uploads\/2026\/02\/6-20-300x169.jpg 300w, https:\/\/www.em.com.br\/emfoco\/wp-content\/uploads\/2026\/02\/6-20-768x432.jpg 768w, https:\/\/www.em.com.br\/emfoco\/wp-content\/uploads\/2026\/02\/6-20-750x422.jpg 750w, https:\/\/www.em.com.br\/emfoco\/wp-content\/uploads\/2026\/02\/6-20-1140x641.jpg 1140w, https:\/\/www.em.com.br\/emfoco\/wp-content\/uploads\/2026\/02\/6-20.jpg 1280w\" sizes=\"auto, (max-width: 1024px) 100vw, 1024px\" \/><figcaption class=\"wp-element-caption\">Presen\u00e7a do verde no ambiente interno favorece sensa\u00e7\u00e3o imediata de tranquilidade<\/figcaption><\/figure>\n\n\n\n<h2 class=\"wp-block-heading\">Quais plantas escolher para um jardim relaxante?<\/h2>\n\n\n\n<p>A escolha das esp\u00e9cies define o efeito do espa\u00e7o. Aromas suaves e texturas variadas contribuem para criar uma atmosfera de descanso. Algumas plantas s\u00e3o especialmente indicadas para ambientes internos, como voc\u00ea v\u00ea a seguir.<\/p>\n\n\n\n<ul class=\"wp-block-list\">\n<li><strong>Lavanda e jasmim<\/strong> liberam fragr\u00e2ncias naturais que induzem relaxamento e ajudam na qualidade do sono.<\/li>\n\n\n\n<li><strong>Samambaia<\/strong> adiciona leveza visual e melhora a umidade do ar em locais fechados.<\/li>\n\n\n\n<li><strong>Suculentas e cactos<\/strong> exigem pouca manuten\u00e7\u00e3o e s\u00e3o ideais para quem tem rotina corrida.<\/li>\n<\/ul>\n\n\n\n<h2 class=\"wp-block-heading\">Como organizar o espa\u00e7o para potencializar o efeito calmante?<\/h2>\n\n\n\n<p>A <strong>disposi\u00e7\u00e3o das plantas<\/strong> interfere diretamente na sensa\u00e7\u00e3o de acolhimento. Coloc\u00e1-las pr\u00f3ximas a janelas favorece circula\u00e7\u00e3o de ar e entrada de luz natural, elementos fundamentais para o equil\u00edbrio do ambiente.<\/p>\n\n\n\n<p>Combinar diferentes alturas, vasos suspensos e prateleiras cria profundidade visual. Incluir pedras naturais ou pequenas fontes de \u00e1gua refor\u00e7a a <strong><a href=\"https:\/\/vidasimples.co\/relacionamentos\/conexao-com-a-natureza\/\" target=\"_blank\" rel=\"noreferrer noopener\">sensa\u00e7\u00e3o de conex\u00e3o com a natureza<\/a><\/strong> dentro de casa.<\/p>\n\n\n\n<figure class=\"wp-block-image size-large\"><img loading=\"lazy\" decoding=\"async\" width=\"1024\" height=\"576\" src=\"https:\/\/www.em.com.br\/emfoco\/wp-content\/uploads\/2026\/02\/5-24-1024x576.jpg\" alt=\"O que acontece com sua mente quando voc\u00ea cria um jardim dentro de casa surpreende at\u00e9 quem n\u00e3o gosta de plantas\" class=\"wp-image-175278\" srcset=\"https:\/\/www.em.com.br\/emfoco\/wp-content\/uploads\/2026\/02\/5-24-1024x576.jpg 1024w, https:\/\/www.em.com.br\/emfoco\/wp-content\/uploads\/2026\/02\/5-24-300x169.jpg 300w, https:\/\/www.em.com.br\/emfoco\/wp-content\/uploads\/2026\/02\/5-24-768x432.jpg 768w, https:\/\/www.em.com.br\/emfoco\/wp-content\/uploads\/2026\/02\/5-24-750x422.jpg 750w, https:\/\/www.em.com.br\/emfoco\/wp-content\/uploads\/2026\/02\/5-24-1140x641.jpg 1140w, https:\/\/www.em.com.br\/emfoco\/wp-content\/uploads\/2026\/02\/5-24.jpg 1280w\" sizes=\"auto, (max-width: 1024px) 100vw, 1024px\" \/><figcaption class=\"wp-element-caption\">Combinar vasos suspensos e prateleiras cria profundidade visual em ambientes internos<\/figcaption><\/figure>\n\n\n\n<h2 class=\"wp-block-heading\">Quais cuidados di\u00e1rios mant\u00eam o jardim saud\u00e1vel?<\/h2>\n\n\n\n<p>A manuten\u00e7\u00e3o adequada garante que o jardim continue transmitindo tranquilidade. Regar corretamente, observar ilumina\u00e7\u00e3o e limpar folhas s\u00e3o atitudes simples que preservam vitalidade e apar\u00eancia das plantas. Entre os cuidados essenciais est\u00e3o os seguintes.<\/p>\n\n\n\n<ul class=\"wp-block-list\">\n<li><strong>Regar conforme a necessidade de cada esp\u00e9cie<\/strong>, evitando excesso de umidade e ra\u00edzes encharcadas.<\/li>\n\n\n\n<li><strong>Remover folhas secas e adubar periodicamente<\/strong> para estimular crescimento saud\u00e1vel.<\/li>\n\n\n\n<li><strong>Limpar as folhas com pano \u00famido<\/strong> para melhorar absor\u00e7\u00e3o de luz e prevenir pragas.<\/li>\n<\/ul>\n\n\n\n<p>Com esses cuidados, o espa\u00e7o se mant\u00e9m equilibrado e funcional, ampliando o efeito terap\u00eautico do jardim interno.<\/p>\n\n\n\n<h2 class=\"wp-block-heading\">Como complementar o ambiente para maior tranquilidade?<\/h2>\n\n\n\n<p>Integrar o jardim com <strong>ilumina\u00e7\u00e3o suave<\/strong> cria atmosfera acolhedora no per\u00edodo noturno. Lumin\u00e1rias com luz amarelada refor\u00e7am o clima relaxante e evitam est\u00edmulos visuais intensos.<\/p>\n\n\n\n<p>Adicionar m\u00fasica tranquila, sons da natureza ou aromas naturais intensifica a experi\u00eancia sensorial. Criar um canto com poltrona ou tapete confort\u00e1vel transforma o jardim em um verdadeiro ref\u00fagio para leitura, medita\u00e7\u00e3o ou descanso.<\/p>\n","protected":false},"excerpt":{"rendered":"<p>Criar um jardim calmante dentro de casa vai al\u00e9m da est\u00e9tica. O contato com plantas ajuda a reduzir ansiedade, melhora o foco e estimula neurotransmissores como serotonina e dopamina, promovendo equil\u00edbrio emocional mesmo em ambientes urbanos. Por que um jardim interno melhora o bem-estar? A presen\u00e7a de plantas no ambiente interno influencia diretamente o humor [&hellip;]<\/p>\n","protected":false},"author":13,"featured_media":175274,"comment_status":"open","ping_status":"open","sticky":false,"template":"","format":"standard","meta":{"jnews-multi-image_gallery":[],"jnews_single_post":{"format":"standard"},"jnews_primary_category":[],"jnews_social_meta":[],"jnews_override_counter":[],"footnotes":""},"categories":[9053],"tags":[711,15771,25364],"class_list":["post-175242","post","type-post","status-publish","format-standard","has-post-thumbnail","hentry","category-saude","tag-bem-estar","tag-estresse-diario","tag-jardim-calmante"],"yoast_head":"<!-- This site is optimized with the Yoast SEO plugin v23.8 - https:\/\/yoast.com\/wordpress\/plugins\/seo\/ -->\n<title>O que acontece com sua mente quando voc\u00ea cria um jardim dentro de casa surpreende at\u00e9 quem n\u00e3o gosta de plantas - Estado de Minas - Em foco<\/title>\n<meta name=\"description\" content=\"Plantas dentro de casa reduzem ansiedade, aumentam foco e estimulam serotonina. Veja como criar um jardim calmante.\" \/>\n<meta name=\"robots\" content=\"index, follow, max-snippet:-1, max-image-preview:large, max-video-preview:-1\" \/>\n<link rel=\"canonical\" href=\"https:\/\/www.em.com.br\/emfoco\/2026\/03\/02\/o-que-acontece-com-sua-mente-quando-voce-cria-um-jardim-dentro-de-casa-surpreende-ate-quem-nao-gosta-de-plantas\/\" \/>\n<meta property=\"og:locale\" content=\"pt_BR\" \/>\n<meta property=\"og:type\" content=\"article\" \/>\n<meta property=\"og:title\" content=\"O que acontece com sua mente quando voc\u00ea cria um jardim dentro de casa surpreende at\u00e9 quem n\u00e3o gosta de plantas - Estado de Minas - Em foco\" \/>\n<meta property=\"og:description\" content=\"Plantas dentro de casa reduzem ansiedade, aumentam foco e estimulam serotonina. Veja como criar um jardim calmante.\" \/>\n<meta property=\"og:url\" content=\"https:\/\/www.em.com.br\/emfoco\/2026\/03\/02\/o-que-acontece-com-sua-mente-quando-voce-cria-um-jardim-dentro-de-casa-surpreende-ate-quem-nao-gosta-de-plantas\/\" \/>\n<meta property=\"og:site_name\" content=\"Estado de Minas - Em foco\" \/>\n<meta property=\"article:published_time\" content=\"2026-03-03T00:05:00+00:00\" \/>\n<meta property=\"article:modified_time\" content=\"2026-02-28T02:58:14+00:00\" \/>\n<meta property=\"og:image\" content=\"https:\/\/www.em.com.br\/emfoco\/wp-content\/uploads\/2026\/02\/1-63.jpg\" \/>\n\t<meta property=\"og:image:width\" content=\"1280\" \/>\n\t<meta property=\"og:image:height\" content=\"720\" \/>\n\t<meta property=\"og:image:type\" content=\"image\/jpeg\" \/>\n<meta name=\"author\" content=\"Gabriel Martins\" \/>\n<meta name=\"twitter:card\" content=\"summary_large_image\" \/>\n<meta name=\"twitter:label1\" content=\"Escrito por\" \/>\n\t<meta name=\"twitter:data1\" content=\"Gabriel Martins\" \/>\n\t<meta name=\"twitter:label2\" content=\"Est. tempo de leitura\" \/>\n\t<meta name=\"twitter:data2\" content=\"4 minutos\" \/>\n<!-- \/ Yoast SEO plugin. -->","yoast_head_json":{"title":"O que acontece com sua mente quando voc\u00ea cria um jardim dentro de casa surpreende at\u00e9 quem n\u00e3o gosta de plantas - Estado de Minas - Em foco","description":"Plantas dentro de casa reduzem ansiedade, aumentam foco e estimulam serotonina. Veja como criar um jardim calmante.","robots":{"index":"index","follow":"follow","max-snippet":"max-snippet:-1","max-image-preview":"max-image-preview:large","max-video-preview":"max-video-preview:-1"},"canonical":"https:\/\/www.em.com.br\/emfoco\/2026\/03\/02\/o-que-acontece-com-sua-mente-quando-voce-cria-um-jardim-dentro-de-casa-surpreende-ate-quem-nao-gosta-de-plantas\/","og_locale":"pt_BR","og_type":"article","og_title":"O que acontece com sua mente quando voc\u00ea cria um jardim dentro de casa surpreende at\u00e9 quem n\u00e3o gosta de plantas - Estado de Minas - Em foco","og_description":"Plantas dentro de casa reduzem ansiedade, aumentam foco e estimulam serotonina. Veja como criar um jardim calmante.","og_url":"https:\/\/www.em.com.br\/emfoco\/2026\/03\/02\/o-que-acontece-com-sua-mente-quando-voce-cria-um-jardim-dentro-de-casa-surpreende-ate-quem-nao-gosta-de-plantas\/","og_site_name":"Estado de Minas - Em foco","article_published_time":"2026-03-03T00:05:00+00:00","article_modified_time":"2026-02-28T02:58:14+00:00","og_image":[{"width":1280,"height":720,"url":"https:\/\/www.em.com.br\/emfoco\/wp-content\/uploads\/2026\/02\/1-63.jpg","type":"image\/jpeg"}],"author":"Gabriel Martins","twitter_card":"summary_large_image","twitter_misc":{"Escrito por":"Gabriel Martins","Est. tempo de leitura":"4 minutos"},"schema":{"@context":"https:\/\/schema.org","@graph":[{"@type":"WebPage","@id":"https:\/\/www.em.com.br\/emfoco\/2026\/03\/02\/o-que-acontece-com-sua-mente-quando-voce-cria-um-jardim-dentro-de-casa-surpreende-ate-quem-nao-gosta-de-plantas\/","url":"https:\/\/www.em.com.br\/emfoco\/2026\/03\/02\/o-que-acontece-com-sua-mente-quando-voce-cria-um-jardim-dentro-de-casa-surpreende-ate-quem-nao-gosta-de-plantas\/","name":"O que acontece com sua mente quando voc\u00ea cria um jardim dentro de casa surpreende at\u00e9 quem n\u00e3o gosta de plantas - Estado de Minas - Em foco","isPartOf":{"@id":"https:\/\/www.em.com.br\/emfoco\/#website"},"primaryImageOfPage":{"@id":"https:\/\/www.em.com.br\/emfoco\/2026\/03\/02\/o-que-acontece-com-sua-mente-quando-voce-cria-um-jardim-dentro-de-casa-surpreende-ate-quem-nao-gosta-de-plantas\/#primaryimage"},"image":{"@id":"https:\/\/www.em.com.br\/emfoco\/2026\/03\/02\/o-que-acontece-com-sua-mente-quando-voce-cria-um-jardim-dentro-de-casa-surpreende-ate-quem-nao-gosta-de-plantas\/#primaryimage"},"thumbnailUrl":"https:\/\/www.em.com.br\/emfoco\/wp-content\/uploads\/2026\/02\/1-63.jpg","datePublished":"2026-03-03T00:05:00+00:00","dateModified":"2026-02-28T02:58:14+00:00","author":{"@id":"https:\/\/www.em.com.br\/emfoco\/#\/schema\/person\/1c9ddeab18b98abeffef834667bcf08a"},"description":"Plantas dentro de casa reduzem ansiedade, aumentam foco e estimulam serotonina. Veja como criar um jardim calmante.","breadcrumb":{"@id":"https:\/\/www.em.com.br\/emfoco\/2026\/03\/02\/o-que-acontece-com-sua-mente-quando-voce-cria-um-jardim-dentro-de-casa-surpreende-ate-quem-nao-gosta-de-plantas\/#breadcrumb"},"inLanguage":"pt-BR","potentialAction":[{"@type":"ReadAction","target":["https:\/\/www.em.com.br\/emfoco\/2026\/03\/02\/o-que-acontece-com-sua-mente-quando-voce-cria-um-jardim-dentro-de-casa-surpreende-ate-quem-nao-gosta-de-plantas\/"]}]},{"@type":"ImageObject","inLanguage":"pt-BR","@id":"https:\/\/www.em.com.br\/emfoco\/2026\/03\/02\/o-que-acontece-com-sua-mente-quando-voce-cria-um-jardim-dentro-de-casa-surpreende-ate-quem-nao-gosta-de-plantas\/#primaryimage","url":"https:\/\/www.em.com.br\/emfoco\/wp-content\/uploads\/2026\/02\/1-63.jpg","contentUrl":"https:\/\/www.em.com.br\/emfoco\/wp-content\/uploads\/2026\/02\/1-63.jpg","width":1280,"height":720,"caption":"Contato com plantas reduz a ansiedade e estimula neurotransmissores do prazer"},{"@type":"BreadcrumbList","@id":"https:\/\/www.em.com.br\/emfoco\/2026\/03\/02\/o-que-acontece-com-sua-mente-quando-voce-cria-um-jardim-dentro-de-casa-surpreende-ate-quem-nao-gosta-de-plantas\/#breadcrumb","itemListElement":[{"@type":"ListItem","position":1,"name":"In\u00edcio","item":"https:\/\/www.em.com.br\/emfoco\/"},{"@type":"ListItem","position":2,"name":"O que acontece com sua mente quando voc\u00ea cria um jardim dentro de casa surpreende at\u00e9 quem n\u00e3o gosta de plantas"}]},{"@type":"WebSite","@id":"https:\/\/www.em.com.br\/emfoco\/#website","url":"https:\/\/www.em.com.br\/emfoco\/","name":"Estado de Minas - Em foco","description":"Acompanhe as \u00faltimas not\u00edcias e fique bem informado sobre tudo o que acontece em Minas Gerais, Brasil e no mundo.","potentialAction":[{"@type":"SearchAction","target":{"@type":"EntryPoint","urlTemplate":"https:\/\/www.em.com.br\/emfoco\/?s={search_term_string}"},"query-input":{"@type":"PropertyValueSpecification","valueRequired":true,"valueName":"search_term_string"}}],"inLanguage":"pt-BR"},{"@type":"Person","@id":"https:\/\/www.em.com.br\/emfoco\/#\/schema\/person\/1c9ddeab18b98abeffef834667bcf08a","name":"Gabriel Martins","image":{"@type":"ImageObject","inLanguage":"pt-BR","@id":"https:\/\/www.em.com.br\/emfoco\/#\/schema\/person\/image\/","url":"https:\/\/secure.gravatar.com\/avatar\/f0f1e2efdfd88f1ad2cb08c5c2731e50?s=96&d=mm&r=g","contentUrl":"https:\/\/secure.gravatar.com\/avatar\/f0f1e2efdfd88f1ad2cb08c5c2731e50?s=96&d=mm&r=g","caption":"Gabriel Martins"},"sameAs":["https:\/\/www.em.com.br\/emfoco\/"],"url":"https:\/\/www.em.com.br\/emfoco\/author\/gabrielmartinsmyth\/"}]}},"_links":{"self":[{"href":"https:\/\/www.em.com.br\/emfoco\/wp-json\/wp\/v2\/posts\/175242","targetHints":{"allow":["GET"]}}],"collection":[{"href":"https:\/\/www.em.com.br\/emfoco\/wp-json\/wp\/v2\/posts"}],"about":[{"href":"https:\/\/www.em.com.br\/emfoco\/wp-json\/wp\/v2\/types\/post"}],"author":[{"embeddable":true,"href":"https:\/\/www.em.com.br\/emfoco\/wp-json\/wp\/v2\/users\/13"}],"replies":[{"embeddable":true,"href":"https:\/\/www.em.com.br\/emfoco\/wp-json\/wp\/v2\/comments?post=175242"}],"version-history":[{"count":1,"href":"https:\/\/www.em.com.br\/emfoco\/wp-json\/wp\/v2\/posts\/175242\/revisions"}],"predecessor-version":[{"id":175280,"href":"https:\/\/www.em.com.br\/emfoco\/wp-json\/wp\/v2\/posts\/175242\/revisions\/175280"}],"wp:featuredmedia":[{"embeddable":true,"href":"https:\/\/www.em.com.br\/emfoco\/wp-json\/wp\/v2\/media\/175274"}],"wp:attachment":[{"href":"https:\/\/www.em.com.br\/emfoco\/wp-json\/wp\/v2\/media?parent=175242"}],"wp:term":[{"taxonomy":"category","embeddable":true,"href":"https:\/\/www.em.com.br\/emfoco\/wp-json\/wp\/v2\/categories?post=175242"},{"taxonomy":"post_tag","embeddable":true,"href":"https:\/\/www.em.com.br\/emfoco\/wp-json\/wp\/v2\/tags?post=175242"}],"curies":[{"name":"wp","href":"https:\/\/api.w.org\/{rel}","templated":true}]}}