{"id":175208,"date":"2026-02-27T14:30:00","date_gmt":"2026-02-27T17:30:00","guid":{"rendered":"https:\/\/www.em.com.br\/emfoco\/?p=175208"},"modified":"2026-02-27T13:05:05","modified_gmt":"2026-02-27T16:05:05","slug":"o-que-significa-guardar-roupas-espalhadas-so-quando-recebe-visita-em-casa-segundo-a-psicologia","status":"publish","type":"post","link":"https:\/\/www.em.com.br\/emfoco\/2026\/02\/27\/o-que-significa-guardar-roupas-espalhadas-so-quando-recebe-visita-em-casa-segundo-a-psicologia\/","title":{"rendered":"O que significa guardar roupas espalhadas s\u00f3 quando recebe visita em casa, segundo a psicologia"},"content":{"rendered":"\n<p><strong>Guardar roupas espalhadas<\/strong> apenas quando algu\u00e9m anuncia uma visita \u00e9 um comportamento que a psicologia comportamental explica com clareza. Esse h\u00e1bito revela padr\u00f5es emocionais ligados \u00e0 motiva\u00e7\u00e3o extr\u00ednseca, \u00e0 autoimagem e \u00e0 forma como processamos o julgamento social. Compreender o que est\u00e1 por tr\u00e1s desse gesto aparentemente simples pode transformar a maneira como voc\u00ea se relaciona consigo mesmo e com o seu espa\u00e7o.<\/p>\n\n\n\n<h2 class=\"wp-block-heading\">Por que a psicologia considera esse comportamento um padr\u00e3o emocional?<\/h2>\n\n\n\n<p><a href=\"https:\/\/www.sciencedirect.com\/science\/article\/pii\/S0272494425001550\" target=\"_blank\" rel=\"noreferrer noopener\">A psicologia entende<\/a> que guardar roupas espalhadas somente diante de uma visita n\u00e3o \u00e9 apenas pregui\u00e7a ou falta de tempo. Trata-se de um padr\u00e3o emocional que envolve a regula\u00e7\u00e3o do comportamento por est\u00edmulos externos. O conceito de motiva\u00e7\u00e3o extr\u00ednseca, amplamente estudado na psicologia motivacional, explica que certas a\u00e7\u00f5es s\u00f3 acontecem quando existe uma recompensa ou consequ\u00eancia social envolvida.<\/p>\n\n\n\n<p>Nesse caso, a recompensa \u00e9 evitar o constrangimento e preservar a imagem pessoal diante do outro. O indiv\u00edduo n\u00e3o percebe valor em organizar o ambiente para si, o que aponta para quest\u00f5es mais profundas relacionadas \u00e0 autopercep\u00e7\u00e3o e ao senso de merecimento.<\/p>\n\n\n\n<h2 class=\"wp-block-heading\">Quais mecanismos psicol\u00f3gicos est\u00e3o envolvidos no h\u00e1bito de guardar roupas espalhadas apenas para os outros?<\/h2>\n\n\n\n<p>Diversos processos cognitivos e emocionais atuam simultaneamente nesse comportamento. A psicologia social destaca o gerenciamento de impress\u00f5es como um dos principais fatores. J\u00e1 a psicologia cognitiva aponta para vieses de prioriza\u00e7\u00e3o, onde o c\u00e9rebro classifica tarefas como urgentes apenas quando h\u00e1 uma consequ\u00eancia imediata e vis\u00edvel.<\/p>\n\n\n\n<p>Entre os mecanismos mais relevantes identificados por pesquisadores do comportamento humano, destacam-se:<\/p>\n\n\n\n<style>\n.bloco-analise {\n  font-family: -apple-system, BlinkMacSystemFont, \"Segoe UI\", Roboto, Arial, sans-serif;\n  background: #ffffff;\n  border: 1px solid #e5e7eb;\n  border-radius: 14px;\n  padding: 24px;\n  max-width: 950px;\n  margin: 0 auto;\n  box-shadow: 0 4px 18px rgba(0,0,0,0.05);\n}\n\n.bloco-analise h2 {\n  font-size: 20px;\n  text-align: center;\n  margin-bottom: 22px;\n  color: #111827;\n}\n\n.grid-analise {\n  display: grid;\n  grid-template-columns: repeat(3, 1fr);\n  gap: 18px;\n}\n\n.card-analise {\n  background: #f9fafb;\n  border: 1px solid #e5e7eb;\n  border-radius: 12px;\n  padding: 18px;\n  display: flex;\n  flex-direction: column;\n  gap: 10px;\n  transition: all 0.2s ease;\n}\n\n.card-analise:hover {\n  background: #f3f4f6;\n}\n\n.card-analise h3 {\n  font-size: 15px;\n  margin: 0;\n  color: #1f2937;\n}\n\n.card-analise p {\n  font-size: 14px;\n  margin: 0;\n  color: #4b5563;\n  line-height: 1.6;\n}\n\n.badge {\n  display: inline-block;\n  font-size: 11px;\n  font-weight: 600;\n  color: #7c3aed;\n  background: #ede9fe;\n  padding: 4px 8px;\n  border-radius: 999px;\n  width: fit-content;\n}\n\n@media (max-width: 900px) {\n  .grid-analise {\n    grid-template-columns: 1fr;\n  }\n}\n<\/style>\n\n<div class=\"bloco-analise\">\n  <h2>Aspectos Psicol\u00f3gicos Envolvidos na Organiza\u00e7\u00e3o<\/h2>\n\n  <div class=\"grid-analise\">\n\n    <div class=\"card-analise\">\n      <span class=\"badge\">Comportamento Social<\/span>\n      <h3>Necessidade de aprova\u00e7\u00e3o<\/h3>\n      <p>\n        O ato de organizar o espa\u00e7o se conecta ao desejo de ser percebido positivamente, revelando poss\u00edvel depend\u00eancia emocional da valida\u00e7\u00e3o externa.\n      <\/p>\n    <\/div>\n\n    <div class=\"card-analise\">\n      <span class=\"badge\">Produtividade<\/span>\n      <h3>Procrastina\u00e7\u00e3o seletiva<\/h3>\n      <p>\n        A mente tende a postergar tarefas que n\u00e3o geram recompensa imediata. Organizar roupas espalhadas s\u00f3 ganha prioridade quando surge um est\u00edmulo social.\n      <\/p>\n    <\/div>\n\n    <div class=\"card-analise\">\n      <span class=\"badge\">Autocuidado<\/span>\n      <h3>Dissocia\u00e7\u00e3o interna<\/h3>\n      <p>\n        Existe uma separa\u00e7\u00e3o entre autocuidado e cuidado com o ambiente, dificultando reconhecer a organiza\u00e7\u00e3o como parte leg\u00edtima da sa\u00fade mental.\n      <\/p>\n    <\/div>\n\n  <\/div>\n<\/div>\n\n\n\n<h2 class=\"wp-block-heading\">Como esse comportamento afeta a sa\u00fade mental no dia a dia?<\/h2>\n\n\n\n<p><a href=\"https:\/\/www.em.com.br\/emfoco\/emfoco\/2026\/02\/20\/o-que-significa-arrumar-a-cadeira-ao-sair-segundo-a-psicologia\/\" target=\"_blank\" rel=\"noreferrer noopener\">Pesquisas em psicologia<\/a> ambiental demonstram que ambientes desorganizados elevam os n\u00edveis de cortisol e prejudicam fun\u00e7\u00f5es cognitivas como aten\u00e7\u00e3o e mem\u00f3ria. Conviver diariamente com roupas espalhadas e objetos fora do lugar cria um estado de sobrecarga sensorial que intensifica sintomas de ansiedade e estresse cr\u00f4nico.<\/p>\n\n\n\n<p>O impacto vai al\u00e9m do desconforto visual. A desorganiza\u00e7\u00e3o constante pode refor\u00e7ar cren\u00e7as negativas sobre si mesmo, alimentando um ciclo de autocr\u00edtica e desmotiva\u00e7\u00e3o. Quando a pessoa s\u00f3 encontra energia para organizar o ambiente sob press\u00e3o social, ela inconscientemente reafirma que seu pr\u00f3prio conforto n\u00e3o \u00e9 motivo suficiente para agir.<\/p>\n\n\n<div class=\"wp-block-image\">\n<figure class=\"aligncenter size-large\"><img loading=\"lazy\" decoding=\"async\" width=\"1024\" height=\"585\" src=\"https:\/\/www.em.com.br\/emfoco\/wp-content\/uploads\/2026\/02\/freepik__the-style-is-candid-image-photography-with-natural__6674-1024x585.jpeg\" alt=\"O que significa guardar roupas espalhadas s\u00f3 quando recebe visita em casa, segundo a psicologia\" class=\"wp-image-175230\"\/><figcaption class=\"wp-element-caption\">Psicologia comportamental explica por que voc\u00ea s\u00f3 guarda roupas espalhadas quando algu\u00e9m aparece<\/figcaption><\/figure><\/div>\n\n\n<h2 class=\"wp-block-heading\">Quais estrat\u00e9gias a psicologia recomenda para transformar esse padr\u00e3o?<\/h2>\n\n\n\n<p>A terapia cognitivo comportamental oferece ferramentas eficazes para ressignificar a rela\u00e7\u00e3o com a organiza\u00e7\u00e3o do espa\u00e7o pessoal. O objetivo \u00e9 transferir a motiva\u00e7\u00e3o do campo externo para o interno, fortalecendo a conex\u00e3o entre o ato de guardar roupas espalhadas e o autocuidado emocional.<\/p>\n\n\n\n<p>Profissionais da \u00e1rea recomendam pr\u00e1ticas que podem ser incorporadas gradualmente na rotina:<\/p>\n\n\n\n<ul class=\"wp-block-list\">\n<li><strong>Reestrutura\u00e7\u00e3o cognitiva:<\/strong> identificar e questionar pensamentos autom\u00e1ticos como &#8220;n\u00e3o vale a pena arrumar s\u00f3 para mim&#8221; ajuda a construir novas cren\u00e7as sobre autovalor.<\/li>\n\n\n\n<li><strong>T\u00e9cnica dos pequenos passos:<\/strong> dedicar cinco minutos di\u00e1rios \u00e0 organiza\u00e7\u00e3o reduz a resist\u00eancia emocional e cria novos circuitos de h\u00e1bito no c\u00e9rebro.<\/li>\n\n\n\n<li><strong>Ancoragem emocional positiva:<\/strong> associar o ambiente organizado a sensa\u00e7\u00f5es de calma e acolhimento fortalece a motiva\u00e7\u00e3o intr\u00ednseca ao longo do tempo.<\/li>\n\n\n\n<li><strong>Registro comportamental:<\/strong> anotar quando e por que surgiu a vontade de organizar ajuda a identificar gatilhos emocionais e padr\u00f5es inconscientes.<\/li>\n<\/ul>\n\n\n\n<h2 class=\"wp-block-heading\">Quando \u00e9 importante procurar um psic\u00f3logo para lidar com esse comportamento?<\/h2>\n\n\n\n<p>Se a dificuldade de manter o espa\u00e7o organizado vem acompanhada de apatia persistente, isolamento social ou sensa\u00e7\u00e3o de vazio, a psicologia cl\u00ednica recomenda buscar acompanhamento profissional. Esses sinais podem indicar quadros como depress\u00e3o, transtorno de d\u00e9ficit de aten\u00e7\u00e3o ou esgotamento emocional, condi\u00e7\u00f5es que comprometem a capacidade de autorregula\u00e7\u00e3o.<\/p>\n\n\n\n<p>Um psic\u00f3logo pode ajudar a identificar as ra\u00edzes emocionais que sustentam esse padr\u00e3o e oferecer interven\u00e7\u00f5es personalizadas. Guardar roupas espalhadas pode parecer um detalhe trivial, mas quando analisado sob a perspectiva da psicologia, revela informa\u00e7\u00f5es valiosas sobre como nos percebemos e o quanto priorizamos o nosso pr\u00f3prio bem estar emocional.<\/p>\n\n\n\n<p><\/p>\n","protected":false},"excerpt":{"rendered":"<p>Guardar roupas espalhadas apenas quando algu\u00e9m anuncia uma visita \u00e9 um comportamento que a psicologia comportamental explica com clareza. Esse h\u00e1bito revela padr\u00f5es emocionais ligados \u00e0 motiva\u00e7\u00e3o extr\u00ednseca, \u00e0 autoimagem e \u00e0 forma como processamos o julgamento social. Compreender o que est\u00e1 por tr\u00e1s desse gesto aparentemente simples pode transformar a maneira como voc\u00ea se [&hellip;]<\/p>\n","protected":false},"author":10,"featured_media":175231,"comment_status":"open","ping_status":"open","sticky":false,"template":"","format":"standard","meta":{"jnews-multi-image_gallery":[],"jnews_single_post":{"format":"standard"},"jnews_primary_category":[],"jnews_social_meta":[],"jnews_override_counter":[],"footnotes":""},"categories":[8819],"tags":[25359,25360,5155],"class_list":["post-175208","post","type-post","status-publish","format-standard","has-post-thumbnail","hentry","category-curiosidades","tag-arrumar-roupas","tag-guardar-roupas","tag-psicologia"],"yoast_head":"<!-- This site is optimized with the Yoast SEO plugin v23.8 - https:\/\/yoast.com\/wordpress\/plugins\/seo\/ -->\n<title>O que significa guardar roupas espalhadas s\u00f3 quando recebe visita em casa, segundo a psicologia - Estado de Minas - Em foco<\/title>\n<meta name=\"description\" content=\"Guardar roupas espalhadas apenas para visita \u00e9 um padr\u00e3o ligado \u00e0 motiva\u00e7\u00e3o extr\u00ednseca e \u00e0 necessidade de aprova\u00e7\u00e3o social.\" \/>\n<meta name=\"robots\" content=\"index, follow, max-snippet:-1, max-image-preview:large, max-video-preview:-1\" \/>\n<link rel=\"canonical\" href=\"https:\/\/www.em.com.br\/emfoco\/2026\/02\/27\/o-que-significa-guardar-roupas-espalhadas-so-quando-recebe-visita-em-casa-segundo-a-psicologia\/\" \/>\n<meta property=\"og:locale\" content=\"pt_BR\" \/>\n<meta property=\"og:type\" content=\"article\" \/>\n<meta property=\"og:title\" content=\"O que significa guardar roupas espalhadas s\u00f3 quando recebe visita em casa, segundo a psicologia - Estado de Minas - Em foco\" \/>\n<meta property=\"og:description\" content=\"Guardar roupas espalhadas apenas para visita \u00e9 um padr\u00e3o ligado \u00e0 motiva\u00e7\u00e3o extr\u00ednseca e \u00e0 necessidade de aprova\u00e7\u00e3o social.\" \/>\n<meta property=\"og:url\" content=\"https:\/\/www.em.com.br\/emfoco\/2026\/02\/27\/o-que-significa-guardar-roupas-espalhadas-so-quando-recebe-visita-em-casa-segundo-a-psicologia\/\" \/>\n<meta property=\"og:site_name\" content=\"Estado de Minas - Em foco\" \/>\n<meta property=\"article:published_time\" content=\"2026-02-27T17:30:00+00:00\" \/>\n<meta property=\"article:modified_time\" content=\"2026-02-27T16:05:05+00:00\" \/>\n<meta property=\"og:image\" content=\"https:\/\/www.em.com.br\/emfoco\/wp-content\/uploads\/2026\/02\/freepik__the-style-is-candid-image-photography-with-natural__6673-e1772206221529.jpeg\" \/>\n\t<meta property=\"og:image:width\" content=\"1280\" \/>\n\t<meta property=\"og:image:height\" content=\"731\" \/>\n\t<meta property=\"og:image:type\" content=\"image\/jpeg\" \/>\n<meta name=\"author\" content=\"Patryck Reinehr\" \/>\n<meta name=\"twitter:card\" content=\"summary_large_image\" \/>\n<meta name=\"twitter:label1\" content=\"Escrito por\" \/>\n\t<meta name=\"twitter:data1\" content=\"Patryck Reinehr\" \/>\n\t<meta name=\"twitter:label2\" content=\"Est. tempo de leitura\" \/>\n\t<meta name=\"twitter:data2\" content=\"5 minutos\" \/>\n<!-- \/ Yoast SEO plugin. -->","yoast_head_json":{"title":"O que significa guardar roupas espalhadas s\u00f3 quando recebe visita em casa, segundo a psicologia - Estado de Minas - Em foco","description":"Guardar roupas espalhadas apenas para visita \u00e9 um padr\u00e3o ligado \u00e0 motiva\u00e7\u00e3o extr\u00ednseca e \u00e0 necessidade de aprova\u00e7\u00e3o social.","robots":{"index":"index","follow":"follow","max-snippet":"max-snippet:-1","max-image-preview":"max-image-preview:large","max-video-preview":"max-video-preview:-1"},"canonical":"https:\/\/www.em.com.br\/emfoco\/2026\/02\/27\/o-que-significa-guardar-roupas-espalhadas-so-quando-recebe-visita-em-casa-segundo-a-psicologia\/","og_locale":"pt_BR","og_type":"article","og_title":"O que significa guardar roupas espalhadas s\u00f3 quando recebe visita em casa, segundo a psicologia - Estado de Minas - Em foco","og_description":"Guardar roupas espalhadas apenas para visita \u00e9 um padr\u00e3o ligado \u00e0 motiva\u00e7\u00e3o extr\u00ednseca e \u00e0 necessidade de aprova\u00e7\u00e3o social.","og_url":"https:\/\/www.em.com.br\/emfoco\/2026\/02\/27\/o-que-significa-guardar-roupas-espalhadas-so-quando-recebe-visita-em-casa-segundo-a-psicologia\/","og_site_name":"Estado de Minas - Em foco","article_published_time":"2026-02-27T17:30:00+00:00","article_modified_time":"2026-02-27T16:05:05+00:00","og_image":[{"width":1280,"height":731,"url":"https:\/\/www.em.com.br\/emfoco\/wp-content\/uploads\/2026\/02\/freepik__the-style-is-candid-image-photography-with-natural__6673-e1772206221529.jpeg","type":"image\/jpeg"}],"author":"Patryck Reinehr","twitter_card":"summary_large_image","twitter_misc":{"Escrito por":"Patryck Reinehr","Est. tempo de leitura":"5 minutos"},"schema":{"@context":"https:\/\/schema.org","@graph":[{"@type":"WebPage","@id":"https:\/\/www.em.com.br\/emfoco\/2026\/02\/27\/o-que-significa-guardar-roupas-espalhadas-so-quando-recebe-visita-em-casa-segundo-a-psicologia\/","url":"https:\/\/www.em.com.br\/emfoco\/2026\/02\/27\/o-que-significa-guardar-roupas-espalhadas-so-quando-recebe-visita-em-casa-segundo-a-psicologia\/","name":"O que significa guardar roupas espalhadas s\u00f3 quando recebe visita em casa, segundo a psicologia - Estado de Minas - Em foco","isPartOf":{"@id":"https:\/\/www.em.com.br\/emfoco\/#website"},"primaryImageOfPage":{"@id":"https:\/\/www.em.com.br\/emfoco\/2026\/02\/27\/o-que-significa-guardar-roupas-espalhadas-so-quando-recebe-visita-em-casa-segundo-a-psicologia\/#primaryimage"},"image":{"@id":"https:\/\/www.em.com.br\/emfoco\/2026\/02\/27\/o-que-significa-guardar-roupas-espalhadas-so-quando-recebe-visita-em-casa-segundo-a-psicologia\/#primaryimage"},"thumbnailUrl":"https:\/\/www.em.com.br\/emfoco\/wp-content\/uploads\/2026\/02\/freepik__the-style-is-candid-image-photography-with-natural__6673-e1772206221529.jpeg","datePublished":"2026-02-27T17:30:00+00:00","dateModified":"2026-02-27T16:05:05+00:00","author":{"@id":"https:\/\/www.em.com.br\/emfoco\/#\/schema\/person\/43407752bebcbbb4d0ec79deedc0d7ce"},"description":"Guardar roupas espalhadas apenas para visita \u00e9 um padr\u00e3o ligado \u00e0 motiva\u00e7\u00e3o extr\u00ednseca e \u00e0 necessidade de aprova\u00e7\u00e3o social.","breadcrumb":{"@id":"https:\/\/www.em.com.br\/emfoco\/2026\/02\/27\/o-que-significa-guardar-roupas-espalhadas-so-quando-recebe-visita-em-casa-segundo-a-psicologia\/#breadcrumb"},"inLanguage":"pt-BR","potentialAction":[{"@type":"ReadAction","target":["https:\/\/www.em.com.br\/emfoco\/2026\/02\/27\/o-que-significa-guardar-roupas-espalhadas-so-quando-recebe-visita-em-casa-segundo-a-psicologia\/"]}]},{"@type":"ImageObject","inLanguage":"pt-BR","@id":"https:\/\/www.em.com.br\/emfoco\/2026\/02\/27\/o-que-significa-guardar-roupas-espalhadas-so-quando-recebe-visita-em-casa-segundo-a-psicologia\/#primaryimage","url":"https:\/\/www.em.com.br\/emfoco\/wp-content\/uploads\/2026\/02\/freepik__the-style-is-candid-image-photography-with-natural__6673-e1772206221529.jpeg","contentUrl":"https:\/\/www.em.com.br\/emfoco\/wp-content\/uploads\/2026\/02\/freepik__the-style-is-candid-image-photography-with-natural__6673-e1772206221529.jpeg","width":1280,"height":731,"caption":"Guardar roupas espalhadas s\u00f3 para evitar julgamento indica busca por aprova\u00e7\u00e3o social"},{"@type":"BreadcrumbList","@id":"https:\/\/www.em.com.br\/emfoco\/2026\/02\/27\/o-que-significa-guardar-roupas-espalhadas-so-quando-recebe-visita-em-casa-segundo-a-psicologia\/#breadcrumb","itemListElement":[{"@type":"ListItem","position":1,"name":"In\u00edcio","item":"https:\/\/www.em.com.br\/emfoco\/"},{"@type":"ListItem","position":2,"name":"O que significa guardar roupas espalhadas s\u00f3 quando recebe visita em casa, segundo a psicologia"}]},{"@type":"WebSite","@id":"https:\/\/www.em.com.br\/emfoco\/#website","url":"https:\/\/www.em.com.br\/emfoco\/","name":"Estado de Minas - Em foco","description":"Acompanhe as \u00faltimas not\u00edcias e fique bem informado sobre tudo o que acontece em Minas Gerais, Brasil e no mundo.","potentialAction":[{"@type":"SearchAction","target":{"@type":"EntryPoint","urlTemplate":"https:\/\/www.em.com.br\/emfoco\/?s={search_term_string}"},"query-input":{"@type":"PropertyValueSpecification","valueRequired":true,"valueName":"search_term_string"}}],"inLanguage":"pt-BR"},{"@type":"Person","@id":"https:\/\/www.em.com.br\/emfoco\/#\/schema\/person\/43407752bebcbbb4d0ec79deedc0d7ce","name":"Patryck Reinehr","image":{"@type":"ImageObject","inLanguage":"pt-BR","@id":"https:\/\/www.em.com.br\/emfoco\/#\/schema\/person\/image\/","url":"https:\/\/secure.gravatar.com\/avatar\/570c7fb2898c0e2df0823196891bea88?s=96&d=mm&r=g","contentUrl":"https:\/\/secure.gravatar.com\/avatar\/570c7fb2898c0e2df0823196891bea88?s=96&d=mm&r=g","caption":"Patryck Reinehr"},"url":"https:\/\/www.em.com.br\/emfoco\/author\/patryckmyth\/"}]}},"_links":{"self":[{"href":"https:\/\/www.em.com.br\/emfoco\/wp-json\/wp\/v2\/posts\/175208","targetHints":{"allow":["GET"]}}],"collection":[{"href":"https:\/\/www.em.com.br\/emfoco\/wp-json\/wp\/v2\/posts"}],"about":[{"href":"https:\/\/www.em.com.br\/emfoco\/wp-json\/wp\/v2\/types\/post"}],"author":[{"embeddable":true,"href":"https:\/\/www.em.com.br\/emfoco\/wp-json\/wp\/v2\/users\/10"}],"replies":[{"embeddable":true,"href":"https:\/\/www.em.com.br\/emfoco\/wp-json\/wp\/v2\/comments?post=175208"}],"version-history":[{"count":1,"href":"https:\/\/www.em.com.br\/emfoco\/wp-json\/wp\/v2\/posts\/175208\/revisions"}],"predecessor-version":[{"id":175236,"href":"https:\/\/www.em.com.br\/emfoco\/wp-json\/wp\/v2\/posts\/175208\/revisions\/175236"}],"wp:featuredmedia":[{"embeddable":true,"href":"https:\/\/www.em.com.br\/emfoco\/wp-json\/wp\/v2\/media\/175231"}],"wp:attachment":[{"href":"https:\/\/www.em.com.br\/emfoco\/wp-json\/wp\/v2\/media?parent=175208"}],"wp:term":[{"taxonomy":"category","embeddable":true,"href":"https:\/\/www.em.com.br\/emfoco\/wp-json\/wp\/v2\/categories?post=175208"},{"taxonomy":"post_tag","embeddable":true,"href":"https:\/\/www.em.com.br\/emfoco\/wp-json\/wp\/v2\/tags?post=175208"}],"curies":[{"name":"wp","href":"https:\/\/api.w.org\/{rel}","templated":true}]}}