{"id":175183,"date":"2026-03-02T14:05:00","date_gmt":"2026-03-02T17:05:00","guid":{"rendered":"https:\/\/www.em.com.br\/emfoco\/?p=175183"},"modified":"2026-02-27T23:53:43","modified_gmt":"2026-02-28T02:53:43","slug":"pe-de-meia-libera-r-1-000-para-aprovados-no-ensino-medio-e-milhoes-descobrem-que-podem-receber-sem-saber","status":"publish","type":"post","link":"https:\/\/www.em.com.br\/emfoco\/2026\/03\/02\/pe-de-meia-libera-r-1-000-para-aprovados-no-ensino-medio-e-milhoes-descobrem-que-podem-receber-sem-saber\/","title":{"rendered":"P\u00e9-de-Meia libera R$ 1.000 para aprovados no ensino m\u00e9dio e milh\u00f5es descobrem que podem receber sem saber"},"content":{"rendered":"\n<p>O <strong>P\u00e9-de-Meia<\/strong> come\u00e7ou a depositar R$ 1.000 para alunos aprovados no ensino m\u00e9dio. O benef\u00edcio contempla estudantes do 1\u00ba, 2\u00ba e 3\u00ba ano e inclui b\u00f4nus extra para quem fez o Enem, segundo calend\u00e1rio divulgado pelo MEC.<\/p>\n\n\n\n<h2 class=\"wp-block-heading\">Quem recebe o b\u00f4nus de R$ 1.000 do P\u00e9-de-Meia?<\/h2>\n\n\n\n<p>O valor de <strong>R$ 1.000 pela aprova\u00e7\u00e3o<\/strong> \u00e9 destinado a estudantes da rede p\u00fablica que conclu\u00edram com \u00eaxito o ano letivo. O pagamento ocorre ap\u00f3s valida\u00e7\u00e3o da aprova\u00e7\u00e3o no sistema educacional.<\/p>\n\n\n\n<p>Alunos que finalizaram o 3\u00ba ano e participaram dos dois dias do <a href=\"https:\/\/www.em.com.br\/emfoco\/2025\/06\/17\/vai-fazer-o-enem-atencao-as-mudancas-que-pegam-muitos-de-surpresa\/\" target=\"_blank\" rel=\"noreferrer noopener\"><strong>Enem<\/strong> <\/a>tamb\u00e9m recebem R$ 200 adicionais. A meta do programa \u00e9 reduzir a evas\u00e3o escolar e ampliar o acesso \u00e0 universidade.<\/p>\n\n\n\n<figure class=\"wp-block-image size-large\"><img loading=\"lazy\" decoding=\"async\" width=\"1024\" height=\"576\" src=\"https:\/\/www.em.com.br\/emfoco\/wp-content\/uploads\/2026\/02\/3-32-1024x576.jpg\" alt=\"P\u00e9-de-Meia libera R$ 1.000 para aprovados no ensino m\u00e9dio e milh\u00f5es descobrem que podem receber sem saber\" class=\"wp-image-175195\" srcset=\"https:\/\/www.em.com.br\/emfoco\/wp-content\/uploads\/2026\/02\/3-32-1024x576.jpg 1024w, https:\/\/www.em.com.br\/emfoco\/wp-content\/uploads\/2026\/02\/3-32-300x169.jpg 300w, https:\/\/www.em.com.br\/emfoco\/wp-content\/uploads\/2026\/02\/3-32-768x432.jpg 768w, https:\/\/www.em.com.br\/emfoco\/wp-content\/uploads\/2026\/02\/3-32-750x422.jpg 750w, https:\/\/www.em.com.br\/emfoco\/wp-content\/uploads\/2026\/02\/3-32-1140x641.jpg 1140w, https:\/\/www.em.com.br\/emfoco\/wp-content\/uploads\/2026\/02\/3-32.jpg 1280w\" sizes=\"auto, (max-width: 1024px) 100vw, 1024px\" \/><figcaption class=\"wp-element-caption\">B\u00f4nus \u00e9 destinado a alunos da rede p\u00fablica que conclu\u00edrem o ano<\/figcaption><\/figure>\n\n\n\n<h2 class=\"wp-block-heading\">Quais s\u00e3o os valores totais pagos ao longo do ano?<\/h2>\n\n\n\n<p>O incentivo financeiro \u00e9 dividido em etapas ao longo do per\u00edodo escolar. O programa combina pagamentos por matr\u00edcula, frequ\u00eancia e conclus\u00e3o do ano, fortalecendo a perman\u00eancia do aluno na escola.<\/p>\n\n\n\n<ul class=\"wp-block-list\">\n<li><strong>R$ 200<\/strong> pagos no in\u00edcio do ano pela matr\u00edcula.<\/li>\n\n\n\n<li><strong>R$ 1.800<\/strong> por frequ\u00eancia m\u00ednima de 80%, divididos em parcelas.<\/li>\n\n\n\n<li><strong>R$ 1.000<\/strong> pela aprova\u00e7\u00e3o ao final do ano letivo.<\/li>\n<\/ul>\n\n\n\n<h2 class=\"wp-block-heading\">Qual \u00e9 o calend\u00e1rio oficial de pagamentos?<\/h2>\n\n\n\n<p>O <strong>calend\u00e1rio do P\u00e9-de-Meia<\/strong> organiza as parcelas do incentivo por frequ\u00eancia entre mar\u00e7o e fevereiro do ano seguinte. Os pagamentos seguem cronograma escalonado definido pelo MEC, conforme tabela abaixo.<\/p>\n\n\n\n<table style=\"margin:18px auto; width:92%; max-width:720px; border-collapse:collapse; font-family:Arial, sans-serif; font-size:14px; text-align:center; border:1px solid #cfd8dc; border-radius:10px; overflow:hidden;\">\n  <tr style=\"background-color:#0d47a1; color:#ffffff;\">\n    <th style=\"padding:10px 12px; border:1px solid #cfd8dc;\">Parcela<\/th>\n    <th style=\"padding:10px 12px; border:1px solid #cfd8dc; text-align:left;\">Per\u00edodo<\/th>\n  <\/tr>\n\n  <tr style=\"background-color:#e3f2fd;\">\n    <td style=\"padding:9px 12px; border:1px solid #cfd8dc; width:90px; font-weight:700;\">1<\/td>\n    <td style=\"padding:9px 12px; border:1px solid #cfd8dc; text-align:left;\">23 a 30 de mar\u00e7o de 2026<\/td>\n  <\/tr>\n  <tr>\n    <td style=\"padding:9px 12px; border:1px solid #cfd8dc; font-weight:700;\">2<\/td>\n    <td style=\"padding:9px 12px; border:1px solid #cfd8dc; text-align:left;\">27 de abril a 4 de maio de 2026<\/td>\n  <\/tr>\n  <tr style=\"background-color:#e3f2fd;\">\n    <td style=\"padding:9px 12px; border:1px solid #cfd8dc; font-weight:700;\">3<\/td>\n    <td style=\"padding:9px 12px; border:1px solid #cfd8dc; text-align:left;\">25 de maio a 1 de junho de 2026<\/td>\n  <\/tr>\n  <tr>\n    <td style=\"padding:9px 12px; border:1px solid #cfd8dc; font-weight:700;\">4<\/td>\n    <td style=\"padding:9px 12px; border:1px solid #cfd8dc; text-align:left;\">29 de junho a 6 de julho de 2026<\/td>\n  <\/tr>\n  <tr style=\"background-color:#e3f2fd;\">\n    <td style=\"padding:9px 12px; border:1px solid #cfd8dc; font-weight:700;\">5<\/td>\n    <td style=\"padding:9px 12px; border:1px solid #cfd8dc; text-align:left;\">24 a 31 de agosto de 2026<\/td>\n  <\/tr>\n  <tr>\n    <td style=\"padding:9px 12px; border:1px solid #cfd8dc; font-weight:700;\">6<\/td>\n    <td style=\"padding:9px 12px; border:1px solid #cfd8dc; text-align:left;\">21 a 28 de setembro de 2026<\/td>\n  <\/tr>\n  <tr style=\"background-color:#e3f2fd;\">\n    <td style=\"padding:9px 12px; border:1px solid #cfd8dc; font-weight:700;\">7<\/td>\n    <td style=\"padding:9px 12px; border:1px solid #cfd8dc; text-align:left;\">19 a 26 de outubro de 2026<\/td>\n  <\/tr>\n  <tr>\n    <td style=\"padding:9px 12px; border:1px solid #cfd8dc; font-weight:700;\">8<\/td>\n    <td style=\"padding:9px 12px; border:1px solid #cfd8dc; text-align:left;\">23 a 30 de novembro de 2026<\/td>\n  <\/tr>\n  <tr style=\"background-color:#e3f2fd;\">\n    <td style=\"padding:9px 12px; border:1px solid #cfd8dc; font-weight:700;\">9<\/td>\n    <td style=\"padding:9px 12px; border:1px solid #cfd8dc; text-align:left;\">21 a 28 de dezembro de 2026<\/td>\n  <\/tr>\n  <tr>\n    <td style=\"padding:9px 12px; border:1px solid #cfd8dc; font-weight:700;\">10<\/td>\n    <td style=\"padding:9px 12px; border:1px solid #cfd8dc; text-align:left;\">25 de janeiro a 1 de fevereiro de 2027<\/td>\n  <\/tr>\n<\/table>\n\n\n\n<p>Os pagamentos s\u00e3o feitos de forma escalonada para garantir organiza\u00e7\u00e3o or\u00e7ament\u00e1ria e previsibilidade aos estudantes beneficiados.<\/p>\n\n\n\n<h2 class=\"wp-block-heading\">Quem pode participar do programa?<\/h2>\n\n\n\n<p>O <strong>P\u00e9-de-Meia<\/strong> \u00e9 destinado a alunos da rede p\u00fablica, de 14 a 24 anos, inscritos no Cad\u00danico. \u00c9 obrigat\u00f3rio possuir CPF regular e matr\u00edcula ativa no in\u00edcio do ano letivo.<\/p>\n\n\n\n<p>Tamb\u00e9m \u00e9 exigida <strong>frequ\u00eancia m\u00ednima de 80%<\/strong> e participa\u00e7\u00e3o no Saeb. Para receber o b\u00f4nus final, o estudante n\u00e3o pode ter sido reprovado e deve cumprir os crit\u00e9rios estabelecidos pelo MEC.<\/p>\n\n\n\n<p>Confira o v\u00eddeo compartilhado pelo canal do TikTok <strong><a href=\"https:\/\/www.tiktok.com\/@salimnoticias\" target=\"_blank\" rel=\"noreferrer noopener\"><strong>salimnoticias<\/strong><\/a><\/strong> falando sobre o calend\u00e1rio divulgado dos pagamentos do P\u00e9-de-Meia para o ano de 2026.<\/p>\n\n\n\n<blockquote class=\"tiktok-embed\" cite=\"https:\/\/www.tiktok.com\/@salimnoticias\/video\/7609016771873393928\" data-video-id=\"7609016771873393928\" style=\"max-width: 605px;min-width: 325px;\" > <section> <a target=\"_blank\" title=\"@salimnoticias\" href=\"https:\/\/www.tiktok.com\/@salimnoticias?refer=embed\">@salimnoticias<\/a> CALEND\u00c1RIO DO P\u00c9 DE MEIA DE 2026 DIVULGADO PELO MINIST\u00c9RIO DA EDUCA\u00c7\u00c3O! <a title=\"noticias\" target=\"_blank\" href=\"https:\/\/www.tiktok.com\/tag\/noticias?refer=embed\">#noticias<\/a> <a title=\"pedemeiaensinomedio\" target=\"_blank\" href=\"https:\/\/www.tiktok.com\/tag\/pedemeiaensinomedio?refer=embed\">#pedemeiaensinomedio<\/a> <a title=\"estudantes\" target=\"_blank\" href=\"https:\/\/www.tiktok.com\/tag\/estudantes?refer=embed\">#estudantes<\/a> <a title=\"videoviral\" target=\"_blank\" href=\"https:\/\/www.tiktok.com\/tag\/videoviral?refer=embed\">#videoviral<\/a> <a title=\"hoje\" target=\"_blank\" href=\"https:\/\/www.tiktok.com\/tag\/hoje?refer=embed\">#hoje<\/a> <a target=\"_blank\" title=\"\u266c som original - Salim Not\u00edcias\" href=\"https:\/\/www.tiktok.com\/music\/som-original-7609016936777091857?refer=embed\">\u266c som original &#8211; Salim Not\u00edcias<\/a> <\/section> <\/blockquote> <script async src=\"https:\/\/www.tiktok.com\/embed.js\"><\/script>\n\n\n\n<h2 class=\"wp-block-heading\">Como funciona o incentivo para alunos da EJA?<\/h2>\n\n\n\n<p>Estudantes da <strong>Educa\u00e7\u00e3o de Jovens e Adultos<\/strong> tamb\u00e9m s\u00e3o contemplados. O valor total \u00e9 de R$ 900, dividido em quatro parcelas, com pagamentos concentrados entre mar\u00e7o e julho.<\/p>\n\n\n\n<p>O modelo mant\u00e9m a l\u00f3gica de perman\u00eancia escolar e amplia o alcance social do programa, direcionando recursos a estudantes em situa\u00e7\u00e3o de vulnerabilidade.<\/p>\n","protected":false},"excerpt":{"rendered":"<p>O P\u00e9-de-Meia come\u00e7ou a depositar R$ 1.000 para alunos aprovados no ensino m\u00e9dio. O benef\u00edcio contempla estudantes do 1\u00ba, 2\u00ba e 3\u00ba ano e inclui b\u00f4nus extra para quem fez o Enem, segundo calend\u00e1rio divulgado pelo MEC. Quem recebe o b\u00f4nus de R$ 1.000 do P\u00e9-de-Meia? O valor de R$ 1.000 pela aprova\u00e7\u00e3o \u00e9 destinado [&hellip;]<\/p>\n","protected":false},"author":13,"featured_media":175196,"comment_status":"open","ping_status":"open","sticky":false,"template":"","format":"standard","meta":{"jnews-multi-image_gallery":[],"jnews_single_post":{"format":"standard"},"jnews_primary_category":[],"jnews_social_meta":[],"jnews_override_counter":[],"footnotes":""},"categories":[28],"tags":[25344,25343,8567],"class_list":["post-175183","post","type-post","status-publish","format-standard","has-post-thumbnail","hentry","category-economia","tag-pagamento-do-pe-de-meia","tag-pagamentos-de-marco","tag-pe-de-meia"],"yoast_head":"<!-- This site is optimized with the Yoast SEO plugin v23.8 - https:\/\/yoast.com\/wordpress\/plugins\/seo\/ -->\n<title>P\u00e9-de-Meia libera R$ 1.000 para aprovados no ensino m\u00e9dio e milh\u00f5es descobrem que podem receber sem saber - Estado de Minas - Em foco<\/title>\n<meta name=\"description\" content=\"P\u00e9-de-Meia inicia pagamentos de R$ 1.000 para aprovados e b\u00f4nus extra para quem fez o Enem. Veja quem tem direito agora.\" \/>\n<meta name=\"robots\" content=\"index, follow, max-snippet:-1, max-image-preview:large, max-video-preview:-1\" \/>\n<link rel=\"canonical\" href=\"https:\/\/www.em.com.br\/emfoco\/2026\/03\/02\/pe-de-meia-libera-r-1-000-para-aprovados-no-ensino-medio-e-milhoes-descobrem-que-podem-receber-sem-saber\/\" \/>\n<meta property=\"og:locale\" content=\"pt_BR\" \/>\n<meta property=\"og:type\" content=\"article\" \/>\n<meta property=\"og:title\" content=\"P\u00e9-de-Meia libera R$ 1.000 para aprovados no ensino m\u00e9dio e milh\u00f5es descobrem que podem receber sem saber - Estado de Minas - Em foco\" \/>\n<meta property=\"og:description\" content=\"P\u00e9-de-Meia inicia pagamentos de R$ 1.000 para aprovados e b\u00f4nus extra para quem fez o Enem. Veja quem tem direito agora.\" \/>\n<meta property=\"og:url\" content=\"https:\/\/www.em.com.br\/emfoco\/2026\/03\/02\/pe-de-meia-libera-r-1-000-para-aprovados-no-ensino-medio-e-milhoes-descobrem-que-podem-receber-sem-saber\/\" \/>\n<meta property=\"og:site_name\" content=\"Estado de Minas - Em foco\" \/>\n<meta property=\"article:published_time\" content=\"2026-03-02T17:05:00+00:00\" \/>\n<meta property=\"article:modified_time\" content=\"2026-02-28T02:53:43+00:00\" \/>\n<meta property=\"og:image\" content=\"https:\/\/www.em.com.br\/emfoco\/wp-content\/uploads\/2026\/02\/4-22.jpg\" \/>\n\t<meta property=\"og:image:width\" content=\"1280\" \/>\n\t<meta property=\"og:image:height\" content=\"720\" \/>\n\t<meta property=\"og:image:type\" content=\"image\/jpeg\" \/>\n<meta name=\"author\" content=\"Gabriel Martins\" \/>\n<meta name=\"twitter:card\" content=\"summary_large_image\" \/>\n<meta name=\"twitter:label1\" content=\"Escrito por\" \/>\n\t<meta name=\"twitter:data1\" content=\"Gabriel Martins\" \/>\n\t<meta name=\"twitter:label2\" content=\"Est. tempo de leitura\" \/>\n\t<meta name=\"twitter:data2\" content=\"4 minutos\" \/>\n<!-- \/ Yoast SEO plugin. -->","yoast_head_json":{"title":"P\u00e9-de-Meia libera R$ 1.000 para aprovados no ensino m\u00e9dio e milh\u00f5es descobrem que podem receber sem saber - Estado de Minas - Em foco","description":"P\u00e9-de-Meia inicia pagamentos de R$ 1.000 para aprovados e b\u00f4nus extra para quem fez o Enem. Veja quem tem direito agora.","robots":{"index":"index","follow":"follow","max-snippet":"max-snippet:-1","max-image-preview":"max-image-preview:large","max-video-preview":"max-video-preview:-1"},"canonical":"https:\/\/www.em.com.br\/emfoco\/2026\/03\/02\/pe-de-meia-libera-r-1-000-para-aprovados-no-ensino-medio-e-milhoes-descobrem-que-podem-receber-sem-saber\/","og_locale":"pt_BR","og_type":"article","og_title":"P\u00e9-de-Meia libera R$ 1.000 para aprovados no ensino m\u00e9dio e milh\u00f5es descobrem que podem receber sem saber - Estado de Minas - Em foco","og_description":"P\u00e9-de-Meia inicia pagamentos de R$ 1.000 para aprovados e b\u00f4nus extra para quem fez o Enem. Veja quem tem direito agora.","og_url":"https:\/\/www.em.com.br\/emfoco\/2026\/03\/02\/pe-de-meia-libera-r-1-000-para-aprovados-no-ensino-medio-e-milhoes-descobrem-que-podem-receber-sem-saber\/","og_site_name":"Estado de Minas - Em foco","article_published_time":"2026-03-02T17:05:00+00:00","article_modified_time":"2026-02-28T02:53:43+00:00","og_image":[{"width":1280,"height":720,"url":"https:\/\/www.em.com.br\/emfoco\/wp-content\/uploads\/2026\/02\/4-22.jpg","type":"image\/jpeg"}],"author":"Gabriel Martins","twitter_card":"summary_large_image","twitter_misc":{"Escrito por":"Gabriel Martins","Est. tempo de leitura":"4 minutos"},"schema":{"@context":"https:\/\/schema.org","@graph":[{"@type":"WebPage","@id":"https:\/\/www.em.com.br\/emfoco\/2026\/03\/02\/pe-de-meia-libera-r-1-000-para-aprovados-no-ensino-medio-e-milhoes-descobrem-que-podem-receber-sem-saber\/","url":"https:\/\/www.em.com.br\/emfoco\/2026\/03\/02\/pe-de-meia-libera-r-1-000-para-aprovados-no-ensino-medio-e-milhoes-descobrem-que-podem-receber-sem-saber\/","name":"P\u00e9-de-Meia libera R$ 1.000 para aprovados no ensino m\u00e9dio e milh\u00f5es descobrem que podem receber sem saber - Estado de Minas - Em foco","isPartOf":{"@id":"https:\/\/www.em.com.br\/emfoco\/#website"},"primaryImageOfPage":{"@id":"https:\/\/www.em.com.br\/emfoco\/2026\/03\/02\/pe-de-meia-libera-r-1-000-para-aprovados-no-ensino-medio-e-milhoes-descobrem-que-podem-receber-sem-saber\/#primaryimage"},"image":{"@id":"https:\/\/www.em.com.br\/emfoco\/2026\/03\/02\/pe-de-meia-libera-r-1-000-para-aprovados-no-ensino-medio-e-milhoes-descobrem-que-podem-receber-sem-saber\/#primaryimage"},"thumbnailUrl":"https:\/\/www.em.com.br\/emfoco\/wp-content\/uploads\/2026\/02\/4-22.jpg","datePublished":"2026-03-02T17:05:00+00:00","dateModified":"2026-02-28T02:53:43+00:00","author":{"@id":"https:\/\/www.em.com.br\/emfoco\/#\/schema\/person\/1c9ddeab18b98abeffef834667bcf08a"},"description":"P\u00e9-de-Meia inicia pagamentos de R$ 1.000 para aprovados e b\u00f4nus extra para quem fez o Enem. Veja quem tem direito agora.","breadcrumb":{"@id":"https:\/\/www.em.com.br\/emfoco\/2026\/03\/02\/pe-de-meia-libera-r-1-000-para-aprovados-no-ensino-medio-e-milhoes-descobrem-que-podem-receber-sem-saber\/#breadcrumb"},"inLanguage":"pt-BR","potentialAction":[{"@type":"ReadAction","target":["https:\/\/www.em.com.br\/emfoco\/2026\/03\/02\/pe-de-meia-libera-r-1-000-para-aprovados-no-ensino-medio-e-milhoes-descobrem-que-podem-receber-sem-saber\/"]}]},{"@type":"ImageObject","inLanguage":"pt-BR","@id":"https:\/\/www.em.com.br\/emfoco\/2026\/03\/02\/pe-de-meia-libera-r-1-000-para-aprovados-no-ensino-medio-e-milhoes-descobrem-que-podem-receber-sem-saber\/#primaryimage","url":"https:\/\/www.em.com.br\/emfoco\/wp-content\/uploads\/2026\/02\/4-22.jpg","contentUrl":"https:\/\/www.em.com.br\/emfoco\/wp-content\/uploads\/2026\/02\/4-22.jpg","width":1280,"height":720,"caption":"Estudantes do ensino m\u00e9dio recebem incentivo de mil reais por aprova\u00e7\u00e3o anual"},{"@type":"BreadcrumbList","@id":"https:\/\/www.em.com.br\/emfoco\/2026\/03\/02\/pe-de-meia-libera-r-1-000-para-aprovados-no-ensino-medio-e-milhoes-descobrem-que-podem-receber-sem-saber\/#breadcrumb","itemListElement":[{"@type":"ListItem","position":1,"name":"In\u00edcio","item":"https:\/\/www.em.com.br\/emfoco\/"},{"@type":"ListItem","position":2,"name":"P\u00e9-de-Meia libera R$ 1.000 para aprovados no ensino m\u00e9dio e milh\u00f5es descobrem que podem receber sem saber"}]},{"@type":"WebSite","@id":"https:\/\/www.em.com.br\/emfoco\/#website","url":"https:\/\/www.em.com.br\/emfoco\/","name":"Estado de Minas - Em foco","description":"Acompanhe as \u00faltimas not\u00edcias e fique bem informado sobre tudo o que acontece em Minas Gerais, Brasil e no mundo.","potentialAction":[{"@type":"SearchAction","target":{"@type":"EntryPoint","urlTemplate":"https:\/\/www.em.com.br\/emfoco\/?s={search_term_string}"},"query-input":{"@type":"PropertyValueSpecification","valueRequired":true,"valueName":"search_term_string"}}],"inLanguage":"pt-BR"},{"@type":"Person","@id":"https:\/\/www.em.com.br\/emfoco\/#\/schema\/person\/1c9ddeab18b98abeffef834667bcf08a","name":"Gabriel Martins","image":{"@type":"ImageObject","inLanguage":"pt-BR","@id":"https:\/\/www.em.com.br\/emfoco\/#\/schema\/person\/image\/","url":"https:\/\/secure.gravatar.com\/avatar\/f0f1e2efdfd88f1ad2cb08c5c2731e50?s=96&d=mm&r=g","contentUrl":"https:\/\/secure.gravatar.com\/avatar\/f0f1e2efdfd88f1ad2cb08c5c2731e50?s=96&d=mm&r=g","caption":"Gabriel Martins"},"sameAs":["https:\/\/www.em.com.br\/emfoco\/"],"url":"https:\/\/www.em.com.br\/emfoco\/author\/gabrielmartinsmyth\/"}]}},"_links":{"self":[{"href":"https:\/\/www.em.com.br\/emfoco\/wp-json\/wp\/v2\/posts\/175183","targetHints":{"allow":["GET"]}}],"collection":[{"href":"https:\/\/www.em.com.br\/emfoco\/wp-json\/wp\/v2\/posts"}],"about":[{"href":"https:\/\/www.em.com.br\/emfoco\/wp-json\/wp\/v2\/types\/post"}],"author":[{"embeddable":true,"href":"https:\/\/www.em.com.br\/emfoco\/wp-json\/wp\/v2\/users\/13"}],"replies":[{"embeddable":true,"href":"https:\/\/www.em.com.br\/emfoco\/wp-json\/wp\/v2\/comments?post=175183"}],"version-history":[{"count":1,"href":"https:\/\/www.em.com.br\/emfoco\/wp-json\/wp\/v2\/posts\/175183\/revisions"}],"predecessor-version":[{"id":175204,"href":"https:\/\/www.em.com.br\/emfoco\/wp-json\/wp\/v2\/posts\/175183\/revisions\/175204"}],"wp:featuredmedia":[{"embeddable":true,"href":"https:\/\/www.em.com.br\/emfoco\/wp-json\/wp\/v2\/media\/175196"}],"wp:attachment":[{"href":"https:\/\/www.em.com.br\/emfoco\/wp-json\/wp\/v2\/media?parent=175183"}],"wp:term":[{"taxonomy":"category","embeddable":true,"href":"https:\/\/www.em.com.br\/emfoco\/wp-json\/wp\/v2\/categories?post=175183"},{"taxonomy":"post_tag","embeddable":true,"href":"https:\/\/www.em.com.br\/emfoco\/wp-json\/wp\/v2\/tags?post=175183"}],"curies":[{"name":"wp","href":"https:\/\/api.w.org\/{rel}","templated":true}]}}