{"id":175177,"date":"2026-02-28T06:05:00","date_gmt":"2026-02-28T09:05:00","guid":{"rendered":"https:\/\/www.em.com.br\/emfoco\/?p=175177"},"modified":"2026-02-27T23:11:08","modified_gmt":"2026-02-28T02:11:08","slug":"a-cor-de-esmalte-que-esgotou-em-24-horas-nos-anos-90-esta-de-volta-e-promete-dominar-2026","status":"publish","type":"post","link":"https:\/\/www.em.com.br\/emfoco\/2026\/02\/28\/a-cor-de-esmalte-que-esgotou-em-24-horas-nos-anos-90-esta-de-volta-e-promete-dominar-2026\/","title":{"rendered":"A cor de esmalte que esgotou em 24 horas nos anos 90 est\u00e1 de volta e promete dominar 2026"},"content":{"rendered":"\n<p>O esmalte <strong>Rouge Noir<\/strong> (vermelho escuro quase preto) da marca <strong>Chanel <\/strong>voltou com tudo em 2026, dominando os feeds de redes sociais e as passarelas como o ponto de encontro perfeito entre a eleg\u00e2ncia cl\u00e1ssica e a atitude moderna. Conhecido tamb\u00e9m como rouge noir, esse tom vinho profundo promete substituir os nudes b\u00e1sicos nesta temporada. Ao oferecer um visual incrivelmente marcante, ele prova que n\u00e3o \u00e9 preciso depender de nail arts complexas para transmitir luxo e estilo em absolutamente qualquer ocasi\u00e3o.<\/p>\n\n\n\n<h2 class=\"wp-block-heading\">Por que o esmalte vermelho escuro quase preto voltou com tanta for\u00e7a<\/h2>\n\n\n\n<p>O interesse renovado por essa cor intensa est\u00e1 diretamente ligado \u00e0 sua versatilidade absoluta e \u00e0 facilidade de combina\u00e7\u00e3o no dia a dia. Esse <a href=\"https:\/\/www.em.com.br\/emfoco\/2026\/02\/26\/nao-sao-mais-as-francesinhas-nem-o-vermelho-conheca-a-cor-de-esmalte-que-vai-dominar-2026\/\" target=\"_blank\" rel=\"noreferrer noopener\">esmalte <\/a>transita com maestria entre looks casuais de fim de semana, ambientes corporativos e produ\u00e7\u00f5es de festa, sem competir com estampas chamativas.<\/p>\n\n\n\n<p>Al\u00e9m de ser pr\u00e1tico, esse tom vinho profundo \u00e9 democr\u00e1tico e favorece absolutamente todos os tons de pele. Ele cria um contraste bel\u00edssimo nas peles mais claras, enquanto entrega um acabamento incrivelmente harmonioso e elegante nas peles m\u00e9dias e retintas, valorizando diferentes formatos de m\u00e3os.<\/p>\n\n\n\n<p>Selecionamos o v\u00eddeo da <a href=\"https:\/\/www.instagram.com\/marikowskaya\/reels\/\" target=\"_blank\" rel=\"noreferrer noopener\">Marikowskaya<\/a> que faz sucesso no Instagram e fala sobre a linha da marca:<\/p>\n\n\n\n<blockquote class=\"instagram-media\" data-instgrm-captioned data-instgrm-permalink=\"https:\/\/www.instagram.com\/reel\/DUA_t5BCFzZ\/?utm_source=ig_embed&amp;utm_campaign=loading\" data-instgrm-version=\"14\" style=\" background:#FFF; border:0; border-radius:3px; box-shadow:0 0 1px 0 rgba(0,0,0,0.5),0 1px 10px 0 rgba(0,0,0,0.15); margin: 1px; max-width:540px; min-width:326px; padding:0; width:99.375%; width:-webkit-calc(100% - 2px); width:calc(100% - 2px);\"><div style=\"padding:16px;\"> <a href=\"https:\/\/www.instagram.com\/reel\/DUA_t5BCFzZ\/?utm_source=ig_embed&amp;utm_campaign=loading\" style=\" background:#FFFFFF; line-height:0; padding:0 0; text-align:center; text-decoration:none; width:100%;\" target=\"_blank\"> <div style=\" display: flex; flex-direction: row; align-items: center;\"> <div style=\"background-color: #F4F4F4; border-radius: 50%; flex-grow: 0; height: 40px; margin-right: 14px; width: 40px;\"><\/div> <div style=\"display: flex; flex-direction: column; flex-grow: 1; justify-content: center;\"> <div style=\" background-color: #F4F4F4; border-radius: 4px; flex-grow: 0; height: 14px; margin-bottom: 6px; width: 100px;\"><\/div> <div style=\" background-color: #F4F4F4; border-radius: 4px; flex-grow: 0; height: 14px; width: 60px;\"><\/div><\/div><\/div><div style=\"padding: 19% 0;\"><\/div> <div style=\"display:block; height:50px; margin:0 auto 12px; width:50px;\"><svg width=\"50px\" height=\"50px\" viewBox=\"0 0 60 60\" version=\"1.1\" xmlns=\"https:\/\/www.w3.org\/2000\/svg\" xmlns:xlink=\"https:\/\/www.w3.org\/1999\/xlink\"><g stroke=\"none\" stroke-width=\"1\" fill=\"none\" fill-rule=\"evenodd\"><g transform=\"translate(-511.000000, -20.000000)\" fill=\"#000000\"><g><path d=\"M556.869,30.41 C554.814,30.41 553.148,32.076 553.148,34.131 C553.148,36.186 554.814,37.852 556.869,37.852 C558.924,37.852 560.59,36.186 560.59,34.131 C560.59,32.076 558.924,30.41 556.869,30.41 M541,60.657 C535.114,60.657 530.342,55.887 530.342,50 C530.342,44.114 535.114,39.342 541,39.342 C546.887,39.342 551.658,44.114 551.658,50 C551.658,55.887 546.887,60.657 541,60.657 M541,33.886 C532.1,33.886 524.886,41.1 524.886,50 C524.886,58.899 532.1,66.113 541,66.113 C549.9,66.113 557.115,58.899 557.115,50 C557.115,41.1 549.9,33.886 541,33.886 M565.378,62.101 C565.244,65.022 564.756,66.606 564.346,67.663 C563.803,69.06 563.154,70.057 562.106,71.106 C561.058,72.155 560.06,72.803 558.662,73.347 C557.607,73.757 556.021,74.244 553.102,74.378 C549.944,74.521 548.997,74.552 541,74.552 C533.003,74.552 532.056,74.521 528.898,74.378 C525.979,74.244 524.393,73.757 523.338,73.347 C521.94,72.803 520.942,72.155 519.894,71.106 C518.846,70.057 518.197,69.06 517.654,67.663 C517.244,66.606 516.755,65.022 516.623,62.101 C516.479,58.943 516.448,57.996 516.448,50 C516.448,42.003 516.479,41.056 516.623,37.899 C516.755,34.978 517.244,33.391 517.654,32.338 C518.197,30.938 518.846,29.942 519.894,28.894 C520.942,27.846 521.94,27.196 523.338,26.654 C524.393,26.244 525.979,25.756 528.898,25.623 C532.057,25.479 533.004,25.448 541,25.448 C548.997,25.448 549.943,25.479 553.102,25.623 C556.021,25.756 557.607,26.244 558.662,26.654 C560.06,27.196 561.058,27.846 562.106,28.894 C563.154,29.942 563.803,30.938 564.346,32.338 C564.756,33.391 565.244,34.978 565.378,37.899 C565.522,41.056 565.552,42.003 565.552,50 C565.552,57.996 565.522,58.943 565.378,62.101 M570.82,37.631 C570.674,34.438 570.167,32.258 569.425,30.349 C568.659,28.377 567.633,26.702 565.965,25.035 C564.297,23.368 562.623,22.342 560.652,21.575 C558.743,20.834 556.562,20.326 553.369,20.18 C550.169,20.033 549.148,20 541,20 C532.853,20 531.831,20.033 528.631,20.18 C525.438,20.326 523.257,20.834 521.349,21.575 C519.376,22.342 517.703,23.368 516.035,25.035 C514.368,26.702 513.342,28.377 512.574,30.349 C511.834,32.258 511.326,34.438 511.181,37.631 C511.035,40.831 511,41.851 511,50 C511,58.147 511.035,59.17 511.181,62.369 C511.326,65.562 511.834,67.743 512.574,69.651 C513.342,71.625 514.368,73.296 516.035,74.965 C517.703,76.634 519.376,77.658 521.349,78.425 C523.257,79.167 525.438,79.673 528.631,79.82 C531.831,79.965 532.853,80.001 541,80.001 C549.148,80.001 550.169,79.965 553.369,79.82 C556.562,79.673 558.743,79.167 560.652,78.425 C562.623,77.658 564.297,76.634 565.965,74.965 C567.633,73.296 568.659,71.625 569.425,69.651 C570.167,67.743 570.674,65.562 570.82,62.369 C570.966,59.17 571,58.147 571,50 C571,41.851 570.966,40.831 570.82,37.631\"><\/path><\/g><\/g><\/g><\/svg><\/div><div style=\"padding-top: 8px;\"> <div style=\" color:#3897f0; font-family:Arial,sans-serif; font-size:14px; font-style:normal; font-weight:550; line-height:18px;\">Ver essa foto no Instagram<\/div><\/div><div style=\"padding: 12.5% 0;\"><\/div> <div style=\"display: flex; flex-direction: row; margin-bottom: 14px; align-items: center;\"><div> <div style=\"background-color: #F4F4F4; border-radius: 50%; height: 12.5px; width: 12.5px; transform: translateX(0px) translateY(7px);\"><\/div> <div style=\"background-color: #F4F4F4; height: 12.5px; transform: rotate(-45deg) translateX(3px) translateY(1px); width: 12.5px; flex-grow: 0; margin-right: 14px; margin-left: 2px;\"><\/div> <div style=\"background-color: #F4F4F4; border-radius: 50%; height: 12.5px; width: 12.5px; transform: translateX(9px) translateY(-18px);\"><\/div><\/div><div style=\"margin-left: 8px;\"> <div style=\" background-color: #F4F4F4; border-radius: 50%; flex-grow: 0; height: 20px; width: 20px;\"><\/div> <div style=\" width: 0; height: 0; border-top: 2px solid transparent; border-left: 6px solid #f4f4f4; border-bottom: 2px solid transparent; transform: translateX(16px) translateY(-4px) rotate(30deg)\"><\/div><\/div><div style=\"margin-left: auto;\"> <div style=\" width: 0px; border-top: 8px solid #F4F4F4; border-right: 8px solid transparent; transform: translateY(16px);\"><\/div> <div style=\" background-color: #F4F4F4; flex-grow: 0; height: 12px; width: 16px; transform: translateY(-4px);\"><\/div> <div style=\" width: 0; height: 0; border-top: 8px solid #F4F4F4; border-left: 8px solid transparent; transform: translateY(-4px) translateX(8px);\"><\/div><\/div><\/div> <div style=\"display: flex; flex-direction: column; flex-grow: 1; justify-content: center; margin-bottom: 24px;\"> <div style=\" background-color: #F4F4F4; border-radius: 4px; flex-grow: 0; height: 14px; margin-bottom: 6px; width: 224px;\"><\/div> <div style=\" background-color: #F4F4F4; border-radius: 4px; flex-grow: 0; height: 14px; width: 144px;\"><\/div><\/div><\/a><p style=\" color:#c9c8cd; font-family:Arial,sans-serif; font-size:14px; line-height:17px; margin-bottom:0; margin-top:8px; overflow:hidden; padding:8px 0 7px; text-align:center; text-overflow:ellipsis; white-space:nowrap;\"><a href=\"https:\/\/www.instagram.com\/reel\/DUA_t5BCFzZ\/?utm_source=ig_embed&amp;utm_campaign=loading\" style=\" color:#c9c8cd; font-family:Arial,sans-serif; font-size:14px; font-style:normal; font-weight:normal; line-height:17px; text-decoration:none;\" target=\"_blank\">Um post compartilhado por Marikowskaya (@marikowskaya)<\/a><\/p><\/div><\/blockquote>\n<script async src=\"\/\/www.instagram.com\/embed.js\"><\/script>\n\n\n\n<h2 class=\"wp-block-heading\">Como o rouge noir se conecta com as tend\u00eancias atuais<\/h2>\n\n\n\n<p>Famoso desde os ic\u00f4nicos anos 1990, o rouge noir retorna ao topo das paradas de beleza impulsionado por uma forte nostalgia fashion e pelo resgate de refer\u00eancias daquela d\u00e9cada. A grande revolu\u00e7\u00e3o \u00e9 que, hoje, a cor ressurge atualizada com tecnologias qu\u00edmicas inovadoras.<\/p>\n\n\n\n<p>Grandes marcas de luxo e linhas acess\u00edveis recolocaram esse vermelho quase preto no centro de suas cole\u00e7\u00f5es recentes. O mercado passou a oferecer formula\u00e7\u00f5es veganas, op\u00e7\u00f5es hipoalerg\u00eanicas e secagem r\u00e1pida, garantindo acabamentos que variam do cremoso tradicional ao cobi\u00e7ado efeito de brilho em gel.<\/p>\n\n\n\n<h2 class=\"wp-block-heading\">Como usar o esmalte rouge noir em 2026<\/h2>\n\n\n\n<p>Engana-se quem pensa que os tons escuros s\u00e3o exclusividade do inverno, pois eles ganham as ruas, contrastando perfeitamente com produ\u00e7\u00f5es leves, jeans estonados e vestidos fluidos. A chave para o sucesso absoluto dessa tend\u00eancia est\u00e1 na forma estrat\u00e9gica de aplica\u00e7\u00e3o.<\/p>\n\n\n\n<p>A harmonia inteligente com a sua maquiagem e os seus acess\u00f3rios pode suavizar ou potencializar o ar dram\u00e1tico do visual. Confira abaixo algumas das maneiras mais criativas e estilosas de incorporar o vermelho escuro quase preto \u00e0s suas unhas:<\/p>\n\n\n\n<ul class=\"wp-block-list\">\n<li>Unhas curtas e bem lixadas com um acabamento arredondado, ideal para quem busca um efeito moderno e pr\u00e1tico.<\/li>\n\n\n\n<li>Formato amendoado de comprimento m\u00e9dio, refor\u00e7ando instantaneamente a sensa\u00e7\u00e3o de eleg\u00e2ncia e o alongamento visual.<\/li>\n\n\n\n<li>Unha \u00fanica em rouge noir combinada com tons nudes quentes, criando um contraste sutil e bastante delicado.<\/li>\n\n\n\n<li>Aplica\u00e7\u00e3o sincronizada nos p\u00e9s e nas m\u00e3os para garantir um visual coordenado e luxuoso em ocasi\u00f5es formais.<\/li>\n<\/ul>\n\n\n\n<iframe loading=\"lazy\" src=\"https:\/\/assets.pinterest.com\/ext\/embed.html?id=38351034331747124\" height=\"359\" width=\"345\" frameborder=\"0\" scrolling=\"no\" ><\/iframe>\n\n\n\n<h2 class=\"wp-block-heading\">Quais cuidados garantem melhor acabamento com esmalte vermelho quase preto<\/h2>\n\n\n\n<p>Lidar com esmaltes muito escuros exige precis\u00e3o, pois eles n\u00e3o perdoam erros de esmalta\u00e7\u00e3o, exigindo uma prepara\u00e7\u00e3o rigorosa da unha. Manter a cut\u00edcula bem hidratada e garantir uma superf\u00edcie nivelada s\u00e3o passos inegoci\u00e1veis para evitar manchas indesejadas.<\/p>\n\n\n\n<p>Como qualquer falha ou descascado aparece com extrema facilidade em cores escuras, a aplica\u00e7\u00e3o atenciosa faz toda a diferen\u00e7a no resultado final. Para garantir uma cobertura espelhada e prolongar a durabilidade da sua manicure, siga rigorosamente este passo a passo:<\/p>\n\n\n\n<ul class=\"wp-block-list\">\n<li><strong>Prepara\u00e7\u00e3o minuciosa:<\/strong> limpe a oleosidade, lixe no formato desejado e aplique uma excelente base niveladora.<\/li>\n\n\n\n<li><strong>Primeira camada fina:<\/strong> espalhe o esmalte rouge noir com pinceladas suaves, evitando qualquer ac\u00famulo de produto.<\/li>\n\n\n\n<li><strong>Segunda camada focada:<\/strong> reforce a cor uniformemente, respeitando o tempo de secagem da primeira aplica\u00e7\u00e3o.<\/li>\n\n\n\n<li><strong>Finaliza\u00e7\u00e3o com extra brilho:<\/strong> sele a cor intensamente com top coat para aumentar o reflexo e a durabilidade.<\/li>\n\n\n\n<li><strong>Manuten\u00e7\u00e3o di\u00e1ria cont\u00ednua:<\/strong> use sempre creme para as m\u00e3os e um \u00f3leo de cut\u00edculas para preserva\u00e7\u00e3o do brilho.<\/li>\n<\/ul>\n\n\n\n<iframe loading=\"lazy\" src=\"https:\/\/assets.pinterest.com\/ext\/embed.html?id=9288742976117301\" height=\"497\" width=\"345\" frameborder=\"0\" scrolling=\"no\" ><\/iframe>\n\n\n\n<h2 class=\"wp-block-heading\">Por que o rouge noir continua sendo um cl\u00e1ssico indispens\u00e1vel<\/h2>\n\n\n\n<p>No meio de tantas tend\u00eancias de beleza passageiras, o vermelho escuro quase preto permanece em evid\u00eancia inabal\u00e1vel por unir sobriedade, personalidade e um toque de mist\u00e9rio. \u00c9 uma cor que valoriza m\u00e3os com sinais de idade sem evidenciar imperfei\u00e7\u00f5es, sendo o equil\u00edbrio perfeito entre o b\u00e1sico e o extravagante.<\/p>\n\n\n\n<p>Se voc\u00ea deseja ostentar uma manicure que exale poder e passe uma imagem de confian\u00e7a imediata, este \u00e9 o momento definitivo para agir. N\u00e3o deixe para depois e n\u00e3o espere a febre passar: agende o seu hor\u00e1rio no sal\u00e3o hoje mesmo, exija o seu rouge noir e sinta agora a emo\u00e7\u00e3o radiante que esse cl\u00e1ssico trar\u00e1 para a sua vida!<\/p>\n","protected":false},"excerpt":{"rendered":"<p>O esmalte Rouge Noir (vermelho escuro quase preto) da marca Chanel voltou com tudo em 2026, dominando os feeds de redes sociais e as passarelas como o ponto de encontro perfeito entre a eleg\u00e2ncia cl\u00e1ssica e a atitude moderna. Conhecido tamb\u00e9m como rouge noir, esse tom vinho profundo promete substituir os nudes b\u00e1sicos nesta temporada. [&hellip;]<\/p>\n","protected":false},"author":11,"featured_media":175229,"comment_status":"open","ping_status":"open","sticky":false,"template":"","format":"standard","meta":{"jnews-multi-image_gallery":[],"jnews_single_post":{"format":"standard"},"jnews_primary_category":[],"jnews_social_meta":[],"jnews_override_counter":[],"footnotes":""},"categories":[8819,1],"tags":[25347,8887,25349,25348,5354],"class_list":["post-175177","post","type-post","status-publish","format-standard","has-post-thumbnail","hentry","category-curiosidades","category-noticias","tag-chanel","tag-esmalte","tag-esmalte-escuro","tag-rouge-noir","tag-unhas"],"yoast_head":"<!-- This site is optimized with the Yoast SEO plugin v23.8 - https:\/\/yoast.com\/wordpress\/plugins\/seo\/ -->\n<title>A cor de esmalte que esgotou em 24 horas nos anos 90 est\u00e1 de volta e promete dominar 2026 - Estado de Minas - Em foco<\/title>\n<meta name=\"description\" content=\"O esmalte rouge noir da Chanel domina as redes e as passarelas. Entenda por que esse vermelho quase preto virou o novo queridinho.\" \/>\n<meta name=\"robots\" content=\"index, follow, max-snippet:-1, max-image-preview:large, max-video-preview:-1\" \/>\n<link rel=\"canonical\" href=\"https:\/\/www.em.com.br\/emfoco\/2026\/02\/28\/a-cor-de-esmalte-que-esgotou-em-24-horas-nos-anos-90-esta-de-volta-e-promete-dominar-2026\/\" \/>\n<meta property=\"og:locale\" content=\"pt_BR\" \/>\n<meta property=\"og:type\" content=\"article\" \/>\n<meta property=\"og:title\" content=\"A cor de esmalte que esgotou em 24 horas nos anos 90 est\u00e1 de volta e promete dominar 2026 - Estado de Minas - Em foco\" \/>\n<meta property=\"og:description\" content=\"O esmalte rouge noir da Chanel domina as redes e as passarelas. Entenda por que esse vermelho quase preto virou o novo queridinho.\" \/>\n<meta property=\"og:url\" content=\"https:\/\/www.em.com.br\/emfoco\/2026\/02\/28\/a-cor-de-esmalte-que-esgotou-em-24-horas-nos-anos-90-esta-de-volta-e-promete-dominar-2026\/\" \/>\n<meta property=\"og:site_name\" content=\"Estado de Minas - Em foco\" \/>\n<meta property=\"article:published_time\" content=\"2026-02-28T09:05:00+00:00\" \/>\n<meta property=\"article:modified_time\" content=\"2026-02-28T02:11:08+00:00\" \/>\n<meta property=\"og:image\" content=\"https:\/\/www.em.com.br\/emfoco\/wp-content\/uploads\/2026\/02\/ChatGPT-Image-27-de-fev.-de-2026-12_23_54-1.png\" \/>\n\t<meta property=\"og:image:width\" content=\"1280\" \/>\n\t<meta property=\"og:image:height\" content=\"720\" \/>\n\t<meta property=\"og:image:type\" content=\"image\/png\" \/>\n<meta name=\"author\" content=\"Andre\u0301 Rangel\u00a0\" \/>\n<meta name=\"twitter:card\" content=\"summary_large_image\" \/>\n<meta name=\"twitter:label1\" content=\"Escrito por\" \/>\n\t<meta name=\"twitter:data1\" content=\"Andre\u0301 Rangel\u00a0\" \/>\n\t<meta name=\"twitter:label2\" content=\"Est. tempo de leitura\" \/>\n\t<meta name=\"twitter:data2\" content=\"5 minutos\" \/>\n<!-- \/ Yoast SEO plugin. -->","yoast_head_json":{"title":"A cor de esmalte que esgotou em 24 horas nos anos 90 est\u00e1 de volta e promete dominar 2026 - Estado de Minas - Em foco","description":"O esmalte rouge noir da Chanel domina as redes e as passarelas. Entenda por que esse vermelho quase preto virou o novo queridinho.","robots":{"index":"index","follow":"follow","max-snippet":"max-snippet:-1","max-image-preview":"max-image-preview:large","max-video-preview":"max-video-preview:-1"},"canonical":"https:\/\/www.em.com.br\/emfoco\/2026\/02\/28\/a-cor-de-esmalte-que-esgotou-em-24-horas-nos-anos-90-esta-de-volta-e-promete-dominar-2026\/","og_locale":"pt_BR","og_type":"article","og_title":"A cor de esmalte que esgotou em 24 horas nos anos 90 est\u00e1 de volta e promete dominar 2026 - Estado de Minas - Em foco","og_description":"O esmalte rouge noir da Chanel domina as redes e as passarelas. Entenda por que esse vermelho quase preto virou o novo queridinho.","og_url":"https:\/\/www.em.com.br\/emfoco\/2026\/02\/28\/a-cor-de-esmalte-que-esgotou-em-24-horas-nos-anos-90-esta-de-volta-e-promete-dominar-2026\/","og_site_name":"Estado de Minas - Em foco","article_published_time":"2026-02-28T09:05:00+00:00","article_modified_time":"2026-02-28T02:11:08+00:00","og_image":[{"width":1280,"height":720,"url":"https:\/\/www.em.com.br\/emfoco\/wp-content\/uploads\/2026\/02\/ChatGPT-Image-27-de-fev.-de-2026-12_23_54-1.png","type":"image\/png"}],"author":"Andre\u0301 Rangel\u00a0","twitter_card":"summary_large_image","twitter_misc":{"Escrito por":"Andre\u0301 Rangel\u00a0","Est. tempo de leitura":"5 minutos"},"schema":{"@context":"https:\/\/schema.org","@graph":[{"@type":"WebPage","@id":"https:\/\/www.em.com.br\/emfoco\/2026\/02\/28\/a-cor-de-esmalte-que-esgotou-em-24-horas-nos-anos-90-esta-de-volta-e-promete-dominar-2026\/","url":"https:\/\/www.em.com.br\/emfoco\/2026\/02\/28\/a-cor-de-esmalte-que-esgotou-em-24-horas-nos-anos-90-esta-de-volta-e-promete-dominar-2026\/","name":"A cor de esmalte que esgotou em 24 horas nos anos 90 est\u00e1 de volta e promete dominar 2026 - Estado de Minas - Em foco","isPartOf":{"@id":"https:\/\/www.em.com.br\/emfoco\/#website"},"primaryImageOfPage":{"@id":"https:\/\/www.em.com.br\/emfoco\/2026\/02\/28\/a-cor-de-esmalte-que-esgotou-em-24-horas-nos-anos-90-esta-de-volta-e-promete-dominar-2026\/#primaryimage"},"image":{"@id":"https:\/\/www.em.com.br\/emfoco\/2026\/02\/28\/a-cor-de-esmalte-que-esgotou-em-24-horas-nos-anos-90-esta-de-volta-e-promete-dominar-2026\/#primaryimage"},"thumbnailUrl":"https:\/\/www.em.com.br\/emfoco\/wp-content\/uploads\/2026\/02\/ChatGPT-Image-27-de-fev.-de-2026-12_23_54-1.png","datePublished":"2026-02-28T09:05:00+00:00","dateModified":"2026-02-28T02:11:08+00:00","author":{"@id":"https:\/\/www.em.com.br\/emfoco\/#\/schema\/person\/60eda09c1fedf0d6891f4cef4b60b8b8"},"description":"O esmalte rouge noir da Chanel domina as redes e as passarelas. Entenda por que esse vermelho quase preto virou o novo queridinho.","breadcrumb":{"@id":"https:\/\/www.em.com.br\/emfoco\/2026\/02\/28\/a-cor-de-esmalte-que-esgotou-em-24-horas-nos-anos-90-esta-de-volta-e-promete-dominar-2026\/#breadcrumb"},"inLanguage":"pt-BR","potentialAction":[{"@type":"ReadAction","target":["https:\/\/www.em.com.br\/emfoco\/2026\/02\/28\/a-cor-de-esmalte-que-esgotou-em-24-horas-nos-anos-90-esta-de-volta-e-promete-dominar-2026\/"]}]},{"@type":"ImageObject","inLanguage":"pt-BR","@id":"https:\/\/www.em.com.br\/emfoco\/2026\/02\/28\/a-cor-de-esmalte-que-esgotou-em-24-horas-nos-anos-90-esta-de-volta-e-promete-dominar-2026\/#primaryimage","url":"https:\/\/www.em.com.br\/emfoco\/wp-content\/uploads\/2026\/02\/ChatGPT-Image-27-de-fev.-de-2026-12_23_54-1.png","contentUrl":"https:\/\/www.em.com.br\/emfoco\/wp-content\/uploads\/2026\/02\/ChatGPT-Image-27-de-fev.-de-2026-12_23_54-1.png","width":1280,"height":720,"caption":"Rouge Noir transforma unhas simples em puro luxo"},{"@type":"BreadcrumbList","@id":"https:\/\/www.em.com.br\/emfoco\/2026\/02\/28\/a-cor-de-esmalte-que-esgotou-em-24-horas-nos-anos-90-esta-de-volta-e-promete-dominar-2026\/#breadcrumb","itemListElement":[{"@type":"ListItem","position":1,"name":"In\u00edcio","item":"https:\/\/www.em.com.br\/emfoco\/"},{"@type":"ListItem","position":2,"name":"A cor de esmalte que esgotou em 24 horas nos anos 90 est\u00e1 de volta e promete dominar 2026"}]},{"@type":"WebSite","@id":"https:\/\/www.em.com.br\/emfoco\/#website","url":"https:\/\/www.em.com.br\/emfoco\/","name":"Estado de Minas - Em foco","description":"Acompanhe as \u00faltimas not\u00edcias e fique bem informado sobre tudo o que acontece em Minas Gerais, Brasil e no mundo.","potentialAction":[{"@type":"SearchAction","target":{"@type":"EntryPoint","urlTemplate":"https:\/\/www.em.com.br\/emfoco\/?s={search_term_string}"},"query-input":{"@type":"PropertyValueSpecification","valueRequired":true,"valueName":"search_term_string"}}],"inLanguage":"pt-BR"},{"@type":"Person","@id":"https:\/\/www.em.com.br\/emfoco\/#\/schema\/person\/60eda09c1fedf0d6891f4cef4b60b8b8","name":"Andre\u0301 Rangel\u00a0","image":{"@type":"ImageObject","inLanguage":"pt-BR","@id":"https:\/\/www.em.com.br\/emfoco\/#\/schema\/person\/image\/","url":"https:\/\/secure.gravatar.com\/avatar\/6234dc814c77c8ef6d8bba622c787efc?s=96&d=mm&r=g","contentUrl":"https:\/\/secure.gravatar.com\/avatar\/6234dc814c77c8ef6d8bba622c787efc?s=96&d=mm&r=g","caption":"Andre\u0301 Rangel\u00a0"},"url":"https:\/\/www.em.com.br\/emfoco\/author\/luizmyth\/"}]}},"_links":{"self":[{"href":"https:\/\/www.em.com.br\/emfoco\/wp-json\/wp\/v2\/posts\/175177","targetHints":{"allow":["GET"]}}],"collection":[{"href":"https:\/\/www.em.com.br\/emfoco\/wp-json\/wp\/v2\/posts"}],"about":[{"href":"https:\/\/www.em.com.br\/emfoco\/wp-json\/wp\/v2\/types\/post"}],"author":[{"embeddable":true,"href":"https:\/\/www.em.com.br\/emfoco\/wp-json\/wp\/v2\/users\/11"}],"replies":[{"embeddable":true,"href":"https:\/\/www.em.com.br\/emfoco\/wp-json\/wp\/v2\/comments?post=175177"}],"version-history":[{"count":3,"href":"https:\/\/www.em.com.br\/emfoco\/wp-json\/wp\/v2\/posts\/175177\/revisions"}],"predecessor-version":[{"id":175228,"href":"https:\/\/www.em.com.br\/emfoco\/wp-json\/wp\/v2\/posts\/175177\/revisions\/175228"}],"wp:featuredmedia":[{"embeddable":true,"href":"https:\/\/www.em.com.br\/emfoco\/wp-json\/wp\/v2\/media\/175229"}],"wp:attachment":[{"href":"https:\/\/www.em.com.br\/emfoco\/wp-json\/wp\/v2\/media?parent=175177"}],"wp:term":[{"taxonomy":"category","embeddable":true,"href":"https:\/\/www.em.com.br\/emfoco\/wp-json\/wp\/v2\/categories?post=175177"},{"taxonomy":"post_tag","embeddable":true,"href":"https:\/\/www.em.com.br\/emfoco\/wp-json\/wp\/v2\/tags?post=175177"}],"curies":[{"name":"wp","href":"https:\/\/api.w.org\/{rel}","templated":true}]}}