{"id":175165,"date":"2026-03-01T11:45:00","date_gmt":"2026-03-01T14:45:00","guid":{"rendered":"https:\/\/www.em.com.br\/emfoco\/?p=175165"},"modified":"2026-02-27T13:24:23","modified_gmt":"2026-02-27T16:24:23","slug":"chega-de-tenis-grandao-o-modelo-retro-fininho-que-vai-bombar-em-2026","status":"publish","type":"post","link":"https:\/\/www.em.com.br\/emfoco\/2026\/03\/01\/chega-de-tenis-grandao-o-modelo-retro-fininho-que-vai-bombar-em-2026\/","title":{"rendered":"Chega de t\u00eanis grand\u00e3o: o modelo retr\u00f4 fininho que vai bombar em 2026"},"content":{"rendered":"\n<p>Os <strong>t\u00eanis retr\u00f4<\/strong> de modelagem ajustada ao p\u00e9, carinhosamente chamados de &#8220;chuteirinhas&#8221;, continuam no topo das paradas de moda. Esque\u00e7a os modelos robustos e pesados de antes; agora a vez \u00e9 dos <strong>solados baixos<\/strong> e das silhuetas delicadas que trazem um ar vintage e sofisticado para o dia a dia.<\/p>\n\n\n\n<h2 class=\"wp-block-heading\">Por que a modelagem slim conquistou as passarelas urbanas?<\/h2>\n\n\n\n<p>Diferente dos &#8220;chunky sneakers&#8221;, os modelos <strong>slim<\/strong> s\u00e3o muito mais vers\u00e1teis e f\u00e1ceis de combinar com pe\u00e7as femininas, como <strong>saias midi<\/strong> e vestidos fluidos. Essa est\u00e9tica prioriza o <strong>design cl\u00e1ssico<\/strong> e uma estrutura que n\u00e3o pesa no visual, sendo perfeita para quem busca conforto sem abrir m\u00e3o de uma imagem polida.<\/p>\n\n\n\n<p>A durabilidade tamb\u00e9m \u00e9 um ponto forte, j\u00e1 que marcas como <strong>Adidas<\/strong> e <strong>Nike<\/strong> resgataram \u00edcones hist\u00f3ricos feitos com materiais resistentes. Se voc\u00ea \u00e9 baixinha, n\u00e3o precisa ter medo do <strong>solado fino<\/strong>: a consultora Juliana Crist refor\u00e7a que o estilo e a propor\u00e7\u00e3o do look importam muito mais do que ganhar alguns cent\u00edmetros de altura com saltos.<\/p>\n\n\n<div class=\"wp-block-image\">\n<figure class=\"aligncenter size-large\"><img loading=\"lazy\" decoding=\"async\" width=\"1024\" height=\"576\" src=\"https:\/\/www.em.com.br\/emfoco\/wp-content\/uploads\/2026\/02\/tenis-sapato-oculos-02-27_132233550-1024x576.png\" alt=\"\" class=\"wp-image-175249\" srcset=\"https:\/\/www.em.com.br\/emfoco\/wp-content\/uploads\/2026\/02\/tenis-sapato-oculos-02-27_132233550-1024x576.png 1024w, https:\/\/www.em.com.br\/emfoco\/wp-content\/uploads\/2026\/02\/tenis-sapato-oculos-02-27_132233550-300x169.png 300w, https:\/\/www.em.com.br\/emfoco\/wp-content\/uploads\/2026\/02\/tenis-sapato-oculos-02-27_132233550-768x432.png 768w, https:\/\/www.em.com.br\/emfoco\/wp-content\/uploads\/2026\/02\/tenis-sapato-oculos-02-27_132233550-750x422.png 750w, https:\/\/www.em.com.br\/emfoco\/wp-content\/uploads\/2026\/02\/tenis-sapato-oculos-02-27_132233550-1140x641.png 1140w, https:\/\/www.em.com.br\/emfoco\/wp-content\/uploads\/2026\/02\/tenis-sapato-oculos-02-27_132233550.png 1280w\" sizes=\"auto, (max-width: 1024px) 100vw, 1024px\" \/><figcaption class=\"wp-element-caption\">T\u00eanis retr\u00f4: a tend\u00eancia slim que domina os looks de 2026<\/figcaption><\/figure><\/div>\n\n\n<h2 class=\"wp-block-heading\">Quais s\u00e3o os modelos cl\u00e1ssicos que voltaram com tudo?<\/h2>\n\n\n\n<p>O resgate de cl\u00e1ssicos \u00e9 o que sustenta essa tend\u00eancia para os pr\u00f3ximos anos. Modelos que brilharam em d\u00e9cadas passadas agora aparecem repaginados, com novas cores e acabamentos em <strong>camur\u00e7a<\/strong>, garantindo aquele toque <strong>premium<\/strong> que a gente adora em uma produ\u00e7\u00e3o casual.<\/p>\n\n\n\n<div class=\"google-auto-ads-ignore\" style=\"box-sizing: border-box; display: flex; flex-direction: column; width: 100%; max-width: 800px; margin: 30px auto; background-color: #ffffff; color: #1a222c; border-radius: 12px; overflow: hidden; font-family: 'Segoe UI', 'Helvetica Neue', sans-serif; box-shadow: 0 10px 40px rgba(0,0,0,0.06); border: 1px solid rgba(0,0,0,0.08); position: relative; z-index: 5;\">\n\n  <div style=\"background-color: #fdfdfd; padding: 40px 25px; border-bottom: 1px solid #e0e0e0; text-align: center;\">\n    <h2 style=\"margin: 0; color: #1a222c; font-size: 1.6rem; font-weight: 300; letter-spacing: 2px; text-transform: none;\">Protagonistas da temporada<\/h2>\n    <div style=\"font-size: 0.9rem; margin-top: 10px; opacity: 0.6; font-style: italic; letter-spacing: 0.5px;\">Uma curadoria dos modelos essenciais para o seu closet<\/div>\n  <\/div>\n\n  <div style=\"padding: 30px; display: flex; flex-wrap: wrap; gap: 20px; justify-content: center;\">\n    \n    <div style=\"flex: 1 1 300px; background-color: #fafafa; border-radius: 4px; padding: 25px; border: 1px solid #f0f0f0;\">\n      <h3 style=\"margin: 0 0 15px 0; color: #1a222c; font-size: 1.1rem; font-weight: 600; border-bottom: 1px solid rgba(0,0,0,0.05); padding-bottom: 10px;\">\n        Samba\n      <\/h3>\n      \n      <div style=\"margin-bottom: 15px;\">\n        <strong style=\"display: block; font-size: 0.75rem; opacity: 0.5; margin-bottom: 4px; text-transform: uppercase; letter-spacing: 1px;\">Marca<\/strong>\n        <div style=\"font-size: 1rem; font-weight: 500;\">Adidas<\/div>\n      <\/div>\n\n      <div>\n        <strong style=\"display: block; font-size: 0.75rem; opacity: 0.5; margin-bottom: 4px; text-transform: uppercase; letter-spacing: 1px;\">Principal caracter\u00edstica<\/strong>\n        <div style=\"font-size: 0.95rem; font-weight: 400; line-height: 1.5;\">Est\u00e9tica de chuteira cl\u00e1ssica e alta durabilidade<\/div>\n      <\/div>\n    <\/div>\n\n    <div style=\"flex: 1 1 300px; background-color: #fafafa; border-radius: 4px; padding: 25px; border: 1px solid #f0f0f0;\">\n      <h3 style=\"margin: 0 0 15px 0; color: #1a222c; font-size: 1.1rem; font-weight: 600; border-bottom: 1px solid rgba(0,0,0,0.05); padding-bottom: 10px;\">\n        Gazelle\n      <\/h3>\n      \n      <div style=\"margin-bottom: 15px;\">\n        <strong style=\"display: block; font-size: 0.75rem; opacity: 0.5; margin-bottom: 4px; text-transform: uppercase; letter-spacing: 1px;\">Marca<\/strong>\n        <div style=\"font-size: 1rem; font-weight: 500;\">Adidas<\/div>\n      <\/div>\n\n      <div>\n        <strong style=\"display: block; font-size: 0.75rem; opacity: 0.5; margin-bottom: 4px; text-transform: uppercase; letter-spacing: 1px;\">Principal caracter\u00edstica<\/strong>\n        <div style=\"font-size: 0.95rem; font-weight: 400; line-height: 1.5;\">Visual vintage marcante e muitas op\u00e7\u00f5es de cores<\/div>\n      <\/div>\n    <\/div>\n\n    <div style=\"flex: 1 1 300px; background-color: #fafafa; border-radius: 4px; padding: 25px; border: 1px solid #f0f0f0;\">\n      <h3 style=\"margin: 0 0 15px 0; color: #1a222c; font-size: 1.1rem; font-weight: 600; border-bottom: 1px solid rgba(0,0,0,0.05); padding-bottom: 10px;\">\n        Cortez\n      <\/h3>\n      \n      <div style=\"margin-bottom: 15px;\">\n        <strong style=\"display: block; font-size: 0.75rem; opacity: 0.5; margin-bottom: 4px; text-transform: uppercase; letter-spacing: 1px;\">Marca<\/strong>\n        <div style=\"font-size: 1rem; font-weight: 500;\">Nike<\/div>\n      <\/div>\n\n      <div>\n        <strong style=\"display: block; font-size: 0.75rem; opacity: 0.5; margin-bottom: 4px; text-transform: uppercase; letter-spacing: 1px;\">Principal caracter\u00edstica<\/strong>\n        <div style=\"font-size: 0.95rem; font-weight: 400; line-height: 1.5;\">Silhueta arredondada e design hist\u00f3rico<\/div>\n      <\/div>\n    <\/div>\n\n    <div style=\"flex: 1 1 300px; background-color: #fafafa; border-radius: 4px; padding: 25px; border: 1px solid #f0f0f0;\">\n      <h3 style=\"margin: 0 0 15px 0; color: #1a222c; font-size: 1.1rem; font-weight: 600; border-bottom: 1px solid rgba(0,0,0,0.05); padding-bottom: 10px;\">\n        Club C 85\n      <\/h3>\n      \n      <div style=\"margin-bottom: 15px;\">\n        <strong style=\"display: block; font-size: 0.75rem; opacity: 0.5; margin-bottom: 4px; text-transform: uppercase; letter-spacing: 1px;\">Marca<\/strong>\n        <div style=\"font-size: 1rem; font-weight: 500;\">Reebok<\/div>\n      <\/div>\n\n      <div>\n        <strong style=\"display: block; font-size: 0.75rem; opacity: 0.5; margin-bottom: 4px; text-transform: uppercase; letter-spacing: 1px;\">Principal caracter\u00edstica<\/strong>\n        <div style=\"font-size: 0.95rem; font-weight: 400; line-height: 1.5;\">O branco b\u00e1sico que combina com tudo<\/div>\n      <\/div>\n    <\/div>\n\n  <\/div>\n<\/div>\n\n\n\n<h2 class=\"wp-block-heading\">Como usar as cores e texturas do momento?<\/h2>\n\n\n\n<p>Para quem quer fugir do \u00f3bvio, os <strong>tons terrosos<\/strong> como marrom e caramelo s\u00e3o as apostas mais quentes de 2026. Eles trazem um ar de sobriedade e eleg\u00e2ncia, especialmente quando o acabamento \u00e9 em camur\u00e7a, que \u00e9 uma textura que comunica muito mais valor ao <strong>t\u00eanis retr\u00f4<\/strong> do que o sint\u00e9tico comum.<\/p>\n\n\n\n<p>Se voc\u00ea prefere um ponto de cor no visual, siga estas dicas:<\/p>\n\n\n\n<ul class=\"wp-block-list\">\n<li>Invista em tons de <strong>verde militar<\/strong> ou azul marinho para uma pegada discreta.<\/li>\n\n\n\n<li>Combine o t\u00eanis colorido com um <strong>look monocrom\u00e1tico<\/strong> neutro para dar destaque aos p\u00e9s.<\/li>\n\n\n\n<li>O <strong>amarelo e o vermelho<\/strong> s\u00e3o \u00f3timos para quebrar a monotonia de roupas b\u00e1sicas.<\/li>\n\n\n\n<li>Modelos da <strong>Anacapri<\/strong> s\u00e3o excelentes alternativas acess\u00edveis para variar as cores.<\/li>\n<\/ul>\n\n\n\n<h2 class=\"wp-block-heading\">Vale a pena investir em marcas premium ou acess\u00edveis?<\/h2>\n\n\n\n<p>Adotar cal\u00e7ados que unem hist\u00f3ria e conforto \u00e9 o caminho mais pr\u00e1tico para manter sua imagem atualizada sem abrir m\u00e3o do bem-estar que os seus p\u00e9s precisam. No v\u00eddeo a seguir, do canal <a href=\"https:\/\/www.youtube.com\/@julianachristt\" target=\"_blank\" rel=\"noreferrer noopener\">Juliana Christ<\/a>, \u00e9 explicado como o uso do t\u00eanis retr\u00f4 slim ajuda a fortalecer o organismo e proteger sua sa\u00fade.<\/p>\n\n\n\n<figure class=\"wp-block-embed aligncenter is-type-video is-provider-youtube wp-block-embed-youtube wp-embed-aspect-16-9 wp-has-aspect-ratio\"><div class=\"wp-block-embed__wrapper\">\n<div class=\"jeg_video_container jeg_video_content\"><iframe loading=\"lazy\" title=\"T\u00caNIS PARA COMPRAR EM 2026 | Juliana Christ\" width=\"500\" height=\"281\" src=\"https:\/\/www.youtube.com\/embed\/8J3eXEC1KIY?feature=oembed\" frameborder=\"0\" allow=\"accelerometer; autoplay; clipboard-write; encrypted-media; gyroscope; picture-in-picture; web-share\" referrerpolicy=\"strict-origin-when-cross-origin\" allowfullscreen><\/iframe><\/div>\n<\/div><\/figure>\n\n\n\n<p>Essa escolha depende muito do seu ritmo de uso. As marcas esportivas tradicionais, como <strong>Puma<\/strong> e <strong>Reebok<\/strong>, oferecem tecnologias de conforto e materiais que garantem uma <strong>vida \u00fatil prolongada<\/strong>, o que acaba sendo um investimento melhor a longo prazo para quem usa o mesmo cal\u00e7ado quase todo dia.<\/p>\n\n\n\n<p>Por outro lado, as marcas de fast-fashion permitem que voc\u00ea acompanhe a <strong>tend\u00eancia das cores<\/strong> sem gastar tanto, sendo ideais para aquele t\u00eanis mais chamativo que voc\u00ea n\u00e3o pretende usar sempre. Independentemente do pre\u00e7o, o foco em 2026 \u00e9 o <strong>comportamento consciente<\/strong>: escolher pe\u00e7as que voc\u00ea realmente ama e que conversem com o restante do seu guarda-roupa.<\/p>\n\n\n\n<p>Leia mais: <a href=\"https:\/\/www.em.com.br\/colunistas\/isabela-teixeira\/2026\/02\/7344384-tenis-moda-e-cerveja.html\" target=\"_blank\" rel=\"noreferrer noopener\">T\u00eanis, moda e cerveja<\/a><\/p>\n\n\n\n<h2 class=\"wp-block-heading\">O t\u00eanis branco da Reebok ainda \u00e9 uma boa escolha?<\/h2>\n\n\n\n<p>Com certeza. O retorno do cl\u00e1ssico branco da <strong>Reebok<\/strong> mostra que a nostalgia est\u00e1 mais forte do que nunca. Ele funciona como um &#8220;coringa&#8221; absoluto, transitando entre o escrit\u00f3rio e o passeio no parque com a mesma facilidade, mantendo aquela <strong>est\u00e9tica atemporal<\/strong> que nunca sai de moda de verdade.<\/p>\n\n\n\n<p>Seja com cal\u00e7a jeans reta ou com uma alfaiataria moderna, o importante \u00e9 que o t\u00eanis reflita sua <strong>personalidade<\/strong>. Essa busca por versatilidade e <strong>conforto real<\/strong> \u00e9 o que faz dos modelos retr\u00f4 slim a escolha mais inteligente para quem quer estar bem vestida em qualquer compromisso ao longo do dia.<\/p>\n","protected":false},"excerpt":{"rendered":"<p>Os t\u00eanis retr\u00f4 de modelagem ajustada ao p\u00e9, carinhosamente chamados de &#8220;chuteirinhas&#8221;, continuam no topo das paradas de moda. Esque\u00e7a os modelos robustos e pesados de antes; agora a vez \u00e9 dos solados baixos e das silhuetas delicadas que trazem um ar vintage e sofisticado para o dia a dia. Por que a modelagem slim [&hellip;]<\/p>\n","protected":false},"author":20,"featured_media":175250,"comment_status":"open","ping_status":"open","sticky":false,"template":"","format":"standard","meta":{"jnews-multi-image_gallery":[],"jnews_single_post":{"format":"standard"},"jnews_primary_category":[],"jnews_social_meta":[],"jnews_override_counter":[],"footnotes":""},"categories":[8819,20108],"tags":[2433,7063,4977,25368],"class_list":["post-175165","post","type-post","status-publish","format-standard","has-post-thumbnail","hentry","category-curiosidades","category-noticia","tag-2433","tag-looks","tag-moda","tag-tenis-retro"],"yoast_head":"<!-- This site is optimized with the Yoast SEO plugin v23.8 - https:\/\/yoast.com\/wordpress\/plugins\/seo\/ -->\n<title>Chega de t\u00eanis grand\u00e3o: o modelo retr\u00f4 fininho que vai bombar em 2026 - Estado de Minas - Em foco<\/title>\n<meta name=\"description\" content=\"Os t\u00eanis retr\u00f4 de modelagem slim s\u00e3o a grande aposta para 2026. Veja como usar modelos como Adidas Samba e Nike Cortez com muito estilo e conforto.\" \/>\n<meta name=\"robots\" content=\"index, follow, max-snippet:-1, max-image-preview:large, max-video-preview:-1\" \/>\n<link rel=\"canonical\" href=\"https:\/\/www.em.com.br\/emfoco\/2026\/03\/01\/chega-de-tenis-grandao-o-modelo-retro-fininho-que-vai-bombar-em-2026\/\" \/>\n<meta property=\"og:locale\" content=\"pt_BR\" \/>\n<meta property=\"og:type\" content=\"article\" \/>\n<meta property=\"og:title\" content=\"Chega de t\u00eanis grand\u00e3o: o modelo retr\u00f4 fininho que vai bombar em 2026 - Estado de Minas - Em foco\" \/>\n<meta property=\"og:description\" content=\"Os t\u00eanis retr\u00f4 de modelagem slim s\u00e3o a grande aposta para 2026. Veja como usar modelos como Adidas Samba e Nike Cortez com muito estilo e conforto.\" \/>\n<meta property=\"og:url\" content=\"https:\/\/www.em.com.br\/emfoco\/2026\/03\/01\/chega-de-tenis-grandao-o-modelo-retro-fininho-que-vai-bombar-em-2026\/\" \/>\n<meta property=\"og:site_name\" content=\"Estado de Minas - Em foco\" \/>\n<meta property=\"article:published_time\" content=\"2026-03-01T14:45:00+00:00\" \/>\n<meta property=\"article:modified_time\" content=\"2026-02-27T16:24:23+00:00\" \/>\n<meta property=\"og:image\" content=\"https:\/\/www.em.com.br\/emfoco\/wp-content\/uploads\/2026\/02\/tenis-slim-moda-02-27_132150141.png\" \/>\n\t<meta property=\"og:image:width\" content=\"1280\" \/>\n\t<meta property=\"og:image:height\" content=\"720\" \/>\n\t<meta property=\"og:image:type\" content=\"image\/png\" \/>\n<meta name=\"author\" content=\"Ingrid Diniz\" \/>\n<meta name=\"twitter:card\" content=\"summary_large_image\" \/>\n<meta name=\"twitter:label1\" content=\"Escrito por\" \/>\n\t<meta name=\"twitter:data1\" content=\"Ingrid Diniz\" \/>\n\t<meta name=\"twitter:label2\" content=\"Est. tempo de leitura\" \/>\n\t<meta name=\"twitter:data2\" content=\"5 minutos\" \/>\n<!-- \/ Yoast SEO plugin. -->","yoast_head_json":{"title":"Chega de t\u00eanis grand\u00e3o: o modelo retr\u00f4 fininho que vai bombar em 2026 - Estado de Minas - Em foco","description":"Os t\u00eanis retr\u00f4 de modelagem slim s\u00e3o a grande aposta para 2026. Veja como usar modelos como Adidas Samba e Nike Cortez com muito estilo e conforto.","robots":{"index":"index","follow":"follow","max-snippet":"max-snippet:-1","max-image-preview":"max-image-preview:large","max-video-preview":"max-video-preview:-1"},"canonical":"https:\/\/www.em.com.br\/emfoco\/2026\/03\/01\/chega-de-tenis-grandao-o-modelo-retro-fininho-que-vai-bombar-em-2026\/","og_locale":"pt_BR","og_type":"article","og_title":"Chega de t\u00eanis grand\u00e3o: o modelo retr\u00f4 fininho que vai bombar em 2026 - Estado de Minas - Em foco","og_description":"Os t\u00eanis retr\u00f4 de modelagem slim s\u00e3o a grande aposta para 2026. Veja como usar modelos como Adidas Samba e Nike Cortez com muito estilo e conforto.","og_url":"https:\/\/www.em.com.br\/emfoco\/2026\/03\/01\/chega-de-tenis-grandao-o-modelo-retro-fininho-que-vai-bombar-em-2026\/","og_site_name":"Estado de Minas - Em foco","article_published_time":"2026-03-01T14:45:00+00:00","article_modified_time":"2026-02-27T16:24:23+00:00","og_image":[{"width":1280,"height":720,"url":"https:\/\/www.em.com.br\/emfoco\/wp-content\/uploads\/2026\/02\/tenis-slim-moda-02-27_132150141.png","type":"image\/png"}],"author":"Ingrid Diniz","twitter_card":"summary_large_image","twitter_misc":{"Escrito por":"Ingrid Diniz","Est. tempo de leitura":"5 minutos"},"schema":{"@context":"https:\/\/schema.org","@graph":[{"@type":"WebPage","@id":"https:\/\/www.em.com.br\/emfoco\/2026\/03\/01\/chega-de-tenis-grandao-o-modelo-retro-fininho-que-vai-bombar-em-2026\/","url":"https:\/\/www.em.com.br\/emfoco\/2026\/03\/01\/chega-de-tenis-grandao-o-modelo-retro-fininho-que-vai-bombar-em-2026\/","name":"Chega de t\u00eanis grand\u00e3o: o modelo retr\u00f4 fininho que vai bombar em 2026 - Estado de Minas - Em foco","isPartOf":{"@id":"https:\/\/www.em.com.br\/emfoco\/#website"},"primaryImageOfPage":{"@id":"https:\/\/www.em.com.br\/emfoco\/2026\/03\/01\/chega-de-tenis-grandao-o-modelo-retro-fininho-que-vai-bombar-em-2026\/#primaryimage"},"image":{"@id":"https:\/\/www.em.com.br\/emfoco\/2026\/03\/01\/chega-de-tenis-grandao-o-modelo-retro-fininho-que-vai-bombar-em-2026\/#primaryimage"},"thumbnailUrl":"https:\/\/www.em.com.br\/emfoco\/wp-content\/uploads\/2026\/02\/tenis-slim-moda-02-27_132150141.png","datePublished":"2026-03-01T14:45:00+00:00","dateModified":"2026-02-27T16:24:23+00:00","author":{"@id":"https:\/\/www.em.com.br\/emfoco\/#\/schema\/person\/649e610b4eb8fff87ff394e54fe17b2b"},"description":"Os t\u00eanis retr\u00f4 de modelagem slim s\u00e3o a grande aposta para 2026. Veja como usar modelos como Adidas Samba e Nike Cortez com muito estilo e conforto.","breadcrumb":{"@id":"https:\/\/www.em.com.br\/emfoco\/2026\/03\/01\/chega-de-tenis-grandao-o-modelo-retro-fininho-que-vai-bombar-em-2026\/#breadcrumb"},"inLanguage":"pt-BR","potentialAction":[{"@type":"ReadAction","target":["https:\/\/www.em.com.br\/emfoco\/2026\/03\/01\/chega-de-tenis-grandao-o-modelo-retro-fininho-que-vai-bombar-em-2026\/"]}]},{"@type":"ImageObject","inLanguage":"pt-BR","@id":"https:\/\/www.em.com.br\/emfoco\/2026\/03\/01\/chega-de-tenis-grandao-o-modelo-retro-fininho-que-vai-bombar-em-2026\/#primaryimage","url":"https:\/\/www.em.com.br\/emfoco\/wp-content\/uploads\/2026\/02\/tenis-slim-moda-02-27_132150141.png","contentUrl":"https:\/\/www.em.com.br\/emfoco\/wp-content\/uploads\/2026\/02\/tenis-slim-moda-02-27_132150141.png","width":1280,"height":720,"caption":"T\u00eanis retr\u00f4: a tend\u00eancia slim que domina os looks de 2026"},{"@type":"BreadcrumbList","@id":"https:\/\/www.em.com.br\/emfoco\/2026\/03\/01\/chega-de-tenis-grandao-o-modelo-retro-fininho-que-vai-bombar-em-2026\/#breadcrumb","itemListElement":[{"@type":"ListItem","position":1,"name":"In\u00edcio","item":"https:\/\/www.em.com.br\/emfoco\/"},{"@type":"ListItem","position":2,"name":"Chega de t\u00eanis grand\u00e3o: o modelo retr\u00f4 fininho que vai bombar em 2026"}]},{"@type":"WebSite","@id":"https:\/\/www.em.com.br\/emfoco\/#website","url":"https:\/\/www.em.com.br\/emfoco\/","name":"Estado de Minas - Em foco","description":"Acompanhe as \u00faltimas not\u00edcias e fique bem informado sobre tudo o que acontece em Minas Gerais, Brasil e no mundo.","potentialAction":[{"@type":"SearchAction","target":{"@type":"EntryPoint","urlTemplate":"https:\/\/www.em.com.br\/emfoco\/?s={search_term_string}"},"query-input":{"@type":"PropertyValueSpecification","valueRequired":true,"valueName":"search_term_string"}}],"inLanguage":"pt-BR"},{"@type":"Person","@id":"https:\/\/www.em.com.br\/emfoco\/#\/schema\/person\/649e610b4eb8fff87ff394e54fe17b2b","name":"Ingrid Diniz","image":{"@type":"ImageObject","inLanguage":"pt-BR","@id":"https:\/\/www.em.com.br\/emfoco\/#\/schema\/person\/image\/","url":"https:\/\/secure.gravatar.com\/avatar\/a3baa1449ec5c39b4c42babc9d4f3951?s=96&d=mm&r=g","contentUrl":"https:\/\/secure.gravatar.com\/avatar\/a3baa1449ec5c39b4c42babc9d4f3951?s=96&d=mm&r=g","caption":"Ingrid Diniz"},"sameAs":["https:\/\/www.em.com.br\/"],"url":"https:\/\/www.em.com.br\/emfoco\/author\/ingridmyth\/"}]}},"_links":{"self":[{"href":"https:\/\/www.em.com.br\/emfoco\/wp-json\/wp\/v2\/posts\/175165","targetHints":{"allow":["GET"]}}],"collection":[{"href":"https:\/\/www.em.com.br\/emfoco\/wp-json\/wp\/v2\/posts"}],"about":[{"href":"https:\/\/www.em.com.br\/emfoco\/wp-json\/wp\/v2\/types\/post"}],"author":[{"embeddable":true,"href":"https:\/\/www.em.com.br\/emfoco\/wp-json\/wp\/v2\/users\/20"}],"replies":[{"embeddable":true,"href":"https:\/\/www.em.com.br\/emfoco\/wp-json\/wp\/v2\/comments?post=175165"}],"version-history":[{"count":1,"href":"https:\/\/www.em.com.br\/emfoco\/wp-json\/wp\/v2\/posts\/175165\/revisions"}],"predecessor-version":[{"id":175251,"href":"https:\/\/www.em.com.br\/emfoco\/wp-json\/wp\/v2\/posts\/175165\/revisions\/175251"}],"wp:featuredmedia":[{"embeddable":true,"href":"https:\/\/www.em.com.br\/emfoco\/wp-json\/wp\/v2\/media\/175250"}],"wp:attachment":[{"href":"https:\/\/www.em.com.br\/emfoco\/wp-json\/wp\/v2\/media?parent=175165"}],"wp:term":[{"taxonomy":"category","embeddable":true,"href":"https:\/\/www.em.com.br\/emfoco\/wp-json\/wp\/v2\/categories?post=175165"},{"taxonomy":"post_tag","embeddable":true,"href":"https:\/\/www.em.com.br\/emfoco\/wp-json\/wp\/v2\/tags?post=175165"}],"curies":[{"name":"wp","href":"https:\/\/api.w.org\/{rel}","templated":true}]}}