{"id":175074,"date":"2026-02-27T11:25:00","date_gmt":"2026-02-27T14:25:00","guid":{"rendered":"https:\/\/www.em.com.br\/emfoco\/?p=175074"},"modified":"2026-02-27T11:23:23","modified_gmt":"2026-02-27T14:23:23","slug":"a-cidade-mais-arborizada-do-sul-com-ruas-largas-qualidade-de-vida-fora-da-curva-e-a-catedral-mais-alta-da-america-latina-desenhada-por-um-urbanista-que-nunca-pisou-nela","status":"publish","type":"post","link":"https:\/\/www.em.com.br\/emfoco\/2026\/02\/27\/a-cidade-mais-arborizada-do-sul-com-ruas-largas-qualidade-de-vida-fora-da-curva-e-a-catedral-mais-alta-da-america-latina-desenhada-por-um-urbanista-que-nunca-pisou-nela\/","title":{"rendered":"A cidade mais arborizada do sul, com ruas largas, qualidade de vida fora da curva e a catedral mais alta da Am\u00e9rica Latina desenhada por um urbanista que nunca pisou nela"},"content":{"rendered":"\n<p>O urbanista <strong>Jorge de Macedo Vieira<\/strong> projetou <strong>Maring\u00e1<\/strong> em 1943 sem nunca ter pisado no local. Usou fotos a\u00e9reas enviadas pela <strong>Companhia de Terras Norte do Paran\u00e1<\/strong>. O resultado \u00e9 uma cidade-jardim com t\u00faneis de \u00e1rvores e uma catedral c\u00f4nica de 124 metros vis\u00edvel de qualquer bairro.<\/p>\n\n\n\n<h2 class=\"wp-block-heading\">A cidade que nasceu de uma can\u00e7\u00e3o dos anos 1930<\/h2>\n\n\n\n<p>O nome vem da m\u00fasica \u201cMaring\u00e1\u201d, composta por <strong>Joubert de Carvalho<\/strong> em <strong>1931<\/strong>. A can\u00e7\u00e3o contava a hist\u00f3ria de uma cabocla chamada Maria do Ing\u00e1, e a contra\u00e7\u00e3o das duas palavras agradou tanto que batizou primeiro um ribeir\u00e3o local e depois a cidade inteira. Em <strong>1962<\/strong>, o radialista <strong>Antenor Sanches<\/strong> liderou uma campanha p\u00fablica que oficializou o apelido de \u201cCidade Can\u00e7\u00e3o\u201d, t\u00edtulo confirmado por lei municipal em 2002.<\/p>\n\n\n\n<p>Vieira aplicou o conceito de cidade-jardim do brit\u00e2nico <strong>Ebenezer Howard<\/strong>: ruas que seguem o relevo, canteiros arborizados e tr\u00eas reservas de mata nativa dentro do per\u00edmetro urbano. A funda\u00e7\u00e3o oficial aconteceu em <strong>10 de maio de 1947<\/strong>. Hoje, a Cidade Can\u00e7\u00e3o tem cerca de 430 mil habitantes e conserva aproximadamente 150 mil \u00e1rvores catalogadas, o que rendeu o selo <strong>Tree Cities of the World<\/strong>, concedido pela <strong>ONU<\/strong> e pela <strong>Funda\u00e7\u00e3o Arbor Day<\/strong>.<\/p>\n\n\n<div class=\"wp-block-image\">\n<figure class=\"aligncenter size-large\"><img loading=\"lazy\" decoding=\"async\" width=\"1024\" height=\"576\" src=\"https:\/\/www.em.com.br\/emfoco\/wp-content\/uploads\/2025\/12\/Maringa-1024x576.jpg\" alt=\"\" class=\"wp-image-144642\" srcset=\"https:\/\/www.em.com.br\/emfoco\/wp-content\/uploads\/2025\/12\/Maringa-1024x576.jpg 1024w, https:\/\/www.em.com.br\/emfoco\/wp-content\/uploads\/2025\/12\/Maringa-300x169.jpg 300w, https:\/\/www.em.com.br\/emfoco\/wp-content\/uploads\/2025\/12\/Maringa-768x432.jpg 768w, https:\/\/www.em.com.br\/emfoco\/wp-content\/uploads\/2025\/12\/Maringa-750x422.jpg 750w, https:\/\/www.em.com.br\/emfoco\/wp-content\/uploads\/2025\/12\/Maringa-1140x641.jpg 1140w, https:\/\/www.em.com.br\/emfoco\/wp-content\/uploads\/2025\/12\/Maringa.jpg 1280w\" sizes=\"auto, (max-width: 1024px) 100vw, 1024px\" \/><figcaption class=\"wp-element-caption\">Maring\u00e1, uma das cidades mais verdes e planejadas do pa\u00eds \/\/ Cr\u00e9ditos: Wikimedia Commons<\/figcaption><\/figure><\/div>\n\n\n<h2 class=\"wp-block-heading\">Por que Maring\u00e1 aparece no topo dos rankings nacionais?<\/h2>\n\n\n\n<p>A capital do noroeste paranaense foi eleita a melhor cidade para se viver no <strong>Brasil<\/strong> pelo ranking <a href=\"https:\/\/www.parana.pr.gov.br\/aen\/Noticia\/Maringa-e-eleita-melhor-cidade-para-se-viver-no-Pais-e-Curitiba-e-Cascavel-estao-no-top\" target=\"_blank\" rel=\"noreferrer noopener\"><strong>Desafios da Gest\u00e3o Municipal (IDGM)<\/strong><\/a>, que avalia educa\u00e7\u00e3o, sa\u00fade, seguran\u00e7a e saneamento nas 100 maiores cidades do pa\u00eds. O munic\u00edpio registra taxa de analfabetismo de apenas 2% entre maiores de 15 anos e <strong>IDH de 0,808<\/strong>, um dos mais altos do interior brasileiro.<\/p>\n\n\n\n<p>No <a href=\"https:\/\/www.casacivil.pr.gov.br\/Noticia\/Municipios-do-Parana-alcancam-melhor-indice-de-qualidade-de-vida-da-historia-veja-o-ranking\" target=\"_blank\" rel=\"noreferrer noopener\"><strong>IPDM do Ipardes<\/strong><\/a> (ano-base 2022), Maring\u00e1 alcan\u00e7ou 0,8464, figurando entre as dez melhores do <strong>Paran\u00e1<\/strong>. O saneamento b\u00e1sico acompanha: a cidade tem 95% de cobertura de esgoto, com 100% do esgoto coletado sendo tratado.<\/p>\n\n\n\n<h2 class=\"wp-block-heading\">Como \u00e9 o dia a dia de quem mora na Cidade Can\u00e7\u00e3o?<\/h2>\n\n\n\n<p>Maring\u00e1 tem ritmo de cidade m\u00e9dia com infraestrutura de capital. A <strong>Universidade Estadual de Maring\u00e1 (UEM)<\/strong> e outras institui\u00e7\u00f5es como <strong>PUC-PR<\/strong> e <strong>Unicesumar<\/strong> atraem estudantes de todo o Paran\u00e1, o que mant\u00e9m o com\u00e9rcio aquecido e a vida noturna ativa na regi\u00e3o da <strong>Avenida Tiradentes<\/strong>. O setor de servi\u00e7os responde por mais de 76% da economia local.<\/p>\n\n\n\n<p>A bicicleta representa 6% dos deslocamentos na cidade, o dobro da m\u00e9dia nacional, favorecida por 41 km de ciclovias. Nos domingos, a <strong>Feirinha da Avenida Paran\u00e1<\/strong> re\u00fane gastronomia, artesanato e m\u00fasica ao vivo, funcionando como ponto de encontro entre moradores e visitantes. A <strong>Festa dos Estados e das Na\u00e7\u00f5es<\/strong>, em outubro, celebra a mistura de col\u00f4nias japonesa, italiana, portuguesa e \u00e1rabe que formou a identidade da cidade.<\/p>\n\n\n<div class=\"wp-block-image\">\n<figure class=\"aligncenter size-large\"><img loading=\"lazy\" decoding=\"async\" width=\"1024\" height=\"576\" src=\"https:\/\/www.em.com.br\/emfoco\/wp-content\/uploads\/2025\/12\/MARINGA-uma-das-melhores-cidades-do-Brasil-vista-atraves-de-um-Drone.-2-20-screenshot-1024x576.jpg\" alt=\"\" class=\"wp-image-144645\" srcset=\"https:\/\/www.em.com.br\/emfoco\/wp-content\/uploads\/2025\/12\/MARINGA-uma-das-melhores-cidades-do-Brasil-vista-atraves-de-um-Drone.-2-20-screenshot-1024x576.jpg 1024w, https:\/\/www.em.com.br\/emfoco\/wp-content\/uploads\/2025\/12\/MARINGA-uma-das-melhores-cidades-do-Brasil-vista-atraves-de-um-Drone.-2-20-screenshot-300x169.jpg 300w, https:\/\/www.em.com.br\/emfoco\/wp-content\/uploads\/2025\/12\/MARINGA-uma-das-melhores-cidades-do-Brasil-vista-atraves-de-um-Drone.-2-20-screenshot-768x432.jpg 768w, https:\/\/www.em.com.br\/emfoco\/wp-content\/uploads\/2025\/12\/MARINGA-uma-das-melhores-cidades-do-Brasil-vista-atraves-de-um-Drone.-2-20-screenshot-750x422.jpg 750w, https:\/\/www.em.com.br\/emfoco\/wp-content\/uploads\/2025\/12\/MARINGA-uma-das-melhores-cidades-do-Brasil-vista-atraves-de-um-Drone.-2-20-screenshot-1140x641.jpg 1140w, https:\/\/www.em.com.br\/emfoco\/wp-content\/uploads\/2025\/12\/MARINGA-uma-das-melhores-cidades-do-Brasil-vista-atraves-de-um-Drone.-2-20-screenshot.jpg 1280w\" sizes=\"auto, (max-width: 1024px) 100vw, 1024px\" \/><figcaption class=\"wp-element-caption\">Maring\u00e1 tem a catedral mais alta da Am\u00e9rica Latina e foi desenhada por quem nunca pisou nela \/\/ Cr\u00e9ditos: YouTube.com\/@7kDrones<\/figcaption><\/figure><\/div>\n\n\n<h2 class=\"wp-block-heading\">O que fazer na Cidade Can\u00e7\u00e3o al\u00e9m de admirar as \u00e1rvores?<\/h2>\n\n\n\n<p>Os parques de Maring\u00e1 n\u00e3o s\u00e3o cen\u00e1rio de cart\u00e3o-postal, s\u00e3o parte da rotina. A cidade mant\u00e9m 14 parques e mais de 90 pra\u00e7as em seu per\u00edmetro urbano.<\/p>\n\n\n\n<ul class=\"wp-block-list has-medium-font-size\">\n<li><a href=\"https:\/\/www.viajeparana.com\/Endereco\/CATEDRAL-BASILICA-DE-MARINGA\" target=\"_blank\" rel=\"noreferrer noopener\"><strong>Catedral Bas\u00edlica Menor Nossa Senhora da Gl\u00f3ria<\/strong><\/a>: 114 metros de concreto mais 10 metros de cruz, totalizando 124 metros. Inspirada nos sat\u00e9lites Sputnik, tem 16 vitrais assinados por <strong>Lorenz Helmair<\/strong> e pedra fundamental retirada da <strong>Bas\u00edlica de S\u00e3o Pedro<\/strong>, no Vaticano.<\/li>\n\n\n\n<li><strong>Parque do Ing\u00e1<\/strong>: 47 hectares de mata nativa no centro, com lago, jardim japon\u00eas e pista de caminhada de 3 km.<\/li>\n\n\n\n<li><a href=\"https:\/\/www.viajeparana.com\/Maringa\" target=\"_blank\" rel=\"noreferrer noopener\"><strong>Parque do Jap\u00e3o<\/strong><\/a>: 100 mil m\u00b2 que celebram a imigra\u00e7\u00e3o japonesa, com lago de carpas, casa de ch\u00e1 e gin\u00e1sio. Nasceu de um acordo com a cidade japonesa de <strong>Kakogawa<\/strong>, firmado em 1973.<\/li>\n\n\n\n<li><strong>Mercad\u00e3o Municipal<\/strong>: instalado em antigo armaz\u00e9m cerealista de 1958, re\u00fane gastronomia regional e produtos artesanais.<\/li>\n\n\n\n<li><strong>Museu Din\u00e2mico Interdisciplinar (MUDI)<\/strong>: no campus da <strong>Universidade Estadual de Maring\u00e1 (UEM)<\/strong>, com exposi\u00e7\u00f5es interativas e entrada gratuita.<\/li>\n<\/ul>\n\n\n\n<p>Quem busca entender se <strong>Maring\u00e1<\/strong> \u00e9 realmente uma das melhores cidades para morar, vai curtir esse v\u00eddeo especialmente selecionado do canal <strong>Sincero SC<\/strong>, que conta com mais de <strong>86 mil<\/strong> visualiza\u00e7\u00f5es, onde o apresentador mostra a estrutura planejada e o desenvolvimento da &#8220;Cidade Can\u00e7\u00e3o&#8221; no <strong>Paran\u00e1<\/strong>:<\/p>\n\n\n\n<figure class=\"wp-block-embed is-type-video is-provider-youtube wp-block-embed-youtube wp-embed-aspect-16-9 wp-has-aspect-ratio\"><div class=\"wp-block-embed__wrapper\">\n<div class=\"jeg_video_container jeg_video_content\"><iframe loading=\"lazy\" title=\"Maring\u00e1 - PR \u00e9 s\u00f3 Marketing?\" width=\"500\" height=\"281\" src=\"https:\/\/www.youtube.com\/embed\/FUJN0IUk86w?feature=oembed\" frameborder=\"0\" allow=\"accelerometer; autoplay; clipboard-write; encrypted-media; gyroscope; picture-in-picture; web-share\" referrerpolicy=\"strict-origin-when-cross-origin\" allowfullscreen><\/iframe><\/div>\n<\/div><\/figure>\n\n\n\n<h2 class=\"wp-block-heading\">Quando o clima favorece os passeios no noroeste do Paran\u00e1?<\/h2>\n\n\n\n<p>Maring\u00e1 tem clima subtropical com esta\u00e7\u00f5es bem definidas. O ver\u00e3o \u00e9 quente e chuvoso, o inverno seco e ameno. A florada dos ip\u00eas entre agosto e setembro transforma as avenidas em corredores amarelos e roxos.<\/p>\n\n\n\n<div class=\"google-auto-ads-ignore\" style=\"box-sizing: border-box; display: flex; flex-direction: column; width: 100%; max-width: 900px; margin: 30px auto; font-family: 'Segoe UI', Roboto, Helvetica, Arial, sans-serif; clear: both;\">\n    <div style=\"display: flex; flex-wrap: wrap; gap: 15px;\">\n        \n        <div style=\"flex: 1 1 calc(25% - 15px); min-width: 200px; border: 1px solid #e1e6ef; border-top: 4px solid #1a2a57; border-radius: 8px; padding: 20px; background: #fff; box-sizing: border-box; box-shadow: 0 4px 10px rgba(26, 42, 87, 0.05);\">\n            <div style=\"display: flex; align-items: center; justify-content: center; gap: 8px; margin-bottom: 20px;\">\n                <span style=\"font-size: 22px; line-height: 1;\">\u2600\ufe0f<\/span>\n                <strong style=\"color: #1a2a57; font-size: 16px; text-transform: uppercase;\">Ver\u00e3o<\/strong>\n            <\/div>\n            <div style=\"text-align: center; font-size: 11px; font-weight: 800; color: #111c3a; text-transform: uppercase; margin-bottom: 5px;\">Dezembro &#8211; Fevereiro<\/div>\n            <div style=\"text-align: center; font-size: 26px; font-weight: 900; color: #1a2a57; margin-bottom: 10px;\">20\u00b0C a 33\u00b0C<\/div>\n            <div style=\"text-align: center; margin-bottom: 15px;\">\n                <span style=\"background: #f0f3f8; color: #1a2a57; font-size: 10px; font-weight: 800; padding: 4px 10px; border-radius: 20px; text-transform: uppercase; border: 1px solid #e1e6ef;\">\ud83d\udca7 Chuva alta<\/span>\n            <\/div>\n            <div style=\"text-align: center; font-size: 13px; color: #555; line-height: 1.5;\">O clima subtropical garante ver\u00f5es quentes e chuvosos. Para aproveitar bem o sol, foque nos <strong>parques pela manh\u00e3 e nas piscinas<\/strong>.<\/div>\n        <\/div>\n\n        <div style=\"flex: 1 1 calc(25% - 15px); min-width: 200px; border: 1px solid #e1e6ef; border-top: 4px solid #1a2a57; border-radius: 8px; padding: 20px; background: #fff; box-sizing: border-box; box-shadow: 0 4px 10px rgba(26, 42, 87, 0.05);\">\n            <div style=\"display: flex; align-items: center; justify-content: center; gap: 8px; margin-bottom: 20px;\">\n                <span style=\"font-size: 22px; line-height: 1;\">\ud83c\udf42<\/span>\n                <strong style=\"color: #1a2a57; font-size: 16px; text-transform: uppercase;\">Outono<\/strong>\n            <\/div>\n            <div style=\"text-align: center; font-size: 11px; font-weight: 800; color: #111c3a; text-transform: uppercase; margin-bottom: 5px;\">Mar\u00e7o &#8211; Maio<\/div>\n            <div style=\"text-align: center; font-size: 26px; font-weight: 900; color: #1a2a57; margin-bottom: 10px;\">16\u00b0C a 28\u00b0C<\/div>\n            <div style=\"text-align: center; margin-bottom: 15px;\">\n                <span style=\"background: #f0f3f8; color: #1a2a57; font-size: 10px; font-weight: 800; padding: 4px 10px; border-radius: 20px; text-transform: uppercase; border: 1px solid #e1e6ef;\">\u2601\ufe0f Chuva m\u00e9dia<\/span>\n            <\/div>\n            <div style=\"text-align: center; font-size: 13px; color: #555; line-height: 1.5;\">O calor sufocante come\u00e7a a ceder enquanto o volume de chuvas tamb\u00e9m cai. \u00c9 a melhor \u00e9poca para <strong>feiras gastron\u00f4micas e trilhas<\/strong> na regi\u00e3o.<\/div>\n        <\/div>\n\n        <div style=\"flex: 1 1 calc(25% - 15px); min-width: 200px; border: 1px solid #e1e6ef; border-top: 4px solid #1a2a57; border-radius: 8px; padding: 20px; background: #fff; box-sizing: border-box; box-shadow: 0 4px 10px rgba(26, 42, 87, 0.05);\">\n            <div style=\"display: flex; align-items: center; justify-content: center; gap: 8px; margin-bottom: 20px;\">\n                <span style=\"font-size: 22px; line-height: 1;\">\u2744\ufe0f<\/span>\n                <strong style=\"color: #1a2a57; font-size: 16px; text-transform: uppercase;\">Inverno<\/strong>\n            <\/div>\n            <div style=\"text-align: center; font-size: 11px; font-weight: 800; color: #111c3a; text-transform: uppercase; margin-bottom: 5px;\">Junho &#8211; Agosto<\/div>\n            <div style=\"text-align: center; font-size: 26px; font-weight: 900; color: #1a2a57; margin-bottom: 10px;\">12\u00b0C a 24\u00b0C<\/div>\n            <div style=\"text-align: center; margin-bottom: 15px;\">\n                <span style=\"background: #f0f3f8; color: #1a2a57; font-size: 10px; font-weight: 800; padding: 4px 10px; border-radius: 20px; text-transform: uppercase; border: 1px solid #e1e6ef;\">\ud83c\udf24\ufe0f Chuva baixa<\/span>\n            <\/div>\n            <div style=\"text-align: center; font-size: 13px; color: #555; line-height: 1.5;\">Com caracter\u00edsticas bem definidas, o inverno maringaense \u00e9 agradavelmente seco e ameno. Ideal para <strong>caminhadas e eventos culturais<\/strong>.<\/div>\n        <\/div>\n\n        <div style=\"flex: 1 1 calc(25% - 15px); min-width: 200px; border: 1px solid #e1e6ef; border-top: 4px solid #1a2a57; border-radius: 8px; padding: 20px; background: #fff; box-sizing: border-box; box-shadow: 0 4px 10px rgba(26, 42, 87, 0.05);\">\n            <div style=\"display: flex; align-items: center; justify-content: center; gap: 8px; margin-bottom: 20px;\">\n                <span style=\"font-size: 22px; line-height: 1;\">\ud83c\udf38<\/span>\n                <strong style=\"color: #1a2a57; font-size: 16px; text-transform: uppercase;\">Primavera<\/strong>\n            <\/div>\n            <div style=\"text-align: center; font-size: 11px; font-weight: 800; color: #111c3a; text-transform: uppercase; margin-bottom: 5px;\">Setembro &#8211; Novembro<\/div>\n            <div style=\"text-align: center; font-size: 26px; font-weight: 900; color: #1a2a57; margin-bottom: 10px;\">17\u00b0C a 30\u00b0C<\/div>\n            <div style=\"text-align: center; margin-bottom: 15px;\">\n                <span style=\"background: #f0f3f8; color: #1a2a57; font-size: 10px; font-weight: 800; padding: 4px 10px; border-radius: 20px; text-transform: uppercase; border: 1px solid #e1e6ef;\">\u2601\ufe0f Chuva m\u00e9dia<\/span>\n            <\/div>\n            <div style=\"text-align: center; font-size: 13px; color: #555; line-height: 1.5;\">As avenidas se transformam em lindos corredores amarelos e roxos. \u00c9 um cen\u00e1rio cinematogr\u00e1fico para ver a <strong>florada dos ip\u00eas e fazer cicloturismo<\/strong>.<\/div>\n        <\/div>\n        \n    <\/div>\n<\/div>\n\n\n\n<p><em>Temperaturas aproximadas com base no <a href=\"https:\/\/www.climatempo.com.br\/climatologia\/278\/maringa-pr\" target=\"_blank\" rel=\"noreferrer noopener\"><strong>Climatempo<\/strong><\/a>. Condi\u00e7\u00f5es podem variar.<\/em><\/p>\n\n\n\n<h2 class=\"wp-block-heading\">Como chegar a Maring\u00e1 saindo das principais cidades?<\/h2>\n\n\n\n<p>O <strong>Aeroporto Regional Silvio Name J\u00fanior<\/strong> recebe voos diretos de <strong>S\u00e3o Paulo<\/strong>, <strong>Curitiba<\/strong> e <strong>Campinas<\/strong>. De carro, o acesso principal \u00e9 pela <strong>BR-376<\/strong>, a 425 km de <strong>Curitiba<\/strong> (cerca de 5 horas). <strong>Londrina<\/strong> fica a apenas 100 km por rodovia duplicada, alternativa \u00fatil para quem encontra passagens mais baratas para o aeroporto vizinho.<\/p>\n\n\n\n<p><strong>Leia tamb\u00e9m: <a href=\"https:\/\/www.em.com.br\/emfoco\/2026\/02\/26\/a-capital-mais-arborizada-do-brasil-tem-91-das-ruas-com-arvores-e-o-maior-aquario-de-agua-doce-do-mundo\/\" target=\"_blank\" rel=\"noreferrer noopener\">A capital mais arborizada do Brasil tem 91% das ruas com \u00e1rvores e o maior aqu\u00e1rio de \u00e1gua doce do mundo<\/a><\/strong><\/p>\n\n\n\n<h2 class=\"wp-block-heading\">Conhe\u00e7a a cidade que cresceu sem perder o verde<\/h2>\n\n\n\n<p>Maring\u00e1 entrega no cotidiano o que muitas cidades brasileiras prometem em discurso: ruas arborizadas, parques acess\u00edveis a p\u00e9, indicadores sociais acima da m\u00e9dia e um planejamento urbano que sobreviveu a quase oito d\u00e9cadas de crescimento.<\/p>\n\n\n\n<p>Voc\u00ea precisa caminhar sob os t\u00faneis verdes da Cidade Can\u00e7\u00e3o para entender por que tanta gente troca capitais pelo noroeste do Paran\u00e1.<\/p>\n","protected":false},"excerpt":{"rendered":"<p>O urbanista Jorge de Macedo Vieira projetou Maring\u00e1 em 1943 sem nunca ter pisado no local. Usou fotos a\u00e9reas enviadas pela Companhia de Terras Norte do Paran\u00e1. O resultado \u00e9 uma cidade-jardim com t\u00faneis de \u00e1rvores e uma catedral c\u00f4nica de 124 metros vis\u00edvel de qualquer bairro. A cidade que nasceu de uma can\u00e7\u00e3o dos [&hellip;]<\/p>\n","protected":false},"author":6,"featured_media":159142,"comment_status":"open","ping_status":"open","sticky":false,"template":"","format":"standard","meta":{"jnews-multi-image_gallery":[],"jnews_single_post":{"format":"standard"},"jnews_primary_category":[],"jnews_social_meta":[],"jnews_override_counter":[],"footnotes":""},"categories":[26],"tags":[183,1387,1209],"class_list":["post-175074","post","type-post","status-publish","format-standard","has-post-thumbnail","hentry","category-cidades","tag-cidades","tag-maringa","tag-parana"],"yoast_head":"<!-- This site is optimized with the Yoast SEO plugin v23.8 - https:\/\/yoast.com\/wordpress\/plugins\/seo\/ -->\n<title>A cidade mais arborizada do sul, com ruas largas, qualidade de vida fora da curva e a catedral mais alta da Am\u00e9rica Latina desenhada por um urbanista que nunca pisou nela - Estado de Minas - Em foco<\/title>\n<meta name=\"description\" content=\"Conhe\u00e7a a cidade mais arborizada do Sul, com ruas largas, qualidade de vida elevada e a catedral mais alta da Am\u00e9rica Latina.\" \/>\n<meta name=\"robots\" content=\"index, follow, max-snippet:-1, max-image-preview:large, max-video-preview:-1\" \/>\n<link rel=\"canonical\" href=\"https:\/\/www.em.com.br\/emfoco\/2026\/02\/27\/a-cidade-mais-arborizada-do-sul-com-ruas-largas-qualidade-de-vida-fora-da-curva-e-a-catedral-mais-alta-da-america-latina-desenhada-por-um-urbanista-que-nunca-pisou-nela\/\" \/>\n<meta property=\"og:locale\" content=\"pt_BR\" \/>\n<meta property=\"og:type\" content=\"article\" \/>\n<meta property=\"og:title\" content=\"A cidade mais arborizada do sul, com ruas largas, qualidade de vida fora da curva e a catedral mais alta da Am\u00e9rica Latina desenhada por um urbanista que nunca pisou nela - Estado de Minas - Em foco\" \/>\n<meta property=\"og:description\" content=\"Conhe\u00e7a a cidade mais arborizada do Sul, com ruas largas, qualidade de vida elevada e a catedral mais alta da Am\u00e9rica Latina.\" \/>\n<meta property=\"og:url\" content=\"https:\/\/www.em.com.br\/emfoco\/2026\/02\/27\/a-cidade-mais-arborizada-do-sul-com-ruas-largas-qualidade-de-vida-fora-da-curva-e-a-catedral-mais-alta-da-america-latina-desenhada-por-um-urbanista-que-nunca-pisou-nela\/\" \/>\n<meta property=\"og:site_name\" content=\"Estado de Minas - Em foco\" \/>\n<meta property=\"article:published_time\" content=\"2026-02-27T14:25:00+00:00\" \/>\n<meta property=\"article:modified_time\" content=\"2026-02-27T14:23:23+00:00\" \/>\n<meta property=\"og:image\" content=\"https:\/\/www.em.com.br\/emfoco\/wp-content\/uploads\/2026\/01\/maringa3.jpg\" \/>\n\t<meta property=\"og:image:width\" content=\"1280\" \/>\n\t<meta property=\"og:image:height\" content=\"720\" \/>\n\t<meta property=\"og:image:type\" content=\"image\/jpeg\" \/>\n<meta name=\"author\" content=\"Vitor Bruno\" \/>\n<meta name=\"twitter:card\" content=\"summary_large_image\" \/>\n<meta name=\"twitter:label1\" content=\"Escrito por\" \/>\n\t<meta name=\"twitter:data1\" content=\"Vitor Bruno\" \/>\n\t<meta name=\"twitter:label2\" content=\"Est. tempo de leitura\" \/>\n\t<meta name=\"twitter:data2\" content=\"7 minutos\" \/>\n<!-- \/ Yoast SEO plugin. -->","yoast_head_json":{"title":"A cidade mais arborizada do sul, com ruas largas, qualidade de vida fora da curva e a catedral mais alta da Am\u00e9rica Latina desenhada por um urbanista que nunca pisou nela - Estado de Minas - Em foco","description":"Conhe\u00e7a a cidade mais arborizada do Sul, com ruas largas, qualidade de vida elevada e a catedral mais alta da Am\u00e9rica Latina.","robots":{"index":"index","follow":"follow","max-snippet":"max-snippet:-1","max-image-preview":"max-image-preview:large","max-video-preview":"max-video-preview:-1"},"canonical":"https:\/\/www.em.com.br\/emfoco\/2026\/02\/27\/a-cidade-mais-arborizada-do-sul-com-ruas-largas-qualidade-de-vida-fora-da-curva-e-a-catedral-mais-alta-da-america-latina-desenhada-por-um-urbanista-que-nunca-pisou-nela\/","og_locale":"pt_BR","og_type":"article","og_title":"A cidade mais arborizada do sul, com ruas largas, qualidade de vida fora da curva e a catedral mais alta da Am\u00e9rica Latina desenhada por um urbanista que nunca pisou nela - Estado de Minas - Em foco","og_description":"Conhe\u00e7a a cidade mais arborizada do Sul, com ruas largas, qualidade de vida elevada e a catedral mais alta da Am\u00e9rica Latina.","og_url":"https:\/\/www.em.com.br\/emfoco\/2026\/02\/27\/a-cidade-mais-arborizada-do-sul-com-ruas-largas-qualidade-de-vida-fora-da-curva-e-a-catedral-mais-alta-da-america-latina-desenhada-por-um-urbanista-que-nunca-pisou-nela\/","og_site_name":"Estado de Minas - Em foco","article_published_time":"2026-02-27T14:25:00+00:00","article_modified_time":"2026-02-27T14:23:23+00:00","og_image":[{"width":1280,"height":720,"url":"https:\/\/www.em.com.br\/emfoco\/wp-content\/uploads\/2026\/01\/maringa3.jpg","type":"image\/jpeg"}],"author":"Vitor Bruno","twitter_card":"summary_large_image","twitter_misc":{"Escrito por":"Vitor Bruno","Est. tempo de leitura":"7 minutos"},"schema":{"@context":"https:\/\/schema.org","@graph":[{"@type":"WebPage","@id":"https:\/\/www.em.com.br\/emfoco\/2026\/02\/27\/a-cidade-mais-arborizada-do-sul-com-ruas-largas-qualidade-de-vida-fora-da-curva-e-a-catedral-mais-alta-da-america-latina-desenhada-por-um-urbanista-que-nunca-pisou-nela\/","url":"https:\/\/www.em.com.br\/emfoco\/2026\/02\/27\/a-cidade-mais-arborizada-do-sul-com-ruas-largas-qualidade-de-vida-fora-da-curva-e-a-catedral-mais-alta-da-america-latina-desenhada-por-um-urbanista-que-nunca-pisou-nela\/","name":"A cidade mais arborizada do sul, com ruas largas, qualidade de vida fora da curva e a catedral mais alta da Am\u00e9rica Latina desenhada por um urbanista que nunca pisou nela - Estado de Minas - Em foco","isPartOf":{"@id":"https:\/\/www.em.com.br\/emfoco\/#website"},"primaryImageOfPage":{"@id":"https:\/\/www.em.com.br\/emfoco\/2026\/02\/27\/a-cidade-mais-arborizada-do-sul-com-ruas-largas-qualidade-de-vida-fora-da-curva-e-a-catedral-mais-alta-da-america-latina-desenhada-por-um-urbanista-que-nunca-pisou-nela\/#primaryimage"},"image":{"@id":"https:\/\/www.em.com.br\/emfoco\/2026\/02\/27\/a-cidade-mais-arborizada-do-sul-com-ruas-largas-qualidade-de-vida-fora-da-curva-e-a-catedral-mais-alta-da-america-latina-desenhada-por-um-urbanista-que-nunca-pisou-nela\/#primaryimage"},"thumbnailUrl":"https:\/\/www.em.com.br\/emfoco\/wp-content\/uploads\/2026\/01\/maringa3.jpg","datePublished":"2026-02-27T14:25:00+00:00","dateModified":"2026-02-27T14:23:23+00:00","author":{"@id":"https:\/\/www.em.com.br\/emfoco\/#\/schema\/person\/364ac1852fafd00f1be20f0b8b237569"},"description":"Conhe\u00e7a a cidade mais arborizada do Sul, com ruas largas, qualidade de vida elevada e a catedral mais alta da Am\u00e9rica Latina.","breadcrumb":{"@id":"https:\/\/www.em.com.br\/emfoco\/2026\/02\/27\/a-cidade-mais-arborizada-do-sul-com-ruas-largas-qualidade-de-vida-fora-da-curva-e-a-catedral-mais-alta-da-america-latina-desenhada-por-um-urbanista-que-nunca-pisou-nela\/#breadcrumb"},"inLanguage":"pt-BR","potentialAction":[{"@type":"ReadAction","target":["https:\/\/www.em.com.br\/emfoco\/2026\/02\/27\/a-cidade-mais-arborizada-do-sul-com-ruas-largas-qualidade-de-vida-fora-da-curva-e-a-catedral-mais-alta-da-america-latina-desenhada-por-um-urbanista-que-nunca-pisou-nela\/"]}]},{"@type":"ImageObject","inLanguage":"pt-BR","@id":"https:\/\/www.em.com.br\/emfoco\/2026\/02\/27\/a-cidade-mais-arborizada-do-sul-com-ruas-largas-qualidade-de-vida-fora-da-curva-e-a-catedral-mais-alta-da-america-latina-desenhada-por-um-urbanista-que-nunca-pisou-nela\/#primaryimage","url":"https:\/\/www.em.com.br\/emfoco\/wp-content\/uploads\/2026\/01\/maringa3.jpg","contentUrl":"https:\/\/www.em.com.br\/emfoco\/wp-content\/uploads\/2026\/01\/maringa3.jpg","width":1280,"height":720,"caption":"Maring\u00e1, a famosa \"Cidade Can\u00e7\u00e3o\", fica no norte do Paran\u00e1 (imagem ilustrativa)"},{"@type":"BreadcrumbList","@id":"https:\/\/www.em.com.br\/emfoco\/2026\/02\/27\/a-cidade-mais-arborizada-do-sul-com-ruas-largas-qualidade-de-vida-fora-da-curva-e-a-catedral-mais-alta-da-america-latina-desenhada-por-um-urbanista-que-nunca-pisou-nela\/#breadcrumb","itemListElement":[{"@type":"ListItem","position":1,"name":"In\u00edcio","item":"https:\/\/www.em.com.br\/emfoco\/"},{"@type":"ListItem","position":2,"name":"A cidade mais arborizada do sul, com ruas largas, qualidade de vida fora da curva e a catedral mais alta da Am\u00e9rica Latina desenhada por um urbanista que nunca pisou nela"}]},{"@type":"WebSite","@id":"https:\/\/www.em.com.br\/emfoco\/#website","url":"https:\/\/www.em.com.br\/emfoco\/","name":"Estado de Minas - Em foco","description":"Acompanhe as \u00faltimas not\u00edcias e fique bem informado sobre tudo o que acontece em Minas Gerais, Brasil e no mundo.","potentialAction":[{"@type":"SearchAction","target":{"@type":"EntryPoint","urlTemplate":"https:\/\/www.em.com.br\/emfoco\/?s={search_term_string}"},"query-input":{"@type":"PropertyValueSpecification","valueRequired":true,"valueName":"search_term_string"}}],"inLanguage":"pt-BR"},{"@type":"Person","@id":"https:\/\/www.em.com.br\/emfoco\/#\/schema\/person\/364ac1852fafd00f1be20f0b8b237569","name":"Vitor Bruno","image":{"@type":"ImageObject","inLanguage":"pt-BR","@id":"https:\/\/www.em.com.br\/emfoco\/#\/schema\/person\/image\/","url":"https:\/\/secure.gravatar.com\/avatar\/b719e5cdede09f942064960883b5524d?s=96&d=mm&r=g","contentUrl":"https:\/\/secure.gravatar.com\/avatar\/b719e5cdede09f942064960883b5524d?s=96&d=mm&r=g","caption":"Vitor Bruno"},"sameAs":["https:\/\/www.em.com.br\/emfoco\/"],"url":"https:\/\/www.em.com.br\/emfoco\/author\/vitormyth\/"}]}},"_links":{"self":[{"href":"https:\/\/www.em.com.br\/emfoco\/wp-json\/wp\/v2\/posts\/175074","targetHints":{"allow":["GET"]}}],"collection":[{"href":"https:\/\/www.em.com.br\/emfoco\/wp-json\/wp\/v2\/posts"}],"about":[{"href":"https:\/\/www.em.com.br\/emfoco\/wp-json\/wp\/v2\/types\/post"}],"author":[{"embeddable":true,"href":"https:\/\/www.em.com.br\/emfoco\/wp-json\/wp\/v2\/users\/6"}],"replies":[{"embeddable":true,"href":"https:\/\/www.em.com.br\/emfoco\/wp-json\/wp\/v2\/comments?post=175074"}],"version-history":[{"count":7,"href":"https:\/\/www.em.com.br\/emfoco\/wp-json\/wp\/v2\/posts\/175074\/revisions"}],"predecessor-version":[{"id":175187,"href":"https:\/\/www.em.com.br\/emfoco\/wp-json\/wp\/v2\/posts\/175074\/revisions\/175187"}],"wp:featuredmedia":[{"embeddable":true,"href":"https:\/\/www.em.com.br\/emfoco\/wp-json\/wp\/v2\/media\/159142"}],"wp:attachment":[{"href":"https:\/\/www.em.com.br\/emfoco\/wp-json\/wp\/v2\/media?parent=175074"}],"wp:term":[{"taxonomy":"category","embeddable":true,"href":"https:\/\/www.em.com.br\/emfoco\/wp-json\/wp\/v2\/categories?post=175074"},{"taxonomy":"post_tag","embeddable":true,"href":"https:\/\/www.em.com.br\/emfoco\/wp-json\/wp\/v2\/tags?post=175074"}],"curies":[{"name":"wp","href":"https:\/\/api.w.org\/{rel}","templated":true}]}}