{"id":175005,"date":"2026-02-28T20:55:00","date_gmt":"2026-02-28T23:55:00","guid":{"rendered":"https:\/\/www.em.com.br\/emfoco\/?p=175005"},"modified":"2026-02-27T23:20:41","modified_gmt":"2026-02-28T02:20:41","slug":"ultimos-dias-de-fevereiro-prometem-virada-poderosa-para-4-signos-veja-se-o-seu-esta-na-lista","status":"publish","type":"post","link":"https:\/\/www.em.com.br\/emfoco\/2026\/02\/28\/ultimos-dias-de-fevereiro-prometem-virada-poderosa-para-4-signos-veja-se-o-seu-esta-na-lista\/","title":{"rendered":"\u00daltimos dias de fevereiro prometem virada poderosa para 4 signos: veja se o seu est\u00e1 na lista"},"content":{"rendered":"\n<p>Nos \u00faltimos dias de fevereiro, muita gente sente uma esp\u00e9cie de \u201cchave virando\u201d por dentro, como se ficasse mais claro o que manter, o que encerrar e para onde direcionar energia. Em 2026, esse clima se intensifica, favorecendo decis\u00f5es objetivas, reorganiza\u00e7\u00e3o de prioridades e escolhas mais conscientes, menos baseadas no piloto autom\u00e1tico e mais alinhadas ao futuro que cada um deseja construir.<\/p>\n\n\n\n<h2 class=\"wp-block-heading\">Quais s\u00e3o os signos em maior destaque no fim de fevereiro?<\/h2>\n\n\n\n<p>Entre os doze <a href=\"https:\/\/www.em.com.br\/emfoco\/2026\/02\/26\/estes-signos-fecham-fevereiro-de-2026-com-boas-noticias-caminhos-se-abrem-antes-de-marco-chegar\/\" target=\"_blank\" rel=\"noreferrer noopener\">signos <\/a>do zod\u00edaco, quatro se destacam com maior potencial de virada pr\u00e1tica no fim de fevereiro de 2026:\u00a0<strong>Peixes, Touro, Libra e Virgem<\/strong>. Cada um percebe esse momento como um ponto de inflex\u00e3o em \u00e1reas como vida emocional, trabalho, rotina e rela\u00e7\u00f5es.<\/p>\n\n\n\n<p>A <strong>virada<\/strong>, entendida como reposicionamento gradual, por\u00e9m firme, e n\u00e3o como ruptura dram\u00e1tica. Decis\u00f5es adiadas ganham for\u00e7a, conversas necess\u00e1rias encontram espa\u00e7o e projetos travados come\u00e7am a fluir, \u00e0 medida que cresce a capacidade de leitura do pr\u00f3prio momento e de ajuste de rota.<\/p>\n\n\n\n<figure class=\"wp-block-image\"><img decoding=\"async\" src=\"https:\/\/www.em.com.br\/emfoco\/wp-content\/uploads\/2026\/01\/astrologia_1769728041719-1024x576.jpg\" alt=\"\"\/><\/figure>\n\n\n\n<h2 class=\"wp-block-heading\">Como acontece a virada para Peixes e Touro<\/h2>\n\n\n\n<p>Para&nbsp;<strong>Peixes<\/strong>, o fim de fevereiro coincide com o auge do ciclo solar, ampliando sensibilidade e autopercep\u00e7\u00e3o. A intui\u00e7\u00e3o ganha forma concreta: ideias vagas e percep\u00e7\u00f5es sutis passam a se confirmar em fatos, encontros e mensagens que trazem mais coer\u00eancia ao cen\u00e1rio vivido.<\/p>\n\n\n\n<p>J\u00e1&nbsp;<strong>Touro<\/strong>&nbsp;vive uma virada ligada a estabilidade, recursos e planejamento, com aten\u00e7\u00e3o especial ao trabalho, finan\u00e7as, rotina e sa\u00fade. \u00c9 um momento de reorganiza\u00e7\u00e3o pr\u00e1tica, renegocia\u00e7\u00f5es e defini\u00e7\u00e3o de metas realistas, privilegiando ajustes estruturados em vez de mudan\u00e7as impulsivas.<\/p>\n\n\n\n<h2 class=\"wp-block-heading\">Como Libra e Virgem se reorganizam nesse per\u00edodo<\/h2>\n\n\n\n<p>Para\u00a0<strong>Libra<\/strong>, o fim de fevereiro marca um<a href=\"https:\/\/casamentoemharmonia.com.br\/glossario\/alinhamento-de-expectativas\/\" target=\"_blank\" rel=\"noreferrer noopener\"> alinhamento nas rela\u00e7\u00f5es<\/a>, sejam pessoais, profissionais ou sociais. Conversas decisivas, acordos e encerramentos bem conduzidos trazem mais equil\u00edbrio, abrindo espa\u00e7o para parcerias produtivas e indica\u00e7\u00f5es relevantes.<\/p>\n\n\n\n<p><strong>Virgem<\/strong>&nbsp;tende a viver esse per\u00edodo como um \u201cacerto fino\u201d em v\u00e1rias \u00e1reas, com foco em organiza\u00e7\u00e3o, sa\u00fade e produtividade. Projetos que exigem aten\u00e7\u00e3o aos detalhes e revis\u00e3o de processos encontram terreno f\u00e9rtil, com menos exposi\u00e7\u00e3o e mais resultados consistentes no dia a dia.<\/p>\n\n\n\n<h2 class=\"wp-block-heading\">Quais atitudes pr\u00e1ticas ajudam a aproveitar essa virada?<\/h2>\n\n\n\n<p>Embora cada signo experimente o fim de fevereiro \u00e0 sua maneira, algumas atitudes gerais ajudam a transformar essa virada simb\u00f3lica em mudan\u00e7as concretas. O ideal \u00e9 usar o clima de encerramento e recome\u00e7o para revisar prioridades e alinhar a\u00e7\u00f5es com o que realmente importa.<\/p>\n\n\n\n<figure class=\"wp-block-image\"><img decoding=\"async\" src=\"https:\/\/www.em.com.br\/emfoco\/wp-content\/uploads\/2026\/02\/ChatGPT-Image-18-de-fev.-de-2026-10_32_17-1-1024x576.png\" alt=\"\"\/><figcaption class=\"wp-element-caption\">O ciclo mais intenso para certos signos<\/figcaption><\/figure>\n\n\n\n<p>Esse momento favorece quem est\u00e1 disposto a observar padr\u00f5es, ajustar escolhas e sair da in\u00e9rcia com pequenos passos consistentes. Para isso, vale adotar pr\u00e1ticas simples que organizem o pensamento e direcionem a energia:<\/p>\n\n\n\n<ul class=\"wp-block-list\">\n<li><strong>Observar sinais recorrentes:<\/strong>\u00a0temas que aparecem repetidamente em conversas ou pensamentos.<\/li>\n\n\n\n<li><strong>Rever prioridades:<\/strong>\u00a0separar o essencial do que s\u00f3 consome tempo e energia.<\/li>\n\n\n\n<li><strong>Estabelecer pequenos prazos:<\/strong>\u00a0metas curtas para destravar decis\u00f5es paradas.<\/li>\n\n\n\n<li><strong>Cuidar de rela\u00e7\u00f5es-chave:<\/strong>\u00a0alinhar expectativas com quem influencia sua rotina.<\/li>\n\n\n\n<li><strong>Registrar decis\u00f5es:<\/strong>\u00a0anotar planos e pr\u00f3ximos passos para manter o foco.<\/li>\n<\/ul>\n\n\n\n<h2 class=\"wp-block-heading\">Como transformar a virada de fevereiro em a\u00e7\u00e3o imediata<\/h2>\n\n\n\n<p>Para estruturar essa virada, \u00e9 \u00fatil listar inc\u00f4modos centrais, escolher uma \u00e1rea priorit\u00e1ria (trabalho, finan\u00e7as, rela\u00e7\u00f5es ou bem-estar) e definir uma meta espec\u00edfica para os pr\u00f3ximos 15 dias, quebrando-a em a\u00e7\u00f5es simples e revisando o andamento ao final do m\u00eas. Assim, o tema astrol\u00f3gico se converte em pr\u00e1tica, aproximando inten\u00e7\u00e3o e resultado.<\/p>\n\n\n\n<p>N\u00e3o adie essa mudan\u00e7a para \u201cquando der\u201d: use o fim de fevereiro de 2026 como um marco de decis\u00e3o, por menor que seja o passo. Comece hoje com uma escolha objetiva \u2014 encerrar algo, iniciar algo ou ajustar um caminho \u2014 e fa\u00e7a da sua pr\u00f3pria virada o ponto de partida para um ano mais alinhado ao que voc\u00ea realmente quer viver.<\/p>\n","protected":false},"excerpt":{"rendered":"<p>Nos \u00faltimos dias de fevereiro, muita gente sente uma esp\u00e9cie de \u201cchave virando\u201d por dentro, como se ficasse mais claro o que manter, o que encerrar e para onde direcionar energia. Em 2026, esse clima se intensifica, favorecendo decis\u00f5es objetivas, reorganiza\u00e7\u00e3o de prioridades e escolhas mais conscientes, menos baseadas no piloto autom\u00e1tico e mais alinhadas [&hellip;]<\/p>\n","protected":false},"author":11,"featured_media":24090,"comment_status":"open","ping_status":"open","sticky":false,"template":"","format":"standard","meta":{"jnews-multi-image_gallery":[],"jnews_single_post":{"format":"standard"},"jnews_primary_category":[],"jnews_social_meta":[],"jnews_override_counter":[],"footnotes":""},"categories":[1,25],"tags":[297,168,21035],"class_list":["post-175005","post","type-post","status-publish","format-standard","has-post-thumbnail","hentry","category-noticias","category-signos","tag-astrologia","tag-signos","tag-virada"],"yoast_head":"<!-- This site is optimized with the Yoast SEO plugin v23.8 - https:\/\/yoast.com\/wordpress\/plugins\/seo\/ -->\n<title>\u00daltimos dias de fevereiro prometem virada poderosa para 4 signos: veja se o seu est\u00e1 na lista - Estado de Minas - Em foco<\/title>\n<meta name=\"description\" content=\"Fim de fevereiro traz virada para quatro signos segundo a astrologia. Veja quem ganha clareza e novas decis\u00f5es.\" \/>\n<meta name=\"robots\" content=\"index, follow, max-snippet:-1, max-image-preview:large, max-video-preview:-1\" \/>\n<link rel=\"canonical\" href=\"https:\/\/www.em.com.br\/emfoco\/2026\/02\/28\/ultimos-dias-de-fevereiro-prometem-virada-poderosa-para-4-signos-veja-se-o-seu-esta-na-lista\/\" \/>\n<meta property=\"og:locale\" content=\"pt_BR\" \/>\n<meta property=\"og:type\" content=\"article\" \/>\n<meta property=\"og:title\" content=\"\u00daltimos dias de fevereiro prometem virada poderosa para 4 signos: veja se o seu est\u00e1 na lista - Estado de Minas - Em foco\" \/>\n<meta property=\"og:description\" content=\"Fim de fevereiro traz virada para quatro signos segundo a astrologia. Veja quem ganha clareza e novas decis\u00f5es.\" \/>\n<meta property=\"og:url\" content=\"https:\/\/www.em.com.br\/emfoco\/2026\/02\/28\/ultimos-dias-de-fevereiro-prometem-virada-poderosa-para-4-signos-veja-se-o-seu-esta-na-lista\/\" \/>\n<meta property=\"og:site_name\" content=\"Estado de Minas - Em foco\" \/>\n<meta property=\"article:published_time\" content=\"2026-02-28T23:55:00+00:00\" \/>\n<meta property=\"article:modified_time\" content=\"2026-02-28T02:20:41+00:00\" \/>\n<meta property=\"og:image\" content=\"https:\/\/www.em.com.br\/emfoco\/wp-content\/uploads\/2025\/02\/alegria_1740792764889.jpg\" \/>\n\t<meta property=\"og:image:width\" content=\"1280\" \/>\n\t<meta property=\"og:image:height\" content=\"720\" \/>\n\t<meta property=\"og:image:type\" content=\"image\/jpeg\" \/>\n<meta name=\"author\" content=\"Andre\u0301 Rangel\u00a0\" \/>\n<meta name=\"twitter:card\" content=\"summary_large_image\" \/>\n<meta name=\"twitter:label1\" content=\"Escrito por\" \/>\n\t<meta name=\"twitter:data1\" content=\"Andre\u0301 Rangel\u00a0\" \/>\n\t<meta name=\"twitter:label2\" content=\"Est. tempo de leitura\" \/>\n\t<meta name=\"twitter:data2\" content=\"4 minutos\" \/>\n<!-- \/ Yoast SEO plugin. -->","yoast_head_json":{"title":"\u00daltimos dias de fevereiro prometem virada poderosa para 4 signos: veja se o seu est\u00e1 na lista - Estado de Minas - Em foco","description":"Fim de fevereiro traz virada para quatro signos segundo a astrologia. Veja quem ganha clareza e novas decis\u00f5es.","robots":{"index":"index","follow":"follow","max-snippet":"max-snippet:-1","max-image-preview":"max-image-preview:large","max-video-preview":"max-video-preview:-1"},"canonical":"https:\/\/www.em.com.br\/emfoco\/2026\/02\/28\/ultimos-dias-de-fevereiro-prometem-virada-poderosa-para-4-signos-veja-se-o-seu-esta-na-lista\/","og_locale":"pt_BR","og_type":"article","og_title":"\u00daltimos dias de fevereiro prometem virada poderosa para 4 signos: veja se o seu est\u00e1 na lista - Estado de Minas - Em foco","og_description":"Fim de fevereiro traz virada para quatro signos segundo a astrologia. Veja quem ganha clareza e novas decis\u00f5es.","og_url":"https:\/\/www.em.com.br\/emfoco\/2026\/02\/28\/ultimos-dias-de-fevereiro-prometem-virada-poderosa-para-4-signos-veja-se-o-seu-esta-na-lista\/","og_site_name":"Estado de Minas - Em foco","article_published_time":"2026-02-28T23:55:00+00:00","article_modified_time":"2026-02-28T02:20:41+00:00","og_image":[{"width":1280,"height":720,"url":"https:\/\/www.em.com.br\/emfoco\/wp-content\/uploads\/2025\/02\/alegria_1740792764889.jpg","type":"image\/jpeg"}],"author":"Andre\u0301 Rangel\u00a0","twitter_card":"summary_large_image","twitter_misc":{"Escrito por":"Andre\u0301 Rangel\u00a0","Est. tempo de leitura":"4 minutos"},"schema":{"@context":"https:\/\/schema.org","@graph":[{"@type":"WebPage","@id":"https:\/\/www.em.com.br\/emfoco\/2026\/02\/28\/ultimos-dias-de-fevereiro-prometem-virada-poderosa-para-4-signos-veja-se-o-seu-esta-na-lista\/","url":"https:\/\/www.em.com.br\/emfoco\/2026\/02\/28\/ultimos-dias-de-fevereiro-prometem-virada-poderosa-para-4-signos-veja-se-o-seu-esta-na-lista\/","name":"\u00daltimos dias de fevereiro prometem virada poderosa para 4 signos: veja se o seu est\u00e1 na lista - Estado de Minas - Em foco","isPartOf":{"@id":"https:\/\/www.em.com.br\/emfoco\/#website"},"primaryImageOfPage":{"@id":"https:\/\/www.em.com.br\/emfoco\/2026\/02\/28\/ultimos-dias-de-fevereiro-prometem-virada-poderosa-para-4-signos-veja-se-o-seu-esta-na-lista\/#primaryimage"},"image":{"@id":"https:\/\/www.em.com.br\/emfoco\/2026\/02\/28\/ultimos-dias-de-fevereiro-prometem-virada-poderosa-para-4-signos-veja-se-o-seu-esta-na-lista\/#primaryimage"},"thumbnailUrl":"https:\/\/www.em.com.br\/emfoco\/wp-content\/uploads\/2025\/02\/alegria_1740792764889.jpg","datePublished":"2026-02-28T23:55:00+00:00","dateModified":"2026-02-28T02:20:41+00:00","author":{"@id":"https:\/\/www.em.com.br\/emfoco\/#\/schema\/person\/60eda09c1fedf0d6891f4cef4b60b8b8"},"description":"Fim de fevereiro traz virada para quatro signos segundo a astrologia. Veja quem ganha clareza e novas decis\u00f5es.","breadcrumb":{"@id":"https:\/\/www.em.com.br\/emfoco\/2026\/02\/28\/ultimos-dias-de-fevereiro-prometem-virada-poderosa-para-4-signos-veja-se-o-seu-esta-na-lista\/#breadcrumb"},"inLanguage":"pt-BR","potentialAction":[{"@type":"ReadAction","target":["https:\/\/www.em.com.br\/emfoco\/2026\/02\/28\/ultimos-dias-de-fevereiro-prometem-virada-poderosa-para-4-signos-veja-se-o-seu-esta-na-lista\/"]}]},{"@type":"ImageObject","inLanguage":"pt-BR","@id":"https:\/\/www.em.com.br\/emfoco\/2026\/02\/28\/ultimos-dias-de-fevereiro-prometem-virada-poderosa-para-4-signos-veja-se-o-seu-esta-na-lista\/#primaryimage","url":"https:\/\/www.em.com.br\/emfoco\/wp-content\/uploads\/2025\/02\/alegria_1740792764889.jpg","contentUrl":"https:\/\/www.em.com.br\/emfoco\/wp-content\/uploads\/2025\/02\/alegria_1740792764889.jpg","width":1280,"height":720,"caption":"Imagem de pessoa alegre - Cr\u00e9ditos: depositphotos.com \/ stockasso"},{"@type":"BreadcrumbList","@id":"https:\/\/www.em.com.br\/emfoco\/2026\/02\/28\/ultimos-dias-de-fevereiro-prometem-virada-poderosa-para-4-signos-veja-se-o-seu-esta-na-lista\/#breadcrumb","itemListElement":[{"@type":"ListItem","position":1,"name":"In\u00edcio","item":"https:\/\/www.em.com.br\/emfoco\/"},{"@type":"ListItem","position":2,"name":"\u00daltimos dias de fevereiro prometem virada poderosa para 4 signos: veja se o seu est\u00e1 na lista"}]},{"@type":"WebSite","@id":"https:\/\/www.em.com.br\/emfoco\/#website","url":"https:\/\/www.em.com.br\/emfoco\/","name":"Estado de Minas - Em foco","description":"Acompanhe as \u00faltimas not\u00edcias e fique bem informado sobre tudo o que acontece em Minas Gerais, Brasil e no mundo.","potentialAction":[{"@type":"SearchAction","target":{"@type":"EntryPoint","urlTemplate":"https:\/\/www.em.com.br\/emfoco\/?s={search_term_string}"},"query-input":{"@type":"PropertyValueSpecification","valueRequired":true,"valueName":"search_term_string"}}],"inLanguage":"pt-BR"},{"@type":"Person","@id":"https:\/\/www.em.com.br\/emfoco\/#\/schema\/person\/60eda09c1fedf0d6891f4cef4b60b8b8","name":"Andre\u0301 Rangel\u00a0","image":{"@type":"ImageObject","inLanguage":"pt-BR","@id":"https:\/\/www.em.com.br\/emfoco\/#\/schema\/person\/image\/","url":"https:\/\/secure.gravatar.com\/avatar\/6234dc814c77c8ef6d8bba622c787efc?s=96&d=mm&r=g","contentUrl":"https:\/\/secure.gravatar.com\/avatar\/6234dc814c77c8ef6d8bba622c787efc?s=96&d=mm&r=g","caption":"Andre\u0301 Rangel\u00a0"},"url":"https:\/\/www.em.com.br\/emfoco\/author\/luizmyth\/"}]}},"_links":{"self":[{"href":"https:\/\/www.em.com.br\/emfoco\/wp-json\/wp\/v2\/posts\/175005","targetHints":{"allow":["GET"]}}],"collection":[{"href":"https:\/\/www.em.com.br\/emfoco\/wp-json\/wp\/v2\/posts"}],"about":[{"href":"https:\/\/www.em.com.br\/emfoco\/wp-json\/wp\/v2\/types\/post"}],"author":[{"embeddable":true,"href":"https:\/\/www.em.com.br\/emfoco\/wp-json\/wp\/v2\/users\/11"}],"replies":[{"embeddable":true,"href":"https:\/\/www.em.com.br\/emfoco\/wp-json\/wp\/v2\/comments?post=175005"}],"version-history":[{"count":6,"href":"https:\/\/www.em.com.br\/emfoco\/wp-json\/wp\/v2\/posts\/175005\/revisions"}],"predecessor-version":[{"id":175023,"href":"https:\/\/www.em.com.br\/emfoco\/wp-json\/wp\/v2\/posts\/175005\/revisions\/175023"}],"wp:featuredmedia":[{"embeddable":true,"href":"https:\/\/www.em.com.br\/emfoco\/wp-json\/wp\/v2\/media\/24090"}],"wp:attachment":[{"href":"https:\/\/www.em.com.br\/emfoco\/wp-json\/wp\/v2\/media?parent=175005"}],"wp:term":[{"taxonomy":"category","embeddable":true,"href":"https:\/\/www.em.com.br\/emfoco\/wp-json\/wp\/v2\/categories?post=175005"},{"taxonomy":"post_tag","embeddable":true,"href":"https:\/\/www.em.com.br\/emfoco\/wp-json\/wp\/v2\/tags?post=175005"}],"curies":[{"name":"wp","href":"https:\/\/api.w.org\/{rel}","templated":true}]}}