{"id":175003,"date":"2026-02-27T20:55:00","date_gmt":"2026-02-27T23:55:00","guid":{"rendered":"https:\/\/www.em.com.br\/emfoco\/?p=175003"},"modified":"2026-02-26T22:42:27","modified_gmt":"2026-02-27T01:42:27","slug":"novo-mes-nova-fase-5-signos-entram-em-um-periodo-de-oportunidades-e-conquistas","status":"publish","type":"post","link":"https:\/\/www.em.com.br\/emfoco\/2026\/02\/27\/novo-mes-nova-fase-5-signos-entram-em-um-periodo-de-oportunidades-e-conquistas\/","title":{"rendered":"Novo m\u00eas, nova fase: 5 signos entram em um per\u00edodo de oportunidades e conquistas"},"content":{"rendered":"\n<p>Mar\u00e7o costuma marcar uma transi\u00e7\u00e3o poderosa no calend\u00e1rio astrol\u00f3gico, associada a recome\u00e7os, renova\u00e7\u00e3o de energia e sensa\u00e7\u00e3o de avan\u00e7o. Em 2026, esse movimento ganha destaque especial, com muitos astr\u00f3logos apontando o m\u00eas como tempo de destravamento de situa\u00e7\u00f5es, surgimento de oportunidades e expans\u00e3o concreta para cinco signos em especial: <strong>Aqu\u00e1rio<\/strong>, <strong>Capric\u00f3rnio<\/strong>, <strong>Touro<\/strong>, <strong>Escorpi\u00e3o <\/strong>e <strong>Le\u00e3o<\/strong>.<\/p>\n\n\n\n<h2 class=\"wp-block-heading\">Quais signos t\u00eam mais sorte em mar\u00e7o de 2026<\/h2>\n\n\n\n<p>Quando se fala em \u201csorte em mar\u00e7o\u201d, a astrologia se refere \u00e0 combina\u00e7\u00e3o de tr\u00e2nsitos que favorecem escolhas, encontros e oportunidades. Nos mapas desses cinco <a href=\"https:\/\/www.em.com.br\/emfoco\/2026\/02\/26\/estes-signos-fecham-fevereiro-de-2026-com-boas-noticias-caminhos-se-abrem-antes-de-marco-chegar\/\" target=\"_blank\" rel=\"noreferrer noopener\">signos<\/a>, o m\u00eas tende a ativar \u00e1reas ligadas \u00e0 carreira, relacionamentos, finan\u00e7as e desenvolvimento pessoal.<\/p>\n\n\n\n<p>Isso n\u00e3o significa que tudo se resolve de forma imediata, e sim que h\u00e1 potencial de progresso para quem j\u00e1 vinha se dedicando a mudan\u00e7as ou investimentos pessoais. Sincronicidades, convites inesperados e conversas decisivas podem abrir caminhos importantes para o restante de 2026.<\/p>\n\n\n\n<figure class=\"wp-block-image\"><img decoding=\"async\" src=\"https:\/\/www.em.com.br\/emfoco\/wp-content\/uploads\/2026\/02\/Gemini_Generated_Image_jtthrfjtthrfjtth-1-1024x576.png\" alt=\"\"\/><figcaption class=\"wp-element-caption\">Os signos com a mudan\u00e7a mais marcante<\/figcaption><\/figure>\n\n\n\n<h2 class=\"wp-block-heading\">Como Aqu\u00e1rio se beneficia das oportunidades de mar\u00e7o<\/h2>\n\n\n\n<p>Aqu\u00e1rio aparece como um dos mais favorecidos pelo clima de renova\u00e7\u00e3o de mar\u00e7o, especialmente em ideias inovadoras, projetos criativos e temas ligados a tecnologia, grupos ou causas coletivas. Propostas antes vistas como \u201cdiferentonas\u201d podem finalmente ser levadas a s\u00e9rio em ambientes profissionais e sociais.<\/p>\n\n\n\n<p>Os tr\u00e2nsitos do per\u00edodo estimulam parcerias, <a href=\"https:\/\/solides.com.br\/blog\/networking\/\" target=\"_blank\" rel=\"noreferrer noopener\">networking <\/a>e trocas de conhecimento, tornando o ato de compartilhar essencial. Nesse contexto, \u00e9 importante que aquarianos se posicionem com clareza e exibam seus talentos para atrair aliados e oportunidades de crescimento.<\/p>\n\n\n\n<ul class=\"wp-block-list\">\n<li>Bom momento para apresentar projetos guardados e testar novos formatos;<\/li>\n\n\n\n<li>Tend\u00eancia a ampliar a rede de contatos e conex\u00f5es influentes;<\/li>\n\n\n\n<li>Facilidade para aderir a modelos de trabalho mais flex\u00edveis e colaborativos.<\/li>\n<\/ul>\n\n\n\n<h2 class=\"wp-block-heading\">Como a sorte se manifesta para Capric\u00f3rnio e Touro em mar\u00e7o<\/h2>\n\n\n\n<p>Capric\u00f3rnio entra em mar\u00e7o com foco em resultados pr\u00e1ticos e consolida\u00e7\u00e3o. Depois de um ciclo de esfor\u00e7o intenso, o m\u00eas tende a trazer retornos mais vis\u00edveis em carreira, finan\u00e7as e estabilidade, com projetos antigos e negocia\u00e7\u00f5es demoradas come\u00e7ando a mostrar impacto concreto.<\/p>\n\n\n\n<p>Para Touro, o per\u00edodo se relaciona mais ao equil\u00edbrio e bem-estar, favorecendo ajustes na rotina, fortalecimento de la\u00e7os afetivos e maior aten\u00e7\u00e3o \u00e0 qualidade de vida. Organizar finan\u00e7as, rever prioridades e valorizar rela\u00e7\u00f5es que trazem seguran\u00e7a emocional e material se torna especialmente positivo.<\/p>\n\n\n\n<ol class=\"wp-block-list\">\n<li><strong>Capric\u00f3rnio<\/strong>\u00a0\u2013 reconhecimento profissional e avan\u00e7os em projetos de longo prazo;<\/li>\n\n\n\n<li><strong>Touro<\/strong>\u00a0\u2013 fortalecimento de v\u00ednculos e foco em seguran\u00e7a emocional e material.<\/li>\n<\/ol>\n\n\n\n<figure class=\"wp-block-image\"><img decoding=\"async\" src=\"https:\/\/www.em.com.br\/emfoco\/wp-content\/uploads\/2025\/03\/horoscopo_1741137240271-1024x576.jpg\" alt=\"\"\/><figcaption class=\"wp-element-caption\">Signos que entram em uma fase de expans\u00e3o &#8211; Cr\u00e9ditos: depositphotos.com \/ sarayut<\/figcaption><\/figure>\n\n\n\n<h2 class=\"wp-block-heading\">O que muda para Escorpi\u00e3o e Le\u00e3o em mar\u00e7o<\/h2>\n\n\n\n<p>Escorpi\u00e3o vive um ciclo favor\u00e1vel a transforma\u00e7\u00f5es internas e encerramento de etapas que j\u00e1 n\u00e3o fazem sentido. O m\u00eas incentiva rupturas com padr\u00f5es desgastantes, decis\u00f5es mais firmes em relacionamentos e poss\u00edveis mudan\u00e7as de rota em trabalho e estilo de vida.<\/p>\n\n\n\n<p>Le\u00e3o encontra em mar\u00e7o um terreno f\u00e9rtil para visibilidade e reconhecimento, com maior chance de ser notado em ambientes sociais e profissionais. A autoconfian\u00e7a cresce, facilitando a exposi\u00e7\u00e3o de talentos criativos, lideran\u00e7a e abertura para desafios que ampliam sua presen\u00e7a.<\/p>\n\n\n\n<ul class=\"wp-block-list\">\n<li><strong>Escorpi\u00e3o<\/strong>\u00a0\u2013 encerramento de ciclos, recome\u00e7os e liberta\u00e7\u00e3o de pesos antigos;<\/li>\n\n\n\n<li><strong>Le\u00e3o<\/strong>\u00a0\u2013 destaque, expans\u00e3o de contatos e oportunidades de maior exposi\u00e7\u00e3o.<\/li>\n<\/ul>\n\n\n\n<h2 class=\"wp-block-heading\">Como aproveitar mar\u00e7o de 2026 para virar a chave<\/h2>\n\n\n\n<p>Para Aqu\u00e1rio, Capric\u00f3rnio, Touro, Escorpi\u00e3o e Le\u00e3o, mar\u00e7o de 2026 funciona como um ponto de virada no ano, ideal para sair do modo de espera. Responder a convites, revisar metas, dar follow em contatos importantes e aceitar ajustes de rota pode transformar potenciais em resultados reais.<\/p>\n\n\n\n<p>Se voc\u00ea \u00e9 de um desses signos, n\u00e3o espere \u201co momento perfeito\u201d: use a energia de movimento, encare decis\u00f5es com coragem e atue agora nas oportunidades que surgirem. Este \u00e9 o m\u00eas para destravar caminhos, encerrar o que pesa e iniciar o que faz sentido \u2014 se voc\u00ea n\u00e3o agir em mar\u00e7o, pode perder uma das fases mais promissoras de 2026.<\/p>\n\n\n\n<p><\/p>\n","protected":false},"excerpt":{"rendered":"<p>Mar\u00e7o costuma marcar uma transi\u00e7\u00e3o poderosa no calend\u00e1rio astrol\u00f3gico, associada a recome\u00e7os, renova\u00e7\u00e3o de energia e sensa\u00e7\u00e3o de avan\u00e7o. Em 2026, esse movimento ganha destaque especial, com muitos astr\u00f3logos apontando o m\u00eas como tempo de destravamento de situa\u00e7\u00f5es, surgimento de oportunidades e expans\u00e3o concreta para cinco signos em especial: Aqu\u00e1rio, Capric\u00f3rnio, Touro, Escorpi\u00e3o e Le\u00e3o. [&hellip;]<\/p>\n","protected":false},"author":11,"featured_media":46120,"comment_status":"open","ping_status":"open","sticky":false,"template":"","format":"standard","meta":{"jnews-multi-image_gallery":[],"jnews_single_post":{"format":"standard"},"jnews_primary_category":[],"jnews_social_meta":[],"jnews_override_counter":[],"footnotes":""},"categories":[1,25],"tags":[297,168,349],"class_list":["post-175003","post","type-post","status-publish","format-standard","has-post-thumbnail","hentry","category-noticias","category-signos","tag-astrologia","tag-signos","tag-sorte"],"yoast_head":"<!-- This site is optimized with the Yoast SEO plugin v23.8 - https:\/\/yoast.com\/wordpress\/plugins\/seo\/ -->\n<title>Novo m\u00eas, nova fase: 5 signos entram em um per\u00edodo de oportunidades e conquistas - Estado de Minas - Em foco<\/title>\n<meta name=\"description\" content=\"Cinco signos entram em fase de sorte e expans\u00e3o em mar\u00e7o de 2026. Veja quem pode destravar oportunidades.\" \/>\n<meta name=\"robots\" content=\"index, follow, max-snippet:-1, max-image-preview:large, max-video-preview:-1\" \/>\n<link rel=\"canonical\" href=\"https:\/\/www.em.com.br\/emfoco\/2026\/02\/27\/novo-mes-nova-fase-5-signos-entram-em-um-periodo-de-oportunidades-e-conquistas\/\" \/>\n<meta property=\"og:locale\" content=\"pt_BR\" \/>\n<meta property=\"og:type\" content=\"article\" \/>\n<meta property=\"og:title\" content=\"Novo m\u00eas, nova fase: 5 signos entram em um per\u00edodo de oportunidades e conquistas - Estado de Minas - Em foco\" \/>\n<meta property=\"og:description\" content=\"Cinco signos entram em fase de sorte e expans\u00e3o em mar\u00e7o de 2026. Veja quem pode destravar oportunidades.\" \/>\n<meta property=\"og:url\" content=\"https:\/\/www.em.com.br\/emfoco\/2026\/02\/27\/novo-mes-nova-fase-5-signos-entram-em-um-periodo-de-oportunidades-e-conquistas\/\" \/>\n<meta property=\"og:site_name\" content=\"Estado de Minas - Em foco\" \/>\n<meta property=\"article:published_time\" content=\"2026-02-27T23:55:00+00:00\" \/>\n<meta property=\"article:modified_time\" content=\"2026-02-27T01:42:27+00:00\" \/>\n<meta property=\"og:image\" content=\"https:\/\/www.em.com.br\/emfoco\/wp-content\/uploads\/2025\/05\/Dinamarca-feliz_1746835344800.jpg\" \/>\n\t<meta property=\"og:image:width\" content=\"1279\" \/>\n\t<meta property=\"og:image:height\" content=\"720\" \/>\n\t<meta property=\"og:image:type\" content=\"image\/jpeg\" \/>\n<meta name=\"author\" content=\"Andre\u0301 Rangel\u00a0\" \/>\n<meta name=\"twitter:card\" content=\"summary_large_image\" \/>\n<meta name=\"twitter:label1\" content=\"Escrito por\" \/>\n\t<meta name=\"twitter:data1\" content=\"Andre\u0301 Rangel\u00a0\" \/>\n\t<meta name=\"twitter:label2\" content=\"Est. tempo de leitura\" \/>\n\t<meta name=\"twitter:data2\" content=\"5 minutos\" \/>\n<!-- \/ Yoast SEO plugin. -->","yoast_head_json":{"title":"Novo m\u00eas, nova fase: 5 signos entram em um per\u00edodo de oportunidades e conquistas - Estado de Minas - Em foco","description":"Cinco signos entram em fase de sorte e expans\u00e3o em mar\u00e7o de 2026. Veja quem pode destravar oportunidades.","robots":{"index":"index","follow":"follow","max-snippet":"max-snippet:-1","max-image-preview":"max-image-preview:large","max-video-preview":"max-video-preview:-1"},"canonical":"https:\/\/www.em.com.br\/emfoco\/2026\/02\/27\/novo-mes-nova-fase-5-signos-entram-em-um-periodo-de-oportunidades-e-conquistas\/","og_locale":"pt_BR","og_type":"article","og_title":"Novo m\u00eas, nova fase: 5 signos entram em um per\u00edodo de oportunidades e conquistas - Estado de Minas - Em foco","og_description":"Cinco signos entram em fase de sorte e expans\u00e3o em mar\u00e7o de 2026. Veja quem pode destravar oportunidades.","og_url":"https:\/\/www.em.com.br\/emfoco\/2026\/02\/27\/novo-mes-nova-fase-5-signos-entram-em-um-periodo-de-oportunidades-e-conquistas\/","og_site_name":"Estado de Minas - Em foco","article_published_time":"2026-02-27T23:55:00+00:00","article_modified_time":"2026-02-27T01:42:27+00:00","og_image":[{"width":1279,"height":720,"url":"https:\/\/www.em.com.br\/emfoco\/wp-content\/uploads\/2025\/05\/Dinamarca-feliz_1746835344800.jpg","type":"image\/jpeg"}],"author":"Andre\u0301 Rangel\u00a0","twitter_card":"summary_large_image","twitter_misc":{"Escrito por":"Andre\u0301 Rangel\u00a0","Est. tempo de leitura":"5 minutos"},"schema":{"@context":"https:\/\/schema.org","@graph":[{"@type":"WebPage","@id":"https:\/\/www.em.com.br\/emfoco\/2026\/02\/27\/novo-mes-nova-fase-5-signos-entram-em-um-periodo-de-oportunidades-e-conquistas\/","url":"https:\/\/www.em.com.br\/emfoco\/2026\/02\/27\/novo-mes-nova-fase-5-signos-entram-em-um-periodo-de-oportunidades-e-conquistas\/","name":"Novo m\u00eas, nova fase: 5 signos entram em um per\u00edodo de oportunidades e conquistas - Estado de Minas - Em foco","isPartOf":{"@id":"https:\/\/www.em.com.br\/emfoco\/#website"},"primaryImageOfPage":{"@id":"https:\/\/www.em.com.br\/emfoco\/2026\/02\/27\/novo-mes-nova-fase-5-signos-entram-em-um-periodo-de-oportunidades-e-conquistas\/#primaryimage"},"image":{"@id":"https:\/\/www.em.com.br\/emfoco\/2026\/02\/27\/novo-mes-nova-fase-5-signos-entram-em-um-periodo-de-oportunidades-e-conquistas\/#primaryimage"},"thumbnailUrl":"https:\/\/www.em.com.br\/emfoco\/wp-content\/uploads\/2025\/05\/Dinamarca-feliz_1746835344800.jpg","datePublished":"2026-02-27T23:55:00+00:00","dateModified":"2026-02-27T01:42:27+00:00","author":{"@id":"https:\/\/www.em.com.br\/emfoco\/#\/schema\/person\/60eda09c1fedf0d6891f4cef4b60b8b8"},"description":"Cinco signos entram em fase de sorte e expans\u00e3o em mar\u00e7o de 2026. Veja quem pode destravar oportunidades.","breadcrumb":{"@id":"https:\/\/www.em.com.br\/emfoco\/2026\/02\/27\/novo-mes-nova-fase-5-signos-entram-em-um-periodo-de-oportunidades-e-conquistas\/#breadcrumb"},"inLanguage":"pt-BR","potentialAction":[{"@type":"ReadAction","target":["https:\/\/www.em.com.br\/emfoco\/2026\/02\/27\/novo-mes-nova-fase-5-signos-entram-em-um-periodo-de-oportunidades-e-conquistas\/"]}]},{"@type":"ImageObject","inLanguage":"pt-BR","@id":"https:\/\/www.em.com.br\/emfoco\/2026\/02\/27\/novo-mes-nova-fase-5-signos-entram-em-um-periodo-de-oportunidades-e-conquistas\/#primaryimage","url":"https:\/\/www.em.com.br\/emfoco\/wp-content\/uploads\/2025\/05\/Dinamarca-feliz_1746835344800.jpg","contentUrl":"https:\/\/www.em.com.br\/emfoco\/wp-content\/uploads\/2025\/05\/Dinamarca-feliz_1746835344800.jpg","width":1279,"height":720,"caption":"Virada de fevereiro traz clareza para esses signos - Cr\u00e9ditos: depositphotos.com \/ vladteodor95"},{"@type":"BreadcrumbList","@id":"https:\/\/www.em.com.br\/emfoco\/2026\/02\/27\/novo-mes-nova-fase-5-signos-entram-em-um-periodo-de-oportunidades-e-conquistas\/#breadcrumb","itemListElement":[{"@type":"ListItem","position":1,"name":"In\u00edcio","item":"https:\/\/www.em.com.br\/emfoco\/"},{"@type":"ListItem","position":2,"name":"Novo m\u00eas, nova fase: 5 signos entram em um per\u00edodo de oportunidades e conquistas"}]},{"@type":"WebSite","@id":"https:\/\/www.em.com.br\/emfoco\/#website","url":"https:\/\/www.em.com.br\/emfoco\/","name":"Estado de Minas - Em foco","description":"Acompanhe as \u00faltimas not\u00edcias e fique bem informado sobre tudo o que acontece em Minas Gerais, Brasil e no mundo.","potentialAction":[{"@type":"SearchAction","target":{"@type":"EntryPoint","urlTemplate":"https:\/\/www.em.com.br\/emfoco\/?s={search_term_string}"},"query-input":{"@type":"PropertyValueSpecification","valueRequired":true,"valueName":"search_term_string"}}],"inLanguage":"pt-BR"},{"@type":"Person","@id":"https:\/\/www.em.com.br\/emfoco\/#\/schema\/person\/60eda09c1fedf0d6891f4cef4b60b8b8","name":"Andre\u0301 Rangel\u00a0","image":{"@type":"ImageObject","inLanguage":"pt-BR","@id":"https:\/\/www.em.com.br\/emfoco\/#\/schema\/person\/image\/","url":"https:\/\/secure.gravatar.com\/avatar\/6234dc814c77c8ef6d8bba622c787efc?s=96&d=mm&r=g","contentUrl":"https:\/\/secure.gravatar.com\/avatar\/6234dc814c77c8ef6d8bba622c787efc?s=96&d=mm&r=g","caption":"Andre\u0301 Rangel\u00a0"},"url":"https:\/\/www.em.com.br\/emfoco\/author\/luizmyth\/"}]}},"_links":{"self":[{"href":"https:\/\/www.em.com.br\/emfoco\/wp-json\/wp\/v2\/posts\/175003","targetHints":{"allow":["GET"]}}],"collection":[{"href":"https:\/\/www.em.com.br\/emfoco\/wp-json\/wp\/v2\/posts"}],"about":[{"href":"https:\/\/www.em.com.br\/emfoco\/wp-json\/wp\/v2\/types\/post"}],"author":[{"embeddable":true,"href":"https:\/\/www.em.com.br\/emfoco\/wp-json\/wp\/v2\/users\/11"}],"replies":[{"embeddable":true,"href":"https:\/\/www.em.com.br\/emfoco\/wp-json\/wp\/v2\/comments?post=175003"}],"version-history":[{"count":6,"href":"https:\/\/www.em.com.br\/emfoco\/wp-json\/wp\/v2\/posts\/175003\/revisions"}],"predecessor-version":[{"id":175024,"href":"https:\/\/www.em.com.br\/emfoco\/wp-json\/wp\/v2\/posts\/175003\/revisions\/175024"}],"wp:featuredmedia":[{"embeddable":true,"href":"https:\/\/www.em.com.br\/emfoco\/wp-json\/wp\/v2\/media\/46120"}],"wp:attachment":[{"href":"https:\/\/www.em.com.br\/emfoco\/wp-json\/wp\/v2\/media?parent=175003"}],"wp:term":[{"taxonomy":"category","embeddable":true,"href":"https:\/\/www.em.com.br\/emfoco\/wp-json\/wp\/v2\/categories?post=175003"},{"taxonomy":"post_tag","embeddable":true,"href":"https:\/\/www.em.com.br\/emfoco\/wp-json\/wp\/v2\/tags?post=175003"}],"curies":[{"name":"wp","href":"https:\/\/api.w.org\/{rel}","templated":true}]}}