{"id":174849,"date":"2026-03-01T14:45:00","date_gmt":"2026-03-01T17:45:00","guid":{"rendered":"https:\/\/www.em.com.br\/emfoco\/?p=174849"},"modified":"2026-02-28T19:45:14","modified_gmt":"2026-02-28T22:45:14","slug":"nao-jogue-fora-as-cascas-de-milho-o-tesouro-escondido-que-voce-pode-reaproveitar-em-casa-sem-gastar-nada","status":"publish","type":"post","link":"https:\/\/www.em.com.br\/emfoco\/2026\/03\/01\/nao-jogue-fora-as-cascas-de-milho-o-tesouro-escondido-que-voce-pode-reaproveitar-em-casa-sem-gastar-nada\/","title":{"rendered":"N\u00e3o jogue fora as cascas de milho: o tesouro escondido que voc\u00ea pode reaproveitar em casa sem gastar nada"},"content":{"rendered":"\n<p>As cascas e a palha de milho, geralmente descartadas no lixo org\u00e2nico, podem se tornar protagonistas em pr\u00e1ticas modernas de reaproveitamento e redu\u00e7\u00e3o de res\u00edduos dentro de casa. Ao enxergar esse material como um recurso vers\u00e1til e acess\u00edvel, \u00e9 poss\u00edvel criar solu\u00e7\u00f5es pr\u00e1ticas para a cozinha, o jardim e a decora\u00e7\u00e3o, deixando a rotina mais funcional, sustent\u00e1vel e econ\u00f4mica.<\/p>\n\n\n\n<h2 class=\"wp-block-heading\">Como a palha de milho pode facilitar a rotina na cozinha<\/h2>\n\n\n\n<p>Durante o preparo do milho-verde, separar com cuidado as palhas permite montar um pequeno estoque dom\u00e9stico de fibras naturais sempre \u00e0 m\u00e3o. As cascas mais \u00edntegras e limpas podem envolver alimentos, forrar recipientes e substituir itens descart\u00e1veis, ajudando a reduzir o uso de pl\u00e1sticos e pap\u00e9is em tarefas r\u00e1pidas.<\/p>\n\n\n\n<p>Para isso, \u00e9 essencial manter a&nbsp;<strong>palha de milho armazenada de forma higi\u00eanica<\/strong>. Depois de bem seca em local arejado, longe de umidade, ela pode ser guardada em sacos de papel, caixas de papel\u00e3o ou recipientes ventilados, ficando pronta para ser usada em diferentes momentos da rotina dom\u00e9stica.<\/p>\n\n\n\n<figure class=\"wp-block-image size-large\"><img loading=\"lazy\" decoding=\"async\" width=\"1024\" height=\"576\" src=\"https:\/\/www.em.com.br\/emfoco\/wp-content\/uploads\/2026\/02\/ChatGPT-Image-26-de-fev.-de-2026-18_14_22-1-1024x576.png\" alt=\"Palha de milho vira a melhor aliada sustent\u00e1vel\" class=\"wp-image-174898\" srcset=\"https:\/\/www.em.com.br\/emfoco\/wp-content\/uploads\/2026\/02\/ChatGPT-Image-26-de-fev.-de-2026-18_14_22-1-1024x576.png 1024w, https:\/\/www.em.com.br\/emfoco\/wp-content\/uploads\/2026\/02\/ChatGPT-Image-26-de-fev.-de-2026-18_14_22-1-300x169.png 300w, https:\/\/www.em.com.br\/emfoco\/wp-content\/uploads\/2026\/02\/ChatGPT-Image-26-de-fev.-de-2026-18_14_22-1-768x432.png 768w, https:\/\/www.em.com.br\/emfoco\/wp-content\/uploads\/2026\/02\/ChatGPT-Image-26-de-fev.-de-2026-18_14_22-1-750x422.png 750w, https:\/\/www.em.com.br\/emfoco\/wp-content\/uploads\/2026\/02\/ChatGPT-Image-26-de-fev.-de-2026-18_14_22-1-1140x641.png 1140w, https:\/\/www.em.com.br\/emfoco\/wp-content\/uploads\/2026\/02\/ChatGPT-Image-26-de-fev.-de-2026-18_14_22-1.png 1280w\" sizes=\"auto, (max-width: 1024px) 100vw, 1024px\" \/><figcaption class=\"wp-element-caption\">Palha de milho vira a melhor aliada sustent\u00e1vel<\/figcaption><\/figure>\n\n\n\n<h2 class=\"wp-block-heading\">Quais s\u00e3o os benef\u00edcios da palha de milho no jardim<\/h2>\n\n\n\n<p>No jardim, o reaproveitamento da palha de milho ajuda a proteger o solo e a criar um ambiente mais est\u00e1vel para o desenvolvimento das <a href=\"https:\/\/www.em.com.br\/emfoco\/2026\/02\/25\/dicas-de-plantas-faceis-para-deixar-a-cozinha-mais-verde-aromatica-e-funcional-no-dia-a-dia\/\" target=\"_blank\" rel=\"noreferrer noopener\">plantas<\/a>. Usada como cobertura, ela reduz a evapora\u00e7\u00e3o da \u00e1gua, mant\u00e9m a umidade por mais tempo e diminui a frequ\u00eancia das regas, enquanto se decomp\u00f5e e melhora a estrutura do solo.<\/p>\n\n\n\n<p>A aplica\u00e7\u00e3o da\u00a0<strong>palha de milho como cobertura morta<\/strong>\u00a0funciona bem em vasos, canteiros e hortas dom\u00e9sticas. Ao formar uma camada protetora, ela inibe ervas daninhas, protege as ra\u00edzes do calor excessivo, amortece o impacto da chuva e ainda atua como complemento em processos de <a href=\"https:\/\/www.infoteca.cnptia.embrapa.br\/infoteca\/bitstream\/doc\/1022380\/1\/Compostagemcaseiradelixoorganicodomestico.pdf\" target=\"_blank\" rel=\"noreferrer noopener\">compostagem caseira<\/a>.<\/p>\n\n\n\n<h2 class=\"wp-block-heading\">Como usar a palha de milho em listas pr\u00e1ticas de jardinagem<\/h2>\n\n\n\n<p>Para quem deseja organizar melhor os cuidados com o jardim e a compostagem, a palha de milho pode assumir pap\u00e9is espec\u00edficos em diferentes etapas de manejo. Ao planejar esses usos, fica mais f\u00e1cil incorporar o material de forma constante e eficiente na rotina verde da casa.<\/p>\n\n\n\n<ul class=\"wp-block-list\">\n<li>Cobertura de vasos e canteiros para reten\u00e7\u00e3o de umidade.<\/li>\n\n\n\n<li>Prote\u00e7\u00e3o de mudas jovens contra varia\u00e7\u00f5es bruscas de clima.<\/li>\n\n\n\n<li>Complemento de compostagem, equilibrando res\u00edduos \u00famidos.<\/li>\n\n\n\n<li>Barreira f\u00edsica que dificulta o crescimento de ervas invasoras.<\/li>\n<\/ul>\n\n\n\n<h2 class=\"wp-block-heading\">Como aproveitar a palha de milho na decora\u00e7\u00e3o e no artesanato<\/h2>\n\n\n\n<p>No artesanato, a&nbsp;<strong>palha de milho<\/strong>&nbsp;\u00e9 uma fibra leve, flex\u00edvel e visualmente marcante, ideal para criar pe\u00e7as com est\u00e9tica r\u00fastica e natural. Quando bem limpa e seca, pode ser tran\u00e7ada, enrolada ou colada em arranjos decorativos, guirlandas, enfeites de parede, pequenas cestas e detalhes de mesa para festas juninas e outras ocasi\u00f5es.<\/p>\n\n\n\n<figure class=\"wp-block-image size-large\"><img loading=\"lazy\" decoding=\"async\" width=\"1024\" height=\"576\" src=\"https:\/\/www.em.com.br\/emfoco\/wp-content\/uploads\/2026\/02\/ChatGPT-Image-26-de-fev.-de-2026-18_15_39-1-1024x576.png\" alt=\"Palha de milho vira a melhor aliada sustent\u00e1vel\" class=\"wp-image-174902\" srcset=\"https:\/\/www.em.com.br\/emfoco\/wp-content\/uploads\/2026\/02\/ChatGPT-Image-26-de-fev.-de-2026-18_15_39-1-1024x576.png 1024w, https:\/\/www.em.com.br\/emfoco\/wp-content\/uploads\/2026\/02\/ChatGPT-Image-26-de-fev.-de-2026-18_15_39-1-300x169.png 300w, https:\/\/www.em.com.br\/emfoco\/wp-content\/uploads\/2026\/02\/ChatGPT-Image-26-de-fev.-de-2026-18_15_39-1-768x432.png 768w, https:\/\/www.em.com.br\/emfoco\/wp-content\/uploads\/2026\/02\/ChatGPT-Image-26-de-fev.-de-2026-18_15_39-1-750x422.png 750w, https:\/\/www.em.com.br\/emfoco\/wp-content\/uploads\/2026\/02\/ChatGPT-Image-26-de-fev.-de-2026-18_15_39-1-1140x641.png 1140w, https:\/\/www.em.com.br\/emfoco\/wp-content\/uploads\/2026\/02\/ChatGPT-Image-26-de-fev.-de-2026-18_15_39-1.png 1280w\" sizes=\"auto, (max-width: 1024px) 100vw, 1024px\" \/><figcaption class=\"wp-element-caption\">Palha de milho vira a melhor aliada sustent\u00e1vel<\/figcaption><\/figure>\n\n\n\n<p>O baixo custo estimula a experimenta\u00e7\u00e3o e a combina\u00e7\u00e3o com outros elementos naturais, como sisal, sementes secas e galhos. Para iniciar um projeto, basta seguir etapas simples, como selecionar palhas limpas, higienizar, secar completamente, modelar com dobras ou tran\u00e7as e fixar com barbante, fio ou cola adequada.<\/p>\n\n\n\n<h2 class=\"wp-block-heading\">Como preparar e reutilizar a palha de milho com seguran\u00e7a<\/h2>\n\n\n\n<p>Para um uso seguro, \u00e9 fundamental descartar partes com mofo, odor forte, manchas escuras ou umidade persistente e remover fios de seda e res\u00edduos de terra. Ap\u00f3s a triagem, a secagem em local ventilado evita micro-organismos indesej\u00e1veis e, em artesanato, ferver a palha por alguns minutos melhora a higieniza\u00e7\u00e3o e a maleabilidade da fibra.<\/p>\n\n\n\n<p>Adotar o&nbsp;<strong>reaproveitamento da palha de milho<\/strong>&nbsp;na rotina dom\u00e9stica \u00e9 um gesto simples com impacto real na redu\u00e7\u00e3o de lixo e no cuidado com o ambiente. Comece hoje a separar, secar e guardar suas palhas: transforme um res\u00edduo comum em um recurso valioso e torne sua casa mais sustent\u00e1vel antes que o pr\u00f3ximo saco de lixo v\u00e1 para o aterro.<\/p>\n\n\n\n<p><\/p>\n","protected":false},"excerpt":{"rendered":"<p>As cascas e a palha de milho, geralmente descartadas no lixo org\u00e2nico, podem se tornar protagonistas em pr\u00e1ticas modernas de reaproveitamento e redu\u00e7\u00e3o de res\u00edduos dentro de casa. Ao enxergar esse material como um recurso vers\u00e1til e acess\u00edvel, \u00e9 poss\u00edvel criar solu\u00e7\u00f5es pr\u00e1ticas para a cozinha, o jardim e a decora\u00e7\u00e3o, deixando a rotina mais [&hellip;]<\/p>\n","protected":false},"author":11,"featured_media":174906,"comment_status":"open","ping_status":"open","sticky":false,"template":"","format":"standard","meta":{"jnews-multi-image_gallery":[],"jnews_single_post":{"format":"standard"},"jnews_primary_category":[],"jnews_social_meta":[],"jnews_override_counter":[],"footnotes":""},"categories":[8819,1],"tags":[4687,25316,5115,3325,25315],"class_list":["post-174849","post","type-post","status-publish","format-standard","has-post-thumbnail","hentry","category-curiosidades","category-noticias","tag-decoracao","tag-decorar-sua-casa","tag-diy","tag-jardim","tag-palha-de-milho"],"yoast_head":"<!-- This site is optimized with the Yoast SEO plugin v23.8 - https:\/\/yoast.com\/wordpress\/plugins\/seo\/ -->\n<title>N\u00e3o jogue fora as cascas de milho: o tesouro escondido que voc\u00ea pode reaproveitar em casa sem gastar nada - Estado de Minas - Em foco<\/title>\n<meta name=\"description\" content=\"A palha de milho pode virar aliada na cozinha, no jardim e na decora\u00e7\u00e3o. Veja como reaproveitar e reduzir o lixo de forma pr\u00e1tica.\" \/>\n<meta name=\"robots\" content=\"index, follow, max-snippet:-1, max-image-preview:large, max-video-preview:-1\" \/>\n<link rel=\"canonical\" href=\"https:\/\/www.em.com.br\/emfoco\/2026\/03\/01\/nao-jogue-fora-as-cascas-de-milho-o-tesouro-escondido-que-voce-pode-reaproveitar-em-casa-sem-gastar-nada\/\" \/>\n<meta property=\"og:locale\" content=\"pt_BR\" \/>\n<meta property=\"og:type\" content=\"article\" \/>\n<meta property=\"og:title\" content=\"N\u00e3o jogue fora as cascas de milho: o tesouro escondido que voc\u00ea pode reaproveitar em casa sem gastar nada - Estado de Minas - Em foco\" \/>\n<meta property=\"og:description\" content=\"A palha de milho pode virar aliada na cozinha, no jardim e na decora\u00e7\u00e3o. Veja como reaproveitar e reduzir o lixo de forma pr\u00e1tica.\" \/>\n<meta property=\"og:url\" content=\"https:\/\/www.em.com.br\/emfoco\/2026\/03\/01\/nao-jogue-fora-as-cascas-de-milho-o-tesouro-escondido-que-voce-pode-reaproveitar-em-casa-sem-gastar-nada\/\" \/>\n<meta property=\"og:site_name\" content=\"Estado de Minas - Em foco\" \/>\n<meta property=\"article:published_time\" content=\"2026-03-01T17:45:00+00:00\" \/>\n<meta property=\"article:modified_time\" content=\"2026-02-28T22:45:14+00:00\" \/>\n<meta property=\"og:image\" content=\"https:\/\/www.em.com.br\/emfoco\/wp-content\/uploads\/2026\/02\/ChatGPT-Image-26-de-fev.-de-2026-18_17_41-1.png\" \/>\n\t<meta property=\"og:image:width\" content=\"1280\" \/>\n\t<meta property=\"og:image:height\" content=\"720\" \/>\n\t<meta property=\"og:image:type\" content=\"image\/png\" \/>\n<meta name=\"author\" content=\"Andre\u0301 Rangel\u00a0\" \/>\n<meta name=\"twitter:card\" content=\"summary_large_image\" \/>\n<meta name=\"twitter:label1\" content=\"Escrito por\" \/>\n\t<meta name=\"twitter:data1\" content=\"Andre\u0301 Rangel\u00a0\" \/>\n\t<meta name=\"twitter:label2\" content=\"Est. tempo de leitura\" \/>\n\t<meta name=\"twitter:data2\" content=\"5 minutos\" \/>\n<!-- \/ Yoast SEO plugin. -->","yoast_head_json":{"title":"N\u00e3o jogue fora as cascas de milho: o tesouro escondido que voc\u00ea pode reaproveitar em casa sem gastar nada - Estado de Minas - Em foco","description":"A palha de milho pode virar aliada na cozinha, no jardim e na decora\u00e7\u00e3o. Veja como reaproveitar e reduzir o lixo de forma pr\u00e1tica.","robots":{"index":"index","follow":"follow","max-snippet":"max-snippet:-1","max-image-preview":"max-image-preview:large","max-video-preview":"max-video-preview:-1"},"canonical":"https:\/\/www.em.com.br\/emfoco\/2026\/03\/01\/nao-jogue-fora-as-cascas-de-milho-o-tesouro-escondido-que-voce-pode-reaproveitar-em-casa-sem-gastar-nada\/","og_locale":"pt_BR","og_type":"article","og_title":"N\u00e3o jogue fora as cascas de milho: o tesouro escondido que voc\u00ea pode reaproveitar em casa sem gastar nada - Estado de Minas - Em foco","og_description":"A palha de milho pode virar aliada na cozinha, no jardim e na decora\u00e7\u00e3o. Veja como reaproveitar e reduzir o lixo de forma pr\u00e1tica.","og_url":"https:\/\/www.em.com.br\/emfoco\/2026\/03\/01\/nao-jogue-fora-as-cascas-de-milho-o-tesouro-escondido-que-voce-pode-reaproveitar-em-casa-sem-gastar-nada\/","og_site_name":"Estado de Minas - Em foco","article_published_time":"2026-03-01T17:45:00+00:00","article_modified_time":"2026-02-28T22:45:14+00:00","og_image":[{"width":1280,"height":720,"url":"https:\/\/www.em.com.br\/emfoco\/wp-content\/uploads\/2026\/02\/ChatGPT-Image-26-de-fev.-de-2026-18_17_41-1.png","type":"image\/png"}],"author":"Andre\u0301 Rangel\u00a0","twitter_card":"summary_large_image","twitter_misc":{"Escrito por":"Andre\u0301 Rangel\u00a0","Est. tempo de leitura":"5 minutos"},"schema":{"@context":"https:\/\/schema.org","@graph":[{"@type":"WebPage","@id":"https:\/\/www.em.com.br\/emfoco\/2026\/03\/01\/nao-jogue-fora-as-cascas-de-milho-o-tesouro-escondido-que-voce-pode-reaproveitar-em-casa-sem-gastar-nada\/","url":"https:\/\/www.em.com.br\/emfoco\/2026\/03\/01\/nao-jogue-fora-as-cascas-de-milho-o-tesouro-escondido-que-voce-pode-reaproveitar-em-casa-sem-gastar-nada\/","name":"N\u00e3o jogue fora as cascas de milho: o tesouro escondido que voc\u00ea pode reaproveitar em casa sem gastar nada - Estado de Minas - Em foco","isPartOf":{"@id":"https:\/\/www.em.com.br\/emfoco\/#website"},"primaryImageOfPage":{"@id":"https:\/\/www.em.com.br\/emfoco\/2026\/03\/01\/nao-jogue-fora-as-cascas-de-milho-o-tesouro-escondido-que-voce-pode-reaproveitar-em-casa-sem-gastar-nada\/#primaryimage"},"image":{"@id":"https:\/\/www.em.com.br\/emfoco\/2026\/03\/01\/nao-jogue-fora-as-cascas-de-milho-o-tesouro-escondido-que-voce-pode-reaproveitar-em-casa-sem-gastar-nada\/#primaryimage"},"thumbnailUrl":"https:\/\/www.em.com.br\/emfoco\/wp-content\/uploads\/2026\/02\/ChatGPT-Image-26-de-fev.-de-2026-18_17_41-1.png","datePublished":"2026-03-01T17:45:00+00:00","dateModified":"2026-02-28T22:45:14+00:00","author":{"@id":"https:\/\/www.em.com.br\/emfoco\/#\/schema\/person\/60eda09c1fedf0d6891f4cef4b60b8b8"},"description":"A palha de milho pode virar aliada na cozinha, no jardim e na decora\u00e7\u00e3o. Veja como reaproveitar e reduzir o lixo de forma pr\u00e1tica.","breadcrumb":{"@id":"https:\/\/www.em.com.br\/emfoco\/2026\/03\/01\/nao-jogue-fora-as-cascas-de-milho-o-tesouro-escondido-que-voce-pode-reaproveitar-em-casa-sem-gastar-nada\/#breadcrumb"},"inLanguage":"pt-BR","potentialAction":[{"@type":"ReadAction","target":["https:\/\/www.em.com.br\/emfoco\/2026\/03\/01\/nao-jogue-fora-as-cascas-de-milho-o-tesouro-escondido-que-voce-pode-reaproveitar-em-casa-sem-gastar-nada\/"]}]},{"@type":"ImageObject","inLanguage":"pt-BR","@id":"https:\/\/www.em.com.br\/emfoco\/2026\/03\/01\/nao-jogue-fora-as-cascas-de-milho-o-tesouro-escondido-que-voce-pode-reaproveitar-em-casa-sem-gastar-nada\/#primaryimage","url":"https:\/\/www.em.com.br\/emfoco\/wp-content\/uploads\/2026\/02\/ChatGPT-Image-26-de-fev.-de-2026-18_17_41-1.png","contentUrl":"https:\/\/www.em.com.br\/emfoco\/wp-content\/uploads\/2026\/02\/ChatGPT-Image-26-de-fev.-de-2026-18_17_41-1.png","width":1280,"height":720,"caption":"Palha de milho vira a melhor aliada sustent\u00e1vel"},{"@type":"BreadcrumbList","@id":"https:\/\/www.em.com.br\/emfoco\/2026\/03\/01\/nao-jogue-fora-as-cascas-de-milho-o-tesouro-escondido-que-voce-pode-reaproveitar-em-casa-sem-gastar-nada\/#breadcrumb","itemListElement":[{"@type":"ListItem","position":1,"name":"In\u00edcio","item":"https:\/\/www.em.com.br\/emfoco\/"},{"@type":"ListItem","position":2,"name":"N\u00e3o jogue fora as cascas de milho: o tesouro escondido que voc\u00ea pode reaproveitar em casa sem gastar nada"}]},{"@type":"WebSite","@id":"https:\/\/www.em.com.br\/emfoco\/#website","url":"https:\/\/www.em.com.br\/emfoco\/","name":"Estado de Minas - Em foco","description":"Acompanhe as \u00faltimas not\u00edcias e fique bem informado sobre tudo o que acontece em Minas Gerais, Brasil e no mundo.","potentialAction":[{"@type":"SearchAction","target":{"@type":"EntryPoint","urlTemplate":"https:\/\/www.em.com.br\/emfoco\/?s={search_term_string}"},"query-input":{"@type":"PropertyValueSpecification","valueRequired":true,"valueName":"search_term_string"}}],"inLanguage":"pt-BR"},{"@type":"Person","@id":"https:\/\/www.em.com.br\/emfoco\/#\/schema\/person\/60eda09c1fedf0d6891f4cef4b60b8b8","name":"Andre\u0301 Rangel\u00a0","image":{"@type":"ImageObject","inLanguage":"pt-BR","@id":"https:\/\/www.em.com.br\/emfoco\/#\/schema\/person\/image\/","url":"https:\/\/secure.gravatar.com\/avatar\/6234dc814c77c8ef6d8bba622c787efc?s=96&d=mm&r=g","contentUrl":"https:\/\/secure.gravatar.com\/avatar\/6234dc814c77c8ef6d8bba622c787efc?s=96&d=mm&r=g","caption":"Andre\u0301 Rangel\u00a0"},"url":"https:\/\/www.em.com.br\/emfoco\/author\/luizmyth\/"}]}},"_links":{"self":[{"href":"https:\/\/www.em.com.br\/emfoco\/wp-json\/wp\/v2\/posts\/174849","targetHints":{"allow":["GET"]}}],"collection":[{"href":"https:\/\/www.em.com.br\/emfoco\/wp-json\/wp\/v2\/posts"}],"about":[{"href":"https:\/\/www.em.com.br\/emfoco\/wp-json\/wp\/v2\/types\/post"}],"author":[{"embeddable":true,"href":"https:\/\/www.em.com.br\/emfoco\/wp-json\/wp\/v2\/users\/11"}],"replies":[{"embeddable":true,"href":"https:\/\/www.em.com.br\/emfoco\/wp-json\/wp\/v2\/comments?post=174849"}],"version-history":[{"count":3,"href":"https:\/\/www.em.com.br\/emfoco\/wp-json\/wp\/v2\/posts\/174849\/revisions"}],"predecessor-version":[{"id":174915,"href":"https:\/\/www.em.com.br\/emfoco\/wp-json\/wp\/v2\/posts\/174849\/revisions\/174915"}],"wp:featuredmedia":[{"embeddable":true,"href":"https:\/\/www.em.com.br\/emfoco\/wp-json\/wp\/v2\/media\/174906"}],"wp:attachment":[{"href":"https:\/\/www.em.com.br\/emfoco\/wp-json\/wp\/v2\/media?parent=174849"}],"wp:term":[{"taxonomy":"category","embeddable":true,"href":"https:\/\/www.em.com.br\/emfoco\/wp-json\/wp\/v2\/categories?post=174849"},{"taxonomy":"post_tag","embeddable":true,"href":"https:\/\/www.em.com.br\/emfoco\/wp-json\/wp\/v2\/tags?post=174849"}],"curies":[{"name":"wp","href":"https:\/\/api.w.org\/{rel}","templated":true}]}}