{"id":174801,"date":"2026-02-27T20:45:30","date_gmt":"2026-02-27T23:45:30","guid":{"rendered":"https:\/\/www.em.com.br\/emfoco\/?p=174801"},"modified":"2026-02-26T18:08:35","modified_gmt":"2026-02-26T21:08:35","slug":"muita-gente-dorme-melhor-depois-do-banho-mas-quase-ninguem-sabe-o-motivo-real","status":"publish","type":"post","link":"https:\/\/www.em.com.br\/emfoco\/2026\/02\/27\/muita-gente-dorme-melhor-depois-do-banho-mas-quase-ninguem-sabe-o-motivo-real\/","title":{"rendered":"Muita gente dorme melhor depois do banho, mas quase ningu\u00e9m sabe o motivo real"},"content":{"rendered":"\n<p>Voc\u00ea j\u00e1 chegou em casa <b>exausto<\/b>, tomou um banho <b>morno<\/b> e sentiu o corpo \u201cdesligar\u201d aos poucos? Muita gente jura que esse <b>h\u00e1bito<\/b> ajuda a dormir melhor, mas nem sempre sabe explicar o porqu\u00ea. Entender como o banho antes de deitar conversa com o rel\u00f3gio biol\u00f3gico do corpo pode mostrar por que ele \u00e9 um aliado t\u00e3o simples e poderoso na hora de pegar no sono.<\/p>\n\n\n\n<h2 class=\"wp-block-heading\">Banho morno \u00e0 noite realmente influencia o sono?<\/h2>\n\n\n\n<p>Nosso corpo funciona em <b>ciclos<\/b> ao longo do dia, e a <b>temperatura<\/b> interna faz parte desse rel\u00f3gio natural. Ao anoitecer, ela tende a cair levemente, como um <b>sinal<\/b> de que \u00e9 hora de desacelerar e se preparar para dormir.<\/p>\n\n\n\n<p>Quando tomamos um banho <b>morno<\/b>, aquecemos a <b>pele<\/b> por alguns minutos. Depois que sa\u00edmos do chuveiro, esse <b>calor<\/b> \u00e9 liberado com mais facilidade, o que ajuda a temperatura interna a cair de forma suave. Esse movimento funciona como um recado extra para o c\u00e9rebro de que est\u00e1 chegando a hora do descanso.<\/p>\n\n\n\n<figure class=\"wp-block-embed is-type-rich is-provider-pinterest wp-block-embed-pinterest\"><div class=\"wp-block-embed__wrapper\">\n<iframe loading=\"lazy\" title=\" \" src=\"https:\/\/assets.pinterest.com\/ext\/embed.html?id=6544361953293547&#038;src=oembed\" height=\"735\" width=\"450\" frameborder=\"0\" scrolling=\"no\" ><\/iframe>\n<\/div><\/figure>\n\n\n\n<p>Leia tamb\u00e9m:&nbsp;<a href=\"https:\/\/www.em.com.br\/emfoco\/2026\/02\/10\/mao-no-peito-por-60-segundos-o-movimento-simples-que-ativa-o-autocuidado-e-acalma-o-estresse\/\" target=\"_blank\" rel=\"noopener\">M\u00e3o no peito por 60 segundos: o movimento simples que ativa o autocuidado e acalma o estresse<\/a><\/p>\n\n\n\n<h2 class=\"wp-block-heading\">Como o banho morno ajuda o corpo a se preparar para dormir<\/h2>\n\n\n\n<p>O sono \u00e9 guiado tanto pelo <b>cansa\u00e7o<\/b> acumulado ao longo do dia quanto pelo <b>ritmo<\/b> interno, que indica quando \u00e9 hora de acordar ou de dormir. \u00c0 noite, o corpo come\u00e7a a <b>esfriar<\/b> naturalmente, e o banho morno pode refor\u00e7ar esse processo e deixar a transi\u00e7\u00e3o entre vig\u00edlia e sono mais tranquila.<\/p>\n\n\n\n<p>Al\u00e9m disso, a \u00e1gua <b>morna<\/b> dilata os <b>vasos<\/b> da pele e favorece a circula\u00e7\u00e3o, o que aumenta a sensa\u00e7\u00e3o de conforto f\u00edsico. Para quem chega <b>tenso<\/b>, com a mente acelerada ou cheio de preocupa\u00e7\u00f5es, esse momento pode ser um ponto de virada entre o ritmo agitado do dia e o clima calmo da noite.<\/p>\n\n\n\n<figure class=\"wp-block-embed is-type-rich is-provider-pinterest wp-block-embed-pinterest\"><div class=\"wp-block-embed__wrapper\">\n<iframe loading=\"lazy\" title=\" \" src=\"https:\/\/assets.pinterest.com\/ext\/embed.html?id=731201689542508147&#038;src=oembed\" height=\"899\" width=\"450\" frameborder=\"0\" scrolling=\"no\" ><\/iframe>\n<\/div><\/figure>\n\n\n\n<h2 class=\"wp-block-heading\">De que maneiras o banho morno \u00e0 noite pode melhorar o sono<\/h2>\n\n\n\n<p>Quando o banho vira um pequeno <b>ritual<\/b> di\u00e1rio, ele deixa de ser s\u00f3 <b>higiene<\/b> e passa a ser um sinal claro de \u201cagora eu vou desacelerar\u201d. Esse h\u00e1bito pode envolver relaxamento do corpo, ajuste de temperatura e at\u00e9 uma esp\u00e9cie de preparo <b>mental<\/b> para dormir melhor.<\/p>\n\n\n\n<p>Esses efeitos costumam aparecer em tr\u00eas <b>pontos<\/b> principais, que se <b>complementam<\/b> no dia a dia:<\/p>\n\n\n\n<ul class=\"wp-block-list\">\n<li><strong>Facilita<\/strong> o adormecer: a queda de temperatura ap\u00f3s o banho ajuda a alinhar o <strong>rel\u00f3gio<\/strong> interno.<\/li>\n\n\n\n<li><strong>Reduz<\/strong> tens\u00f5es: m\u00fasculos mais soltos diminuem inc\u00f4modos que atrapalham o sono.<\/li>\n\n\n\n<li><strong>Cria<\/strong> um ritual: repetir o banho no mesmo hor\u00e1rio refor\u00e7a a rotina de desligamento.<\/li>\n<\/ul>\n\n\n\n<p>Para voc\u00ea que gosta de se cuidar, separamos um v\u00eddeo do canal da <a href=\"https:\/\/www.youtube.com\/@Sa%C3%BAdedaMulhercomDraLauraLucia\" target=\"_blank\" rel=\"noreferrer noopener\">Dra Laura Lucia<\/a> com os benef\u00edcios de tomar banho antes de ir dormir:<\/p>\n\n\n\n<figure class=\"wp-block-embed is-type-video is-provider-youtube wp-block-embed-youtube wp-embed-aspect-16-9 wp-has-aspect-ratio\"><div class=\"wp-block-embed__wrapper\">\n<div class=\"jeg_video_container jeg_video_content\"><iframe loading=\"lazy\" title=\"5 MOTIVOS pra tomar BANHO antes de DORMIR\" width=\"500\" height=\"281\" src=\"https:\/\/www.youtube.com\/embed\/A1t4_xZKgd0?feature=oembed\" frameborder=\"0\" allow=\"accelerometer; autoplay; clipboard-write; encrypted-media; gyroscope; picture-in-picture; web-share\" referrerpolicy=\"strict-origin-when-cross-origin\" allowfullscreen><\/iframe><\/div>\n<\/div><\/figure>\n\n\n\n<h2 class=\"wp-block-heading\">Qual \u00e9 a melhor forma de usar o banho morno para dormir melhor<\/h2>\n\n\n\n<p>Para que o banho ajude de verdade, vale cuidar de detalhes <b>simples<\/b>: \u00e1gua em temperatura <b>confort\u00e1vel<\/b>, nada muito quente, e um hor\u00e1rio que converse com o seu momento de ir para a cama. Em geral, funciona bem terminar o banho entre 1 e 2 horas antes de <b>deitar<\/b>.<\/p>\n\n\n\n<p>Banhos de 10 a 20 minutos costumam ser suficientes para <b>relaxar<\/b> sem deixar o corpo quente demais. Se a \u00e1gua estiver muito <b>quente<\/b>, voc\u00ea pode demorar mais para esfriar e ter dificuldade para <b>adormecer<\/b>. J\u00e1 um banho frio \u00e0 noite tende a despertar e deixar o corpo em estado de alerta.<\/p>\n\n\n\n<h2 class=\"wp-block-heading\">Quem pode se beneficiar mais do banho morno \u00e0 noite<\/h2>\n\n\n\n<p>Pessoas que t\u00eam dificuldade em <b>\u201cdesligar\u201d<\/b> a cabe\u00e7a \u00e0 noite costumam se beneficiar bastante desse <b>h\u00e1bito<\/b>. Quem trabalha at\u00e9 tarde, fica muitas horas em frente a <b>telas<\/b> ou vive em ritmo acelerado encontra no banho morno uma pausa concreta para mudar o clima do dia.<\/p>\n\n\n\n<p>Idosos, pessoas com problemas <b>circulat\u00f3rios<\/b>, press\u00e3o <b>baixa<\/b> ou outras condi\u00e7\u00f5es de sa\u00fade devem apenas ter cuidado com a temperatura da \u00e1gua e o tempo de exposi\u00e7\u00e3o, buscando <b>orienta\u00e7\u00e3o<\/b> m\u00e9dica se necess\u00e1rio. Em todos os casos, o banho morno \u00e9 um apoio, n\u00e3o uma solu\u00e7\u00e3o \u00fanica para problemas de sono mais complexos.<\/p>\n","protected":false},"excerpt":{"rendered":"<p>Voc\u00ea j\u00e1 chegou em casa exausto, tomou um banho morno e sentiu o corpo \u201cdesligar\u201d aos poucos? Muita gente jura que esse h\u00e1bito ajuda a dormir melhor, mas nem sempre sabe explicar o porqu\u00ea. Entender como o banho antes de deitar conversa com o rel\u00f3gio biol\u00f3gico do corpo pode mostrar por que ele \u00e9 um [&hellip;]<\/p>\n","protected":false},"author":9,"featured_media":174858,"comment_status":"open","ping_status":"open","sticky":false,"template":"","format":"standard","meta":{"jnews-multi-image_gallery":[],"jnews_single_post":{"format":"standard"},"jnews_primary_category":[],"jnews_social_meta":[],"jnews_override_counter":[],"footnotes":""},"categories":[1],"tags":[12951,22121,5643],"class_list":["post-174801","post","type-post","status-publish","format-standard","has-post-thumbnail","hentry","category-noticias","tag-agua-morna","tag-auto-cuidado","tag-banho"],"yoast_head":"<!-- This site is optimized with the Yoast SEO plugin v23.8 - https:\/\/yoast.com\/wordpress\/plugins\/seo\/ -->\n<title>Muita gente dorme melhor depois do banho, mas quase ningu\u00e9m sabe o motivo real - Estado de Minas - Em foco<\/title>\n<meta name=\"description\" content=\"Entenda como o banho morno ajuda a baixar a temperatura do corpo e prepara sua mente para um sono profundo e reparador\" \/>\n<meta name=\"robots\" content=\"index, follow, max-snippet:-1, max-image-preview:large, max-video-preview:-1\" \/>\n<link rel=\"canonical\" href=\"https:\/\/www.em.com.br\/emfoco\/2026\/02\/27\/muita-gente-dorme-melhor-depois-do-banho-mas-quase-ninguem-sabe-o-motivo-real\/\" \/>\n<meta property=\"og:locale\" content=\"pt_BR\" \/>\n<meta property=\"og:type\" content=\"article\" \/>\n<meta property=\"og:title\" content=\"Muita gente dorme melhor depois do banho, mas quase ningu\u00e9m sabe o motivo real - Estado de Minas - Em foco\" \/>\n<meta property=\"og:description\" content=\"Entenda como o banho morno ajuda a baixar a temperatura do corpo e prepara sua mente para um sono profundo e reparador\" \/>\n<meta property=\"og:url\" content=\"https:\/\/www.em.com.br\/emfoco\/2026\/02\/27\/muita-gente-dorme-melhor-depois-do-banho-mas-quase-ninguem-sabe-o-motivo-real\/\" \/>\n<meta property=\"og:site_name\" content=\"Estado de Minas - Em foco\" \/>\n<meta property=\"article:published_time\" content=\"2026-02-27T23:45:30+00:00\" \/>\n<meta property=\"article:modified_time\" content=\"2026-02-26T21:08:35+00:00\" \/>\n<meta property=\"og:image\" content=\"https:\/\/www.em.com.br\/emfoco\/wp-content\/uploads\/2026\/02\/banho_1772138920268.jpg\" \/>\n\t<meta property=\"og:image:width\" content=\"1280\" \/>\n\t<meta property=\"og:image:height\" content=\"720\" \/>\n\t<meta property=\"og:image:type\" content=\"image\/jpeg\" \/>\n<meta name=\"author\" content=\"Daniely Cardoso\" \/>\n<meta name=\"twitter:card\" content=\"summary_large_image\" \/>\n<meta name=\"twitter:label1\" content=\"Escrito por\" \/>\n\t<meta name=\"twitter:data1\" content=\"Daniely Cardoso\" \/>\n\t<meta name=\"twitter:label2\" content=\"Est. tempo de leitura\" \/>\n\t<meta name=\"twitter:data2\" content=\"4 minutos\" \/>\n<!-- \/ Yoast SEO plugin. -->","yoast_head_json":{"title":"Muita gente dorme melhor depois do banho, mas quase ningu\u00e9m sabe o motivo real - Estado de Minas - Em foco","description":"Entenda como o banho morno ajuda a baixar a temperatura do corpo e prepara sua mente para um sono profundo e reparador","robots":{"index":"index","follow":"follow","max-snippet":"max-snippet:-1","max-image-preview":"max-image-preview:large","max-video-preview":"max-video-preview:-1"},"canonical":"https:\/\/www.em.com.br\/emfoco\/2026\/02\/27\/muita-gente-dorme-melhor-depois-do-banho-mas-quase-ninguem-sabe-o-motivo-real\/","og_locale":"pt_BR","og_type":"article","og_title":"Muita gente dorme melhor depois do banho, mas quase ningu\u00e9m sabe o motivo real - Estado de Minas - Em foco","og_description":"Entenda como o banho morno ajuda a baixar a temperatura do corpo e prepara sua mente para um sono profundo e reparador","og_url":"https:\/\/www.em.com.br\/emfoco\/2026\/02\/27\/muita-gente-dorme-melhor-depois-do-banho-mas-quase-ninguem-sabe-o-motivo-real\/","og_site_name":"Estado de Minas - Em foco","article_published_time":"2026-02-27T23:45:30+00:00","article_modified_time":"2026-02-26T21:08:35+00:00","og_image":[{"width":1280,"height":720,"url":"https:\/\/www.em.com.br\/emfoco\/wp-content\/uploads\/2026\/02\/banho_1772138920268.jpg","type":"image\/jpeg"}],"author":"Daniely Cardoso","twitter_card":"summary_large_image","twitter_misc":{"Escrito por":"Daniely Cardoso","Est. tempo de leitura":"4 minutos"},"schema":{"@context":"https:\/\/schema.org","@graph":[{"@type":"WebPage","@id":"https:\/\/www.em.com.br\/emfoco\/2026\/02\/27\/muita-gente-dorme-melhor-depois-do-banho-mas-quase-ninguem-sabe-o-motivo-real\/","url":"https:\/\/www.em.com.br\/emfoco\/2026\/02\/27\/muita-gente-dorme-melhor-depois-do-banho-mas-quase-ninguem-sabe-o-motivo-real\/","name":"Muita gente dorme melhor depois do banho, mas quase ningu\u00e9m sabe o motivo real - Estado de Minas - Em foco","isPartOf":{"@id":"https:\/\/www.em.com.br\/emfoco\/#website"},"primaryImageOfPage":{"@id":"https:\/\/www.em.com.br\/emfoco\/2026\/02\/27\/muita-gente-dorme-melhor-depois-do-banho-mas-quase-ninguem-sabe-o-motivo-real\/#primaryimage"},"image":{"@id":"https:\/\/www.em.com.br\/emfoco\/2026\/02\/27\/muita-gente-dorme-melhor-depois-do-banho-mas-quase-ninguem-sabe-o-motivo-real\/#primaryimage"},"thumbnailUrl":"https:\/\/www.em.com.br\/emfoco\/wp-content\/uploads\/2026\/02\/banho_1772138920268.jpg","datePublished":"2026-02-27T23:45:30+00:00","dateModified":"2026-02-26T21:08:35+00:00","author":{"@id":"https:\/\/www.em.com.br\/emfoco\/#\/schema\/person\/0a8186d72f2c3a5c6276d90b41f271a0"},"description":"Entenda como o banho morno ajuda a baixar a temperatura do corpo e prepara sua mente para um sono profundo e reparador","breadcrumb":{"@id":"https:\/\/www.em.com.br\/emfoco\/2026\/02\/27\/muita-gente-dorme-melhor-depois-do-banho-mas-quase-ninguem-sabe-o-motivo-real\/#breadcrumb"},"inLanguage":"pt-BR","potentialAction":[{"@type":"ReadAction","target":["https:\/\/www.em.com.br\/emfoco\/2026\/02\/27\/muita-gente-dorme-melhor-depois-do-banho-mas-quase-ninguem-sabe-o-motivo-real\/"]}]},{"@type":"ImageObject","inLanguage":"pt-BR","@id":"https:\/\/www.em.com.br\/emfoco\/2026\/02\/27\/muita-gente-dorme-melhor-depois-do-banho-mas-quase-ninguem-sabe-o-motivo-real\/#primaryimage","url":"https:\/\/www.em.com.br\/emfoco\/wp-content\/uploads\/2026\/02\/banho_1772138920268.jpg","contentUrl":"https:\/\/www.em.com.br\/emfoco\/wp-content\/uploads\/2026\/02\/banho_1772138920268.jpg","width":1280,"height":720,"caption":"Esse desgaste acaba deixando o corpo mais vulner\u00e1vel a irrita\u00e7\u00f5es chatas e ressecamentos intensos que incomodam muit- Cr\u00e9ditos: depositphotos.com \/ poznyakov"},{"@type":"BreadcrumbList","@id":"https:\/\/www.em.com.br\/emfoco\/2026\/02\/27\/muita-gente-dorme-melhor-depois-do-banho-mas-quase-ninguem-sabe-o-motivo-real\/#breadcrumb","itemListElement":[{"@type":"ListItem","position":1,"name":"In\u00edcio","item":"https:\/\/www.em.com.br\/emfoco\/"},{"@type":"ListItem","position":2,"name":"Muita gente dorme melhor depois do banho, mas quase ningu\u00e9m sabe o motivo real"}]},{"@type":"WebSite","@id":"https:\/\/www.em.com.br\/emfoco\/#website","url":"https:\/\/www.em.com.br\/emfoco\/","name":"Estado de Minas - Em foco","description":"Acompanhe as \u00faltimas not\u00edcias e fique bem informado sobre tudo o que acontece em Minas Gerais, Brasil e no mundo.","potentialAction":[{"@type":"SearchAction","target":{"@type":"EntryPoint","urlTemplate":"https:\/\/www.em.com.br\/emfoco\/?s={search_term_string}"},"query-input":{"@type":"PropertyValueSpecification","valueRequired":true,"valueName":"search_term_string"}}],"inLanguage":"pt-BR"},{"@type":"Person","@id":"https:\/\/www.em.com.br\/emfoco\/#\/schema\/person\/0a8186d72f2c3a5c6276d90b41f271a0","name":"Daniely Cardoso","image":{"@type":"ImageObject","inLanguage":"pt-BR","@id":"https:\/\/www.em.com.br\/emfoco\/#\/schema\/person\/image\/","url":"https:\/\/secure.gravatar.com\/avatar\/4b80ddbd124d1f071b626d52d62e5dff?s=96&d=mm&r=g","contentUrl":"https:\/\/secure.gravatar.com\/avatar\/4b80ddbd124d1f071b626d52d62e5dff?s=96&d=mm&r=g","caption":"Daniely Cardoso"},"url":"https:\/\/www.em.com.br\/emfoco\/author\/danielymyth\/"}]}},"_links":{"self":[{"href":"https:\/\/www.em.com.br\/emfoco\/wp-json\/wp\/v2\/posts\/174801","targetHints":{"allow":["GET"]}}],"collection":[{"href":"https:\/\/www.em.com.br\/emfoco\/wp-json\/wp\/v2\/posts"}],"about":[{"href":"https:\/\/www.em.com.br\/emfoco\/wp-json\/wp\/v2\/types\/post"}],"author":[{"embeddable":true,"href":"https:\/\/www.em.com.br\/emfoco\/wp-json\/wp\/v2\/users\/9"}],"replies":[{"embeddable":true,"href":"https:\/\/www.em.com.br\/emfoco\/wp-json\/wp\/v2\/comments?post=174801"}],"version-history":[{"count":3,"href":"https:\/\/www.em.com.br\/emfoco\/wp-json\/wp\/v2\/posts\/174801\/revisions"}],"predecessor-version":[{"id":174888,"href":"https:\/\/www.em.com.br\/emfoco\/wp-json\/wp\/v2\/posts\/174801\/revisions\/174888"}],"wp:featuredmedia":[{"embeddable":true,"href":"https:\/\/www.em.com.br\/emfoco\/wp-json\/wp\/v2\/media\/174858"}],"wp:attachment":[{"href":"https:\/\/www.em.com.br\/emfoco\/wp-json\/wp\/v2\/media?parent=174801"}],"wp:term":[{"taxonomy":"category","embeddable":true,"href":"https:\/\/www.em.com.br\/emfoco\/wp-json\/wp\/v2\/categories?post=174801"},{"taxonomy":"post_tag","embeddable":true,"href":"https:\/\/www.em.com.br\/emfoco\/wp-json\/wp\/v2\/tags?post=174801"}],"curies":[{"name":"wp","href":"https:\/\/api.w.org\/{rel}","templated":true}]}}