{"id":174613,"date":"2026-03-02T10:25:00","date_gmt":"2026-03-02T13:25:00","guid":{"rendered":"https:\/\/www.em.com.br\/emfoco\/?p=174613"},"modified":"2026-02-28T01:48:56","modified_gmt":"2026-02-28T04:48:56","slug":"descoberta-em-marte-surpreende-cientistas-ao-revelar-gigantes-teias-de-aranha-minerais-formadas-por-agua-subterranea-ha-bilhoes-de-anos","status":"publish","type":"post","link":"https:\/\/www.em.com.br\/emfoco\/2026\/03\/02\/descoberta-em-marte-surpreende-cientistas-ao-revelar-gigantes-teias-de-aranha-minerais-formadas-por-agua-subterranea-ha-bilhoes-de-anos\/","title":{"rendered":"Descoberta em Marte surpreende cientistas ao revelar gigantes \u201cteias de aranha\u201d minerais formadas por \u00e1gua subterr\u00e2nea h\u00e1 bilh\u00f5es de anos"},"content":{"rendered":"\n<p>As chamadas <strong>teias de aranha gigantes em Marte<\/strong> chamaram aten\u00e7\u00e3o ap\u00f3s an\u00e1lises do rover Curiosity revelarem estruturas minerais formadas por \u00e1gua subterr\u00e2nea h\u00e1 bilh\u00f5es de anos. A descoberta refor\u00e7a a hip\u00f3tese de ambientes potencialmente habit\u00e1veis no passado marciano.<\/p>\n\n\n\n<h2 class=\"wp-block-heading\">O que s\u00e3o as \u201cteias de aranha\u201d encontradas em Marte?<\/h2>\n\n\n\n<p>As estruturas apelidadas de teias s\u00e3o forma\u00e7\u00f5es geol\u00f3gicas conhecidas como <strong>boxwork<\/strong>, localizadas no Monte Sharp, dentro da Cratera Gale. Vistas da \u00f3rbita, parecem enormes redes espalhadas por quil\u00f4metros da superf\u00edcie marciana.<\/p>\n\n\n\n<p>Na realidade, tratam-se de <strong>cristas baixas de 1 a 2 metros<\/strong>, organizadas em padr\u00f5es reticulares com depress\u00f5es arenosas entre elas. Essas forma\u00e7\u00f5es foram moldadas por processos geol\u00f3gicos antigos, n\u00e3o por atividade biol\u00f3gica atual.<\/p>\n\n\n\n<figure class=\"wp-block-image size-large\"><img loading=\"lazy\" decoding=\"async\" width=\"1024\" height=\"576\" src=\"https:\/\/www.em.com.br\/emfoco\/wp-content\/uploads\/2026\/02\/6-14-1024x576.jpg\" alt=\"Descoberta em Marte surpreende cientistas ao revelar gigantes \u201cteias de aranha\u201d minerais formadas por \u00e1gua subterr\u00e2nea h\u00e1 bilh\u00f5es de anos\" class=\"wp-image-174683\" srcset=\"https:\/\/www.em.com.br\/emfoco\/wp-content\/uploads\/2026\/02\/6-14-1024x576.jpg 1024w, https:\/\/www.em.com.br\/emfoco\/wp-content\/uploads\/2026\/02\/6-14-300x169.jpg 300w, https:\/\/www.em.com.br\/emfoco\/wp-content\/uploads\/2026\/02\/6-14-768x432.jpg 768w, https:\/\/www.em.com.br\/emfoco\/wp-content\/uploads\/2026\/02\/6-14-750x422.jpg 750w, https:\/\/www.em.com.br\/emfoco\/wp-content\/uploads\/2026\/02\/6-14-1140x641.jpg 1140w, https:\/\/www.em.com.br\/emfoco\/wp-content\/uploads\/2026\/02\/6-14.jpg 1280w\" sizes=\"auto, (max-width: 1024px) 100vw, 1024px\" \/><figcaption class=\"wp-element-caption\">As teias s\u00e3o forma\u00e7\u00f5es geol\u00f3gicas antigas chamadas tecnicamente de estruturas boxwork<\/figcaption><\/figure>\n\n\n\n<h2 class=\"wp-block-heading\">Quais evid\u00eancias apontam para a presen\u00e7a de \u00e1gua no passado?<\/h2>\n\n\n\n<p>O rover identificou minerais e estruturas que indicam circula\u00e7\u00e3o antiga de \u00e1gua subterr\u00e2nea. As an\u00e1lises foram feitas por perfura\u00e7\u00e3o, raios X e exames t\u00e9rmicos, refor\u00e7ando a hip\u00f3tese de atividade h\u00eddrica prolongada. Entre os principais ind\u00edcios est\u00e3o os seguintes.<\/p>\n\n\n\n<ul class=\"wp-block-list\">\n<li><strong>N\u00f3dulos minerais do tamanho de ervilhas<\/strong> distribu\u00eddos nas paredes das cristas, sugerindo intera\u00e7\u00e3o cont\u00ednua com \u00e1gua.<\/li>\n\n\n\n<li><strong>Minerais argilosos e carbon\u00e1ticos<\/strong> detectados nas amostras coletadas pelo Curiosity.<\/li>\n\n\n\n<li><strong>Dep\u00f3sitos formados em fraturas centrais<\/strong>, onde a \u00e1gua infiltrada deixou refor\u00e7os minerais resistentes \u00e0 eros\u00e3o.<\/li>\n<\/ul>\n\n\n\n<h2 class=\"wp-block-heading\">Por que essas forma\u00e7\u00f5es sugerem possibilidade de vida?<\/h2>\n\n\n\n<p>A presen\u00e7a de <strong><a href=\"https:\/\/agenciabrasil.ebc.com.br\/internacional\/noticia\/2024-08\/dados-indicam-enorme-reservatorio-subterraneo-de-agua-em-marte\" target=\"_blank\" rel=\"noreferrer noopener\">\u00e1gua l\u00edquida subterr\u00e2nea<\/a><\/strong> em altitudes elevadas do Monte Sharp indica que o len\u00e7ol fre\u00e1tico era mais alto do que se imaginava. Isso amplia o per\u00edodo em que Marte pode ter mantido condi\u00e7\u00f5es favor\u00e1veis \u00e0 vida.<\/p>\n\n\n\n<p>Ambientes protegidos no subsolo, com <strong>\u00e1gua, minerais e <a href=\"https:\/\/www.em.com.br\/emfoco\/2025\/07\/14\/os-5-melhores-adubos-organicos-que-voce-pode-fazer-em-casa-para-promover-um-crescimento-saudavel-na-sua-horta\/\" target=\"_blank\" rel=\"noreferrer noopener\">compostos org\u00e2nicos<\/a><\/strong>, poderiam ter abrigado microrganismos primitivos. Embora n\u00e3o haja prova de vida, os dados fortalecem a ideia de um planeta mais din\u00e2mico no passado.<\/p>\n\n\n\n<figure class=\"wp-block-image size-large\"><img loading=\"lazy\" decoding=\"async\" width=\"1024\" height=\"576\" src=\"https:\/\/www.em.com.br\/emfoco\/wp-content\/uploads\/2026\/02\/5-17-1024x576.jpg\" alt=\"Descoberta em Marte surpreende cientistas ao revelar gigantes \u201cteias de aranha\u201d minerais formadas por \u00e1gua subterr\u00e2nea h\u00e1 bilh\u00f5es de anos\" class=\"wp-image-174682\" srcset=\"https:\/\/www.em.com.br\/emfoco\/wp-content\/uploads\/2026\/02\/5-17-1024x576.jpg 1024w, https:\/\/www.em.com.br\/emfoco\/wp-content\/uploads\/2026\/02\/5-17-300x169.jpg 300w, https:\/\/www.em.com.br\/emfoco\/wp-content\/uploads\/2026\/02\/5-17-768x432.jpg 768w, https:\/\/www.em.com.br\/emfoco\/wp-content\/uploads\/2026\/02\/5-17-750x422.jpg 750w, https:\/\/www.em.com.br\/emfoco\/wp-content\/uploads\/2026\/02\/5-17-1140x641.jpg 1140w, https:\/\/www.em.com.br\/emfoco\/wp-content\/uploads\/2026\/02\/5-17.jpg 1280w\" sizes=\"auto, (max-width: 1024px) 100vw, 1024px\" \/><figcaption class=\"wp-element-caption\">Ambientes protegidos no subsolo poderiam ter abrigado microrganismos primitivos no passado<\/figcaption><\/figure>\n\n\n\n<h2 class=\"wp-block-heading\">O que muda nas pr\u00f3ximas etapas da explora\u00e7\u00e3o de Marte?<\/h2>\n\n\n\n<p>A descoberta das estruturas em forma de rede redefine prioridades cient\u00edficas na regi\u00e3o do Monte Sharp. A equipe do rover planeja aprofundar a an\u00e1lise qu\u00edmica e investigar camadas ricas em sulfatos. Entre os pr\u00f3ximos passos est\u00e3o os seguintes.<\/p>\n\n\n\n<ul class=\"wp-block-list\">\n<li><strong>Coleta de novas amostras para an\u00e1lise de compostos org\u00e2nicos<\/strong>, buscando mol\u00e9culas \u00e0 base de carbono.<\/li>\n\n\n\n<li><strong>Explora\u00e7\u00e3o de camadas superiores ricas em sulfato<\/strong>, que ajudam a mapear a transi\u00e7\u00e3o clim\u00e1tica marciana.<\/li>\n\n\n\n<li><strong>Modelagem da evolu\u00e7\u00e3o do len\u00e7ol fre\u00e1tico<\/strong>, para entender quanto tempo a \u00e1gua permaneceu ativa no subsolo.<\/li>\n<\/ul>\n\n\n\n<p>Essas investiga\u00e7\u00f5es podem redefinir a hist\u00f3ria clim\u00e1tica do planeta vermelho e esclarecer se Marte teve, em algum momento, condi\u00e7\u00f5es est\u00e1veis suficientes para sustentar formas simples de vida.<\/p>\n","protected":false},"excerpt":{"rendered":"<p>As chamadas teias de aranha gigantes em Marte chamaram aten\u00e7\u00e3o ap\u00f3s an\u00e1lises do rover Curiosity revelarem estruturas minerais formadas por \u00e1gua subterr\u00e2nea h\u00e1 bilh\u00f5es de anos. A descoberta refor\u00e7a a hip\u00f3tese de ambientes potencialmente habit\u00e1veis no passado marciano. O que s\u00e3o as \u201cteias de aranha\u201d encontradas em Marte? As estruturas apelidadas de teias s\u00e3o forma\u00e7\u00f5es [&hellip;]<\/p>\n","protected":false},"author":13,"featured_media":174684,"comment_status":"open","ping_status":"open","sticky":false,"template":"","format":"standard","meta":{"jnews-multi-image_gallery":[],"jnews_single_post":{"format":"standard"},"jnews_primary_category":[],"jnews_social_meta":[],"jnews_override_counter":[],"footnotes":""},"categories":[8819],"tags":[25300,1708,1057],"class_list":["post-174613","post","type-post","status-publish","format-standard","has-post-thumbnail","hentry","category-curiosidades","tag-agua-em-marte","tag-astronomia","tag-marte"],"yoast_head":"<!-- This site is optimized with the Yoast SEO plugin v23.8 - https:\/\/yoast.com\/wordpress\/plugins\/seo\/ -->\n<title>Descoberta em Marte surpreende cientistas ao revelar gigantes \u201cteias de aranha\u201d minerais formadas por \u00e1gua subterr\u00e2nea h\u00e1 bilh\u00f5es de anos - Estado de Minas - Em foco<\/title>\n<meta name=\"description\" content=\"\u201cTeias de aranha\u201d em Marte revelam minerais formados por \u00e1gua subterr\u00e2nea e refor\u00e7am hip\u00f3tese de ambientes habit\u00e1veis antigos.\" \/>\n<meta name=\"robots\" content=\"index, follow, max-snippet:-1, max-image-preview:large, max-video-preview:-1\" \/>\n<link rel=\"canonical\" href=\"https:\/\/www.em.com.br\/emfoco\/2026\/03\/02\/descoberta-em-marte-surpreende-cientistas-ao-revelar-gigantes-teias-de-aranha-minerais-formadas-por-agua-subterranea-ha-bilhoes-de-anos\/\" \/>\n<meta property=\"og:locale\" content=\"pt_BR\" \/>\n<meta property=\"og:type\" content=\"article\" \/>\n<meta property=\"og:title\" content=\"Descoberta em Marte surpreende cientistas ao revelar gigantes \u201cteias de aranha\u201d minerais formadas por \u00e1gua subterr\u00e2nea h\u00e1 bilh\u00f5es de anos - Estado de Minas - Em foco\" \/>\n<meta property=\"og:description\" content=\"\u201cTeias de aranha\u201d em Marte revelam minerais formados por \u00e1gua subterr\u00e2nea e refor\u00e7am hip\u00f3tese de ambientes habit\u00e1veis antigos.\" \/>\n<meta property=\"og:url\" content=\"https:\/\/www.em.com.br\/emfoco\/2026\/03\/02\/descoberta-em-marte-surpreende-cientistas-ao-revelar-gigantes-teias-de-aranha-minerais-formadas-por-agua-subterranea-ha-bilhoes-de-anos\/\" \/>\n<meta property=\"og:site_name\" content=\"Estado de Minas - Em foco\" \/>\n<meta property=\"article:published_time\" content=\"2026-03-02T13:25:00+00:00\" \/>\n<meta property=\"article:modified_time\" content=\"2026-02-28T04:48:56+00:00\" \/>\n<meta property=\"og:image\" content=\"https:\/\/www.em.com.br\/emfoco\/wp-content\/uploads\/2026\/02\/7-10.jpg\" \/>\n\t<meta property=\"og:image:width\" content=\"1280\" \/>\n\t<meta property=\"og:image:height\" content=\"720\" \/>\n\t<meta property=\"og:image:type\" content=\"image\/jpeg\" \/>\n<meta name=\"author\" content=\"Gabriel Martins\" \/>\n<meta name=\"twitter:card\" content=\"summary_large_image\" \/>\n<meta name=\"twitter:label1\" content=\"Escrito por\" \/>\n\t<meta name=\"twitter:data1\" content=\"Gabriel Martins\" \/>\n\t<meta name=\"twitter:label2\" content=\"Est. tempo de leitura\" \/>\n\t<meta name=\"twitter:data2\" content=\"3 minutos\" \/>\n<!-- \/ Yoast SEO plugin. -->","yoast_head_json":{"title":"Descoberta em Marte surpreende cientistas ao revelar gigantes \u201cteias de aranha\u201d minerais formadas por \u00e1gua subterr\u00e2nea h\u00e1 bilh\u00f5es de anos - Estado de Minas - Em foco","description":"\u201cTeias de aranha\u201d em Marte revelam minerais formados por \u00e1gua subterr\u00e2nea e refor\u00e7am hip\u00f3tese de ambientes habit\u00e1veis antigos.","robots":{"index":"index","follow":"follow","max-snippet":"max-snippet:-1","max-image-preview":"max-image-preview:large","max-video-preview":"max-video-preview:-1"},"canonical":"https:\/\/www.em.com.br\/emfoco\/2026\/03\/02\/descoberta-em-marte-surpreende-cientistas-ao-revelar-gigantes-teias-de-aranha-minerais-formadas-por-agua-subterranea-ha-bilhoes-de-anos\/","og_locale":"pt_BR","og_type":"article","og_title":"Descoberta em Marte surpreende cientistas ao revelar gigantes \u201cteias de aranha\u201d minerais formadas por \u00e1gua subterr\u00e2nea h\u00e1 bilh\u00f5es de anos - Estado de Minas - Em foco","og_description":"\u201cTeias de aranha\u201d em Marte revelam minerais formados por \u00e1gua subterr\u00e2nea e refor\u00e7am hip\u00f3tese de ambientes habit\u00e1veis antigos.","og_url":"https:\/\/www.em.com.br\/emfoco\/2026\/03\/02\/descoberta-em-marte-surpreende-cientistas-ao-revelar-gigantes-teias-de-aranha-minerais-formadas-por-agua-subterranea-ha-bilhoes-de-anos\/","og_site_name":"Estado de Minas - Em foco","article_published_time":"2026-03-02T13:25:00+00:00","article_modified_time":"2026-02-28T04:48:56+00:00","og_image":[{"width":1280,"height":720,"url":"https:\/\/www.em.com.br\/emfoco\/wp-content\/uploads\/2026\/02\/7-10.jpg","type":"image\/jpeg"}],"author":"Gabriel Martins","twitter_card":"summary_large_image","twitter_misc":{"Escrito por":"Gabriel Martins","Est. tempo de leitura":"3 minutos"},"schema":{"@context":"https:\/\/schema.org","@graph":[{"@type":"WebPage","@id":"https:\/\/www.em.com.br\/emfoco\/2026\/03\/02\/descoberta-em-marte-surpreende-cientistas-ao-revelar-gigantes-teias-de-aranha-minerais-formadas-por-agua-subterranea-ha-bilhoes-de-anos\/","url":"https:\/\/www.em.com.br\/emfoco\/2026\/03\/02\/descoberta-em-marte-surpreende-cientistas-ao-revelar-gigantes-teias-de-aranha-minerais-formadas-por-agua-subterranea-ha-bilhoes-de-anos\/","name":"Descoberta em Marte surpreende cientistas ao revelar gigantes \u201cteias de aranha\u201d minerais formadas por \u00e1gua subterr\u00e2nea h\u00e1 bilh\u00f5es de anos - Estado de Minas - Em foco","isPartOf":{"@id":"https:\/\/www.em.com.br\/emfoco\/#website"},"primaryImageOfPage":{"@id":"https:\/\/www.em.com.br\/emfoco\/2026\/03\/02\/descoberta-em-marte-surpreende-cientistas-ao-revelar-gigantes-teias-de-aranha-minerais-formadas-por-agua-subterranea-ha-bilhoes-de-anos\/#primaryimage"},"image":{"@id":"https:\/\/www.em.com.br\/emfoco\/2026\/03\/02\/descoberta-em-marte-surpreende-cientistas-ao-revelar-gigantes-teias-de-aranha-minerais-formadas-por-agua-subterranea-ha-bilhoes-de-anos\/#primaryimage"},"thumbnailUrl":"https:\/\/www.em.com.br\/emfoco\/wp-content\/uploads\/2026\/02\/7-10.jpg","datePublished":"2026-03-02T13:25:00+00:00","dateModified":"2026-02-28T04:48:56+00:00","author":{"@id":"https:\/\/www.em.com.br\/emfoco\/#\/schema\/person\/1c9ddeab18b98abeffef834667bcf08a"},"description":"\u201cTeias de aranha\u201d em Marte revelam minerais formados por \u00e1gua subterr\u00e2nea e refor\u00e7am hip\u00f3tese de ambientes habit\u00e1veis antigos.","breadcrumb":{"@id":"https:\/\/www.em.com.br\/emfoco\/2026\/03\/02\/descoberta-em-marte-surpreende-cientistas-ao-revelar-gigantes-teias-de-aranha-minerais-formadas-por-agua-subterranea-ha-bilhoes-de-anos\/#breadcrumb"},"inLanguage":"pt-BR","potentialAction":[{"@type":"ReadAction","target":["https:\/\/www.em.com.br\/emfoco\/2026\/03\/02\/descoberta-em-marte-surpreende-cientistas-ao-revelar-gigantes-teias-de-aranha-minerais-formadas-por-agua-subterranea-ha-bilhoes-de-anos\/"]}]},{"@type":"ImageObject","inLanguage":"pt-BR","@id":"https:\/\/www.em.com.br\/emfoco\/2026\/03\/02\/descoberta-em-marte-surpreende-cientistas-ao-revelar-gigantes-teias-de-aranha-minerais-formadas-por-agua-subterranea-ha-bilhoes-de-anos\/#primaryimage","url":"https:\/\/www.em.com.br\/emfoco\/wp-content\/uploads\/2026\/02\/7-10.jpg","contentUrl":"https:\/\/www.em.com.br\/emfoco\/wp-content\/uploads\/2026\/02\/7-10.jpg","width":1280,"height":720,"caption":"Estruturas minerais em Marte indicam presen\u00e7a de \u00e1gua subterr\u00e2nea no passado"},{"@type":"BreadcrumbList","@id":"https:\/\/www.em.com.br\/emfoco\/2026\/03\/02\/descoberta-em-marte-surpreende-cientistas-ao-revelar-gigantes-teias-de-aranha-minerais-formadas-por-agua-subterranea-ha-bilhoes-de-anos\/#breadcrumb","itemListElement":[{"@type":"ListItem","position":1,"name":"In\u00edcio","item":"https:\/\/www.em.com.br\/emfoco\/"},{"@type":"ListItem","position":2,"name":"Descoberta em Marte surpreende cientistas ao revelar gigantes \u201cteias de aranha\u201d minerais formadas por \u00e1gua subterr\u00e2nea h\u00e1 bilh\u00f5es de anos"}]},{"@type":"WebSite","@id":"https:\/\/www.em.com.br\/emfoco\/#website","url":"https:\/\/www.em.com.br\/emfoco\/","name":"Estado de Minas - Em foco","description":"Acompanhe as \u00faltimas not\u00edcias e fique bem informado sobre tudo o que acontece em Minas Gerais, Brasil e no mundo.","potentialAction":[{"@type":"SearchAction","target":{"@type":"EntryPoint","urlTemplate":"https:\/\/www.em.com.br\/emfoco\/?s={search_term_string}"},"query-input":{"@type":"PropertyValueSpecification","valueRequired":true,"valueName":"search_term_string"}}],"inLanguage":"pt-BR"},{"@type":"Person","@id":"https:\/\/www.em.com.br\/emfoco\/#\/schema\/person\/1c9ddeab18b98abeffef834667bcf08a","name":"Gabriel Martins","image":{"@type":"ImageObject","inLanguage":"pt-BR","@id":"https:\/\/www.em.com.br\/emfoco\/#\/schema\/person\/image\/","url":"https:\/\/secure.gravatar.com\/avatar\/f0f1e2efdfd88f1ad2cb08c5c2731e50?s=96&d=mm&r=g","contentUrl":"https:\/\/secure.gravatar.com\/avatar\/f0f1e2efdfd88f1ad2cb08c5c2731e50?s=96&d=mm&r=g","caption":"Gabriel Martins"},"sameAs":["https:\/\/www.em.com.br\/emfoco\/"],"url":"https:\/\/www.em.com.br\/emfoco\/author\/gabrielmartinsmyth\/"}]}},"_links":{"self":[{"href":"https:\/\/www.em.com.br\/emfoco\/wp-json\/wp\/v2\/posts\/174613","targetHints":{"allow":["GET"]}}],"collection":[{"href":"https:\/\/www.em.com.br\/emfoco\/wp-json\/wp\/v2\/posts"}],"about":[{"href":"https:\/\/www.em.com.br\/emfoco\/wp-json\/wp\/v2\/types\/post"}],"author":[{"embeddable":true,"href":"https:\/\/www.em.com.br\/emfoco\/wp-json\/wp\/v2\/users\/13"}],"replies":[{"embeddable":true,"href":"https:\/\/www.em.com.br\/emfoco\/wp-json\/wp\/v2\/comments?post=174613"}],"version-history":[{"count":1,"href":"https:\/\/www.em.com.br\/emfoco\/wp-json\/wp\/v2\/posts\/174613\/revisions"}],"predecessor-version":[{"id":174693,"href":"https:\/\/www.em.com.br\/emfoco\/wp-json\/wp\/v2\/posts\/174613\/revisions\/174693"}],"wp:featuredmedia":[{"embeddable":true,"href":"https:\/\/www.em.com.br\/emfoco\/wp-json\/wp\/v2\/media\/174684"}],"wp:attachment":[{"href":"https:\/\/www.em.com.br\/emfoco\/wp-json\/wp\/v2\/media?parent=174613"}],"wp:term":[{"taxonomy":"category","embeddable":true,"href":"https:\/\/www.em.com.br\/emfoco\/wp-json\/wp\/v2\/categories?post=174613"},{"taxonomy":"post_tag","embeddable":true,"href":"https:\/\/www.em.com.br\/emfoco\/wp-json\/wp\/v2\/tags?post=174613"}],"curies":[{"name":"wp","href":"https:\/\/api.w.org\/{rel}","templated":true}]}}