{"id":174611,"date":"2026-03-02T21:35:00","date_gmt":"2026-03-03T00:35:00","guid":{"rendered":"https:\/\/www.em.com.br\/emfoco\/?p=174611"},"modified":"2026-02-28T01:48:40","modified_gmt":"2026-02-28T04:48:40","slug":"a-casa-pre-fabricada-que-esta-mudando-o-jogo-do-mercado-imobiliario-ao-oferecer-ate-5-quartos-e-instalacao-imediata-por-um-valor-surpreendente","status":"publish","type":"post","link":"https:\/\/www.em.com.br\/emfoco\/2026\/03\/02\/a-casa-pre-fabricada-que-esta-mudando-o-jogo-do-mercado-imobiliario-ao-oferecer-ate-5-quartos-e-instalacao-imediata-por-um-valor-surpreendente\/","title":{"rendered":"A casa pr\u00e9-fabricada que est\u00e1 mudando o jogo do mercado imobili\u00e1rio ao oferecer at\u00e9 5 quartos e instala\u00e7\u00e3o imediata por um valor surpreendente"},"content":{"rendered":"\n<p>As <strong>casas pr\u00e9-fabricadas<\/strong> ganham espa\u00e7o diante da alta dos alugu\u00e9is e do custo da constru\u00e7\u00e3o tradicional. Um modelo modular de a\u00e7o, com at\u00e9 5 quartos e terra\u00e7o, est\u00e1 \u00e0 venda por menos de \u20ac 50 mil, pronto para morar.<\/p>\n\n\n\n<h2 class=\"wp-block-heading\">Por que as casas pr\u00e9-fabricadas est\u00e3o substituindo o aluguel?<\/h2>\n\n\n\n<p>O aumento dos pre\u00e7os dos <strong>alugu\u00e9is<\/strong> e o encarecimento das obras convencionais impulsionaram solu\u00e7\u00f5es habitacionais mais acess\u00edveis. As estruturas modulares oferecem montagem r\u00e1pida, menor custo inicial e maior previsibilidade de investimento.<\/p>\n\n\n\n<p>Antes vistas com desconfian\u00e7a, hoje as <strong>moradias modulares<\/strong> se destacam por <strong><a href=\"http:\/\/www.epe.gov.br\/pt\/abcdenergia\/eficiencia-energetica\" target=\"_blank\" rel=\"noreferrer noopener\">efici\u00eancia energ\u00e9tica<\/a><\/strong>, personaliza\u00e7\u00e3o e durabilidade. A evolu\u00e7\u00e3o dos materiais e do design reduziu cr\u00edticas antigas sobre acabamento e resist\u00eancia.<\/p>\n\n\n\n<figure class=\"wp-block-image size-large\"><img loading=\"lazy\" decoding=\"async\" width=\"1024\" height=\"576\" src=\"https:\/\/www.em.com.br\/emfoco\/wp-content\/uploads\/2026\/02\/9-6-1024x576.jpg\" alt=\"A casa pr\u00e9-fabricada que est\u00e1 mudando o jogo do mercado imobili\u00e1rio ao oferecer at\u00e9 5 quartos e instala\u00e7\u00e3o imediata por um valor surpreendente\" class=\"wp-image-174686\" srcset=\"https:\/\/www.em.com.br\/emfoco\/wp-content\/uploads\/2026\/02\/9-6-1024x576.jpg 1024w, https:\/\/www.em.com.br\/emfoco\/wp-content\/uploads\/2026\/02\/9-6-300x169.jpg 300w, https:\/\/www.em.com.br\/emfoco\/wp-content\/uploads\/2026\/02\/9-6-768x432.jpg 768w, https:\/\/www.em.com.br\/emfoco\/wp-content\/uploads\/2026\/02\/9-6-750x422.jpg 750w, https:\/\/www.em.com.br\/emfoco\/wp-content\/uploads\/2026\/02\/9-6-1140x641.jpg 1140w, https:\/\/www.em.com.br\/emfoco\/wp-content\/uploads\/2026\/02\/9-6.jpg 1280w\" sizes=\"auto, (max-width: 1024px) 100vw, 1024px\" \/><figcaption class=\"wp-element-caption\">A evolu\u00e7\u00e3o dos materiais reduziu as cr\u00edticas antigas sobre resist\u00eancia e acabamento<\/figcaption><\/figure>\n\n\n\n<h2 class=\"wp-block-heading\">Como \u00e9 a casa pr\u00e9-fabricada vendida por menos de 50 mil euros?<\/h2>\n\n\n\n<p>O modelo port\u00e1til em a\u00e7o dispon\u00edvel na plataforma digital combina estrutura resistente e projeto modular. Ele pode ser utilizado como resid\u00eancia principal, segunda moradia ou at\u00e9 hospedagem tur\u00edstica. Entre as principais caracter\u00edsticas est\u00e3o as seguintes.<\/p>\n\n\n\n<ul class=\"wp-block-list\">\n<li><strong>Estrutura em a\u00e7o galvanizado imperme\u00e1vel<\/strong>, projetada para suportar diferentes condi\u00e7\u00f5es clim\u00e1ticas, inclusive regi\u00f5es litor\u00e2neas.<\/li>\n\n\n\n<li><strong>Sistema dobr\u00e1vel e modular<\/strong>, que facilita transporte, instala\u00e7\u00e3o r\u00e1pida e poss\u00edvel amplia\u00e7\u00e3o futura.<\/li>\n\n\n\n<li><strong>Configura\u00e7\u00e3o adapt\u00e1vel<\/strong>, permitindo de 2 a 5 quartos, al\u00e9m de cozinha, banheiro e sala em conceito aberto.<\/li>\n<\/ul>\n\n\n\n<h2 class=\"wp-block-heading\">Quantos quartos ela pode ter e o que muda no pre\u00e7o?<\/h2>\n\n\n\n<p>A quantidade de dormit\u00f3rios influencia diretamente no valor final da <strong><a href=\"https:\/\/www.em.com.br\/emfoco\/2026\/02\/11\/exercicios-de-mobilidade-e-circulacao-como-aliviar-pernas-cansadas-e-corpo-pesado-em-casa\/\" target=\"_blank\" rel=\"noreferrer noopener\">casa modular<\/a><\/strong>. O modelo pode variar entre dois e cinco quartos, atendendo tanto fam\u00edlias menores quanto quem precisa de espa\u00e7o extra.<\/p>\n\n\n\n<p>Na vers\u00e3o mais completa, com cinco quartos e terra\u00e7o, o pre\u00e7o pode chegar pr\u00f3ximo aos \u20ac 50 mil. Ainda assim, o custo \u00e9 inferior ao de muitos im\u00f3veis tradicionais e at\u00e9 compar\u00e1vel ao valor de alguns carros novos.<\/p>\n\n\n\n<figure class=\"wp-block-image size-large\"><img loading=\"lazy\" decoding=\"async\" width=\"1024\" height=\"576\" src=\"https:\/\/www.em.com.br\/emfoco\/wp-content\/uploads\/2026\/02\/8-8-1024x576.jpg\" alt=\"A casa pr\u00e9-fabricada que est\u00e1 mudando o jogo do mercado imobili\u00e1rio ao oferecer at\u00e9 5 quartos e instala\u00e7\u00e3o imediata por um valor surpreendente\" class=\"wp-image-174685\" srcset=\"https:\/\/www.em.com.br\/emfoco\/wp-content\/uploads\/2026\/02\/8-8-1024x576.jpg 1024w, https:\/\/www.em.com.br\/emfoco\/wp-content\/uploads\/2026\/02\/8-8-300x169.jpg 300w, https:\/\/www.em.com.br\/emfoco\/wp-content\/uploads\/2026\/02\/8-8-768x432.jpg 768w, https:\/\/www.em.com.br\/emfoco\/wp-content\/uploads\/2026\/02\/8-8-750x422.jpg 750w, https:\/\/www.em.com.br\/emfoco\/wp-content\/uploads\/2026\/02\/8-8-1140x641.jpg 1140w, https:\/\/www.em.com.br\/emfoco\/wp-content\/uploads\/2026\/02\/8-8.jpg 1280w\" sizes=\"auto, (max-width: 1024px) 100vw, 1024px\" \/><figcaption class=\"wp-element-caption\">A quantidade de dormit\u00f3rios influencia diretamente no valor final da moradia<\/figcaption><\/figure>\n\n\n\n<h2 class=\"wp-block-heading\">Quais vantagens essa solu\u00e7\u00e3o oferece em rela\u00e7\u00e3o \u00e0 constru\u00e7\u00e3o comum?<\/h2>\n\n\n\n<p>A principal vantagem est\u00e1 na rapidez de entrega e na previsibilidade de custos. Diferente da obra convencional, a <strong>instala\u00e7\u00e3o r\u00e1pida<\/strong> reduz imprevistos financeiros e prazos prolongados. Outros benef\u00edcios pr\u00e1ticos refor\u00e7am a atratividade do modelo.<\/p>\n\n\n\n<ul class=\"wp-block-list\">\n<li><strong>Montagem acelerada<\/strong>, possibilitando ocupa\u00e7\u00e3o em curto prazo ap\u00f3s a entrega da estrutura.<\/li>\n\n\n\n<li><strong>Menor desperd\u00edcio de materiais<\/strong>, tornando o processo mais sustent\u00e1vel e controlado.<\/li>\n\n\n\n<li><strong>Versatilidade de uso<\/strong>, podendo servir como moradia permanente, casa de f\u00e9rias ou alojamento tur\u00edstico.<\/li>\n<\/ul>\n\n\n\n<p>Embora n\u00e3o seja solu\u00e7\u00e3o m\u00e1gica para todos os perfis, a proposta mostra que as casas pr\u00e9-fabricadas podem representar alternativa concreta ao aluguel, combinando pre\u00e7o competitivo, adapta\u00e7\u00e3o de espa\u00e7o e instala\u00e7\u00e3o simplificada.<\/p>\n","protected":false},"excerpt":{"rendered":"<p>As casas pr\u00e9-fabricadas ganham espa\u00e7o diante da alta dos alugu\u00e9is e do custo da constru\u00e7\u00e3o tradicional. Um modelo modular de a\u00e7o, com at\u00e9 5 quartos e terra\u00e7o, est\u00e1 \u00e0 venda por menos de \u20ac 50 mil, pronto para morar. Por que as casas pr\u00e9-fabricadas est\u00e3o substituindo o aluguel? O aumento dos pre\u00e7os dos alugu\u00e9is e [&hellip;]<\/p>\n","protected":false},"author":13,"featured_media":174687,"comment_status":"open","ping_status":"open","sticky":false,"template":"","format":"standard","meta":{"jnews-multi-image_gallery":[],"jnews_single_post":{"format":"standard"},"jnews_primary_category":[],"jnews_social_meta":[],"jnews_override_counter":[],"footnotes":""},"categories":[8819],"tags":[1526,25298,25299],"class_list":["post-174611","post","type-post","status-publish","format-standard","has-post-thumbnail","hentry","category-curiosidades","tag-aluguel","tag-casas-pre-fabricadas","tag-moradias-modulares"],"yoast_head":"<!-- This site is optimized with the Yoast SEO plugin v23.8 - https:\/\/yoast.com\/wordpress\/plugins\/seo\/ -->\n<title>A casa pr\u00e9-fabricada que est\u00e1 mudando o jogo do mercado imobili\u00e1rio ao oferecer at\u00e9 5 quartos e instala\u00e7\u00e3o imediata por um valor surpreendente - Estado de Minas - Em foco<\/title>\n<meta name=\"description\" content=\"Casas modulares ganham espa\u00e7o com valores abaixo de \u20ac 50 mil e montagem r\u00e1pida que atrai quem quer sair do aluguel.\" \/>\n<meta name=\"robots\" content=\"index, follow, max-snippet:-1, max-image-preview:large, max-video-preview:-1\" \/>\n<link rel=\"canonical\" href=\"https:\/\/www.em.com.br\/emfoco\/2026\/03\/02\/a-casa-pre-fabricada-que-esta-mudando-o-jogo-do-mercado-imobiliario-ao-oferecer-ate-5-quartos-e-instalacao-imediata-por-um-valor-surpreendente\/\" \/>\n<meta property=\"og:locale\" content=\"pt_BR\" \/>\n<meta property=\"og:type\" content=\"article\" \/>\n<meta property=\"og:title\" content=\"A casa pr\u00e9-fabricada que est\u00e1 mudando o jogo do mercado imobili\u00e1rio ao oferecer at\u00e9 5 quartos e instala\u00e7\u00e3o imediata por um valor surpreendente - Estado de Minas - Em foco\" \/>\n<meta property=\"og:description\" content=\"Casas modulares ganham espa\u00e7o com valores abaixo de \u20ac 50 mil e montagem r\u00e1pida que atrai quem quer sair do aluguel.\" \/>\n<meta property=\"og:url\" content=\"https:\/\/www.em.com.br\/emfoco\/2026\/03\/02\/a-casa-pre-fabricada-que-esta-mudando-o-jogo-do-mercado-imobiliario-ao-oferecer-ate-5-quartos-e-instalacao-imediata-por-um-valor-surpreendente\/\" \/>\n<meta property=\"og:site_name\" content=\"Estado de Minas - Em foco\" \/>\n<meta property=\"article:published_time\" content=\"2026-03-03T00:35:00+00:00\" \/>\n<meta property=\"article:modified_time\" content=\"2026-02-28T04:48:40+00:00\" \/>\n<meta property=\"og:image\" content=\"https:\/\/www.em.com.br\/emfoco\/wp-content\/uploads\/2026\/02\/10-3.jpg\" \/>\n\t<meta property=\"og:image:width\" content=\"1280\" \/>\n\t<meta property=\"og:image:height\" content=\"720\" \/>\n\t<meta property=\"og:image:type\" content=\"image\/jpeg\" \/>\n<meta name=\"author\" content=\"Gabriel Martins\" \/>\n<meta name=\"twitter:card\" content=\"summary_large_image\" \/>\n<meta name=\"twitter:label1\" content=\"Escrito por\" \/>\n\t<meta name=\"twitter:data1\" content=\"Gabriel Martins\" \/>\n\t<meta name=\"twitter:label2\" content=\"Est. tempo de leitura\" \/>\n\t<meta name=\"twitter:data2\" content=\"3 minutos\" \/>\n<!-- \/ Yoast SEO plugin. -->","yoast_head_json":{"title":"A casa pr\u00e9-fabricada que est\u00e1 mudando o jogo do mercado imobili\u00e1rio ao oferecer at\u00e9 5 quartos e instala\u00e7\u00e3o imediata por um valor surpreendente - Estado de Minas - Em foco","description":"Casas modulares ganham espa\u00e7o com valores abaixo de \u20ac 50 mil e montagem r\u00e1pida que atrai quem quer sair do aluguel.","robots":{"index":"index","follow":"follow","max-snippet":"max-snippet:-1","max-image-preview":"max-image-preview:large","max-video-preview":"max-video-preview:-1"},"canonical":"https:\/\/www.em.com.br\/emfoco\/2026\/03\/02\/a-casa-pre-fabricada-que-esta-mudando-o-jogo-do-mercado-imobiliario-ao-oferecer-ate-5-quartos-e-instalacao-imediata-por-um-valor-surpreendente\/","og_locale":"pt_BR","og_type":"article","og_title":"A casa pr\u00e9-fabricada que est\u00e1 mudando o jogo do mercado imobili\u00e1rio ao oferecer at\u00e9 5 quartos e instala\u00e7\u00e3o imediata por um valor surpreendente - Estado de Minas - Em foco","og_description":"Casas modulares ganham espa\u00e7o com valores abaixo de \u20ac 50 mil e montagem r\u00e1pida que atrai quem quer sair do aluguel.","og_url":"https:\/\/www.em.com.br\/emfoco\/2026\/03\/02\/a-casa-pre-fabricada-que-esta-mudando-o-jogo-do-mercado-imobiliario-ao-oferecer-ate-5-quartos-e-instalacao-imediata-por-um-valor-surpreendente\/","og_site_name":"Estado de Minas - Em foco","article_published_time":"2026-03-03T00:35:00+00:00","article_modified_time":"2026-02-28T04:48:40+00:00","og_image":[{"width":1280,"height":720,"url":"https:\/\/www.em.com.br\/emfoco\/wp-content\/uploads\/2026\/02\/10-3.jpg","type":"image\/jpeg"}],"author":"Gabriel Martins","twitter_card":"summary_large_image","twitter_misc":{"Escrito por":"Gabriel Martins","Est. tempo de leitura":"3 minutos"},"schema":{"@context":"https:\/\/schema.org","@graph":[{"@type":"WebPage","@id":"https:\/\/www.em.com.br\/emfoco\/2026\/03\/02\/a-casa-pre-fabricada-que-esta-mudando-o-jogo-do-mercado-imobiliario-ao-oferecer-ate-5-quartos-e-instalacao-imediata-por-um-valor-surpreendente\/","url":"https:\/\/www.em.com.br\/emfoco\/2026\/03\/02\/a-casa-pre-fabricada-que-esta-mudando-o-jogo-do-mercado-imobiliario-ao-oferecer-ate-5-quartos-e-instalacao-imediata-por-um-valor-surpreendente\/","name":"A casa pr\u00e9-fabricada que est\u00e1 mudando o jogo do mercado imobili\u00e1rio ao oferecer at\u00e9 5 quartos e instala\u00e7\u00e3o imediata por um valor surpreendente - Estado de Minas - Em foco","isPartOf":{"@id":"https:\/\/www.em.com.br\/emfoco\/#website"},"primaryImageOfPage":{"@id":"https:\/\/www.em.com.br\/emfoco\/2026\/03\/02\/a-casa-pre-fabricada-que-esta-mudando-o-jogo-do-mercado-imobiliario-ao-oferecer-ate-5-quartos-e-instalacao-imediata-por-um-valor-surpreendente\/#primaryimage"},"image":{"@id":"https:\/\/www.em.com.br\/emfoco\/2026\/03\/02\/a-casa-pre-fabricada-que-esta-mudando-o-jogo-do-mercado-imobiliario-ao-oferecer-ate-5-quartos-e-instalacao-imediata-por-um-valor-surpreendente\/#primaryimage"},"thumbnailUrl":"https:\/\/www.em.com.br\/emfoco\/wp-content\/uploads\/2026\/02\/10-3.jpg","datePublished":"2026-03-03T00:35:00+00:00","dateModified":"2026-02-28T04:48:40+00:00","author":{"@id":"https:\/\/www.em.com.br\/emfoco\/#\/schema\/person\/1c9ddeab18b98abeffef834667bcf08a"},"description":"Casas modulares ganham espa\u00e7o com valores abaixo de \u20ac 50 mil e montagem r\u00e1pida que atrai quem quer sair do aluguel.","breadcrumb":{"@id":"https:\/\/www.em.com.br\/emfoco\/2026\/03\/02\/a-casa-pre-fabricada-que-esta-mudando-o-jogo-do-mercado-imobiliario-ao-oferecer-ate-5-quartos-e-instalacao-imediata-por-um-valor-surpreendente\/#breadcrumb"},"inLanguage":"pt-BR","potentialAction":[{"@type":"ReadAction","target":["https:\/\/www.em.com.br\/emfoco\/2026\/03\/02\/a-casa-pre-fabricada-que-esta-mudando-o-jogo-do-mercado-imobiliario-ao-oferecer-ate-5-quartos-e-instalacao-imediata-por-um-valor-surpreendente\/"]}]},{"@type":"ImageObject","inLanguage":"pt-BR","@id":"https:\/\/www.em.com.br\/emfoco\/2026\/03\/02\/a-casa-pre-fabricada-que-esta-mudando-o-jogo-do-mercado-imobiliario-ao-oferecer-ate-5-quartos-e-instalacao-imediata-por-um-valor-surpreendente\/#primaryimage","url":"https:\/\/www.em.com.br\/emfoco\/wp-content\/uploads\/2026\/02\/10-3.jpg","contentUrl":"https:\/\/www.em.com.br\/emfoco\/wp-content\/uploads\/2026\/02\/10-3.jpg","width":1280,"height":720,"caption":"Estruturas modulares oferecem montagem r\u00e1pida e maior previsibilidade de investimento financeiro"},{"@type":"BreadcrumbList","@id":"https:\/\/www.em.com.br\/emfoco\/2026\/03\/02\/a-casa-pre-fabricada-que-esta-mudando-o-jogo-do-mercado-imobiliario-ao-oferecer-ate-5-quartos-e-instalacao-imediata-por-um-valor-surpreendente\/#breadcrumb","itemListElement":[{"@type":"ListItem","position":1,"name":"In\u00edcio","item":"https:\/\/www.em.com.br\/emfoco\/"},{"@type":"ListItem","position":2,"name":"A casa pr\u00e9-fabricada que est\u00e1 mudando o jogo do mercado imobili\u00e1rio ao oferecer at\u00e9 5 quartos e instala\u00e7\u00e3o imediata por um valor surpreendente"}]},{"@type":"WebSite","@id":"https:\/\/www.em.com.br\/emfoco\/#website","url":"https:\/\/www.em.com.br\/emfoco\/","name":"Estado de Minas - Em foco","description":"Acompanhe as \u00faltimas not\u00edcias e fique bem informado sobre tudo o que acontece em Minas Gerais, Brasil e no mundo.","potentialAction":[{"@type":"SearchAction","target":{"@type":"EntryPoint","urlTemplate":"https:\/\/www.em.com.br\/emfoco\/?s={search_term_string}"},"query-input":{"@type":"PropertyValueSpecification","valueRequired":true,"valueName":"search_term_string"}}],"inLanguage":"pt-BR"},{"@type":"Person","@id":"https:\/\/www.em.com.br\/emfoco\/#\/schema\/person\/1c9ddeab18b98abeffef834667bcf08a","name":"Gabriel Martins","image":{"@type":"ImageObject","inLanguage":"pt-BR","@id":"https:\/\/www.em.com.br\/emfoco\/#\/schema\/person\/image\/","url":"https:\/\/secure.gravatar.com\/avatar\/f0f1e2efdfd88f1ad2cb08c5c2731e50?s=96&d=mm&r=g","contentUrl":"https:\/\/secure.gravatar.com\/avatar\/f0f1e2efdfd88f1ad2cb08c5c2731e50?s=96&d=mm&r=g","caption":"Gabriel Martins"},"sameAs":["https:\/\/www.em.com.br\/emfoco\/"],"url":"https:\/\/www.em.com.br\/emfoco\/author\/gabrielmartinsmyth\/"}]}},"_links":{"self":[{"href":"https:\/\/www.em.com.br\/emfoco\/wp-json\/wp\/v2\/posts\/174611","targetHints":{"allow":["GET"]}}],"collection":[{"href":"https:\/\/www.em.com.br\/emfoco\/wp-json\/wp\/v2\/posts"}],"about":[{"href":"https:\/\/www.em.com.br\/emfoco\/wp-json\/wp\/v2\/types\/post"}],"author":[{"embeddable":true,"href":"https:\/\/www.em.com.br\/emfoco\/wp-json\/wp\/v2\/users\/13"}],"replies":[{"embeddable":true,"href":"https:\/\/www.em.com.br\/emfoco\/wp-json\/wp\/v2\/comments?post=174611"}],"version-history":[{"count":1,"href":"https:\/\/www.em.com.br\/emfoco\/wp-json\/wp\/v2\/posts\/174611\/revisions"}],"predecessor-version":[{"id":174691,"href":"https:\/\/www.em.com.br\/emfoco\/wp-json\/wp\/v2\/posts\/174611\/revisions\/174691"}],"wp:featuredmedia":[{"embeddable":true,"href":"https:\/\/www.em.com.br\/emfoco\/wp-json\/wp\/v2\/media\/174687"}],"wp:attachment":[{"href":"https:\/\/www.em.com.br\/emfoco\/wp-json\/wp\/v2\/media?parent=174611"}],"wp:term":[{"taxonomy":"category","embeddable":true,"href":"https:\/\/www.em.com.br\/emfoco\/wp-json\/wp\/v2\/categories?post=174611"},{"taxonomy":"post_tag","embeddable":true,"href":"https:\/\/www.em.com.br\/emfoco\/wp-json\/wp\/v2\/tags?post=174611"}],"curies":[{"name":"wp","href":"https:\/\/api.w.org\/{rel}","templated":true}]}}