{"id":174606,"date":"2026-03-02T13:35:00","date_gmt":"2026-03-02T16:35:00","guid":{"rendered":"https:\/\/www.em.com.br\/emfoco\/?p=174606"},"modified":"2026-02-27T23:56:18","modified_gmt":"2026-02-28T02:56:18","slug":"funcionario-desaparece-por-24-horas-durante-viagem-de-trabalho-alega-crise-de-ansiedade-e-acaba-demitido-por-justa-causa-apos-decisao-do-tribunal","status":"publish","type":"post","link":"https:\/\/www.em.com.br\/emfoco\/2026\/03\/02\/funcionario-desaparece-por-24-horas-durante-viagem-de-trabalho-alega-crise-de-ansiedade-e-acaba-demitido-por-justa-causa-apos-decisao-do-tribunal\/","title":{"rendered":"Funcion\u00e1rio desaparece por 24 horas durante viagem de trabalho, alega crise de ansiedade e acaba demitido por justa causa ap\u00f3s decis\u00e3o do tribunal"},"content":{"rendered":"\n<p>Um caso de <strong>demiss\u00e3o em viagem de trabalho<\/strong> ganhou repercuss\u00e3o ap\u00f3s um funcion\u00e1rio desaparecer por 24 horas e alegar ataque de ansiedade. O tribunal considerou que houve quebra de confian\u00e7a e confirmou a justa causa.<\/p>\n\n\n\n<h2 class=\"wp-block-heading\">O que aconteceu durante a viagem corporativa?<\/h2>\n\n\n\n<p>O trabalhador viajou em abril de 2024 para um curso patrocinado pela empresa. Participou do primeiro dia normalmente, jantou com colegas e utilizou um <strong>t\u00e1xi pago pela empresa<\/strong> para retornar ao hotel ap\u00f3s meia-noite.<\/p>\n\n\n\n<p>No dia seguinte, ele n\u00e3o compareceu ao treinamento e ficou <strong>incontact\u00e1vel por 24 horas<\/strong>. Diante da aus\u00eancia, o diretor de Recursos Humanos registrou boletim de ocorr\u00eancia por desaparecimento.<\/p>\n\n\n\n<figure class=\"wp-block-image size-large\"><img loading=\"lazy\" decoding=\"async\" width=\"1024\" height=\"576\" src=\"https:\/\/www.em.com.br\/emfoco\/wp-content\/uploads\/2026\/02\/4-17-1024x576.jpg\" alt=\"Funcion\u00e1rio desaparece por 24 horas durante viagem de trabalho, alega crise de ansiedade e acaba demitido por justa causa ap\u00f3s decis\u00e3o do tribunal\" class=\"wp-image-174660\" srcset=\"https:\/\/www.em.com.br\/emfoco\/wp-content\/uploads\/2026\/02\/4-17-1024x576.jpg 1024w, https:\/\/www.em.com.br\/emfoco\/wp-content\/uploads\/2026\/02\/4-17-300x169.jpg 300w, https:\/\/www.em.com.br\/emfoco\/wp-content\/uploads\/2026\/02\/4-17-768x432.jpg 768w, https:\/\/www.em.com.br\/emfoco\/wp-content\/uploads\/2026\/02\/4-17-750x422.jpg 750w, https:\/\/www.em.com.br\/emfoco\/wp-content\/uploads\/2026\/02\/4-17-1140x641.jpg 1140w, https:\/\/www.em.com.br\/emfoco\/wp-content\/uploads\/2026\/02\/4-17.jpg 1280w\" sizes=\"auto, (max-width: 1024px) 100vw, 1024px\" \/><figcaption class=\"wp-element-caption\">O funcion\u00e1rio ficou incontact\u00e1vel por um dia inteiro durante curso profissional<\/figcaption><\/figure>\n\n\n\n<h2 class=\"wp-block-heading\">Como o desaparecimento foi esclarecido?<\/h2>\n\n\n\n<p>Na madrugada de 11 de abril, a pol\u00edcia informou que o funcion\u00e1rio havia retornado ao hotel em boas condi\u00e7\u00f5es. Ele recolheu seus pertences e alterou o voo de volta sem autoriza\u00e7\u00e3o formal pr\u00e9via. Os principais fatos apurados foram os seguintes.<\/p>\n\n\n\n<ul class=\"wp-block-list\">\n<li><strong>Entrada no hotel registrada<\/strong> na noite do dia 10 para 11 de abril.<\/li>\n\n\n\n<li><strong>Altera\u00e7\u00e3o do voo por iniciativa pr\u00f3pria<\/strong>, com custo assumido pela empresa.<\/li>\n\n\n\n<li><strong>Aus\u00eancia injustificada<\/strong> em compromissos profissionais ainda previstos.<\/li>\n<\/ul>\n\n\n\n<h2 class=\"wp-block-heading\">O atestado m\u00e9dico n\u00e3o foi suficiente para reverter a demiss\u00e3o?<\/h2>\n\n\n\n<p>O empregado apresentou <strong>atestado de atendimento por <a href=\"https:\/\/www.em.com.br\/emfoco\/2026\/02\/25\/segundo-a-psicologia-pessoas-com-ansiedade-apresentam-esses-3-tracos-de-personalidade\/\" target=\"_blank\" rel=\"noreferrer noopener\">ansiedade<\/a><\/strong>, alegando ter sofrido um epis\u00f3dio agudo. Segundo o documento, recebeu recomenda\u00e7\u00e3o de afastamento tempor\u00e1rio por motivos de sa\u00fade.<\/p>\n\n\n\n<p>A empresa, por\u00e9m, analisou registros de deslocamento e movimenta\u00e7\u00f5es que demonstraram que ele permaneceu ativo durante o per\u00edodo. Para os julgadores, a <strong>conduta contrariou a boa-f\u00e9 contratual<\/strong>.<\/p>\n\n\n\n<figure class=\"wp-block-image size-large\"><img loading=\"lazy\" decoding=\"async\" width=\"1024\" height=\"576\" src=\"https:\/\/www.em.com.br\/emfoco\/wp-content\/uploads\/2026\/02\/3-27-1024x576.jpg\" alt=\"Funcion\u00e1rio desaparece por 24 horas durante viagem de trabalho, alega crise de ansiedade e acaba demitido por justa causa ap\u00f3s decis\u00e3o do tribunal\" class=\"wp-image-174659\" srcset=\"https:\/\/www.em.com.br\/emfoco\/wp-content\/uploads\/2026\/02\/3-27-1024x576.jpg 1024w, https:\/\/www.em.com.br\/emfoco\/wp-content\/uploads\/2026\/02\/3-27-300x169.jpg 300w, https:\/\/www.em.com.br\/emfoco\/wp-content\/uploads\/2026\/02\/3-27-768x432.jpg 768w, https:\/\/www.em.com.br\/emfoco\/wp-content\/uploads\/2026\/02\/3-27-750x422.jpg 750w, https:\/\/www.em.com.br\/emfoco\/wp-content\/uploads\/2026\/02\/3-27-1140x641.jpg 1140w, https:\/\/www.em.com.br\/emfoco\/wp-content\/uploads\/2026\/02\/3-27.jpg 1280w\" sizes=\"auto, (max-width: 1024px) 100vw, 1024px\" \/><figcaption class=\"wp-element-caption\">A Justi\u00e7a considerou l\u00edcito o uso de dados de servi\u00e7os empresariais<\/figcaption><\/figure>\n\n\n\n<h2 class=\"wp-block-heading\">O que o Tribunal Superior decidiu sobre a prova?<\/h2>\n\n\n\n<p>O trabalhador recorreu ao <strong><a href=\"https:\/\/en.wikipedia.org\/wiki\/High_Court_of_Justice_of_Canarias\" target=\"_blank\" rel=\"noreferrer noopener\">Tribunal Superior de Justi\u00e7a das Ilhas Can\u00e1rias<\/a><\/strong>, argumentando que o uso de dados de GPS e transporte violava sua privacidade. O tribunal rejeitou a tese, entendendo que o servi\u00e7o foi contratado para fins profissionais.<\/p>\n\n\n\n<ul class=\"wp-block-list\">\n<li><strong>Dados do t\u00e1xi eram l\u00edcitos<\/strong> por integrarem servi\u00e7o empresarial.<\/li>\n\n\n\n<li><strong>Controle do deslocamento<\/strong> foi considerado leg\u00edtimo mesmo fora do expediente.<\/li>\n\n\n\n<li><strong>Quebra de confian\u00e7a comprovada<\/strong> sustentou a validade da justa causa.<\/li>\n<\/ul>\n\n\n\n<p>O veredicto concluiu que houve abuso de confian\u00e7a e viola\u00e7\u00e3o das obriga\u00e7\u00f5es contratuais, mantendo a demiss\u00e3o como medida justificada.<\/p>\n\n\n\n<h2 class=\"wp-block-heading\">O que o caso revela para empresas e trabalhadores?<\/h2>\n\n\n\n<p>A decis\u00e3o refor\u00e7a que <strong>viagens a trabalho<\/strong> exigem cumprimento integral das obriga\u00e7\u00f5es previstas. A aus\u00eancia sem comunica\u00e7\u00e3o adequada pode gerar consequ\u00eancias disciplinares severas.<\/p>\n\n\n\n<p>Para empregados, o epis\u00f3dio serve de alerta sobre o dever de transpar\u00eancia durante eventos corporativos. J\u00e1 para empresas, evidencia que o monitoramento de servi\u00e7os custeados institucionalmente pode ser utilizado como prova em lit\u00edgios.<\/p>\n","protected":false},"excerpt":{"rendered":"<p>Um caso de demiss\u00e3o em viagem de trabalho ganhou repercuss\u00e3o ap\u00f3s um funcion\u00e1rio desaparecer por 24 horas e alegar ataque de ansiedade. O tribunal considerou que houve quebra de confian\u00e7a e confirmou a justa causa. O que aconteceu durante a viagem corporativa? O trabalhador viajou em abril de 2024 para um curso patrocinado pela empresa. [&hellip;]<\/p>\n","protected":false},"author":13,"featured_media":174661,"comment_status":"open","ping_status":"open","sticky":false,"template":"","format":"standard","meta":{"jnews-multi-image_gallery":[],"jnews_single_post":{"format":"standard"},"jnews_primary_category":[],"jnews_social_meta":[],"jnews_override_counter":[],"footnotes":""},"categories":[8819],"tags":[2287,25295],"class_list":["post-174606","post","type-post","status-publish","format-standard","has-post-thumbnail","hentry","category-curiosidades","tag-demissao","tag-viagem-de-trabalho"],"yoast_head":"<!-- This site is optimized with the Yoast SEO plugin v23.8 - https:\/\/yoast.com\/wordpress\/plugins\/seo\/ -->\n<title>Funcion\u00e1rio desaparece por 24 horas durante viagem de trabalho, alega crise de ansiedade e acaba demitido por justa causa ap\u00f3s decis\u00e3o do tribunal - Estado de Minas - Em foco<\/title>\n<meta name=\"description\" content=\"Justi\u00e7a confirma justa causa ap\u00f3s funcion\u00e1rio desaparecer por 24 horas em viagem de trabalho e alterar voo sem autoriza\u00e7\u00e3o.\" \/>\n<meta name=\"robots\" content=\"index, follow, max-snippet:-1, max-image-preview:large, max-video-preview:-1\" \/>\n<link rel=\"canonical\" href=\"https:\/\/www.em.com.br\/emfoco\/2026\/03\/02\/funcionario-desaparece-por-24-horas-durante-viagem-de-trabalho-alega-crise-de-ansiedade-e-acaba-demitido-por-justa-causa-apos-decisao-do-tribunal\/\" \/>\n<meta property=\"og:locale\" content=\"pt_BR\" \/>\n<meta property=\"og:type\" content=\"article\" \/>\n<meta property=\"og:title\" content=\"Funcion\u00e1rio desaparece por 24 horas durante viagem de trabalho, alega crise de ansiedade e acaba demitido por justa causa ap\u00f3s decis\u00e3o do tribunal - Estado de Minas - Em foco\" \/>\n<meta property=\"og:description\" content=\"Justi\u00e7a confirma justa causa ap\u00f3s funcion\u00e1rio desaparecer por 24 horas em viagem de trabalho e alterar voo sem autoriza\u00e7\u00e3o.\" \/>\n<meta property=\"og:url\" content=\"https:\/\/www.em.com.br\/emfoco\/2026\/03\/02\/funcionario-desaparece-por-24-horas-durante-viagem-de-trabalho-alega-crise-de-ansiedade-e-acaba-demitido-por-justa-causa-apos-decisao-do-tribunal\/\" \/>\n<meta property=\"og:site_name\" content=\"Estado de Minas - Em foco\" \/>\n<meta property=\"article:published_time\" content=\"2026-03-02T16:35:00+00:00\" \/>\n<meta property=\"article:modified_time\" content=\"2026-02-28T02:56:18+00:00\" \/>\n<meta property=\"og:image\" content=\"https:\/\/www.em.com.br\/emfoco\/wp-content\/uploads\/2026\/02\/5-16.jpg\" \/>\n\t<meta property=\"og:image:width\" content=\"1280\" \/>\n\t<meta property=\"og:image:height\" content=\"720\" \/>\n\t<meta property=\"og:image:type\" content=\"image\/jpeg\" \/>\n<meta name=\"author\" content=\"Gabriel Martins\" \/>\n<meta name=\"twitter:card\" content=\"summary_large_image\" \/>\n<meta name=\"twitter:label1\" content=\"Escrito por\" \/>\n\t<meta name=\"twitter:data1\" content=\"Gabriel Martins\" \/>\n\t<meta name=\"twitter:label2\" content=\"Est. tempo de leitura\" \/>\n\t<meta name=\"twitter:data2\" content=\"3 minutos\" \/>\n<!-- \/ Yoast SEO plugin. -->","yoast_head_json":{"title":"Funcion\u00e1rio desaparece por 24 horas durante viagem de trabalho, alega crise de ansiedade e acaba demitido por justa causa ap\u00f3s decis\u00e3o do tribunal - Estado de Minas - Em foco","description":"Justi\u00e7a confirma justa causa ap\u00f3s funcion\u00e1rio desaparecer por 24 horas em viagem de trabalho e alterar voo sem autoriza\u00e7\u00e3o.","robots":{"index":"index","follow":"follow","max-snippet":"max-snippet:-1","max-image-preview":"max-image-preview:large","max-video-preview":"max-video-preview:-1"},"canonical":"https:\/\/www.em.com.br\/emfoco\/2026\/03\/02\/funcionario-desaparece-por-24-horas-durante-viagem-de-trabalho-alega-crise-de-ansiedade-e-acaba-demitido-por-justa-causa-apos-decisao-do-tribunal\/","og_locale":"pt_BR","og_type":"article","og_title":"Funcion\u00e1rio desaparece por 24 horas durante viagem de trabalho, alega crise de ansiedade e acaba demitido por justa causa ap\u00f3s decis\u00e3o do tribunal - Estado de Minas - Em foco","og_description":"Justi\u00e7a confirma justa causa ap\u00f3s funcion\u00e1rio desaparecer por 24 horas em viagem de trabalho e alterar voo sem autoriza\u00e7\u00e3o.","og_url":"https:\/\/www.em.com.br\/emfoco\/2026\/03\/02\/funcionario-desaparece-por-24-horas-durante-viagem-de-trabalho-alega-crise-de-ansiedade-e-acaba-demitido-por-justa-causa-apos-decisao-do-tribunal\/","og_site_name":"Estado de Minas - Em foco","article_published_time":"2026-03-02T16:35:00+00:00","article_modified_time":"2026-02-28T02:56:18+00:00","og_image":[{"width":1280,"height":720,"url":"https:\/\/www.em.com.br\/emfoco\/wp-content\/uploads\/2026\/02\/5-16.jpg","type":"image\/jpeg"}],"author":"Gabriel Martins","twitter_card":"summary_large_image","twitter_misc":{"Escrito por":"Gabriel Martins","Est. tempo de leitura":"3 minutos"},"schema":{"@context":"https:\/\/schema.org","@graph":[{"@type":"WebPage","@id":"https:\/\/www.em.com.br\/emfoco\/2026\/03\/02\/funcionario-desaparece-por-24-horas-durante-viagem-de-trabalho-alega-crise-de-ansiedade-e-acaba-demitido-por-justa-causa-apos-decisao-do-tribunal\/","url":"https:\/\/www.em.com.br\/emfoco\/2026\/03\/02\/funcionario-desaparece-por-24-horas-durante-viagem-de-trabalho-alega-crise-de-ansiedade-e-acaba-demitido-por-justa-causa-apos-decisao-do-tribunal\/","name":"Funcion\u00e1rio desaparece por 24 horas durante viagem de trabalho, alega crise de ansiedade e acaba demitido por justa causa ap\u00f3s decis\u00e3o do tribunal - Estado de Minas - Em foco","isPartOf":{"@id":"https:\/\/www.em.com.br\/emfoco\/#website"},"primaryImageOfPage":{"@id":"https:\/\/www.em.com.br\/emfoco\/2026\/03\/02\/funcionario-desaparece-por-24-horas-durante-viagem-de-trabalho-alega-crise-de-ansiedade-e-acaba-demitido-por-justa-causa-apos-decisao-do-tribunal\/#primaryimage"},"image":{"@id":"https:\/\/www.em.com.br\/emfoco\/2026\/03\/02\/funcionario-desaparece-por-24-horas-durante-viagem-de-trabalho-alega-crise-de-ansiedade-e-acaba-demitido-por-justa-causa-apos-decisao-do-tribunal\/#primaryimage"},"thumbnailUrl":"https:\/\/www.em.com.br\/emfoco\/wp-content\/uploads\/2026\/02\/5-16.jpg","datePublished":"2026-03-02T16:35:00+00:00","dateModified":"2026-02-28T02:56:18+00:00","author":{"@id":"https:\/\/www.em.com.br\/emfoco\/#\/schema\/person\/1c9ddeab18b98abeffef834667bcf08a"},"description":"Justi\u00e7a confirma justa causa ap\u00f3s funcion\u00e1rio desaparecer por 24 horas em viagem de trabalho e alterar voo sem autoriza\u00e7\u00e3o.","breadcrumb":{"@id":"https:\/\/www.em.com.br\/emfoco\/2026\/03\/02\/funcionario-desaparece-por-24-horas-durante-viagem-de-trabalho-alega-crise-de-ansiedade-e-acaba-demitido-por-justa-causa-apos-decisao-do-tribunal\/#breadcrumb"},"inLanguage":"pt-BR","potentialAction":[{"@type":"ReadAction","target":["https:\/\/www.em.com.br\/emfoco\/2026\/03\/02\/funcionario-desaparece-por-24-horas-durante-viagem-de-trabalho-alega-crise-de-ansiedade-e-acaba-demitido-por-justa-causa-apos-decisao-do-tribunal\/"]}]},{"@type":"ImageObject","inLanguage":"pt-BR","@id":"https:\/\/www.em.com.br\/emfoco\/2026\/03\/02\/funcionario-desaparece-por-24-horas-durante-viagem-de-trabalho-alega-crise-de-ansiedade-e-acaba-demitido-por-justa-causa-apos-decisao-do-tribunal\/#primaryimage","url":"https:\/\/www.em.com.br\/emfoco\/wp-content\/uploads\/2026\/02\/5-16.jpg","contentUrl":"https:\/\/www.em.com.br\/emfoco\/wp-content\/uploads\/2026\/02\/5-16.jpg","width":1280,"height":720,"caption":"Aus\u00eancia injustificada em viagens de trabalho compromete a boa-f\u00e9 do contrato"},{"@type":"BreadcrumbList","@id":"https:\/\/www.em.com.br\/emfoco\/2026\/03\/02\/funcionario-desaparece-por-24-horas-durante-viagem-de-trabalho-alega-crise-de-ansiedade-e-acaba-demitido-por-justa-causa-apos-decisao-do-tribunal\/#breadcrumb","itemListElement":[{"@type":"ListItem","position":1,"name":"In\u00edcio","item":"https:\/\/www.em.com.br\/emfoco\/"},{"@type":"ListItem","position":2,"name":"Funcion\u00e1rio desaparece por 24 horas durante viagem de trabalho, alega crise de ansiedade e acaba demitido por justa causa ap\u00f3s decis\u00e3o do tribunal"}]},{"@type":"WebSite","@id":"https:\/\/www.em.com.br\/emfoco\/#website","url":"https:\/\/www.em.com.br\/emfoco\/","name":"Estado de Minas - Em foco","description":"Acompanhe as \u00faltimas not\u00edcias e fique bem informado sobre tudo o que acontece em Minas Gerais, Brasil e no mundo.","potentialAction":[{"@type":"SearchAction","target":{"@type":"EntryPoint","urlTemplate":"https:\/\/www.em.com.br\/emfoco\/?s={search_term_string}"},"query-input":{"@type":"PropertyValueSpecification","valueRequired":true,"valueName":"search_term_string"}}],"inLanguage":"pt-BR"},{"@type":"Person","@id":"https:\/\/www.em.com.br\/emfoco\/#\/schema\/person\/1c9ddeab18b98abeffef834667bcf08a","name":"Gabriel Martins","image":{"@type":"ImageObject","inLanguage":"pt-BR","@id":"https:\/\/www.em.com.br\/emfoco\/#\/schema\/person\/image\/","url":"https:\/\/secure.gravatar.com\/avatar\/f0f1e2efdfd88f1ad2cb08c5c2731e50?s=96&d=mm&r=g","contentUrl":"https:\/\/secure.gravatar.com\/avatar\/f0f1e2efdfd88f1ad2cb08c5c2731e50?s=96&d=mm&r=g","caption":"Gabriel Martins"},"sameAs":["https:\/\/www.em.com.br\/emfoco\/"],"url":"https:\/\/www.em.com.br\/emfoco\/author\/gabrielmartinsmyth\/"}]}},"_links":{"self":[{"href":"https:\/\/www.em.com.br\/emfoco\/wp-json\/wp\/v2\/posts\/174606","targetHints":{"allow":["GET"]}}],"collection":[{"href":"https:\/\/www.em.com.br\/emfoco\/wp-json\/wp\/v2\/posts"}],"about":[{"href":"https:\/\/www.em.com.br\/emfoco\/wp-json\/wp\/v2\/types\/post"}],"author":[{"embeddable":true,"href":"https:\/\/www.em.com.br\/emfoco\/wp-json\/wp\/v2\/users\/13"}],"replies":[{"embeddable":true,"href":"https:\/\/www.em.com.br\/emfoco\/wp-json\/wp\/v2\/comments?post=174606"}],"version-history":[{"count":1,"href":"https:\/\/www.em.com.br\/emfoco\/wp-json\/wp\/v2\/posts\/174606\/revisions"}],"predecessor-version":[{"id":174670,"href":"https:\/\/www.em.com.br\/emfoco\/wp-json\/wp\/v2\/posts\/174606\/revisions\/174670"}],"wp:featuredmedia":[{"embeddable":true,"href":"https:\/\/www.em.com.br\/emfoco\/wp-json\/wp\/v2\/media\/174661"}],"wp:attachment":[{"href":"https:\/\/www.em.com.br\/emfoco\/wp-json\/wp\/v2\/media?parent=174606"}],"wp:term":[{"taxonomy":"category","embeddable":true,"href":"https:\/\/www.em.com.br\/emfoco\/wp-json\/wp\/v2\/categories?post=174606"},{"taxonomy":"post_tag","embeddable":true,"href":"https:\/\/www.em.com.br\/emfoco\/wp-json\/wp\/v2\/tags?post=174606"}],"curies":[{"name":"wp","href":"https:\/\/api.w.org\/{rel}","templated":true}]}}