{"id":174605,"date":"2026-03-02T19:35:00","date_gmt":"2026-03-02T22:35:00","guid":{"rendered":"https:\/\/www.em.com.br\/emfoco\/?p=174605"},"modified":"2026-02-27T23:56:00","modified_gmt":"2026-02-28T02:56:00","slug":"funcionaria-e-demitida-por-chegar-cedo-demais-ao-trabalho-e-justica-confirma-justa-causa-ao-apontar-violacao-grave-das-normas-internas","status":"publish","type":"post","link":"https:\/\/www.em.com.br\/emfoco\/2026\/03\/02\/funcionaria-e-demitida-por-chegar-cedo-demais-ao-trabalho-e-justica-confirma-justa-causa-ao-apontar-violacao-grave-das-normas-internas\/","title":{"rendered":"Funcion\u00e1ria \u00e9 demitida por chegar cedo demais ao trabalho e Justi\u00e7a confirma justa causa ao apontar viola\u00e7\u00e3o grave das normas internas"},"content":{"rendered":"\n<p>A <strong>demiss\u00e3o por chegar cedo demais<\/strong> surpreendeu ao ser confirmada pela Justi\u00e7a na Espanha. O caso mostra que desrespeitar normas internas, mesmo com inten\u00e7\u00e3o de trabalhar mais, pode configurar falta grave e levar \u00e0 rescis\u00e3o contratual sem indeniza\u00e7\u00e3o.<\/p>\n\n\n\n<h2 class=\"wp-block-heading\">Por que a funcion\u00e1ria foi demitida por chegar antes do hor\u00e1rio?<\/h2>\n\n\n\n<p>A trabalhadora de um centro log\u00edstico em Alicante chegava entre 30 e 45 minutos antes do in\u00edcio oficial do turno, \u00e0s 7h30. Mesmo ap\u00f3s <strong>avisos verbais e notifica\u00e7\u00f5es formais<\/strong>, manteve a conduta, contrariando regras internas da empresa.<\/p>\n\n\n\n<p>O tribunal entendeu que houve quebra de <strong><a href=\"https:\/\/www.gruposelpe.com.br\/blog\/confianca-no-trabalho\/\" target=\"_blank\" rel=\"noreferrer noopener\">rela\u00e7\u00e3o de confian\u00e7a<\/a><\/strong> e viola\u00e7\u00e3o do dever de lealdade. Para a Justi\u00e7a espanhola, assumir o controle do ambiente antes do expediente configurou infra\u00e7\u00e3o grave suficiente para justificar a justa causa.<\/p>\n\n\n\n<figure class=\"wp-block-image size-large\"><img loading=\"lazy\" decoding=\"async\" width=\"1024\" height=\"576\" src=\"https:\/\/www.em.com.br\/emfoco\/wp-content\/uploads\/2026\/02\/7-9-1024x576.jpg\" alt=\"Funcion\u00e1ria \u00e9 demitida por chegar cedo demais ao trabalho e Justi\u00e7a confirma justa causa ao apontar viola\u00e7\u00e3o grave das normas internas\" class=\"wp-image-174663\" srcset=\"https:\/\/www.em.com.br\/emfoco\/wp-content\/uploads\/2026\/02\/7-9-1024x576.jpg 1024w, https:\/\/www.em.com.br\/emfoco\/wp-content\/uploads\/2026\/02\/7-9-300x169.jpg 300w, https:\/\/www.em.com.br\/emfoco\/wp-content\/uploads\/2026\/02\/7-9-768x432.jpg 768w, https:\/\/www.em.com.br\/emfoco\/wp-content\/uploads\/2026\/02\/7-9-750x422.jpg 750w, https:\/\/www.em.com.br\/emfoco\/wp-content\/uploads\/2026\/02\/7-9-1140x641.jpg 1140w, https:\/\/www.em.com.br\/emfoco\/wp-content\/uploads\/2026\/02\/7-9.jpg 1280w\" sizes=\"auto, (max-width: 1024px) 100vw, 1024px\" \/><figcaption class=\"wp-element-caption\">Chegar antes do expediente violou o dever de lealdade com a empresa<\/figcaption><\/figure>\n\n\n\n<h2 class=\"wp-block-heading\">Quais riscos a entrada antecipada pode gerar para a empresa?<\/h2>\n\n\n\n<p>Em opera\u00e7\u00f5es log\u00edsticas e industriais, hor\u00e1rios r\u00edgidos garantem seguran\u00e7a e controle de jornada. A entrada fora do turno autorizado pode gerar impactos operacionais e jur\u00eddicos relevantes, como nos exemplos a seguir.<\/p>\n\n\n\n<ul class=\"wp-block-list\">\n<li><strong>Acesso sem supervis\u00e3o<\/strong> a \u00e1reas restritas, comprometendo protocolos de seguran\u00e7a e rastreamento interno.<\/li>\n\n\n\n<li><strong>Gera\u00e7\u00e3o de horas extras n\u00e3o autorizadas<\/strong>, criando poss\u00edvel passivo trabalhista e custos inesperados.<\/li>\n\n\n\n<li><strong>Interfer\u00eancia no turno anterior<\/strong>, afetando a organiza\u00e7\u00e3o da equipe e prejudicando registros de ponto.<\/li>\n<\/ul>\n\n\n\n<h2 class=\"wp-block-heading\">No Brasil, a CLT permitiria uma justa causa semelhante?<\/h2>\n\n\n\n<p>Pela <strong><a href=\"https:\/\/www.em.com.br\/emfoco\/2026\/01\/09\/mudancas-na-clt-em-2026-pegam-trabalhador-de-surpresa-salario-reajustado-jornada-menor-fiscalizacao-digital-e-novas-exigencias-nas-folgas\/\" target=\"_blank\" rel=\"noreferrer noopener\">CLT<\/a><\/strong>, o artigo 482 prev\u00ea justa causa em casos de indisciplina ou insubordina\u00e7\u00e3o. Se o empregado descumpre reiteradamente normas internas e foi previamente advertido, a dispensa pode ser considerada v\u00e1lida pela Justi\u00e7a do Trabalho.<\/p>\n\n\n\n<p>O entendimento do <strong>TST<\/strong> exige prova da reincid\u00eancia e da ci\u00eancia do trabalhador sobre a proibi\u00e7\u00e3o. Se houver registros formais de advert\u00eancia, como no caso espanhol, a empresa pode sustentar a penalidade m\u00e1xima.<\/p>\n\n\n\n<figure class=\"wp-block-image size-large\"><img loading=\"lazy\" decoding=\"async\" width=\"1024\" height=\"576\" src=\"https:\/\/www.em.com.br\/emfoco\/wp-content\/uploads\/2026\/02\/6-13-1024x576.jpg\" alt=\"Funcion\u00e1ria \u00e9 demitida por chegar cedo demais ao trabalho e Justi\u00e7a confirma justa causa ao apontar viola\u00e7\u00e3o grave das normas internas\" class=\"wp-image-174662\" srcset=\"https:\/\/www.em.com.br\/emfoco\/wp-content\/uploads\/2026\/02\/6-13-1024x576.jpg 1024w, https:\/\/www.em.com.br\/emfoco\/wp-content\/uploads\/2026\/02\/6-13-300x169.jpg 300w, https:\/\/www.em.com.br\/emfoco\/wp-content\/uploads\/2026\/02\/6-13-768x432.jpg 768w, https:\/\/www.em.com.br\/emfoco\/wp-content\/uploads\/2026\/02\/6-13-750x422.jpg 750w, https:\/\/www.em.com.br\/emfoco\/wp-content\/uploads\/2026\/02\/6-13-1140x641.jpg 1140w, https:\/\/www.em.com.br\/emfoco\/wp-content\/uploads\/2026\/02\/6-13.jpg 1280w\" sizes=\"auto, (max-width: 1024px) 100vw, 1024px\" \/><figcaption class=\"wp-element-caption\">Reincid\u00eancia ap\u00f3s advert\u00eancias formais sustenta a validade da justa causa aplicada<\/figcaption><\/figure>\n\n\n\n<h2 class=\"wp-block-heading\">Como funcionam as horas extras e o controle de jornada no Brasil?<\/h2>\n\n\n\n<p>A legisla\u00e7\u00e3o brasileira obriga empresas com mais de 20 empregados a manter <strong>controle de jornada<\/strong>. Entradas antecipadas registradas no ponto podem gerar direito ao pagamento, mesmo sem autoriza\u00e7\u00e3o, criando um cen\u00e1rio delicado para o empregador.<\/p>\n\n\n\n<ul class=\"wp-block-list\">\n<li><strong>Horas extras registradas<\/strong> devem ser pagas ou compensadas, ainda que n\u00e3o autorizadas formalmente.<\/li>\n\n\n\n<li><strong>Reforma Trabalhista de 2017<\/strong> permitiu banco de horas por acordo individual, ampliando formas de compensa\u00e7\u00e3o.<\/li>\n\n\n\n<li><strong>Preven\u00e7\u00e3o pr\u00e1tica<\/strong>: empresas adotam bloqueio de acesso antes do turno e advert\u00eancias formais para evitar passivo trabalhista.<\/li>\n<\/ul>\n\n\n\n<h2 class=\"wp-block-heading\">Qual \u00e9 a principal li\u00e7\u00e3o para trabalhadores e empresas?<\/h2>\n\n\n\n<p>O caso refor\u00e7a que <strong>dedica\u00e7\u00e3o n\u00e3o substitui regras contratuais<\/strong>. O empregado deve cumprir hor\u00e1rio e procedimentos definidos, comunicando excesso de demanda ao superior em vez de agir por conta pr\u00f3pria.<\/p>\n\n\n\n<p>Para as empresas, fica a import\u00e2ncia de <strong>documentar advert\u00eancias<\/strong> e manter registros claros. A comprova\u00e7\u00e3o de reincid\u00eancia e ci\u00eancia pr\u00e9via \u00e9 o elemento que transforma uma conduta incomum em justa causa juridicamente sustent\u00e1vel.<\/p>\n","protected":false},"excerpt":{"rendered":"<p>A demiss\u00e3o por chegar cedo demais surpreendeu ao ser confirmada pela Justi\u00e7a na Espanha. O caso mostra que desrespeitar normas internas, mesmo com inten\u00e7\u00e3o de trabalhar mais, pode configurar falta grave e levar \u00e0 rescis\u00e3o contratual sem indeniza\u00e7\u00e3o. Por que a funcion\u00e1ria foi demitida por chegar antes do hor\u00e1rio? A trabalhadora de um centro log\u00edstico [&hellip;]<\/p>\n","protected":false},"author":13,"featured_media":174664,"comment_status":"open","ping_status":"open","sticky":false,"template":"","format":"standard","meta":{"jnews-multi-image_gallery":[],"jnews_single_post":{"format":"standard"},"jnews_primary_category":[],"jnews_social_meta":[],"jnews_override_counter":[],"footnotes":""},"categories":[8819],"tags":[25294,2287,16151],"class_list":["post-174605","post","type-post","status-publish","format-standard","has-post-thumbnail","hentry","category-curiosidades","tag-chegar-cedo-demais","tag-demissao","tag-justa-causa"],"yoast_head":"<!-- This site is optimized with the Yoast SEO plugin v23.8 - https:\/\/yoast.com\/wordpress\/plugins\/seo\/ -->\n<title>Funcion\u00e1ria \u00e9 demitida por chegar cedo demais ao trabalho e Justi\u00e7a confirma justa causa ao apontar viola\u00e7\u00e3o grave das normas internas - Estado de Minas - Em foco<\/title>\n<meta name=\"description\" content=\"Justi\u00e7a espanhola confirma justa causa por entrada antecipada e refor\u00e7a que descumprir normas internas pode levar \u00e0 demiss\u00e3o.\" \/>\n<meta name=\"robots\" content=\"index, follow, max-snippet:-1, max-image-preview:large, max-video-preview:-1\" \/>\n<link rel=\"canonical\" href=\"https:\/\/www.em.com.br\/emfoco\/2026\/03\/02\/funcionaria-e-demitida-por-chegar-cedo-demais-ao-trabalho-e-justica-confirma-justa-causa-ao-apontar-violacao-grave-das-normas-internas\/\" \/>\n<meta property=\"og:locale\" content=\"pt_BR\" \/>\n<meta property=\"og:type\" content=\"article\" \/>\n<meta property=\"og:title\" content=\"Funcion\u00e1ria \u00e9 demitida por chegar cedo demais ao trabalho e Justi\u00e7a confirma justa causa ao apontar viola\u00e7\u00e3o grave das normas internas - Estado de Minas - Em foco\" \/>\n<meta property=\"og:description\" content=\"Justi\u00e7a espanhola confirma justa causa por entrada antecipada e refor\u00e7a que descumprir normas internas pode levar \u00e0 demiss\u00e3o.\" \/>\n<meta property=\"og:url\" content=\"https:\/\/www.em.com.br\/emfoco\/2026\/03\/02\/funcionaria-e-demitida-por-chegar-cedo-demais-ao-trabalho-e-justica-confirma-justa-causa-ao-apontar-violacao-grave-das-normas-internas\/\" \/>\n<meta property=\"og:site_name\" content=\"Estado de Minas - Em foco\" \/>\n<meta property=\"article:published_time\" content=\"2026-03-02T22:35:00+00:00\" \/>\n<meta property=\"article:modified_time\" content=\"2026-02-28T02:56:00+00:00\" \/>\n<meta property=\"og:image\" content=\"https:\/\/www.em.com.br\/emfoco\/wp-content\/uploads\/2026\/02\/8-7.jpg\" \/>\n\t<meta property=\"og:image:width\" content=\"1280\" \/>\n\t<meta property=\"og:image:height\" content=\"720\" \/>\n\t<meta property=\"og:image:type\" content=\"image\/jpeg\" \/>\n<meta name=\"author\" content=\"Gabriel Martins\" \/>\n<meta name=\"twitter:card\" content=\"summary_large_image\" \/>\n<meta name=\"twitter:label1\" content=\"Escrito por\" \/>\n\t<meta name=\"twitter:data1\" content=\"Gabriel Martins\" \/>\n\t<meta name=\"twitter:label2\" content=\"Est. tempo de leitura\" \/>\n\t<meta name=\"twitter:data2\" content=\"4 minutos\" \/>\n<!-- \/ Yoast SEO plugin. -->","yoast_head_json":{"title":"Funcion\u00e1ria \u00e9 demitida por chegar cedo demais ao trabalho e Justi\u00e7a confirma justa causa ao apontar viola\u00e7\u00e3o grave das normas internas - Estado de Minas - Em foco","description":"Justi\u00e7a espanhola confirma justa causa por entrada antecipada e refor\u00e7a que descumprir normas internas pode levar \u00e0 demiss\u00e3o.","robots":{"index":"index","follow":"follow","max-snippet":"max-snippet:-1","max-image-preview":"max-image-preview:large","max-video-preview":"max-video-preview:-1"},"canonical":"https:\/\/www.em.com.br\/emfoco\/2026\/03\/02\/funcionaria-e-demitida-por-chegar-cedo-demais-ao-trabalho-e-justica-confirma-justa-causa-ao-apontar-violacao-grave-das-normas-internas\/","og_locale":"pt_BR","og_type":"article","og_title":"Funcion\u00e1ria \u00e9 demitida por chegar cedo demais ao trabalho e Justi\u00e7a confirma justa causa ao apontar viola\u00e7\u00e3o grave das normas internas - Estado de Minas - Em foco","og_description":"Justi\u00e7a espanhola confirma justa causa por entrada antecipada e refor\u00e7a que descumprir normas internas pode levar \u00e0 demiss\u00e3o.","og_url":"https:\/\/www.em.com.br\/emfoco\/2026\/03\/02\/funcionaria-e-demitida-por-chegar-cedo-demais-ao-trabalho-e-justica-confirma-justa-causa-ao-apontar-violacao-grave-das-normas-internas\/","og_site_name":"Estado de Minas - Em foco","article_published_time":"2026-03-02T22:35:00+00:00","article_modified_time":"2026-02-28T02:56:00+00:00","og_image":[{"width":1280,"height":720,"url":"https:\/\/www.em.com.br\/emfoco\/wp-content\/uploads\/2026\/02\/8-7.jpg","type":"image\/jpeg"}],"author":"Gabriel Martins","twitter_card":"summary_large_image","twitter_misc":{"Escrito por":"Gabriel Martins","Est. tempo de leitura":"4 minutos"},"schema":{"@context":"https:\/\/schema.org","@graph":[{"@type":"WebPage","@id":"https:\/\/www.em.com.br\/emfoco\/2026\/03\/02\/funcionaria-e-demitida-por-chegar-cedo-demais-ao-trabalho-e-justica-confirma-justa-causa-ao-apontar-violacao-grave-das-normas-internas\/","url":"https:\/\/www.em.com.br\/emfoco\/2026\/03\/02\/funcionaria-e-demitida-por-chegar-cedo-demais-ao-trabalho-e-justica-confirma-justa-causa-ao-apontar-violacao-grave-das-normas-internas\/","name":"Funcion\u00e1ria \u00e9 demitida por chegar cedo demais ao trabalho e Justi\u00e7a confirma justa causa ao apontar viola\u00e7\u00e3o grave das normas internas - Estado de Minas - Em foco","isPartOf":{"@id":"https:\/\/www.em.com.br\/emfoco\/#website"},"primaryImageOfPage":{"@id":"https:\/\/www.em.com.br\/emfoco\/2026\/03\/02\/funcionaria-e-demitida-por-chegar-cedo-demais-ao-trabalho-e-justica-confirma-justa-causa-ao-apontar-violacao-grave-das-normas-internas\/#primaryimage"},"image":{"@id":"https:\/\/www.em.com.br\/emfoco\/2026\/03\/02\/funcionaria-e-demitida-por-chegar-cedo-demais-ao-trabalho-e-justica-confirma-justa-causa-ao-apontar-violacao-grave-das-normas-internas\/#primaryimage"},"thumbnailUrl":"https:\/\/www.em.com.br\/emfoco\/wp-content\/uploads\/2026\/02\/8-7.jpg","datePublished":"2026-03-02T22:35:00+00:00","dateModified":"2026-02-28T02:56:00+00:00","author":{"@id":"https:\/\/www.em.com.br\/emfoco\/#\/schema\/person\/1c9ddeab18b98abeffef834667bcf08a"},"description":"Justi\u00e7a espanhola confirma justa causa por entrada antecipada e refor\u00e7a que descumprir normas internas pode levar \u00e0 demiss\u00e3o.","breadcrumb":{"@id":"https:\/\/www.em.com.br\/emfoco\/2026\/03\/02\/funcionaria-e-demitida-por-chegar-cedo-demais-ao-trabalho-e-justica-confirma-justa-causa-ao-apontar-violacao-grave-das-normas-internas\/#breadcrumb"},"inLanguage":"pt-BR","potentialAction":[{"@type":"ReadAction","target":["https:\/\/www.em.com.br\/emfoco\/2026\/03\/02\/funcionaria-e-demitida-por-chegar-cedo-demais-ao-trabalho-e-justica-confirma-justa-causa-ao-apontar-violacao-grave-das-normas-internas\/"]}]},{"@type":"ImageObject","inLanguage":"pt-BR","@id":"https:\/\/www.em.com.br\/emfoco\/2026\/03\/02\/funcionaria-e-demitida-por-chegar-cedo-demais-ao-trabalho-e-justica-confirma-justa-causa-ao-apontar-violacao-grave-das-normas-internas\/#primaryimage","url":"https:\/\/www.em.com.br\/emfoco\/wp-content\/uploads\/2026\/02\/8-7.jpg","contentUrl":"https:\/\/www.em.com.br\/emfoco\/wp-content\/uploads\/2026\/02\/8-7.jpg","width":1280,"height":720,"caption":"Desrespeitar hor\u00e1rios de entrada pode gerar demiss\u00e3o mesmo sem m\u00e1 inten\u00e7\u00e3o"},{"@type":"BreadcrumbList","@id":"https:\/\/www.em.com.br\/emfoco\/2026\/03\/02\/funcionaria-e-demitida-por-chegar-cedo-demais-ao-trabalho-e-justica-confirma-justa-causa-ao-apontar-violacao-grave-das-normas-internas\/#breadcrumb","itemListElement":[{"@type":"ListItem","position":1,"name":"In\u00edcio","item":"https:\/\/www.em.com.br\/emfoco\/"},{"@type":"ListItem","position":2,"name":"Funcion\u00e1ria \u00e9 demitida por chegar cedo demais ao trabalho e Justi\u00e7a confirma justa causa ao apontar viola\u00e7\u00e3o grave das normas internas"}]},{"@type":"WebSite","@id":"https:\/\/www.em.com.br\/emfoco\/#website","url":"https:\/\/www.em.com.br\/emfoco\/","name":"Estado de Minas - Em foco","description":"Acompanhe as \u00faltimas not\u00edcias e fique bem informado sobre tudo o que acontece em Minas Gerais, Brasil e no mundo.","potentialAction":[{"@type":"SearchAction","target":{"@type":"EntryPoint","urlTemplate":"https:\/\/www.em.com.br\/emfoco\/?s={search_term_string}"},"query-input":{"@type":"PropertyValueSpecification","valueRequired":true,"valueName":"search_term_string"}}],"inLanguage":"pt-BR"},{"@type":"Person","@id":"https:\/\/www.em.com.br\/emfoco\/#\/schema\/person\/1c9ddeab18b98abeffef834667bcf08a","name":"Gabriel Martins","image":{"@type":"ImageObject","inLanguage":"pt-BR","@id":"https:\/\/www.em.com.br\/emfoco\/#\/schema\/person\/image\/","url":"https:\/\/secure.gravatar.com\/avatar\/f0f1e2efdfd88f1ad2cb08c5c2731e50?s=96&d=mm&r=g","contentUrl":"https:\/\/secure.gravatar.com\/avatar\/f0f1e2efdfd88f1ad2cb08c5c2731e50?s=96&d=mm&r=g","caption":"Gabriel Martins"},"sameAs":["https:\/\/www.em.com.br\/emfoco\/"],"url":"https:\/\/www.em.com.br\/emfoco\/author\/gabrielmartinsmyth\/"}]}},"_links":{"self":[{"href":"https:\/\/www.em.com.br\/emfoco\/wp-json\/wp\/v2\/posts\/174605","targetHints":{"allow":["GET"]}}],"collection":[{"href":"https:\/\/www.em.com.br\/emfoco\/wp-json\/wp\/v2\/posts"}],"about":[{"href":"https:\/\/www.em.com.br\/emfoco\/wp-json\/wp\/v2\/types\/post"}],"author":[{"embeddable":true,"href":"https:\/\/www.em.com.br\/emfoco\/wp-json\/wp\/v2\/users\/13"}],"replies":[{"embeddable":true,"href":"https:\/\/www.em.com.br\/emfoco\/wp-json\/wp\/v2\/comments?post=174605"}],"version-history":[{"count":1,"href":"https:\/\/www.em.com.br\/emfoco\/wp-json\/wp\/v2\/posts\/174605\/revisions"}],"predecessor-version":[{"id":174669,"href":"https:\/\/www.em.com.br\/emfoco\/wp-json\/wp\/v2\/posts\/174605\/revisions\/174669"}],"wp:featuredmedia":[{"embeddable":true,"href":"https:\/\/www.em.com.br\/emfoco\/wp-json\/wp\/v2\/media\/174664"}],"wp:attachment":[{"href":"https:\/\/www.em.com.br\/emfoco\/wp-json\/wp\/v2\/media?parent=174605"}],"wp:term":[{"taxonomy":"category","embeddable":true,"href":"https:\/\/www.em.com.br\/emfoco\/wp-json\/wp\/v2\/categories?post=174605"},{"taxonomy":"post_tag","embeddable":true,"href":"https:\/\/www.em.com.br\/emfoco\/wp-json\/wp\/v2\/tags?post=174605"}],"curies":[{"name":"wp","href":"https:\/\/api.w.org\/{rel}","templated":true}]}}