{"id":174596,"date":"2026-03-01T10:25:00","date_gmt":"2026-03-01T13:25:00","guid":{"rendered":"https:\/\/www.em.com.br\/emfoco\/?p=174596"},"modified":"2026-02-28T19:41:08","modified_gmt":"2026-02-28T22:41:08","slug":"lua-de-sangue-em-marco-de-2026-saiba-a-que-horas-comeca-e-as-melhores-regioes-para-ver","status":"publish","type":"post","link":"https:\/\/www.em.com.br\/emfoco\/2026\/03\/01\/lua-de-sangue-em-marco-de-2026-saiba-a-que-horas-comeca-e-as-melhores-regioes-para-ver\/","title":{"rendered":"Lua de Sangue em mar\u00e7o de 2026: saiba a que horas come\u00e7a e as melhores regi\u00f5es para ver"},"content":{"rendered":"\n<p>Mar\u00e7o de 2026 ser\u00e1 marcado por um dos fen\u00f4menos astron\u00f4micos mais comentados dos \u00faltimos anos: a chamada\u00a0<strong>Lua de Sangue<\/strong>, resultado de um eclipse lunar total. Durante a noite de 2 para 3 de mar\u00e7o, a <strong>Lua <\/strong>ganhar\u00e1 um tom avermelhado vis\u00edvel a olho nu em v\u00e1rias partes do mundo, sem necessidade de equipamentos especiais ou filtros de prote\u00e7\u00e3o, em um evento longo, acess\u00edvel e ideal tanto para curiosos quanto para observadores mais experientes.<\/p>\n\n\n\n<h2 class=\"wp-block-heading\">O que \u00e9 a Lua de Sangue e por que a Lua fica vermelha<\/h2>\n\n\n\n<p>A <strong>Lua de Sangue<\/strong>\u00a0ocorre quando <strong>Sol<\/strong>, <strong>Terra <\/strong>e <strong><a href=\"https:\/\/www.em.com.br\/emfoco\/2026\/02\/07\/asteroide-do-tamanho-de-um-predio-pode-atingir-a-lua-em-6-anos-impacto-criaria-clarao-tao-brilhante-quanto-venus\/\" target=\"_blank\" rel=\"noreferrer noopener\">Lua <\/a><\/strong>se alinham de maneira quase perfeita. Nessa configura\u00e7\u00e3o, a <strong>Terra <\/strong>bloqueia a luz solar direta, e o sat\u00e9lite passa pela regi\u00e3o mais escura da sombra terrestre, a\u00a0<em>umbra<\/em>, sendo iluminado apenas pela luz que atravessa a atmosfera do planeta.<\/p>\n\n\n\n<p>Esse caminho da luz pela atmosfera funciona como um filtro natural: cores azuladas e esverdeadas se dispersam mais, enquanto os tons avermelhados contornam o planeta e atingem a superf\u00edcie lunar. A intensidade da colora\u00e7\u00e3o, que varia do laranja ao vermelho escuro, depende de fatores como poeira, fuma\u00e7a, aeross\u00f3is e nuvens, mas em todos os casos a observa\u00e7\u00e3o \u00e9 totalmente segura a olho nu.<\/p>\n\n\n\n<figure class=\"wp-block-image\"><img decoding=\"async\" src=\"https:\/\/www.em.com.br\/emfoco\/wp-content\/uploads\/2025\/03\/Lua-de-Sangue_1741824527103-1024x576.jpg\" alt=\"\"\/><figcaption class=\"wp-element-caption\">Lua de Sangue ilumina o c\u00e9u em mar\u00e7o &#8211; Cr\u00e9ditos: depositphotos.com \/ Chayananelixir@gmail.com<\/figcaption><\/figure>\n\n\n\n<h2 class=\"wp-block-heading\">Onde a Lua de Sangue de 2026 poder\u00e1 ser vista no c\u00e9u<\/h2>\n\n\n\n<p>A visibilidade da Lua de Sangue de 2 para 3 de mar\u00e7o de 2026 depende principalmente da posi\u00e7\u00e3o geogr\u00e1fica e do hor\u00e1rio local em rela\u00e7\u00e3o ao avan\u00e7o da sombra terrestre. Regi\u00f5es em que for noite durante as fases principais ter\u00e3o maior chance de acompanhar o eclipse em toda a sua dura\u00e7\u00e3o, enquanto \u00e1reas com a Lua baixa no horizonte ver\u00e3o o fen\u00f4meno apenas parcialmente.<\/p>\n\n\n\n<p>De forma geral, o&nbsp;<strong>eclipse lunar total de 2026<\/strong>&nbsp;dever\u00e1 ser melhor observado em:<\/p>\n\n\n\n<ul class=\"wp-block-list\">\n<li>Grande parte do leste da \u00c1sia;<\/li>\n\n\n\n<li>Austr\u00e1lia e Nova Zel\u00e2ndia;<\/li>\n\n\n\n<li>Regi\u00f5es centrais e ocidentais do Oceano Pac\u00edfico;<\/li>\n\n\n\n<li>Oeste da Am\u00e9rica do Norte;<\/li>\n\n\n\n<li>Pa\u00edses da Am\u00e9rica Central.<\/li>\n<\/ul>\n\n\n\n<h2 class=\"wp-block-heading\">Quais s\u00e3o os hor\u00e1rios e a dura\u00e7\u00e3o do eclipse lunar total de 2026<\/h2>\n\n\n\n<p>O&nbsp;<strong>eclipse lunar total de mar\u00e7o de 2026<\/strong>&nbsp;ter\u00e1 cerca de 5 horas e 39 minutos de dura\u00e7\u00e3o, considerando desde a entrada da Lua na penumbra at\u00e9 a sa\u00edda completa da sombra. A fase de totalidade, quando o disco lunar fica totalmente avermelhado, deve durar aproximadamente 58 minutos, sendo a etapa mais aguardada por observadores em todo o mundo.<\/p>\n\n\n\n<p>Os principais marcos do fen\u00f4meno, em&nbsp;<strong>Tempo Universal (TU)<\/strong>, s\u00e3o:<\/p>\n\n\n\n<ol class=\"wp-block-list\">\n<li><strong>In\u00edcio da fase penumbral<\/strong>\u00a0cerca de 08:44 TU;<\/li>\n\n\n\n<li><strong>In\u00edcio do eclipse parcial<\/strong>\u00a0em torno de 09:50 TU;<\/li>\n\n\n\n<li><strong>Come\u00e7o da totalidade<\/strong>\u00a0pr\u00f3ximo de 11:04 TU;<\/li>\n\n\n\n<li><strong>Momento de m\u00e1ximo do eclipse<\/strong>\u00a0por volta de 11:33 TU;<\/li>\n\n\n\n<li><strong>Fim da totalidade<\/strong>\u00a0perto de 12:02 TU;<\/li>\n\n\n\n<li><strong>T\u00e9rmino do eclipse parcial<\/strong>\u00a0em torno de 13:17 TU;<\/li>\n\n\n\n<li><strong>Fim completo do evento<\/strong>\u00a0por volta de 14:22 TU.<\/li>\n<\/ol>\n\n\n\n<p>Selecionamos o v\u00eddeo da <a href=\"https:\/\/www.instagram.com\/lolivlet\/reels\/\" target=\"_blank\" rel=\"noreferrer noopener\">Lorrane Olivlet<\/a> que faz sucesso no Instagram com seus v\u00eddeos e fala sobre o assunto:<\/p>\n\n\n\n<blockquote class=\"instagram-media\" data-instgrm-captioned data-instgrm-permalink=\"https:\/\/www.instagram.com\/reel\/DVMY6kaET0E\/?utm_source=ig_embed&amp;utm_campaign=loading\" data-instgrm-version=\"14\" style=\" background:#FFF; border:0; border-radius:3px; box-shadow:0 0 1px 0 rgba(0,0,0,0.5),0 1px 10px 0 rgba(0,0,0,0.15); margin: 1px; max-width:540px; min-width:326px; padding:0; width:99.375%; width:-webkit-calc(100% - 2px); width:calc(100% - 2px);\"><div style=\"padding:16px;\"> <a href=\"https:\/\/www.instagram.com\/reel\/DVMY6kaET0E\/?utm_source=ig_embed&amp;utm_campaign=loading\" style=\" background:#FFFFFF; line-height:0; padding:0 0; text-align:center; text-decoration:none; width:100%;\" target=\"_blank\"> <div style=\" display: flex; flex-direction: row; align-items: center;\"> <div style=\"background-color: #F4F4F4; border-radius: 50%; flex-grow: 0; height: 40px; margin-right: 14px; width: 40px;\"><\/div> <div style=\"display: flex; flex-direction: column; flex-grow: 1; justify-content: center;\"> <div style=\" background-color: #F4F4F4; border-radius: 4px; flex-grow: 0; height: 14px; margin-bottom: 6px; width: 100px;\"><\/div> <div style=\" background-color: #F4F4F4; border-radius: 4px; flex-grow: 0; height: 14px; width: 60px;\"><\/div><\/div><\/div><div style=\"padding: 19% 0;\"><\/div> <div style=\"display:block; height:50px; margin:0 auto 12px; width:50px;\"><svg width=\"50px\" height=\"50px\" viewBox=\"0 0 60 60\" version=\"1.1\" xmlns=\"https:\/\/www.w3.org\/2000\/svg\" xmlns:xlink=\"https:\/\/www.w3.org\/1999\/xlink\"><g stroke=\"none\" stroke-width=\"1\" fill=\"none\" fill-rule=\"evenodd\"><g transform=\"translate(-511.000000, -20.000000)\" fill=\"#000000\"><g><path d=\"M556.869,30.41 C554.814,30.41 553.148,32.076 553.148,34.131 C553.148,36.186 554.814,37.852 556.869,37.852 C558.924,37.852 560.59,36.186 560.59,34.131 C560.59,32.076 558.924,30.41 556.869,30.41 M541,60.657 C535.114,60.657 530.342,55.887 530.342,50 C530.342,44.114 535.114,39.342 541,39.342 C546.887,39.342 551.658,44.114 551.658,50 C551.658,55.887 546.887,60.657 541,60.657 M541,33.886 C532.1,33.886 524.886,41.1 524.886,50 C524.886,58.899 532.1,66.113 541,66.113 C549.9,66.113 557.115,58.899 557.115,50 C557.115,41.1 549.9,33.886 541,33.886 M565.378,62.101 C565.244,65.022 564.756,66.606 564.346,67.663 C563.803,69.06 563.154,70.057 562.106,71.106 C561.058,72.155 560.06,72.803 558.662,73.347 C557.607,73.757 556.021,74.244 553.102,74.378 C549.944,74.521 548.997,74.552 541,74.552 C533.003,74.552 532.056,74.521 528.898,74.378 C525.979,74.244 524.393,73.757 523.338,73.347 C521.94,72.803 520.942,72.155 519.894,71.106 C518.846,70.057 518.197,69.06 517.654,67.663 C517.244,66.606 516.755,65.022 516.623,62.101 C516.479,58.943 516.448,57.996 516.448,50 C516.448,42.003 516.479,41.056 516.623,37.899 C516.755,34.978 517.244,33.391 517.654,32.338 C518.197,30.938 518.846,29.942 519.894,28.894 C520.942,27.846 521.94,27.196 523.338,26.654 C524.393,26.244 525.979,25.756 528.898,25.623 C532.057,25.479 533.004,25.448 541,25.448 C548.997,25.448 549.943,25.479 553.102,25.623 C556.021,25.756 557.607,26.244 558.662,26.654 C560.06,27.196 561.058,27.846 562.106,28.894 C563.154,29.942 563.803,30.938 564.346,32.338 C564.756,33.391 565.244,34.978 565.378,37.899 C565.522,41.056 565.552,42.003 565.552,50 C565.552,57.996 565.522,58.943 565.378,62.101 M570.82,37.631 C570.674,34.438 570.167,32.258 569.425,30.349 C568.659,28.377 567.633,26.702 565.965,25.035 C564.297,23.368 562.623,22.342 560.652,21.575 C558.743,20.834 556.562,20.326 553.369,20.18 C550.169,20.033 549.148,20 541,20 C532.853,20 531.831,20.033 528.631,20.18 C525.438,20.326 523.257,20.834 521.349,21.575 C519.376,22.342 517.703,23.368 516.035,25.035 C514.368,26.702 513.342,28.377 512.574,30.349 C511.834,32.258 511.326,34.438 511.181,37.631 C511.035,40.831 511,41.851 511,50 C511,58.147 511.035,59.17 511.181,62.369 C511.326,65.562 511.834,67.743 512.574,69.651 C513.342,71.625 514.368,73.296 516.035,74.965 C517.703,76.634 519.376,77.658 521.349,78.425 C523.257,79.167 525.438,79.673 528.631,79.82 C531.831,79.965 532.853,80.001 541,80.001 C549.148,80.001 550.169,79.965 553.369,79.82 C556.562,79.673 558.743,79.167 560.652,78.425 C562.623,77.658 564.297,76.634 565.965,74.965 C567.633,73.296 568.659,71.625 569.425,69.651 C570.167,67.743 570.674,65.562 570.82,62.369 C570.966,59.17 571,58.147 571,50 C571,41.851 570.966,40.831 570.82,37.631\"><\/path><\/g><\/g><\/g><\/svg><\/div><div style=\"padding-top: 8px;\"> <div style=\" color:#3897f0; font-family:Arial,sans-serif; font-size:14px; font-style:normal; font-weight:550; line-height:18px;\">Ver essa foto no Instagram<\/div><\/div><div style=\"padding: 12.5% 0;\"><\/div> <div style=\"display: flex; flex-direction: row; margin-bottom: 14px; align-items: center;\"><div> <div style=\"background-color: #F4F4F4; border-radius: 50%; height: 12.5px; width: 12.5px; transform: translateX(0px) translateY(7px);\"><\/div> <div style=\"background-color: #F4F4F4; height: 12.5px; transform: rotate(-45deg) translateX(3px) translateY(1px); width: 12.5px; flex-grow: 0; margin-right: 14px; margin-left: 2px;\"><\/div> <div style=\"background-color: #F4F4F4; border-radius: 50%; height: 12.5px; width: 12.5px; transform: translateX(9px) translateY(-18px);\"><\/div><\/div><div style=\"margin-left: 8px;\"> <div style=\" background-color: #F4F4F4; border-radius: 50%; flex-grow: 0; height: 20px; width: 20px;\"><\/div> <div style=\" width: 0; height: 0; border-top: 2px solid transparent; border-left: 6px solid #f4f4f4; border-bottom: 2px solid transparent; transform: translateX(16px) translateY(-4px) rotate(30deg)\"><\/div><\/div><div style=\"margin-left: auto;\"> <div style=\" width: 0px; border-top: 8px solid #F4F4F4; border-right: 8px solid transparent; transform: translateY(16px);\"><\/div> <div style=\" background-color: #F4F4F4; flex-grow: 0; height: 12px; width: 16px; transform: translateY(-4px);\"><\/div> <div style=\" width: 0; height: 0; border-top: 8px solid #F4F4F4; border-left: 8px solid transparent; transform: translateY(-4px) translateX(8px);\"><\/div><\/div><\/div> <div style=\"display: flex; flex-direction: column; flex-grow: 1; justify-content: center; margin-bottom: 24px;\"> <div style=\" background-color: #F4F4F4; border-radius: 4px; flex-grow: 0; height: 14px; margin-bottom: 6px; width: 224px;\"><\/div> <div style=\" background-color: #F4F4F4; border-radius: 4px; flex-grow: 0; height: 14px; width: 144px;\"><\/div><\/div><\/a><p style=\" color:#c9c8cd; font-family:Arial,sans-serif; font-size:14px; line-height:17px; margin-bottom:0; margin-top:8px; overflow:hidden; padding:8px 0 7px; text-align:center; text-overflow:ellipsis; white-space:nowrap;\"><a href=\"https:\/\/www.instagram.com\/reel\/DVMY6kaET0E\/?utm_source=ig_embed&amp;utm_campaign=loading\" style=\" color:#c9c8cd; font-family:Arial,sans-serif; font-size:14px; font-style:normal; font-weight:normal; line-height:17px; text-decoration:none;\" target=\"_blank\">Um post compartilhado por Lorrane Olivlet (@lolivlet)<\/a><\/p><\/div><\/blockquote>\n<script async src=\"\/\/www.instagram.com\/embed.js\"><\/script>\n\n\n\n<h2 class=\"wp-block-heading\">Como se preparar para observar a Lua de Sangue com mais qualidade<\/h2>\n\n\n\n<p>Embora a&nbsp;<strong>Lua de Sangue 2026<\/strong>&nbsp;n\u00e3o exija instrumentos astron\u00f4micos, alguns cuidados simples melhoram muito a experi\u00eancia de observa\u00e7\u00e3o. Locais com baixa polui\u00e7\u00e3o luminosa, horizonte aberto e c\u00e9u limpo permitem enxergar melhor o contraste da Lua escurecida contra o fundo do c\u00e9u, especialmente durante a fase de totalidade.<\/p>\n\n\n\n<p>Para acompanhar o eclipse de forma confort\u00e1vel e aproveitar cada fase, vale seguir algumas recomenda\u00e7\u00f5es pr\u00e1ticas de planejamento:<\/p>\n\n\n\n<ul class=\"wp-block-list\">\n<li>Chegar ao local com anteced\u00eancia para se adaptar \u00e0 escurid\u00e3o;<\/li>\n\n\n\n<li>Verificar a previs\u00e3o do tempo, priorizando noites com c\u00e9u aberto;<\/li>\n\n\n\n<li>Levar roupas adequadas ao frio da madrugada, \u00e1gua e pequenos lanches;<\/li>\n\n\n\n<li>Usar bin\u00f3culos ou telesc\u00f3pios simples para real\u00e7ar relevo e cores;<\/li>\n\n\n\n<li>Consultar aplicativos ou mapas celestes para localizar a Lua em cada etapa.<\/li>\n<\/ul>\n\n\n\n<h2 class=\"wp-block-heading\">Por que a Lua de Sangue de 2026 \u00e9 uma oportunidade \u00fanica<\/h2>\n\n\n\n<p>O eclipse lunar total de mar\u00e7o de 2026 re\u00fane fatores raros: boa dura\u00e7\u00e3o, ampla visibilidade e observa\u00e7\u00e3o totalmente segura a olho nu, sem necessidade de filtros. \u00c9 uma chance acess\u00edvel para ver, em tempo real, o alinhamento entre Sol, Terra e Lua transformar um disco prateado em um astro alaranjado ou vermelho intenso.<\/p>\n\n\n\n<p>N\u00e3o deixe para decidir em cima da hora: marque a data, ajuste o despertador, combine com amigos ou fam\u00edlia e escolha seu local de observa\u00e7\u00e3o agora. A pr\u00f3xima noite de 2 para 3 de mar\u00e7o n\u00e3o vai se repetir, e perder essa Lua de Sangue pode significar esperar muitos anos por um espet\u00e1culo semelhante no c\u00e9u.<\/p>\n","protected":false},"excerpt":{"rendered":"<p>Mar\u00e7o de 2026 ser\u00e1 marcado por um dos fen\u00f4menos astron\u00f4micos mais comentados dos \u00faltimos anos: a chamada\u00a0Lua de Sangue, resultado de um eclipse lunar total. Durante a noite de 2 para 3 de mar\u00e7o, a Lua ganhar\u00e1 um tom avermelhado vis\u00edvel a olho nu em v\u00e1rias partes do mundo, sem necessidade de equipamentos especiais ou [&hellip;]<\/p>\n","protected":false},"author":11,"featured_media":28262,"comment_status":"open","ping_status":"open","sticky":false,"template":"","format":"standard","meta":{"jnews-multi-image_gallery":[],"jnews_single_post":{"format":"standard"},"jnews_primary_category":[],"jnews_social_meta":[],"jnews_override_counter":[],"footnotes":""},"categories":[8819,1],"tags":[14080,25292,14792,25293],"class_list":["post-174596","post","type-post","status-publish","format-standard","has-post-thumbnail","hentry","category-curiosidades","category-noticias","tag-eclipse","tag-eclipse-lunar-total","tag-lua-de-sangue","tag-lua-vermelha"],"yoast_head":"<!-- This site is optimized with the Yoast SEO plugin v23.8 - https:\/\/yoast.com\/wordpress\/plugins\/seo\/ -->\n<title>Lua de Sangue em mar\u00e7o de 2026: saiba a que horas come\u00e7a e as melhores regi\u00f5es para ver - Estado de Minas - Em foco<\/title>\n<meta name=\"description\" content=\"Lua de Sangue marca mar\u00e7o com eclipse lunar total vis\u00edvel a olho nu. Veja hor\u00e1rios, dura\u00e7\u00e3o e onde observar.\" \/>\n<meta name=\"robots\" content=\"index, follow, max-snippet:-1, max-image-preview:large, max-video-preview:-1\" \/>\n<link rel=\"canonical\" href=\"https:\/\/www.em.com.br\/emfoco\/2026\/03\/01\/lua-de-sangue-em-marco-de-2026-saiba-a-que-horas-comeca-e-as-melhores-regioes-para-ver\/\" \/>\n<meta property=\"og:locale\" content=\"pt_BR\" \/>\n<meta property=\"og:type\" content=\"article\" \/>\n<meta property=\"og:title\" content=\"Lua de Sangue em mar\u00e7o de 2026: saiba a que horas come\u00e7a e as melhores regi\u00f5es para ver - Estado de Minas - Em foco\" \/>\n<meta property=\"og:description\" content=\"Lua de Sangue marca mar\u00e7o com eclipse lunar total vis\u00edvel a olho nu. Veja hor\u00e1rios, dura\u00e7\u00e3o e onde observar.\" \/>\n<meta property=\"og:url\" content=\"https:\/\/www.em.com.br\/emfoco\/2026\/03\/01\/lua-de-sangue-em-marco-de-2026-saiba-a-que-horas-comeca-e-as-melhores-regioes-para-ver\/\" \/>\n<meta property=\"og:site_name\" content=\"Estado de Minas - Em foco\" \/>\n<meta property=\"article:published_time\" content=\"2026-03-01T13:25:00+00:00\" \/>\n<meta property=\"article:modified_time\" content=\"2026-02-28T22:41:08+00:00\" \/>\n<meta property=\"og:image\" content=\"https:\/\/www.em.com.br\/emfoco\/wp-content\/uploads\/2025\/03\/Lua-de-Sangue_1741824491327.jpg\" \/>\n\t<meta property=\"og:image:width\" content=\"1280\" \/>\n\t<meta property=\"og:image:height\" content=\"720\" \/>\n\t<meta property=\"og:image:type\" content=\"image\/jpeg\" \/>\n<meta name=\"author\" content=\"Andre\u0301 Rangel\u00a0\" \/>\n<meta name=\"twitter:card\" content=\"summary_large_image\" \/>\n<meta name=\"twitter:label1\" content=\"Escrito por\" \/>\n\t<meta name=\"twitter:data1\" content=\"Andre\u0301 Rangel\u00a0\" \/>\n\t<meta name=\"twitter:label2\" content=\"Est. tempo de leitura\" \/>\n\t<meta name=\"twitter:data2\" content=\"5 minutos\" \/>\n<!-- \/ Yoast SEO plugin. -->","yoast_head_json":{"title":"Lua de Sangue em mar\u00e7o de 2026: saiba a que horas come\u00e7a e as melhores regi\u00f5es para ver - Estado de Minas - Em foco","description":"Lua de Sangue marca mar\u00e7o com eclipse lunar total vis\u00edvel a olho nu. Veja hor\u00e1rios, dura\u00e7\u00e3o e onde observar.","robots":{"index":"index","follow":"follow","max-snippet":"max-snippet:-1","max-image-preview":"max-image-preview:large","max-video-preview":"max-video-preview:-1"},"canonical":"https:\/\/www.em.com.br\/emfoco\/2026\/03\/01\/lua-de-sangue-em-marco-de-2026-saiba-a-que-horas-comeca-e-as-melhores-regioes-para-ver\/","og_locale":"pt_BR","og_type":"article","og_title":"Lua de Sangue em mar\u00e7o de 2026: saiba a que horas come\u00e7a e as melhores regi\u00f5es para ver - Estado de Minas - Em foco","og_description":"Lua de Sangue marca mar\u00e7o com eclipse lunar total vis\u00edvel a olho nu. Veja hor\u00e1rios, dura\u00e7\u00e3o e onde observar.","og_url":"https:\/\/www.em.com.br\/emfoco\/2026\/03\/01\/lua-de-sangue-em-marco-de-2026-saiba-a-que-horas-comeca-e-as-melhores-regioes-para-ver\/","og_site_name":"Estado de Minas - Em foco","article_published_time":"2026-03-01T13:25:00+00:00","article_modified_time":"2026-02-28T22:41:08+00:00","og_image":[{"width":1280,"height":720,"url":"https:\/\/www.em.com.br\/emfoco\/wp-content\/uploads\/2025\/03\/Lua-de-Sangue_1741824491327.jpg","type":"image\/jpeg"}],"author":"Andre\u0301 Rangel\u00a0","twitter_card":"summary_large_image","twitter_misc":{"Escrito por":"Andre\u0301 Rangel\u00a0","Est. tempo de leitura":"5 minutos"},"schema":{"@context":"https:\/\/schema.org","@graph":[{"@type":"WebPage","@id":"https:\/\/www.em.com.br\/emfoco\/2026\/03\/01\/lua-de-sangue-em-marco-de-2026-saiba-a-que-horas-comeca-e-as-melhores-regioes-para-ver\/","url":"https:\/\/www.em.com.br\/emfoco\/2026\/03\/01\/lua-de-sangue-em-marco-de-2026-saiba-a-que-horas-comeca-e-as-melhores-regioes-para-ver\/","name":"Lua de Sangue em mar\u00e7o de 2026: saiba a que horas come\u00e7a e as melhores regi\u00f5es para ver - Estado de Minas - Em foco","isPartOf":{"@id":"https:\/\/www.em.com.br\/emfoco\/#website"},"primaryImageOfPage":{"@id":"https:\/\/www.em.com.br\/emfoco\/2026\/03\/01\/lua-de-sangue-em-marco-de-2026-saiba-a-que-horas-comeca-e-as-melhores-regioes-para-ver\/#primaryimage"},"image":{"@id":"https:\/\/www.em.com.br\/emfoco\/2026\/03\/01\/lua-de-sangue-em-marco-de-2026-saiba-a-que-horas-comeca-e-as-melhores-regioes-para-ver\/#primaryimage"},"thumbnailUrl":"https:\/\/www.em.com.br\/emfoco\/wp-content\/uploads\/2025\/03\/Lua-de-Sangue_1741824491327.jpg","datePublished":"2026-03-01T13:25:00+00:00","dateModified":"2026-02-28T22:41:08+00:00","author":{"@id":"https:\/\/www.em.com.br\/emfoco\/#\/schema\/person\/60eda09c1fedf0d6891f4cef4b60b8b8"},"description":"Lua de Sangue marca mar\u00e7o com eclipse lunar total vis\u00edvel a olho nu. Veja hor\u00e1rios, dura\u00e7\u00e3o e onde observar.","breadcrumb":{"@id":"https:\/\/www.em.com.br\/emfoco\/2026\/03\/01\/lua-de-sangue-em-marco-de-2026-saiba-a-que-horas-comeca-e-as-melhores-regioes-para-ver\/#breadcrumb"},"inLanguage":"pt-BR","potentialAction":[{"@type":"ReadAction","target":["https:\/\/www.em.com.br\/emfoco\/2026\/03\/01\/lua-de-sangue-em-marco-de-2026-saiba-a-que-horas-comeca-e-as-melhores-regioes-para-ver\/"]}]},{"@type":"ImageObject","inLanguage":"pt-BR","@id":"https:\/\/www.em.com.br\/emfoco\/2026\/03\/01\/lua-de-sangue-em-marco-de-2026-saiba-a-que-horas-comeca-e-as-melhores-regioes-para-ver\/#primaryimage","url":"https:\/\/www.em.com.br\/emfoco\/wp-content\/uploads\/2025\/03\/Lua-de-Sangue_1741824491327.jpg","contentUrl":"https:\/\/www.em.com.br\/emfoco\/wp-content\/uploads\/2025\/03\/Lua-de-Sangue_1741824491327.jpg","width":1280,"height":720,"caption":"Lua de Sangue ilumina o c\u00e9u em mar\u00e7o - Cr\u00e9ditos: depositphotos.com \/ Chayananelixir@gmail.com"},{"@type":"BreadcrumbList","@id":"https:\/\/www.em.com.br\/emfoco\/2026\/03\/01\/lua-de-sangue-em-marco-de-2026-saiba-a-que-horas-comeca-e-as-melhores-regioes-para-ver\/#breadcrumb","itemListElement":[{"@type":"ListItem","position":1,"name":"In\u00edcio","item":"https:\/\/www.em.com.br\/emfoco\/"},{"@type":"ListItem","position":2,"name":"Lua de Sangue em mar\u00e7o de 2026: saiba a que horas come\u00e7a e as melhores regi\u00f5es para ver"}]},{"@type":"WebSite","@id":"https:\/\/www.em.com.br\/emfoco\/#website","url":"https:\/\/www.em.com.br\/emfoco\/","name":"Estado de Minas - Em foco","description":"Acompanhe as \u00faltimas not\u00edcias e fique bem informado sobre tudo o que acontece em Minas Gerais, Brasil e no mundo.","potentialAction":[{"@type":"SearchAction","target":{"@type":"EntryPoint","urlTemplate":"https:\/\/www.em.com.br\/emfoco\/?s={search_term_string}"},"query-input":{"@type":"PropertyValueSpecification","valueRequired":true,"valueName":"search_term_string"}}],"inLanguage":"pt-BR"},{"@type":"Person","@id":"https:\/\/www.em.com.br\/emfoco\/#\/schema\/person\/60eda09c1fedf0d6891f4cef4b60b8b8","name":"Andre\u0301 Rangel\u00a0","image":{"@type":"ImageObject","inLanguage":"pt-BR","@id":"https:\/\/www.em.com.br\/emfoco\/#\/schema\/person\/image\/","url":"https:\/\/secure.gravatar.com\/avatar\/6234dc814c77c8ef6d8bba622c787efc?s=96&d=mm&r=g","contentUrl":"https:\/\/secure.gravatar.com\/avatar\/6234dc814c77c8ef6d8bba622c787efc?s=96&d=mm&r=g","caption":"Andre\u0301 Rangel\u00a0"},"url":"https:\/\/www.em.com.br\/emfoco\/author\/luizmyth\/"}]}},"_links":{"self":[{"href":"https:\/\/www.em.com.br\/emfoco\/wp-json\/wp\/v2\/posts\/174596","targetHints":{"allow":["GET"]}}],"collection":[{"href":"https:\/\/www.em.com.br\/emfoco\/wp-json\/wp\/v2\/posts"}],"about":[{"href":"https:\/\/www.em.com.br\/emfoco\/wp-json\/wp\/v2\/types\/post"}],"author":[{"embeddable":true,"href":"https:\/\/www.em.com.br\/emfoco\/wp-json\/wp\/v2\/users\/11"}],"replies":[{"embeddable":true,"href":"https:\/\/www.em.com.br\/emfoco\/wp-json\/wp\/v2\/comments?post=174596"}],"version-history":[{"count":5,"href":"https:\/\/www.em.com.br\/emfoco\/wp-json\/wp\/v2\/posts\/174596\/revisions"}],"predecessor-version":[{"id":174634,"href":"https:\/\/www.em.com.br\/emfoco\/wp-json\/wp\/v2\/posts\/174596\/revisions\/174634"}],"wp:featuredmedia":[{"embeddable":true,"href":"https:\/\/www.em.com.br\/emfoco\/wp-json\/wp\/v2\/media\/28262"}],"wp:attachment":[{"href":"https:\/\/www.em.com.br\/emfoco\/wp-json\/wp\/v2\/media?parent=174596"}],"wp:term":[{"taxonomy":"category","embeddable":true,"href":"https:\/\/www.em.com.br\/emfoco\/wp-json\/wp\/v2\/categories?post=174596"},{"taxonomy":"post_tag","embeddable":true,"href":"https:\/\/www.em.com.br\/emfoco\/wp-json\/wp\/v2\/tags?post=174596"}],"curies":[{"name":"wp","href":"https:\/\/api.w.org\/{rel}","templated":true}]}}