{"id":174534,"date":"2026-03-02T20:05:00","date_gmt":"2026-03-02T23:05:00","guid":{"rendered":"https:\/\/www.em.com.br\/emfoco\/?p=174534"},"modified":"2026-02-27T23:43:13","modified_gmt":"2026-02-28T02:43:13","slug":"essa-planta-dominou-desertos-e-agora-esta-aparecendo-nas-varandas-de-muitos-brasileiros","status":"publish","type":"post","link":"https:\/\/www.em.com.br\/emfoco\/2026\/03\/02\/essa-planta-dominou-desertos-e-agora-esta-aparecendo-nas-varandas-de-muitos-brasileiros\/","title":{"rendered":"Essa planta dominou desertos e agora est\u00e1 aparecendo nas varandas de muitos brasileiros"},"content":{"rendered":"\n<p>Aprender <strong>como plantar tamareira em casa<\/strong> \u00e9 mais simples do que parece. A planta se adapta bem ao clima brasileiro e pode ser cultivada em vaso, oferecendo um fruto energ\u00e9tico e rico em nutrientes direto do seu pr\u00f3prio espa\u00e7o.<\/p>\n\n\n\n<h2 class=\"wp-block-heading\">A tamareira pode mesmo ser cultivada em casa?<\/h2>\n\n\n\n<p>A <strong>Phoenix dactylifera<\/strong> \u00e9 conhecida por atingir mais de 20 metros nos desertos do Oriente M\u00e9dio, mas em cultivo dom\u00e9stico seu crescimento \u00e9 controlado. Em vasos grandes e com manejo adequado, pode permanecer entre 2 e 4 metros.<\/p>\n\n\n\n<p>A tamareira \u00e9 uma planta <strong>dioica<\/strong>, com exemplares masculinos e femininos separados. Para produzir frutos \u00e9 necess\u00e1rio poliniza\u00e7\u00e3o, mas mesmo sem isso a planta j\u00e1 se destaca como ornamental resistente ao calor e \u00e0 seca.<\/p>\n\n\n\n<figure class=\"wp-block-image size-large\"><img loading=\"lazy\" decoding=\"async\" width=\"1024\" height=\"576\" src=\"https:\/\/www.em.com.br\/emfoco\/wp-content\/uploads\/2026\/02\/3-26-1024x576.jpg\" alt=\"Essa planta dominou desertos e agora est\u00e1 aparecendo nas varandas de muitos brasileiros\" class=\"wp-image-174573\" srcset=\"https:\/\/www.em.com.br\/emfoco\/wp-content\/uploads\/2026\/02\/3-26-1024x576.jpg 1024w, https:\/\/www.em.com.br\/emfoco\/wp-content\/uploads\/2026\/02\/3-26-300x169.jpg 300w, https:\/\/www.em.com.br\/emfoco\/wp-content\/uploads\/2026\/02\/3-26-768x432.jpg 768w, https:\/\/www.em.com.br\/emfoco\/wp-content\/uploads\/2026\/02\/3-26-750x422.jpg 750w, https:\/\/www.em.com.br\/emfoco\/wp-content\/uploads\/2026\/02\/3-26-1140x641.jpg 1140w, https:\/\/www.em.com.br\/emfoco\/wp-content\/uploads\/2026\/02\/3-26.jpg 1280w\" sizes=\"auto, (max-width: 1024px) 100vw, 1024px\" \/><figcaption class=\"wp-element-caption\">Mesmo sem produzir frutos, a esp\u00e9cie destaca-se como planta ornamental resistente<\/figcaption><\/figure>\n\n\n\n<h2 class=\"wp-block-heading\">Como plantar tamareira em casa passo a passo?<\/h2>\n\n\n\n<p>O cultivo pode come\u00e7ar pelo caro\u00e7o da pr\u00f3pria fruta, desde que a t\u00e2mara n\u00e3o seja pasteurizada. O preparo correto aumenta as chances de germina\u00e7\u00e3o, como mostram as etapas essenciais a seguir.<\/p>\n\n\n\n<ul class=\"wp-block-list\">\n<li><strong>Deixe o caro\u00e7o de molho por 24 a 48 horas<\/strong> em \u00e1gua morna para estimular a germina\u00e7\u00e3o.<\/li>\n\n\n\n<li><strong>Plante na vertical em substrato leve<\/strong>, usando mistura de areia grossa e terra vegetal em partes iguais.<\/li>\n\n\n\n<li><strong>Mantenha temperatura acima de 25 \u00b0C<\/strong> e solo levemente \u00famido at\u00e9 a germina\u00e7\u00e3o, que pode levar at\u00e9 8 semanas.<\/li>\n<\/ul>\n\n\n\n<h2 class=\"wp-block-heading\">Quais cuidados garantem crescimento saud\u00e1vel?<\/h2>\n\n\n\n<p>A <strong>tamareira prefere sol pleno<\/strong>, com pelo menos oito horas di\u00e1rias de luz. Em regi\u00f5es frias, o cultivo em vaso facilita a prote\u00e7\u00e3o contra temperaturas abaixo de 5 \u00b0C, que podem danificar a planta.<\/p>\n\n\n\n<p>A rega deve ser moderada, evitando encharcamento que causa <strong>podrid\u00e3o radicular<\/strong>. Pragas como <strong><a href=\"https:\/\/www.em.com.br\/emfoco\/2026\/02\/25\/figueira-no-quintal-veja-como-o-sol-e-a-drenagem-correta-podem-transformar-sua-colheita-de-figos\/\" target=\"_blank\" rel=\"noreferrer noopener\">cochonilhas <\/a><\/strong>podem surgir em ambientes secos, sendo controladas com \u00f3leo de neem ou solu\u00e7\u00e3o de sab\u00e3o neutro.<\/p>\n\n\n\n<p>Confira o v\u00eddeo compartilhado pelo canal do TikTok <strong><a href=\"https:\/\/www.tiktok.com\/@dailsonneiva\" target=\"_blank\" rel=\"noreferrer noopener\"><strong>dailsonneiva<\/strong><\/a><\/strong> ensinando na pr\u00e1tica como plantar t\u00e2maras em casa.<\/p>\n\n\n\n<blockquote class=\"tiktok-embed\" cite=\"https:\/\/www.tiktok.com\/@dailsonneiva\/video\/7603135065538923796\" data-video-id=\"7603135065538923796\" style=\"max-width: 605px;min-width: 325px;\" > <section> <a target=\"_blank\" title=\"@dailsonneiva\" href=\"https:\/\/www.tiktok.com\/@dailsonneiva?refer=embed\">@dailsonneiva<\/a> Plantando Tamara <a title=\"ro\u00e7a\" target=\"_blank\" href=\"https:\/\/www.tiktok.com\/tag\/ro%C3%A7a?refer=embed\">#ro\u00e7a<\/a> <a title=\"curiosidades\" target=\"_blank\" href=\"https:\/\/www.tiktok.com\/tag\/curiosidades?refer=embed\">#curiosidades<\/a> <a target=\"_blank\" title=\"\u266c R\u00f3i-Couro - Sagrama\" href=\"https:\/\/www.tiktok.com\/music\/R\u00f3i-Couro-6743491309689899009?refer=embed\">\u266c R\u00f3i-Couro &#8211; Sagrama<\/a> <\/section> <\/blockquote> <script async src=\"https:\/\/www.tiktok.com\/embed.js\"><\/script>\n\n\n\n<h2 class=\"wp-block-heading\">Quais s\u00e3o os principais benef\u00edcios da t\u00e2mara para a sa\u00fade?<\/h2>\n\n\n\n<p>A <strong>t\u00e2mara<\/strong> \u00e9 considerada um alimento funcional por seu alto teor de fibras, pot\u00e1ssio, magn\u00e9sio e antioxidantes como flavonoides e carotenoides. Seu consumo regular est\u00e1 associado a benef\u00edcios digestivos e cardiovasculares.<\/p>\n\n\n\n<ul class=\"wp-block-list\">\n<li><strong>Melhora a sa\u00fade intestinal<\/strong> ao estimular a microbiota e reduzir a constipa\u00e7\u00e3o.<\/li>\n\n\n\n<li><strong>Fornece energia r\u00e1pida e sustentada<\/strong>, ideal para atividades f\u00edsicas e rotina intensa.<\/li>\n\n\n\n<li><strong>Contribui para a sa\u00fade cardiovascular<\/strong> gra\u00e7as ao pot\u00e1ssio e compostos antioxidantes.<\/li>\n<\/ul>\n\n\n\n<h2 class=\"wp-block-heading\">Como incluir a t\u00e2mara na alimenta\u00e7\u00e3o di\u00e1ria?<\/h2>\n\n\n\n<p>Consumida in natura, a <strong>t\u00e2mara fornece energia natural<\/strong> e pode substituir doces industrializados. Nutricionistas costumam indicar de duas a quatro unidades por dia para equilibrar benef\u00edcios e ingest\u00e3o cal\u00f3rica.<\/p>\n\n\n\n<p>Na culin\u00e1ria, pode ser transformada em pasta para ado\u00e7ar receitas, adicionada a smoothies ou combinada com oleaginosas. Seu perfil nutricional a torna alternativa natural a suplementos energ\u00e9ticos industrializados.<\/p>\n","protected":false},"excerpt":{"rendered":"<p>Aprender como plantar tamareira em casa \u00e9 mais simples do que parece. A planta se adapta bem ao clima brasileiro e pode ser cultivada em vaso, oferecendo um fruto energ\u00e9tico e rico em nutrientes direto do seu pr\u00f3prio espa\u00e7o. A tamareira pode mesmo ser cultivada em casa? A Phoenix dactylifera \u00e9 conhecida por atingir mais [&hellip;]<\/p>\n","protected":false},"author":13,"featured_media":174575,"comment_status":"open","ping_status":"open","sticky":false,"template":"","format":"standard","meta":{"jnews-multi-image_gallery":[],"jnews_single_post":{"format":"standard"},"jnews_primary_category":[],"jnews_social_meta":[],"jnews_override_counter":[],"footnotes":""},"categories":[8819],"tags":[3358,9478,15582],"class_list":["post-174534","post","type-post","status-publish","format-standard","has-post-thumbnail","hentry","category-curiosidades","tag-jardinagem","tag-plantacao-em-casa","tag-tamara"],"yoast_head":"<!-- This site is optimized with the Yoast SEO plugin v23.8 - https:\/\/yoast.com\/wordpress\/plugins\/seo\/ -->\n<title>Essa planta dominou desertos e agora est\u00e1 aparecendo nas varandas de muitos brasileiros - Estado de Minas - Em foco<\/title>\n<meta name=\"description\" content=\"Veja como cultivar tamareira em casa, garantir germina\u00e7\u00e3o e aproveitar frutos nutritivos usando cuidados simples e clima favor\u00e1vel.\" \/>\n<meta name=\"robots\" content=\"index, follow, max-snippet:-1, max-image-preview:large, max-video-preview:-1\" \/>\n<link rel=\"canonical\" href=\"https:\/\/www.em.com.br\/emfoco\/2026\/03\/02\/essa-planta-dominou-desertos-e-agora-esta-aparecendo-nas-varandas-de-muitos-brasileiros\/\" \/>\n<meta property=\"og:locale\" content=\"pt_BR\" \/>\n<meta property=\"og:type\" content=\"article\" \/>\n<meta property=\"og:title\" content=\"Essa planta dominou desertos e agora est\u00e1 aparecendo nas varandas de muitos brasileiros - Estado de Minas - Em foco\" \/>\n<meta property=\"og:description\" content=\"Veja como cultivar tamareira em casa, garantir germina\u00e7\u00e3o e aproveitar frutos nutritivos usando cuidados simples e clima favor\u00e1vel.\" \/>\n<meta property=\"og:url\" content=\"https:\/\/www.em.com.br\/emfoco\/2026\/03\/02\/essa-planta-dominou-desertos-e-agora-esta-aparecendo-nas-varandas-de-muitos-brasileiros\/\" \/>\n<meta property=\"og:site_name\" content=\"Estado de Minas - Em foco\" \/>\n<meta property=\"article:published_time\" content=\"2026-03-02T23:05:00+00:00\" \/>\n<meta property=\"article:modified_time\" content=\"2026-02-28T02:43:13+00:00\" \/>\n<meta property=\"og:image\" content=\"https:\/\/www.em.com.br\/emfoco\/wp-content\/uploads\/2026\/02\/5-15.jpg\" \/>\n\t<meta property=\"og:image:width\" content=\"1280\" \/>\n\t<meta property=\"og:image:height\" content=\"720\" \/>\n\t<meta property=\"og:image:type\" content=\"image\/jpeg\" \/>\n<meta name=\"author\" content=\"Gabriel Martins\" \/>\n<meta name=\"twitter:card\" content=\"summary_large_image\" \/>\n<meta name=\"twitter:label1\" content=\"Escrito por\" \/>\n\t<meta name=\"twitter:data1\" content=\"Gabriel Martins\" \/>\n\t<meta name=\"twitter:label2\" content=\"Est. tempo de leitura\" \/>\n\t<meta name=\"twitter:data2\" content=\"3 minutos\" \/>\n<!-- \/ Yoast SEO plugin. -->","yoast_head_json":{"title":"Essa planta dominou desertos e agora est\u00e1 aparecendo nas varandas de muitos brasileiros - Estado de Minas - Em foco","description":"Veja como cultivar tamareira em casa, garantir germina\u00e7\u00e3o e aproveitar frutos nutritivos usando cuidados simples e clima favor\u00e1vel.","robots":{"index":"index","follow":"follow","max-snippet":"max-snippet:-1","max-image-preview":"max-image-preview:large","max-video-preview":"max-video-preview:-1"},"canonical":"https:\/\/www.em.com.br\/emfoco\/2026\/03\/02\/essa-planta-dominou-desertos-e-agora-esta-aparecendo-nas-varandas-de-muitos-brasileiros\/","og_locale":"pt_BR","og_type":"article","og_title":"Essa planta dominou desertos e agora est\u00e1 aparecendo nas varandas de muitos brasileiros - Estado de Minas - Em foco","og_description":"Veja como cultivar tamareira em casa, garantir germina\u00e7\u00e3o e aproveitar frutos nutritivos usando cuidados simples e clima favor\u00e1vel.","og_url":"https:\/\/www.em.com.br\/emfoco\/2026\/03\/02\/essa-planta-dominou-desertos-e-agora-esta-aparecendo-nas-varandas-de-muitos-brasileiros\/","og_site_name":"Estado de Minas - Em foco","article_published_time":"2026-03-02T23:05:00+00:00","article_modified_time":"2026-02-28T02:43:13+00:00","og_image":[{"width":1280,"height":720,"url":"https:\/\/www.em.com.br\/emfoco\/wp-content\/uploads\/2026\/02\/5-15.jpg","type":"image\/jpeg"}],"author":"Gabriel Martins","twitter_card":"summary_large_image","twitter_misc":{"Escrito por":"Gabriel Martins","Est. tempo de leitura":"3 minutos"},"schema":{"@context":"https:\/\/schema.org","@graph":[{"@type":"WebPage","@id":"https:\/\/www.em.com.br\/emfoco\/2026\/03\/02\/essa-planta-dominou-desertos-e-agora-esta-aparecendo-nas-varandas-de-muitos-brasileiros\/","url":"https:\/\/www.em.com.br\/emfoco\/2026\/03\/02\/essa-planta-dominou-desertos-e-agora-esta-aparecendo-nas-varandas-de-muitos-brasileiros\/","name":"Essa planta dominou desertos e agora est\u00e1 aparecendo nas varandas de muitos brasileiros - Estado de Minas - Em foco","isPartOf":{"@id":"https:\/\/www.em.com.br\/emfoco\/#website"},"primaryImageOfPage":{"@id":"https:\/\/www.em.com.br\/emfoco\/2026\/03\/02\/essa-planta-dominou-desertos-e-agora-esta-aparecendo-nas-varandas-de-muitos-brasileiros\/#primaryimage"},"image":{"@id":"https:\/\/www.em.com.br\/emfoco\/2026\/03\/02\/essa-planta-dominou-desertos-e-agora-esta-aparecendo-nas-varandas-de-muitos-brasileiros\/#primaryimage"},"thumbnailUrl":"https:\/\/www.em.com.br\/emfoco\/wp-content\/uploads\/2026\/02\/5-15.jpg","datePublished":"2026-03-02T23:05:00+00:00","dateModified":"2026-02-28T02:43:13+00:00","author":{"@id":"https:\/\/www.em.com.br\/emfoco\/#\/schema\/person\/1c9ddeab18b98abeffef834667bcf08a"},"description":"Veja como cultivar tamareira em casa, garantir germina\u00e7\u00e3o e aproveitar frutos nutritivos usando cuidados simples e clima favor\u00e1vel.","breadcrumb":{"@id":"https:\/\/www.em.com.br\/emfoco\/2026\/03\/02\/essa-planta-dominou-desertos-e-agora-esta-aparecendo-nas-varandas-de-muitos-brasileiros\/#breadcrumb"},"inLanguage":"pt-BR","potentialAction":[{"@type":"ReadAction","target":["https:\/\/www.em.com.br\/emfoco\/2026\/03\/02\/essa-planta-dominou-desertos-e-agora-esta-aparecendo-nas-varandas-de-muitos-brasileiros\/"]}]},{"@type":"ImageObject","inLanguage":"pt-BR","@id":"https:\/\/www.em.com.br\/emfoco\/2026\/03\/02\/essa-planta-dominou-desertos-e-agora-esta-aparecendo-nas-varandas-de-muitos-brasileiros\/#primaryimage","url":"https:\/\/www.em.com.br\/emfoco\/wp-content\/uploads\/2026\/02\/5-15.jpg","contentUrl":"https:\/\/www.em.com.br\/emfoco\/wp-content\/uploads\/2026\/02\/5-15.jpg","width":1280,"height":720,"caption":"A tamareira adapta-se ao clima brasileiro e pode crescer em vasos"},{"@type":"BreadcrumbList","@id":"https:\/\/www.em.com.br\/emfoco\/2026\/03\/02\/essa-planta-dominou-desertos-e-agora-esta-aparecendo-nas-varandas-de-muitos-brasileiros\/#breadcrumb","itemListElement":[{"@type":"ListItem","position":1,"name":"In\u00edcio","item":"https:\/\/www.em.com.br\/emfoco\/"},{"@type":"ListItem","position":2,"name":"Essa planta dominou desertos e agora est\u00e1 aparecendo nas varandas de muitos brasileiros"}]},{"@type":"WebSite","@id":"https:\/\/www.em.com.br\/emfoco\/#website","url":"https:\/\/www.em.com.br\/emfoco\/","name":"Estado de Minas - Em foco","description":"Acompanhe as \u00faltimas not\u00edcias e fique bem informado sobre tudo o que acontece em Minas Gerais, Brasil e no mundo.","potentialAction":[{"@type":"SearchAction","target":{"@type":"EntryPoint","urlTemplate":"https:\/\/www.em.com.br\/emfoco\/?s={search_term_string}"},"query-input":{"@type":"PropertyValueSpecification","valueRequired":true,"valueName":"search_term_string"}}],"inLanguage":"pt-BR"},{"@type":"Person","@id":"https:\/\/www.em.com.br\/emfoco\/#\/schema\/person\/1c9ddeab18b98abeffef834667bcf08a","name":"Gabriel Martins","image":{"@type":"ImageObject","inLanguage":"pt-BR","@id":"https:\/\/www.em.com.br\/emfoco\/#\/schema\/person\/image\/","url":"https:\/\/secure.gravatar.com\/avatar\/f0f1e2efdfd88f1ad2cb08c5c2731e50?s=96&d=mm&r=g","contentUrl":"https:\/\/secure.gravatar.com\/avatar\/f0f1e2efdfd88f1ad2cb08c5c2731e50?s=96&d=mm&r=g","caption":"Gabriel Martins"},"sameAs":["https:\/\/www.em.com.br\/emfoco\/"],"url":"https:\/\/www.em.com.br\/emfoco\/author\/gabrielmartinsmyth\/"}]}},"_links":{"self":[{"href":"https:\/\/www.em.com.br\/emfoco\/wp-json\/wp\/v2\/posts\/174534","targetHints":{"allow":["GET"]}}],"collection":[{"href":"https:\/\/www.em.com.br\/emfoco\/wp-json\/wp\/v2\/posts"}],"about":[{"href":"https:\/\/www.em.com.br\/emfoco\/wp-json\/wp\/v2\/types\/post"}],"author":[{"embeddable":true,"href":"https:\/\/www.em.com.br\/emfoco\/wp-json\/wp\/v2\/users\/13"}],"replies":[{"embeddable":true,"href":"https:\/\/www.em.com.br\/emfoco\/wp-json\/wp\/v2\/comments?post=174534"}],"version-history":[{"count":1,"href":"https:\/\/www.em.com.br\/emfoco\/wp-json\/wp\/v2\/posts\/174534\/revisions"}],"predecessor-version":[{"id":174579,"href":"https:\/\/www.em.com.br\/emfoco\/wp-json\/wp\/v2\/posts\/174534\/revisions\/174579"}],"wp:featuredmedia":[{"embeddable":true,"href":"https:\/\/www.em.com.br\/emfoco\/wp-json\/wp\/v2\/media\/174575"}],"wp:attachment":[{"href":"https:\/\/www.em.com.br\/emfoco\/wp-json\/wp\/v2\/media?parent=174534"}],"wp:term":[{"taxonomy":"category","embeddable":true,"href":"https:\/\/www.em.com.br\/emfoco\/wp-json\/wp\/v2\/categories?post=174534"},{"taxonomy":"post_tag","embeddable":true,"href":"https:\/\/www.em.com.br\/emfoco\/wp-json\/wp\/v2\/tags?post=174534"}],"curies":[{"name":"wp","href":"https:\/\/api.w.org\/{rel}","templated":true}]}}