{"id":174529,"date":"2026-03-02T21:25:00","date_gmt":"2026-03-03T00:25:00","guid":{"rendered":"https:\/\/www.em.com.br\/emfoco\/?p=174529"},"modified":"2026-02-28T23:30:13","modified_gmt":"2026-03-01T02:30:13","slug":"coloque-esta-planta-perto-da-cama-e-percevejos-nao-passam-truque-simples-cria-barreira-natural-no-quarto","status":"publish","type":"post","link":"https:\/\/www.em.com.br\/emfoco\/2026\/03\/02\/coloque-esta-planta-perto-da-cama-e-percevejos-nao-passam-truque-simples-cria-barreira-natural-no-quarto\/","title":{"rendered":"Coloque esta planta perto da cama e percevejos n\u00e3o passam: truque simples cria barreira natural no quarto"},"content":{"rendered":"\n<p>Criar uma <strong>barreira natural contra percevejos<\/strong> \u00e9 uma solu\u00e7\u00e3o acess\u00edvel para proteger o quarto sem recorrer a produtos qu\u00edmicos agressivos. Algumas plantas arom\u00e1ticas liberam odores que funcionam como repelentes naturais e dificultam a perman\u00eancia desses insetos no ambiente.<\/p>\n\n\n\n<h2 class=\"wp-block-heading\">Por que usar plantas para afastar percevejos?<\/h2>\n\n\n\n<p>Os <strong>percevejos<\/strong> se escondem em colch\u00f5es, estofados e frestas, alimentando-se durante a noite e causando coceira e desconforto. Embora n\u00e3o representem alto risco \u00e0 sa\u00fade, podem afetar a qualidade do sono e gerar estresse.<\/p>\n\n\n\n<p>As chamadas <strong>barreiras olfativas<\/strong> atuam por meio de aromas intensos liberados continuamente pelas plantas. Esses cheiros interferem na orienta\u00e7\u00e3o dos insetos, tornando o ambiente menos atrativo e ajudando a reduzir novas infesta\u00e7\u00f5es.<\/p>\n\n\n\n<figure class=\"wp-block-image size-large\"><img loading=\"lazy\" decoding=\"async\" width=\"1024\" height=\"576\" src=\"https:\/\/www.em.com.br\/emfoco\/wp-content\/uploads\/2026\/02\/5-13-1024x576.jpg\" alt=\"Coloque esta planta perto da cama e percevejos n\u00e3o passam: truque simples cria barreira natural no quarto\" class=\"wp-image-174556\" srcset=\"https:\/\/www.em.com.br\/emfoco\/wp-content\/uploads\/2026\/02\/5-13-1024x576.jpg 1024w, https:\/\/www.em.com.br\/emfoco\/wp-content\/uploads\/2026\/02\/5-13-300x169.jpg 300w, https:\/\/www.em.com.br\/emfoco\/wp-content\/uploads\/2026\/02\/5-13-768x432.jpg 768w, https:\/\/www.em.com.br\/emfoco\/wp-content\/uploads\/2026\/02\/5-13-750x422.jpg 750w, https:\/\/www.em.com.br\/emfoco\/wp-content\/uploads\/2026\/02\/5-13-1140x641.jpg 1140w, https:\/\/www.em.com.br\/emfoco\/wp-content\/uploads\/2026\/02\/5-13.jpg 1280w\" sizes=\"auto, (max-width: 1024px) 100vw, 1024px\" \/><figcaption class=\"wp-element-caption\">Odores intensos interferem na orienta\u00e7\u00e3o dos insetos e evitam novas infesta\u00e7\u00f5es<\/figcaption><\/figure>\n\n\n\n<h2 class=\"wp-block-heading\">Quais plantas realmente ajudam a repelir percevejos?<\/h2>\n\n\n\n<p>Algumas esp\u00e9cies produzem \u00f3leos essenciais com a\u00e7\u00e3o repelente comprovada no controle dom\u00e9stico de insetos. Al\u00e9m de funcionais, elas decoram o ambiente e exigem poucos cuidados di\u00e1rios. Entre as mais indicadas est\u00e3o as seguintes.<\/p>\n\n\n\n<ul class=\"wp-block-list\">\n<li><strong>Lavanda<\/strong> libera fragr\u00e2ncia persistente que afasta percevejos e ainda pode ser usada em sach\u00eas dentro de gavetas e sob o colch\u00e3o.<\/li>\n\n\n\n<li><strong>Alecrim<\/strong> combina resist\u00eancia com aroma marcante, ideal para janelas e entradas onde h\u00e1 maior circula\u00e7\u00e3o de ar.<\/li>\n\n\n\n<li><strong>Manjeric\u00e3o<\/strong> possui \u00f3leos essenciais que criam ambiente desfavor\u00e1vel aos insetos, refor\u00e7ando a prote\u00e7\u00e3o natural do c\u00f4modo.<\/li>\n<\/ul>\n\n\n\n<h2 class=\"wp-block-heading\">Como a lavanda e o alecrim devem ser posicionados?<\/h2>\n\n\n\n<p>A <a href=\"https:\/\/www.em.com.br\/emfoco\/2026\/02\/26\/nem-roseira-nem-lavanda-o-segredo-para-um-jardim-impecavel-no-verao-com-esse-arbusto-resistente\/\" target=\"_blank\" rel=\"noreferrer noopener\"><strong>lavanda<\/strong> <\/a>pode ser cultivada em vasos pr\u00f3ximos \u00e0 janela para espalhar seu aroma com a ventila\u00e7\u00e3o. Outra alternativa eficaz \u00e9 colocar flores secas em pequenos sach\u00eas sob o colch\u00e3o ou dentro das fronhas.<\/p>\n\n\n\n<p>O <strong><a href=\"https:\/\/www.petz.com.br\/blog\/planta-repelente-de-insetos\/\" target=\"_blank\" rel=\"noreferrer noopener\">alecrim <\/a><\/strong>funciona bem em locais estrat\u00e9gicos, como portas e parapeitos. Seus ramos frescos intensificam a fragr\u00e2ncia no ambiente, formando uma zona de desconforto olfativo para os insetos.<\/p>\n\n\n\n<figure class=\"wp-block-image size-large\"><img loading=\"lazy\" decoding=\"async\" width=\"1024\" height=\"576\" src=\"https:\/\/www.em.com.br\/emfoco\/wp-content\/uploads\/2026\/02\/4-14-1024x576.jpg\" alt=\"Coloque esta planta perto da cama e percevejos n\u00e3o passam: truque simples cria barreira natural no quarto\" class=\"wp-image-174555\" srcset=\"https:\/\/www.em.com.br\/emfoco\/wp-content\/uploads\/2026\/02\/4-14-1024x576.jpg 1024w, https:\/\/www.em.com.br\/emfoco\/wp-content\/uploads\/2026\/02\/4-14-300x169.jpg 300w, https:\/\/www.em.com.br\/emfoco\/wp-content\/uploads\/2026\/02\/4-14-768x432.jpg 768w, https:\/\/www.em.com.br\/emfoco\/wp-content\/uploads\/2026\/02\/4-14-750x422.jpg 750w, https:\/\/www.em.com.br\/emfoco\/wp-content\/uploads\/2026\/02\/4-14-1140x641.jpg 1140w, https:\/\/www.em.com.br\/emfoco\/wp-content\/uploads\/2026\/02\/4-14.jpg 1280w\" sizes=\"auto, (max-width: 1024px) 100vw, 1024px\" \/><figcaption class=\"wp-element-caption\">Posicionar vasos em janelas espalha o aroma e amplia a efic\u00e1cia<\/figcaption><\/figure>\n\n\n\n<h2 class=\"wp-block-heading\">Como usar o manjeric\u00e3o para refor\u00e7ar a barreira natural?<\/h2>\n\n\n\n<p>O <strong>manjeric\u00e3o<\/strong> exige cuidados espec\u00edficos para manter sua capacidade repelente ativa. Quando saud\u00e1vel, libera aroma mais intenso e contribui para um ambiente menos prop\u00edcio \u00e0 presen\u00e7a de percevejos. Algumas pr\u00e1ticas ajudam a potencializar esse efeito.<\/p>\n\n\n\n<ul class=\"wp-block-list\">\n<li><strong>Garantir boa drenagem no vaso<\/strong> evita excesso de umidade, preservando as ra\u00edzes e mantendo a produ\u00e7\u00e3o de \u00f3leos arom\u00e1ticos.<\/li>\n\n\n\n<li><strong>Realizar regas frequentes, por\u00e9m moderadas<\/strong> mant\u00e9m folhas vi\u00e7osas e aumenta a libera\u00e7\u00e3o de fragr\u00e2ncia natural.<\/li>\n\n\n\n<li><strong>Posicionar o vaso em \u00e1rea iluminada e ventilada<\/strong> favorece o crescimento saud\u00e1vel e amplia o alcance do aroma no quarto.<\/li>\n<\/ul>\n\n\n\n<p>Ao combinar posicionamento estrat\u00e9gico e cuidados simples, essas plantas formam uma prote\u00e7\u00e3o cont\u00ednua e ecol\u00f3gica, reduzindo as chances de os percevejos se instalarem no ambiente.<\/p>\n\n\n\n<p><\/p>\n","protected":false},"excerpt":{"rendered":"<p>Criar uma barreira natural contra percevejos \u00e9 uma solu\u00e7\u00e3o acess\u00edvel para proteger o quarto sem recorrer a produtos qu\u00edmicos agressivos. Algumas plantas arom\u00e1ticas liberam odores que funcionam como repelentes naturais e dificultam a perman\u00eancia desses insetos no ambiente. Por que usar plantas para afastar percevejos? Os percevejos se escondem em colch\u00f5es, estofados e frestas, alimentando-se [&hellip;]<\/p>\n","protected":false},"author":13,"featured_media":174557,"comment_status":"open","ping_status":"open","sticky":false,"template":"","format":"standard","meta":{"jnews-multi-image_gallery":[],"jnews_single_post":{"format":"standard"},"jnews_primary_category":[],"jnews_social_meta":[],"jnews_override_counter":[],"footnotes":""},"categories":[8819],"tags":[25283,3358,20484],"class_list":["post-174529","post","type-post","status-publish","format-standard","has-post-thumbnail","hentry","category-curiosidades","tag-barreira-natural","tag-jardinagem","tag-percevejos"],"yoast_head":"<!-- This site is optimized with the Yoast SEO plugin v23.8 - https:\/\/yoast.com\/wordpress\/plugins\/seo\/ -->\n<title>Coloque esta planta perto da cama e percevejos n\u00e3o passam: truque simples cria barreira natural no quarto - Estado de Minas - Em foco<\/title>\n<meta name=\"description\" content=\"Plantas arom\u00e1ticas liberam cheiros que desorientam percevejos e impedem que eles se instalem em colch\u00f5es e estofados.\" \/>\n<meta name=\"robots\" content=\"index, follow, max-snippet:-1, max-image-preview:large, max-video-preview:-1\" \/>\n<link rel=\"canonical\" href=\"https:\/\/www.em.com.br\/emfoco\/2026\/03\/02\/coloque-esta-planta-perto-da-cama-e-percevejos-nao-passam-truque-simples-cria-barreira-natural-no-quarto\/\" \/>\n<meta property=\"og:locale\" content=\"pt_BR\" \/>\n<meta property=\"og:type\" content=\"article\" \/>\n<meta property=\"og:title\" content=\"Coloque esta planta perto da cama e percevejos n\u00e3o passam: truque simples cria barreira natural no quarto - Estado de Minas - Em foco\" \/>\n<meta property=\"og:description\" content=\"Plantas arom\u00e1ticas liberam cheiros que desorientam percevejos e impedem que eles se instalem em colch\u00f5es e estofados.\" \/>\n<meta property=\"og:url\" content=\"https:\/\/www.em.com.br\/emfoco\/2026\/03\/02\/coloque-esta-planta-perto-da-cama-e-percevejos-nao-passam-truque-simples-cria-barreira-natural-no-quarto\/\" \/>\n<meta property=\"og:site_name\" content=\"Estado de Minas - Em foco\" \/>\n<meta property=\"article:published_time\" content=\"2026-03-03T00:25:00+00:00\" \/>\n<meta property=\"article:modified_time\" content=\"2026-03-01T02:30:13+00:00\" \/>\n<meta property=\"og:image\" content=\"https:\/\/www.em.com.br\/emfoco\/wp-content\/uploads\/2026\/02\/6-10.jpg\" \/>\n\t<meta property=\"og:image:width\" content=\"1280\" \/>\n\t<meta property=\"og:image:height\" content=\"720\" \/>\n\t<meta property=\"og:image:type\" content=\"image\/jpeg\" \/>\n<meta name=\"author\" content=\"Gabriel Martins\" \/>\n<meta name=\"twitter:card\" content=\"summary_large_image\" \/>\n<meta name=\"twitter:label1\" content=\"Escrito por\" \/>\n\t<meta name=\"twitter:data1\" content=\"Gabriel Martins\" \/>\n\t<meta name=\"twitter:label2\" content=\"Est. tempo de leitura\" \/>\n\t<meta name=\"twitter:data2\" content=\"3 minutos\" \/>\n<!-- \/ Yoast SEO plugin. -->","yoast_head_json":{"title":"Coloque esta planta perto da cama e percevejos n\u00e3o passam: truque simples cria barreira natural no quarto - Estado de Minas - Em foco","description":"Plantas arom\u00e1ticas liberam cheiros que desorientam percevejos e impedem que eles se instalem em colch\u00f5es e estofados.","robots":{"index":"index","follow":"follow","max-snippet":"max-snippet:-1","max-image-preview":"max-image-preview:large","max-video-preview":"max-video-preview:-1"},"canonical":"https:\/\/www.em.com.br\/emfoco\/2026\/03\/02\/coloque-esta-planta-perto-da-cama-e-percevejos-nao-passam-truque-simples-cria-barreira-natural-no-quarto\/","og_locale":"pt_BR","og_type":"article","og_title":"Coloque esta planta perto da cama e percevejos n\u00e3o passam: truque simples cria barreira natural no quarto - Estado de Minas - Em foco","og_description":"Plantas arom\u00e1ticas liberam cheiros que desorientam percevejos e impedem que eles se instalem em colch\u00f5es e estofados.","og_url":"https:\/\/www.em.com.br\/emfoco\/2026\/03\/02\/coloque-esta-planta-perto-da-cama-e-percevejos-nao-passam-truque-simples-cria-barreira-natural-no-quarto\/","og_site_name":"Estado de Minas - Em foco","article_published_time":"2026-03-03T00:25:00+00:00","article_modified_time":"2026-03-01T02:30:13+00:00","og_image":[{"width":1280,"height":720,"url":"https:\/\/www.em.com.br\/emfoco\/wp-content\/uploads\/2026\/02\/6-10.jpg","type":"image\/jpeg"}],"author":"Gabriel Martins","twitter_card":"summary_large_image","twitter_misc":{"Escrito por":"Gabriel Martins","Est. tempo de leitura":"3 minutos"},"schema":{"@context":"https:\/\/schema.org","@graph":[{"@type":"WebPage","@id":"https:\/\/www.em.com.br\/emfoco\/2026\/03\/02\/coloque-esta-planta-perto-da-cama-e-percevejos-nao-passam-truque-simples-cria-barreira-natural-no-quarto\/","url":"https:\/\/www.em.com.br\/emfoco\/2026\/03\/02\/coloque-esta-planta-perto-da-cama-e-percevejos-nao-passam-truque-simples-cria-barreira-natural-no-quarto\/","name":"Coloque esta planta perto da cama e percevejos n\u00e3o passam: truque simples cria barreira natural no quarto - Estado de Minas - Em foco","isPartOf":{"@id":"https:\/\/www.em.com.br\/emfoco\/#website"},"primaryImageOfPage":{"@id":"https:\/\/www.em.com.br\/emfoco\/2026\/03\/02\/coloque-esta-planta-perto-da-cama-e-percevejos-nao-passam-truque-simples-cria-barreira-natural-no-quarto\/#primaryimage"},"image":{"@id":"https:\/\/www.em.com.br\/emfoco\/2026\/03\/02\/coloque-esta-planta-perto-da-cama-e-percevejos-nao-passam-truque-simples-cria-barreira-natural-no-quarto\/#primaryimage"},"thumbnailUrl":"https:\/\/www.em.com.br\/emfoco\/wp-content\/uploads\/2026\/02\/6-10.jpg","datePublished":"2026-03-03T00:25:00+00:00","dateModified":"2026-03-01T02:30:13+00:00","author":{"@id":"https:\/\/www.em.com.br\/emfoco\/#\/schema\/person\/1c9ddeab18b98abeffef834667bcf08a"},"description":"Plantas arom\u00e1ticas liberam cheiros que desorientam percevejos e impedem que eles se instalem em colch\u00f5es e estofados.","breadcrumb":{"@id":"https:\/\/www.em.com.br\/emfoco\/2026\/03\/02\/coloque-esta-planta-perto-da-cama-e-percevejos-nao-passam-truque-simples-cria-barreira-natural-no-quarto\/#breadcrumb"},"inLanguage":"pt-BR","potentialAction":[{"@type":"ReadAction","target":["https:\/\/www.em.com.br\/emfoco\/2026\/03\/02\/coloque-esta-planta-perto-da-cama-e-percevejos-nao-passam-truque-simples-cria-barreira-natural-no-quarto\/"]}]},{"@type":"ImageObject","inLanguage":"pt-BR","@id":"https:\/\/www.em.com.br\/emfoco\/2026\/03\/02\/coloque-esta-planta-perto-da-cama-e-percevejos-nao-passam-truque-simples-cria-barreira-natural-no-quarto\/#primaryimage","url":"https:\/\/www.em.com.br\/emfoco\/wp-content\/uploads\/2026\/02\/6-10.jpg","contentUrl":"https:\/\/www.em.com.br\/emfoco\/wp-content\/uploads\/2026\/02\/6-10.jpg","width":1280,"height":720,"caption":"Plantas arom\u00e1ticas criam barreiras olfativas naturais que afastam percevejos do dormit\u00f3rio"},{"@type":"BreadcrumbList","@id":"https:\/\/www.em.com.br\/emfoco\/2026\/03\/02\/coloque-esta-planta-perto-da-cama-e-percevejos-nao-passam-truque-simples-cria-barreira-natural-no-quarto\/#breadcrumb","itemListElement":[{"@type":"ListItem","position":1,"name":"In\u00edcio","item":"https:\/\/www.em.com.br\/emfoco\/"},{"@type":"ListItem","position":2,"name":"Coloque esta planta perto da cama e percevejos n\u00e3o passam: truque simples cria barreira natural no quarto"}]},{"@type":"WebSite","@id":"https:\/\/www.em.com.br\/emfoco\/#website","url":"https:\/\/www.em.com.br\/emfoco\/","name":"Estado de Minas - Em foco","description":"Acompanhe as \u00faltimas not\u00edcias e fique bem informado sobre tudo o que acontece em Minas Gerais, Brasil e no mundo.","potentialAction":[{"@type":"SearchAction","target":{"@type":"EntryPoint","urlTemplate":"https:\/\/www.em.com.br\/emfoco\/?s={search_term_string}"},"query-input":{"@type":"PropertyValueSpecification","valueRequired":true,"valueName":"search_term_string"}}],"inLanguage":"pt-BR"},{"@type":"Person","@id":"https:\/\/www.em.com.br\/emfoco\/#\/schema\/person\/1c9ddeab18b98abeffef834667bcf08a","name":"Gabriel Martins","image":{"@type":"ImageObject","inLanguage":"pt-BR","@id":"https:\/\/www.em.com.br\/emfoco\/#\/schema\/person\/image\/","url":"https:\/\/secure.gravatar.com\/avatar\/f0f1e2efdfd88f1ad2cb08c5c2731e50?s=96&d=mm&r=g","contentUrl":"https:\/\/secure.gravatar.com\/avatar\/f0f1e2efdfd88f1ad2cb08c5c2731e50?s=96&d=mm&r=g","caption":"Gabriel Martins"},"sameAs":["https:\/\/www.em.com.br\/emfoco\/"],"url":"https:\/\/www.em.com.br\/emfoco\/author\/gabrielmartinsmyth\/"}]}},"_links":{"self":[{"href":"https:\/\/www.em.com.br\/emfoco\/wp-json\/wp\/v2\/posts\/174529","targetHints":{"allow":["GET"]}}],"collection":[{"href":"https:\/\/www.em.com.br\/emfoco\/wp-json\/wp\/v2\/posts"}],"about":[{"href":"https:\/\/www.em.com.br\/emfoco\/wp-json\/wp\/v2\/types\/post"}],"author":[{"embeddable":true,"href":"https:\/\/www.em.com.br\/emfoco\/wp-json\/wp\/v2\/users\/13"}],"replies":[{"embeddable":true,"href":"https:\/\/www.em.com.br\/emfoco\/wp-json\/wp\/v2\/comments?post=174529"}],"version-history":[{"count":1,"href":"https:\/\/www.em.com.br\/emfoco\/wp-json\/wp\/v2\/posts\/174529\/revisions"}],"predecessor-version":[{"id":174558,"href":"https:\/\/www.em.com.br\/emfoco\/wp-json\/wp\/v2\/posts\/174529\/revisions\/174558"}],"wp:featuredmedia":[{"embeddable":true,"href":"https:\/\/www.em.com.br\/emfoco\/wp-json\/wp\/v2\/media\/174557"}],"wp:attachment":[{"href":"https:\/\/www.em.com.br\/emfoco\/wp-json\/wp\/v2\/media?parent=174529"}],"wp:term":[{"taxonomy":"category","embeddable":true,"href":"https:\/\/www.em.com.br\/emfoco\/wp-json\/wp\/v2\/categories?post=174529"},{"taxonomy":"post_tag","embeddable":true,"href":"https:\/\/www.em.com.br\/emfoco\/wp-json\/wp\/v2\/tags?post=174529"}],"curies":[{"name":"wp","href":"https:\/\/api.w.org\/{rel}","templated":true}]}}