{"id":174403,"date":"2026-02-27T12:45:00","date_gmt":"2026-02-27T15:45:00","guid":{"rendered":"https:\/\/www.em.com.br\/emfoco\/?p=174403"},"modified":"2026-02-26T22:35:56","modified_gmt":"2026-02-27T01:35:56","slug":"saches-individuais-sao-proibidos-em-2026-o-que-muda-nas-lanchonetes-e-redes-de-fast-food","status":"publish","type":"post","link":"https:\/\/www.em.com.br\/emfoco\/2026\/02\/27\/saches-individuais-sao-proibidos-em-2026-o-que-muda-nas-lanchonetes-e-redes-de-fast-food\/","title":{"rendered":"Sach\u00eas individuais s\u00e3o proibidos em 2026: o que muda nas lanchonetes e redes de fast-food"},"content":{"rendered":"\n<p>O debate sobre o poss\u00edvel fim definitivo dos sach\u00eas individuais em lanchonetes e redes de fast-food no <strong>Brasil <\/strong>em 2026 ganhou for\u00e7a com a nova regulamenta\u00e7\u00e3o europeia sobre pl\u00e1sticos de uso \u00fanico. A medida aprovada na <strong>Uni\u00e3o Europeia<\/strong>, que passa a valer <strong>a partir de agosto de 2026<\/strong>, pro\u00edbe o uso de sach\u00eas de condimentos em bares, restaurantes e redes de alimenta\u00e7\u00e3o, exigindo embalagens reutiliz\u00e1veis ou sistemas de dosagem compartilhados, e, embora n\u00e3o tenha efeito direto no Brasil, sinaliza mudan\u00e7as que tendem a pressionar o mercado brasileiro em m\u00e9dio prazo.<\/p>\n\n\n\n<h2 class=\"wp-block-heading\">O fim dos sach\u00eas individuais em 2026 no Brasil \u00e9 realidade ou apenas tend\u00eancia<\/h2>\n\n\n\n<p>No cen\u00e1rio nacional, o tema \u00e9 observado com aten\u00e7\u00e3o por empres\u00e1rios do setor, \u00f3rg\u00e3os reguladores e fornecedores de embalagens. Hoje, os sach\u00eas individuais ainda ocupam papel central nas opera\u00e7\u00f5es de fast-food, principalmente por causa das exig\u00eancias de higiene previstas nas normas da <strong><a href=\"https:\/\/www.em.com.br\/emfoco\/2026\/02\/04\/anvisa-acaba-de-suspender-a-venda-de-uma-famosa-marca-de-leite-condensado\/\" target=\"_blank\" rel=\"noreferrer noopener\">Anvisa <\/a><\/strong>e de vigil\u00e2ncias sanit\u00e1rias locais.<\/p>\n\n\n\n<p>Por\u00e9m, n\u00e3o h\u00e1 lei federal ou resolu\u00e7\u00e3o da Anvisa que determine a proibi\u00e7\u00e3o no pa\u00eds. A <strong><a href=\"https:\/\/www.gov.br\/anvisa\/pt-br\/centraisdeconteudo\/publicacoes\/alimentos\/manuais-guias-e-orientacoes\/cartilha-boas-praticas-para-servicos-de-alimentacao.pdf\" target=\"_blank\" rel=\"noreferrer noopener\">RDC n\u00ba 216\/2004<\/a><\/strong>, em vigor, prioriza a seguran\u00e7a alimentar e \u00e9 frequentemente interpretada como um incentivo ao uso de sach\u00eas descart\u00e1veis.<\/p>\n\n\n\n<figure class=\"wp-block-image\"><img decoding=\"async\" src=\"https:\/\/www.em.com.br\/emfoco\/wp-content\/uploads\/2026\/01\/ChatGPT-Image-23-de-jan.-de-2026-19_29_01-1-1024x576.png\" alt=\"\"\/><figcaption class=\"wp-element-caption\">Embalagens descart\u00e1veis t\u00eam data para acabar<\/figcaption><\/figure>\n\n\n\n<h2 class=\"wp-block-heading\">Quais normas regulam hoje o uso de condimentos e sach\u00eas no Brasil<\/h2>\n\n\n\n<p>A Anvisa, por meio da RDC n\u00ba 216\/2004, estabelece as&nbsp;<strong>Boas Pr\u00e1ticas para Servi\u00e7os de Alimenta\u00e7\u00e3o<\/strong>, com foco em higiene, armazenamento, fracionamento e conserva\u00e7\u00e3o de alimentos. A norma n\u00e3o pro\u00edbe sach\u00eas; em muitos munic\u00edpios, eles s\u00e3o vistos como aliados na preven\u00e7\u00e3o de contamina\u00e7\u00f5es, sobretudo em opera\u00e7\u00f5es de alto giro.<\/p>\n\n\n\n<p>Al\u00e9m da norma federal, leis municipais e estaduais refor\u00e7am cuidados com recipientes reutiliz\u00e1veis, especialmente bisnagas usadas para maionese, ketchup ou molhos artesanais. Em muitas cidades, h\u00e1 restri\u00e7\u00f5es ao uso de maionese caseira em bisnagas, principalmente quando envolve ovos crus, devido ao risco de&nbsp;<em>Salmonella<\/em>.<\/p>\n\n\n\n<h2 class=\"wp-block-heading\">Quais pr\u00e1ticas de seguran\u00e7a alimentar orientam o uso de condimentos<\/h2>\n\n\n\n<p>Para reduzir riscos, os \u00f3rg\u00e3os de vigil\u00e2ncia sanit\u00e1ria orientam que condimentos sejam manipulados de forma a evitar contamina\u00e7\u00e3o cruzada, contato com superf\u00edcies sujas e falhas de conserva\u00e7\u00e3o. Na pr\u00e1tica, isso influencia diretamente a escolha entre sach\u00eas individuais e recipientes compartilhados em lanchonetes e redes de fast-food.<\/p>\n\n\n\n<p>Essas orienta\u00e7\u00f5es se traduzem em rotinas de opera\u00e7\u00e3o que donos de estabelecimentos precisam conhecer para evitar autua\u00e7\u00f5es e proteger a sa\u00fade dos clientes. Entre os principais pontos de aten\u00e7\u00e3o, destacam-se:<\/p>\n\n\n\n<ul class=\"wp-block-list\">\n<li><strong>Fracionamento e embalagem:<\/strong>\u00a0condimentos devem ser manipulados em ambiente controlado e com utens\u00edlios higienizados.<\/li>\n\n\n\n<li><strong>Uso de sach\u00eas:<\/strong>\u00a0reduz o contato entre diferentes consumidores e o mesmo bico dosador, diminuindo riscos de contamina\u00e7\u00e3o.<\/li>\n\n\n\n<li><strong>Controle de validade:<\/strong>\u00a0embalagens devem exibir prazo de validade vis\u00edvel e seguir condi\u00e7\u00f5es de armazenamento do fabricante.<\/li>\n\n\n\n<li><strong>Monitoramento local:<\/strong>\u00a0fiscais podem exigir ajustes imediatos em recipientes reutiliz\u00e1veis mal higienizados ou sem identifica\u00e7\u00e3o.<\/li>\n<\/ul>\n\n\n\n<h2 class=\"wp-block-heading\">Quais alternativas sustent\u00e1veis aos sach\u00eas individuais tendem a crescer<\/h2>\n\n\n\n<p>Mesmo sem proibi\u00e7\u00e3o nacional, redes de alimenta\u00e7\u00e3o j\u00e1 testam solu\u00e7\u00f5es para reduzir pl\u00e1stico descart\u00e1vel, conciliando seguran\u00e7a sanit\u00e1ria e responsabilidade ambiental. O cen\u00e1rio inclui tanto mudan\u00e7as de embalagem quanto de processo, acompanhando o movimento europeu e demandas de consumidores mais conscientes.<\/p>\n\n\n\n<figure class=\"wp-block-image\"><img decoding=\"async\" src=\"https:\/\/www.em.com.br\/emfoco\/wp-content\/uploads\/2026\/01\/Gemini_Generated_Image_l5o3ibl5o3ibl5o3-1-1024x576.png\" alt=\"\"\/><figcaption class=\"wp-element-caption\">Embalagens descart\u00e1veis t\u00eam data para acabar<\/figcaption><\/figure>\n\n\n\n<p>Entre as alternativas consideradas para substituir o&nbsp;<strong>sach\u00ea individual em fast-food<\/strong>, algumas se destacam por equil\u00edbrio entre higiene, custo e praticidade: dispensadores do tipo pump para autoatendimento, recipientes retorn\u00e1veis de vidro ou cer\u00e2mica para sal\u00e3o e embalagens de papel ou biopl\u00e1sticos para delivery. Em todos os casos, higieniza\u00e7\u00e3o rigorosa e treinamento de funcion\u00e1rios s\u00e3o pontos centrais para atender \u00e0s exig\u00eancias da vigil\u00e2ncia sanit\u00e1ria.<\/p>\n\n\n\n<h2 class=\"wp-block-heading\">O que pode acontecer com os sach\u00eas em lanchonetes brasileiras nos pr\u00f3ximos anos<\/h2>\n\n\n\n<p>Especialistas em regula\u00e7\u00e3o e sustentabilidade projetam que o tema deve ganhar espa\u00e7o no Congresso Nacional e em leis locais sobre pl\u00e1sticos de uso \u00fanico. Munic\u00edpios que j\u00e1 restringem sacolas e canudos podem, em breve, incluir sach\u00eas na pauta, exigindo adapta\u00e7\u00f5es r\u00e1pidas de quem n\u00e3o se antecipar.<\/p>\n\n\n\n<p>Para redes de fast-food e lanchonetes, adotar testes com dispensadores, buscar fornecedores de embalagens sustent\u00e1veis e revisar procedimentos de higiene deixou de ser opcional e virou quest\u00e3o de sobreviv\u00eancia competitiva. Se voc\u00ea atua no setor, comece hoje a mapear riscos, custos e alternativas, porque esperar a lei sair pode significar correr atr\u00e1s do preju\u00edzo quando seus concorrentes j\u00e1 estiverem prontos para um futuro com menos pl\u00e1stico e mais efici\u00eancia.<\/p>\n","protected":false},"excerpt":{"rendered":"<p>O debate sobre o poss\u00edvel fim definitivo dos sach\u00eas individuais em lanchonetes e redes de fast-food no Brasil em 2026 ganhou for\u00e7a com a nova regulamenta\u00e7\u00e3o europeia sobre pl\u00e1sticos de uso \u00fanico. A medida aprovada na Uni\u00e3o Europeia, que passa a valer a partir de agosto de 2026, pro\u00edbe o uso de sach\u00eas de condimentos [&hellip;]<\/p>\n","protected":false},"author":11,"featured_media":174537,"comment_status":"open","ping_status":"open","sticky":false,"template":"","format":"standard","meta":{"jnews-multi-image_gallery":[],"jnews_single_post":{"format":"standard"},"jnews_primary_category":[],"jnews_social_meta":[],"jnews_override_counter":[],"footnotes":""},"categories":[28,1],"tags":[7521,25279,16057,25280],"class_list":["post-174403","post","type-post","status-publish","format-standard","has-post-thumbnail","hentry","category-economia","category-noticias","tag-fast-food","tag-fim-dos-saches","tag-saches","tag-saches-individuais"],"yoast_head":"<!-- This site is optimized with the Yoast SEO plugin v23.8 - https:\/\/yoast.com\/wordpress\/plugins\/seo\/ -->\n<title>Sach\u00eas individuais s\u00e3o proibidos em 2026: o que muda nas lanchonetes e redes de fast-food - Estado de Minas - Em foco<\/title>\n<meta name=\"description\" content=\"Fim dos sach\u00eas individuais ganha for\u00e7a ap\u00f3s nova regra da Europa. Entenda o que pode mudar nos fast food no Brasil.\" \/>\n<meta name=\"robots\" content=\"index, follow, max-snippet:-1, max-image-preview:large, max-video-preview:-1\" \/>\n<link rel=\"canonical\" href=\"https:\/\/www.em.com.br\/emfoco\/2026\/02\/27\/saches-individuais-sao-proibidos-em-2026-o-que-muda-nas-lanchonetes-e-redes-de-fast-food\/\" \/>\n<meta property=\"og:locale\" content=\"pt_BR\" \/>\n<meta property=\"og:type\" content=\"article\" \/>\n<meta property=\"og:title\" content=\"Sach\u00eas individuais s\u00e3o proibidos em 2026: o que muda nas lanchonetes e redes de fast-food - Estado de Minas - Em foco\" \/>\n<meta property=\"og:description\" content=\"Fim dos sach\u00eas individuais ganha for\u00e7a ap\u00f3s nova regra da Europa. Entenda o que pode mudar nos fast food no Brasil.\" \/>\n<meta property=\"og:url\" content=\"https:\/\/www.em.com.br\/emfoco\/2026\/02\/27\/saches-individuais-sao-proibidos-em-2026-o-que-muda-nas-lanchonetes-e-redes-de-fast-food\/\" \/>\n<meta property=\"og:site_name\" content=\"Estado de Minas - Em foco\" \/>\n<meta property=\"article:published_time\" content=\"2026-02-27T15:45:00+00:00\" \/>\n<meta property=\"article:modified_time\" content=\"2026-02-27T01:35:56+00:00\" \/>\n<meta property=\"og:image\" content=\"https:\/\/www.em.com.br\/emfoco\/wp-content\/uploads\/2026\/02\/ChatGPT-Image-26-de-fev.-de-2026-13_19_46-1.png\" \/>\n\t<meta property=\"og:image:width\" content=\"1280\" \/>\n\t<meta property=\"og:image:height\" content=\"720\" \/>\n\t<meta property=\"og:image:type\" content=\"image\/png\" \/>\n<meta name=\"author\" content=\"Andre\u0301 Rangel\u00a0\" \/>\n<meta name=\"twitter:card\" content=\"summary_large_image\" \/>\n<meta name=\"twitter:label1\" content=\"Escrito por\" \/>\n\t<meta name=\"twitter:data1\" content=\"Andre\u0301 Rangel\u00a0\" \/>\n\t<meta name=\"twitter:label2\" content=\"Est. tempo de leitura\" \/>\n\t<meta name=\"twitter:data2\" content=\"5 minutos\" \/>\n<!-- \/ Yoast SEO plugin. -->","yoast_head_json":{"title":"Sach\u00eas individuais s\u00e3o proibidos em 2026: o que muda nas lanchonetes e redes de fast-food - Estado de Minas - Em foco","description":"Fim dos sach\u00eas individuais ganha for\u00e7a ap\u00f3s nova regra da Europa. Entenda o que pode mudar nos fast food no Brasil.","robots":{"index":"index","follow":"follow","max-snippet":"max-snippet:-1","max-image-preview":"max-image-preview:large","max-video-preview":"max-video-preview:-1"},"canonical":"https:\/\/www.em.com.br\/emfoco\/2026\/02\/27\/saches-individuais-sao-proibidos-em-2026-o-que-muda-nas-lanchonetes-e-redes-de-fast-food\/","og_locale":"pt_BR","og_type":"article","og_title":"Sach\u00eas individuais s\u00e3o proibidos em 2026: o que muda nas lanchonetes e redes de fast-food - Estado de Minas - Em foco","og_description":"Fim dos sach\u00eas individuais ganha for\u00e7a ap\u00f3s nova regra da Europa. Entenda o que pode mudar nos fast food no Brasil.","og_url":"https:\/\/www.em.com.br\/emfoco\/2026\/02\/27\/saches-individuais-sao-proibidos-em-2026-o-que-muda-nas-lanchonetes-e-redes-de-fast-food\/","og_site_name":"Estado de Minas - Em foco","article_published_time":"2026-02-27T15:45:00+00:00","article_modified_time":"2026-02-27T01:35:56+00:00","og_image":[{"width":1280,"height":720,"url":"https:\/\/www.em.com.br\/emfoco\/wp-content\/uploads\/2026\/02\/ChatGPT-Image-26-de-fev.-de-2026-13_19_46-1.png","type":"image\/png"}],"author":"Andre\u0301 Rangel\u00a0","twitter_card":"summary_large_image","twitter_misc":{"Escrito por":"Andre\u0301 Rangel\u00a0","Est. tempo de leitura":"5 minutos"},"schema":{"@context":"https:\/\/schema.org","@graph":[{"@type":"WebPage","@id":"https:\/\/www.em.com.br\/emfoco\/2026\/02\/27\/saches-individuais-sao-proibidos-em-2026-o-que-muda-nas-lanchonetes-e-redes-de-fast-food\/","url":"https:\/\/www.em.com.br\/emfoco\/2026\/02\/27\/saches-individuais-sao-proibidos-em-2026-o-que-muda-nas-lanchonetes-e-redes-de-fast-food\/","name":"Sach\u00eas individuais s\u00e3o proibidos em 2026: o que muda nas lanchonetes e redes de fast-food - Estado de Minas - Em foco","isPartOf":{"@id":"https:\/\/www.em.com.br\/emfoco\/#website"},"primaryImageOfPage":{"@id":"https:\/\/www.em.com.br\/emfoco\/2026\/02\/27\/saches-individuais-sao-proibidos-em-2026-o-que-muda-nas-lanchonetes-e-redes-de-fast-food\/#primaryimage"},"image":{"@id":"https:\/\/www.em.com.br\/emfoco\/2026\/02\/27\/saches-individuais-sao-proibidos-em-2026-o-que-muda-nas-lanchonetes-e-redes-de-fast-food\/#primaryimage"},"thumbnailUrl":"https:\/\/www.em.com.br\/emfoco\/wp-content\/uploads\/2026\/02\/ChatGPT-Image-26-de-fev.-de-2026-13_19_46-1.png","datePublished":"2026-02-27T15:45:00+00:00","dateModified":"2026-02-27T01:35:56+00:00","author":{"@id":"https:\/\/www.em.com.br\/emfoco\/#\/schema\/person\/60eda09c1fedf0d6891f4cef4b60b8b8"},"description":"Fim dos sach\u00eas individuais ganha for\u00e7a ap\u00f3s nova regra da Europa. Entenda o que pode mudar nos fast food no Brasil.","breadcrumb":{"@id":"https:\/\/www.em.com.br\/emfoco\/2026\/02\/27\/saches-individuais-sao-proibidos-em-2026-o-que-muda-nas-lanchonetes-e-redes-de-fast-food\/#breadcrumb"},"inLanguage":"pt-BR","potentialAction":[{"@type":"ReadAction","target":["https:\/\/www.em.com.br\/emfoco\/2026\/02\/27\/saches-individuais-sao-proibidos-em-2026-o-que-muda-nas-lanchonetes-e-redes-de-fast-food\/"]}]},{"@type":"ImageObject","inLanguage":"pt-BR","@id":"https:\/\/www.em.com.br\/emfoco\/2026\/02\/27\/saches-individuais-sao-proibidos-em-2026-o-que-muda-nas-lanchonetes-e-redes-de-fast-food\/#primaryimage","url":"https:\/\/www.em.com.br\/emfoco\/wp-content\/uploads\/2026\/02\/ChatGPT-Image-26-de-fev.-de-2026-13_19_46-1.png","contentUrl":"https:\/\/www.em.com.br\/emfoco\/wp-content\/uploads\/2026\/02\/ChatGPT-Image-26-de-fev.-de-2026-13_19_46-1.png","width":1280,"height":720,"caption":"Sach\u00eas de ketchup est\u00e3o com os dias contados"},{"@type":"BreadcrumbList","@id":"https:\/\/www.em.com.br\/emfoco\/2026\/02\/27\/saches-individuais-sao-proibidos-em-2026-o-que-muda-nas-lanchonetes-e-redes-de-fast-food\/#breadcrumb","itemListElement":[{"@type":"ListItem","position":1,"name":"In\u00edcio","item":"https:\/\/www.em.com.br\/emfoco\/"},{"@type":"ListItem","position":2,"name":"Sach\u00eas individuais s\u00e3o proibidos em 2026: o que muda nas lanchonetes e redes de fast-food"}]},{"@type":"WebSite","@id":"https:\/\/www.em.com.br\/emfoco\/#website","url":"https:\/\/www.em.com.br\/emfoco\/","name":"Estado de Minas - Em foco","description":"Acompanhe as \u00faltimas not\u00edcias e fique bem informado sobre tudo o que acontece em Minas Gerais, Brasil e no mundo.","potentialAction":[{"@type":"SearchAction","target":{"@type":"EntryPoint","urlTemplate":"https:\/\/www.em.com.br\/emfoco\/?s={search_term_string}"},"query-input":{"@type":"PropertyValueSpecification","valueRequired":true,"valueName":"search_term_string"}}],"inLanguage":"pt-BR"},{"@type":"Person","@id":"https:\/\/www.em.com.br\/emfoco\/#\/schema\/person\/60eda09c1fedf0d6891f4cef4b60b8b8","name":"Andre\u0301 Rangel\u00a0","image":{"@type":"ImageObject","inLanguage":"pt-BR","@id":"https:\/\/www.em.com.br\/emfoco\/#\/schema\/person\/image\/","url":"https:\/\/secure.gravatar.com\/avatar\/6234dc814c77c8ef6d8bba622c787efc?s=96&d=mm&r=g","contentUrl":"https:\/\/secure.gravatar.com\/avatar\/6234dc814c77c8ef6d8bba622c787efc?s=96&d=mm&r=g","caption":"Andre\u0301 Rangel\u00a0"},"url":"https:\/\/www.em.com.br\/emfoco\/author\/luizmyth\/"}]}},"_links":{"self":[{"href":"https:\/\/www.em.com.br\/emfoco\/wp-json\/wp\/v2\/posts\/174403","targetHints":{"allow":["GET"]}}],"collection":[{"href":"https:\/\/www.em.com.br\/emfoco\/wp-json\/wp\/v2\/posts"}],"about":[{"href":"https:\/\/www.em.com.br\/emfoco\/wp-json\/wp\/v2\/types\/post"}],"author":[{"embeddable":true,"href":"https:\/\/www.em.com.br\/emfoco\/wp-json\/wp\/v2\/users\/11"}],"replies":[{"embeddable":true,"href":"https:\/\/www.em.com.br\/emfoco\/wp-json\/wp\/v2\/comments?post=174403"}],"version-history":[{"count":4,"href":"https:\/\/www.em.com.br\/emfoco\/wp-json\/wp\/v2\/posts\/174403\/revisions"}],"predecessor-version":[{"id":174538,"href":"https:\/\/www.em.com.br\/emfoco\/wp-json\/wp\/v2\/posts\/174403\/revisions\/174538"}],"wp:featuredmedia":[{"embeddable":true,"href":"https:\/\/www.em.com.br\/emfoco\/wp-json\/wp\/v2\/media\/174537"}],"wp:attachment":[{"href":"https:\/\/www.em.com.br\/emfoco\/wp-json\/wp\/v2\/media?parent=174403"}],"wp:term":[{"taxonomy":"category","embeddable":true,"href":"https:\/\/www.em.com.br\/emfoco\/wp-json\/wp\/v2\/categories?post=174403"},{"taxonomy":"post_tag","embeddable":true,"href":"https:\/\/www.em.com.br\/emfoco\/wp-json\/wp\/v2\/tags?post=174403"}],"curies":[{"name":"wp","href":"https:\/\/api.w.org\/{rel}","templated":true}]}}