{"id":174038,"date":"2026-02-26T19:15:38","date_gmt":"2026-02-26T22:15:38","guid":{"rendered":"https:\/\/www.em.com.br\/emfoco\/?p=174038"},"modified":"2026-02-26T09:34:39","modified_gmt":"2026-02-26T12:34:39","slug":"o-corte-perfeito-para-quem-quer-menos-manutencao-pratico-moderno-e-facil-de-arrumar-no-dia-a-dia","status":"publish","type":"post","link":"https:\/\/www.em.com.br\/emfoco\/2026\/02\/26\/o-corte-perfeito-para-quem-quer-menos-manutencao-pratico-moderno-e-facil-de-arrumar-no-dia-a-dia\/","title":{"rendered":"O corte perfeito para quem quer menos manuten\u00e7\u00e3o: pr\u00e1tico, moderno e f\u00e1cil de arrumar no dia a dia"},"content":{"rendered":"\n<p>Voc\u00ea j\u00e1 saiu do sal\u00e3o amando o visual, mas, dois dias depois, percebeu que n\u00e3o tinha tempo (nem paci\u00eancia) para repetir todo aquele passo a passo em casa? \u00c9 exatamente a\u00ed que entra a ideia do <strong>corte perfeito<\/strong> para quem quer <b>menos manuten\u00e7\u00e3o<\/b>: um cabelo (ou barba) que combina com a sua rotina real, fica alinhado mesmo nos dias corridos e n\u00e3o exige mil <b>produtos<\/b> ou ferramentas t\u00e9rmicas para funcionar.<\/p>\n\n\n\n<h2 class=\"wp-block-heading\">Como o tipo de cabelo influencia no corte de baixa manuten\u00e7\u00e3o<\/h2>\n\n\n\n<p>Em cabelos lisos, cortes <strong>retos<\/strong> ou levemente <b>repicados<\/b> nas pontas costumam manter o formato por meses, precisando s\u00f3 de um ajuste eventual no <b>comprimento<\/b>. Eles tendem a secar f\u00e1cil, alinhar com poucas passadas de escova ou at\u00e9 ao natural.<\/p>\n\n\n\n<p>J\u00e1 nos cabelos cacheados e crespos, formatos <strong>arredondados<\/strong> ou em camadas bem distribu\u00eddas ajudam a controlar o <b>volume<\/b> e valorizar a <b>curvatura<\/b>. O mesmo vale para barbas: linhas limpas e desenho simples acompanham melhor o crescimento natural, sem exigir retoque constante.<\/p>\n\n\n\n<figure class=\"wp-block-embed is-type-rich is-provider-pinterest wp-block-embed-pinterest\"><div class=\"wp-block-embed__wrapper\">\n<iframe loading=\"lazy\" title=\"Teria coragem de arriscar um corte de cabelo em casa? Ent\u00e3o fica com essa inspira\u00e7\u00e3o maravilhosa! Repost @loirodemilhoesoficial #cortedecabelo #cortedecabelofeminino #cabelocurto #cabeloliso\" src=\"https:\/\/assets.pinterest.com\/ext\/embed.html?id=3096293490273715&#038;src=oembed\" height=\"899\" width=\"450\" frameborder=\"0\" scrolling=\"no\" ><\/iframe>\n<\/div><\/figure>\n\n\n\n<p>Leia tamb\u00e9m:&nbsp;<a href=\"https:\/\/www.em.com.br\/emfoco\/2026\/02\/25\/adeus-cabelo-curto-5-cortes-modernos-que-mantem-o-comprimento-longo-e-estao-em-alta\/\" target=\"_blank\" rel=\"noopener\">Adeus cabelo curto: 5 cortes modernos que mant\u00eam o comprimento longo e est\u00e3o em alta<\/a><\/p>\n\n\n\n<h2 class=\"wp-block-heading\">Quais s\u00e3o os cortes de cabelo com pouca manuten\u00e7\u00e3o mais usados hoje<\/h2>\n\n\n\n<p>Entre os modelos associados ao <strong>corte perfeito<\/strong> para quem quer menos <b>manuten\u00e7\u00e3o<\/b>, alguns estilos aparecem com frequ\u00eancia em sal\u00f5es e <b>barbearias<\/b>. A l\u00f3gica \u00e9 sempre a mesma: menos etapas de cuidado para um resultado bonito e pr\u00e1tico no dia a dia, muitas vezes bastando secar ao natural e usar um produto leve.<\/p>\n\n\n\n<figure class=\"wp-block-embed is-type-rich is-provider-pinterest wp-block-embed-pinterest\"><div class=\"wp-block-embed__wrapper\">\n<iframe loading=\"lazy\" title=\"10 mulheres que ficaram irreconhec\u00edveis com o Corte de Cabelo Buzz Cut\" src=\"https:\/\/assets.pinterest.com\/ext\/embed.html?id=189362359326963047&#038;src=oembed\" height=\"699\" width=\"450\" frameborder=\"0\" scrolling=\"no\" ><\/iframe>\n<\/div><\/figure>\n\n\n\n<ul class=\"wp-block-list\">\n<li><strong>Long bob<\/strong> ou corte m\u00e9dio reto: ideal para quem quer <b>comprimento vers\u00e1til<\/b>, funciona liso, ondulado ou preso e mant\u00e9m o formato mesmo com o <b>crescimento<\/b>.<\/li>\n\n\n\n<li><strong>Chanel de<\/strong> base reta: cl\u00e1ssico em cabelos lisos ou levemente <b>ondulados<\/b>, facilita a escova\u00e7\u00e3o e mant\u00e9m o <b>caimento<\/b> organizado por meses.<\/li>\n\n\n\n<li><strong>Corte em<\/strong> camadas suaves para cacheados: distribui o <b>volume<\/b>, evita excesso de \u201carmado\u201d e permite <b>secagem<\/b> ao ar livre sem drama.<\/li>\n\n\n\n<li><strong>Buzz cut<\/strong> e cortes raspados: comuns em barbearias para quem quer quase nenhum trabalho de <b>estiliza\u00e7\u00e3o<\/b>, pedindo apenas retoques r\u00e1pidos na <b>m\u00e1quina<\/b>.<\/li>\n\n\n\n<li><strong>Corte m\u00e9dio<\/strong> masculino texturizado: aproveita o movimento <b>natural<\/b>, usa pouco produto e dispensa <b>desenhos<\/b> muito marcados.<\/li>\n<\/ul>\n\n\n\n<p>Para voc\u00ea que gostou do corte em camadas, separamos um v\u00eddeo do canal da <a href=\"https:\/\/www.youtube.com\/@jessicagomesblz\" target=\"_blank\" rel=\"noreferrer noopener\">J\u00e9ssica Gomes<\/a> mostrando como fazer e como cuidar desse corte:<\/p>\n\n\n\n<figure class=\"wp-block-embed is-type-video is-provider-youtube wp-block-embed-youtube wp-embed-aspect-16-9 wp-has-aspect-ratio\"><div class=\"wp-block-embed__wrapper\">\n<div class=\"jeg_video_container jeg_video_content\"><iframe loading=\"lazy\" title=\"Manuten\u00e7\u00e3o do meu CORTE favorito em CAMADAS LEVES - Para CABELO CACHEADO curto ralo em casa sozinha\" width=\"500\" height=\"281\" src=\"https:\/\/www.youtube.com\/embed\/SHzvFaSHyN4?feature=oembed\" frameborder=\"0\" allow=\"accelerometer; autoplay; clipboard-write; encrypted-media; gyroscope; picture-in-picture; web-share\" referrerpolicy=\"strict-origin-when-cross-origin\" allowfullscreen><\/iframe><\/div>\n<\/div><\/figure>\n\n\n\n<h2 class=\"wp-block-heading\">Como escolher um corte de baixa manuten\u00e7\u00e3o que realmente combine com voc\u00ea<\/h2>\n\n\n\n<p>Para encontrar o <em>corte ideal<\/em> com pouca <strong>manuten\u00e7\u00e3o<\/strong>, vale olhar com sinceridade para tr\u00eas pontos: sua <b>rotina<\/b>, seu tipo de fio e o formato do rosto. \u00c0s vezes, um cabelo bem curto parece pr\u00e1tico, mas se exige retoque quinzenal na m\u00e1quina, pode n\u00e3o ser t\u00e3o funcional para quem quase nunca vai ao <b>sal\u00e3o<\/b>.<\/p>\n\n\n\n<p>Por outro lado, um cabelo longo demais pode dar trabalho para desembara\u00e7ar e exigir mais <strong>produto<\/strong>. Por isso, conversar com o profissional sobre tempo dispon\u00edvel, frequ\u00eancia de <b>lavagem<\/b> e como o cabelo se comporta no calor, na chuva e no dia a dia \u00e9 fundamental para definir um desenho que continue <b>bonito<\/b> mesmo crescendo.<\/p>\n\n\n\n<figure class=\"wp-block-embed is-type-rich is-provider-pinterest wp-block-embed-pinterest\"><div class=\"wp-block-embed__wrapper\">\n<iframe loading=\"lazy\" title=\"Corte de Cabelo Curto Feminino: +20 estilos em alta para 2025\" src=\"https:\/\/assets.pinterest.com\/ext\/embed.html?id=68748215660&#038;src=oembed\" height=\"775\" width=\"450\" frameborder=\"0\" scrolling=\"no\" ><\/iframe>\n<\/div><\/figure>\n\n\n\n<h2 class=\"wp-block-heading\">Quais cuidados m\u00ednimos ajudam a manter o corte sempre apresent\u00e1vel<\/h2>\n\n\n\n<p>Mesmo o <strong>corte perfeito<\/strong> para quem quer menos manuten\u00e7\u00e3o precisa de alguns cuidados <b>b\u00e1sicos<\/b>. A ideia n\u00e3o \u00e9 montar um ritual complicado, mas criar pequenos h\u00e1bitos que mant\u00eam o cabelo ou a barba com boa <b>apar\u00eancia<\/b>, sem tomar muito do seu tempo.<\/p>\n\n\n\n<p>Lavar com produtos adequados ao tipo de fio, proteger do calor quando usar <strong>secador<\/strong> e aparar as pontas entre 8 e 12 semanas j\u00e1 faz bastante diferen\u00e7a. Um <b>finalizador<\/b> leve ajuda a controlar o frizz, e manter barba e costeletas <b>alinhadas<\/b> completa o visual sem esfor\u00e7o di\u00e1rio exagerado.<\/p>\n","protected":false},"excerpt":{"rendered":"<p>Voc\u00ea j\u00e1 saiu do sal\u00e3o amando o visual, mas, dois dias depois, percebeu que n\u00e3o tinha tempo (nem paci\u00eancia) para repetir todo aquele passo a passo em casa? \u00c9 exatamente a\u00ed que entra a ideia do corte perfeito para quem quer menos manuten\u00e7\u00e3o: um cabelo (ou barba) que combina com a sua rotina real, fica [&hellip;]<\/p>\n","protected":false},"author":9,"featured_media":170053,"comment_status":"open","ping_status":"open","sticky":false,"template":"","format":"standard","meta":{"jnews-multi-image_gallery":[],"jnews_single_post":{"format":"standard"},"jnews_primary_category":[],"jnews_social_meta":[],"jnews_override_counter":[],"footnotes":""},"categories":[8691,8819,1],"tags":[2616,4906,18806],"class_list":["post-174038","post","type-post","status-publish","format-standard","has-post-thumbnail","hentry","category-bem-estar","category-curiosidades","category-noticias","tag-beleza","tag-corte-de-cabelo","tag-tedencia"],"yoast_head":"<!-- This site is optimized with the Yoast SEO plugin v23.8 - https:\/\/yoast.com\/wordpress\/plugins\/seo\/ -->\n<title>O corte perfeito para quem quer menos manuten\u00e7\u00e3o: pr\u00e1tico, moderno e f\u00e1cil de arrumar no dia a dia - Estado de Minas - Em foco<\/title>\n<meta name=\"description\" content=\"Conquiste um visual incr\u00edvel sem perder tempo. Descubra os cortes de baixa manuten\u00e7\u00e3o ideais para seu tipo de fio\" \/>\n<meta name=\"robots\" content=\"index, follow, max-snippet:-1, max-image-preview:large, max-video-preview:-1\" \/>\n<link rel=\"canonical\" href=\"https:\/\/www.em.com.br\/emfoco\/2026\/02\/26\/o-corte-perfeito-para-quem-quer-menos-manutencao-pratico-moderno-e-facil-de-arrumar-no-dia-a-dia\/\" \/>\n<meta property=\"og:locale\" content=\"pt_BR\" \/>\n<meta property=\"og:type\" content=\"article\" \/>\n<meta property=\"og:title\" content=\"O corte perfeito para quem quer menos manuten\u00e7\u00e3o: pr\u00e1tico, moderno e f\u00e1cil de arrumar no dia a dia - Estado de Minas - Em foco\" \/>\n<meta property=\"og:description\" content=\"Conquiste um visual incr\u00edvel sem perder tempo. Descubra os cortes de baixa manuten\u00e7\u00e3o ideais para seu tipo de fio\" \/>\n<meta property=\"og:url\" content=\"https:\/\/www.em.com.br\/emfoco\/2026\/02\/26\/o-corte-perfeito-para-quem-quer-menos-manutencao-pratico-moderno-e-facil-de-arrumar-no-dia-a-dia\/\" \/>\n<meta property=\"og:site_name\" content=\"Estado de Minas - Em foco\" \/>\n<meta property=\"article:published_time\" content=\"2026-02-26T22:15:38+00:00\" \/>\n<meta property=\"article:modified_time\" content=\"2026-02-26T12:34:39+00:00\" \/>\n<meta property=\"og:image\" content=\"https:\/\/www.em.com.br\/emfoco\/wp-content\/uploads\/2026\/02\/Gemini_Generated_Image_h5cclgh5cclgh5cc-1.png\" \/>\n\t<meta property=\"og:image:width\" content=\"1280\" \/>\n\t<meta property=\"og:image:height\" content=\"720\" \/>\n\t<meta property=\"og:image:type\" content=\"image\/png\" \/>\n<meta name=\"author\" content=\"Daniely Cardoso\" \/>\n<meta name=\"twitter:card\" content=\"summary_large_image\" \/>\n<meta name=\"twitter:label1\" content=\"Escrito por\" \/>\n\t<meta name=\"twitter:data1\" content=\"Daniely Cardoso\" \/>\n\t<meta name=\"twitter:label2\" content=\"Est. tempo de leitura\" \/>\n\t<meta name=\"twitter:data2\" content=\"4 minutos\" \/>\n<!-- \/ Yoast SEO plugin. -->","yoast_head_json":{"title":"O corte perfeito para quem quer menos manuten\u00e7\u00e3o: pr\u00e1tico, moderno e f\u00e1cil de arrumar no dia a dia - Estado de Minas - Em foco","description":"Conquiste um visual incr\u00edvel sem perder tempo. Descubra os cortes de baixa manuten\u00e7\u00e3o ideais para seu tipo de fio","robots":{"index":"index","follow":"follow","max-snippet":"max-snippet:-1","max-image-preview":"max-image-preview:large","max-video-preview":"max-video-preview:-1"},"canonical":"https:\/\/www.em.com.br\/emfoco\/2026\/02\/26\/o-corte-perfeito-para-quem-quer-menos-manutencao-pratico-moderno-e-facil-de-arrumar-no-dia-a-dia\/","og_locale":"pt_BR","og_type":"article","og_title":"O corte perfeito para quem quer menos manuten\u00e7\u00e3o: pr\u00e1tico, moderno e f\u00e1cil de arrumar no dia a dia - Estado de Minas - Em foco","og_description":"Conquiste um visual incr\u00edvel sem perder tempo. Descubra os cortes de baixa manuten\u00e7\u00e3o ideais para seu tipo de fio","og_url":"https:\/\/www.em.com.br\/emfoco\/2026\/02\/26\/o-corte-perfeito-para-quem-quer-menos-manutencao-pratico-moderno-e-facil-de-arrumar-no-dia-a-dia\/","og_site_name":"Estado de Minas - Em foco","article_published_time":"2026-02-26T22:15:38+00:00","article_modified_time":"2026-02-26T12:34:39+00:00","og_image":[{"width":1280,"height":720,"url":"https:\/\/www.em.com.br\/emfoco\/wp-content\/uploads\/2026\/02\/Gemini_Generated_Image_h5cclgh5cclgh5cc-1.png","type":"image\/png"}],"author":"Daniely Cardoso","twitter_card":"summary_large_image","twitter_misc":{"Escrito por":"Daniely Cardoso","Est. tempo de leitura":"4 minutos"},"schema":{"@context":"https:\/\/schema.org","@graph":[{"@type":"WebPage","@id":"https:\/\/www.em.com.br\/emfoco\/2026\/02\/26\/o-corte-perfeito-para-quem-quer-menos-manutencao-pratico-moderno-e-facil-de-arrumar-no-dia-a-dia\/","url":"https:\/\/www.em.com.br\/emfoco\/2026\/02\/26\/o-corte-perfeito-para-quem-quer-menos-manutencao-pratico-moderno-e-facil-de-arrumar-no-dia-a-dia\/","name":"O corte perfeito para quem quer menos manuten\u00e7\u00e3o: pr\u00e1tico, moderno e f\u00e1cil de arrumar no dia a dia - Estado de Minas - Em foco","isPartOf":{"@id":"https:\/\/www.em.com.br\/emfoco\/#website"},"primaryImageOfPage":{"@id":"https:\/\/www.em.com.br\/emfoco\/2026\/02\/26\/o-corte-perfeito-para-quem-quer-menos-manutencao-pratico-moderno-e-facil-de-arrumar-no-dia-a-dia\/#primaryimage"},"image":{"@id":"https:\/\/www.em.com.br\/emfoco\/2026\/02\/26\/o-corte-perfeito-para-quem-quer-menos-manutencao-pratico-moderno-e-facil-de-arrumar-no-dia-a-dia\/#primaryimage"},"thumbnailUrl":"https:\/\/www.em.com.br\/emfoco\/wp-content\/uploads\/2026\/02\/Gemini_Generated_Image_h5cclgh5cclgh5cc-1.png","datePublished":"2026-02-26T22:15:38+00:00","dateModified":"2026-02-26T12:34:39+00:00","author":{"@id":"https:\/\/www.em.com.br\/emfoco\/#\/schema\/person\/0a8186d72f2c3a5c6276d90b41f271a0"},"description":"Conquiste um visual incr\u00edvel sem perder tempo. Descubra os cortes de baixa manuten\u00e7\u00e3o ideais para seu tipo de fio","breadcrumb":{"@id":"https:\/\/www.em.com.br\/emfoco\/2026\/02\/26\/o-corte-perfeito-para-quem-quer-menos-manutencao-pratico-moderno-e-facil-de-arrumar-no-dia-a-dia\/#breadcrumb"},"inLanguage":"pt-BR","potentialAction":[{"@type":"ReadAction","target":["https:\/\/www.em.com.br\/emfoco\/2026\/02\/26\/o-corte-perfeito-para-quem-quer-menos-manutencao-pratico-moderno-e-facil-de-arrumar-no-dia-a-dia\/"]}]},{"@type":"ImageObject","inLanguage":"pt-BR","@id":"https:\/\/www.em.com.br\/emfoco\/2026\/02\/26\/o-corte-perfeito-para-quem-quer-menos-manutencao-pratico-moderno-e-facil-de-arrumar-no-dia-a-dia\/#primaryimage","url":"https:\/\/www.em.com.br\/emfoco\/wp-content\/uploads\/2026\/02\/Gemini_Generated_Image_h5cclgh5cclgh5cc-1.png","contentUrl":"https:\/\/www.em.com.br\/emfoco\/wp-content\/uploads\/2026\/02\/Gemini_Generated_Image_h5cclgh5cclgh5cc-1.png","width":1280,"height":720,"caption":"Em cabelos lisos, cortes retos ou levemente repicados nas pontas costumam manter o formato por meses"},{"@type":"BreadcrumbList","@id":"https:\/\/www.em.com.br\/emfoco\/2026\/02\/26\/o-corte-perfeito-para-quem-quer-menos-manutencao-pratico-moderno-e-facil-de-arrumar-no-dia-a-dia\/#breadcrumb","itemListElement":[{"@type":"ListItem","position":1,"name":"In\u00edcio","item":"https:\/\/www.em.com.br\/emfoco\/"},{"@type":"ListItem","position":2,"name":"O corte perfeito para quem quer menos manuten\u00e7\u00e3o: pr\u00e1tico, moderno e f\u00e1cil de arrumar no dia a dia"}]},{"@type":"WebSite","@id":"https:\/\/www.em.com.br\/emfoco\/#website","url":"https:\/\/www.em.com.br\/emfoco\/","name":"Estado de Minas - Em foco","description":"Acompanhe as \u00faltimas not\u00edcias e fique bem informado sobre tudo o que acontece em Minas Gerais, Brasil e no mundo.","potentialAction":[{"@type":"SearchAction","target":{"@type":"EntryPoint","urlTemplate":"https:\/\/www.em.com.br\/emfoco\/?s={search_term_string}"},"query-input":{"@type":"PropertyValueSpecification","valueRequired":true,"valueName":"search_term_string"}}],"inLanguage":"pt-BR"},{"@type":"Person","@id":"https:\/\/www.em.com.br\/emfoco\/#\/schema\/person\/0a8186d72f2c3a5c6276d90b41f271a0","name":"Daniely Cardoso","image":{"@type":"ImageObject","inLanguage":"pt-BR","@id":"https:\/\/www.em.com.br\/emfoco\/#\/schema\/person\/image\/","url":"https:\/\/secure.gravatar.com\/avatar\/4b80ddbd124d1f071b626d52d62e5dff?s=96&d=mm&r=g","contentUrl":"https:\/\/secure.gravatar.com\/avatar\/4b80ddbd124d1f071b626d52d62e5dff?s=96&d=mm&r=g","caption":"Daniely Cardoso"},"url":"https:\/\/www.em.com.br\/emfoco\/author\/danielymyth\/"}]}},"_links":{"self":[{"href":"https:\/\/www.em.com.br\/emfoco\/wp-json\/wp\/v2\/posts\/174038","targetHints":{"allow":["GET"]}}],"collection":[{"href":"https:\/\/www.em.com.br\/emfoco\/wp-json\/wp\/v2\/posts"}],"about":[{"href":"https:\/\/www.em.com.br\/emfoco\/wp-json\/wp\/v2\/types\/post"}],"author":[{"embeddable":true,"href":"https:\/\/www.em.com.br\/emfoco\/wp-json\/wp\/v2\/users\/9"}],"replies":[{"embeddable":true,"href":"https:\/\/www.em.com.br\/emfoco\/wp-json\/wp\/v2\/comments?post=174038"}],"version-history":[{"count":3,"href":"https:\/\/www.em.com.br\/emfoco\/wp-json\/wp\/v2\/posts\/174038\/revisions"}],"predecessor-version":[{"id":174247,"href":"https:\/\/www.em.com.br\/emfoco\/wp-json\/wp\/v2\/posts\/174038\/revisions\/174247"}],"wp:featuredmedia":[{"embeddable":true,"href":"https:\/\/www.em.com.br\/emfoco\/wp-json\/wp\/v2\/media\/170053"}],"wp:attachment":[{"href":"https:\/\/www.em.com.br\/emfoco\/wp-json\/wp\/v2\/media?parent=174038"}],"wp:term":[{"taxonomy":"category","embeddable":true,"href":"https:\/\/www.em.com.br\/emfoco\/wp-json\/wp\/v2\/categories?post=174038"},{"taxonomy":"post_tag","embeddable":true,"href":"https:\/\/www.em.com.br\/emfoco\/wp-json\/wp\/v2\/tags?post=174038"}],"curies":[{"name":"wp","href":"https:\/\/api.w.org\/{rel}","templated":true}]}}