{"id":173887,"date":"2026-02-28T20:25:00","date_gmt":"2026-02-28T23:25:00","guid":{"rendered":"https:\/\/www.em.com.br\/emfoco\/?p=173887"},"modified":"2026-02-25T14:49:23","modified_gmt":"2026-02-25T17:49:23","slug":"faz-bicos-e-autonomo-ou-freelancer-voce-pode-pagar-o-inss-e-garantir-aposentadoria-mesmo-sem-carteira","status":"publish","type":"post","link":"https:\/\/www.em.com.br\/emfoco\/2026\/02\/28\/faz-bicos-e-autonomo-ou-freelancer-voce-pode-pagar-o-inss-e-garantir-aposentadoria-mesmo-sem-carteira\/","title":{"rendered":"Faz bicos, \u00e9 aut\u00f4nomo ou freelancer? Voc\u00ea pode pagar o INSS e garantir aposentadoria mesmo sem carteira"},"content":{"rendered":"\n<p>Quem atua sem carteira assinada pode sim se aposentar. O <strong>trabalhador informal<\/strong> tem a op\u00e7\u00e3o de contribuir voluntariamente para a Previd\u00eancia Social, acumular tempo de contribui\u00e7\u00e3o e acessar benef\u00edcios como aposentadoria e aux\u00edlio por incapacidade.<\/p>\n\n\n\n<h2 class=\"wp-block-heading\">Trabalhador informal pode se aposentar mesmo sem carteira?<\/h2>\n\n\n\n<p>Muitos acreditam que a aus\u00eancia de registro impede qualquer direito previdenci\u00e1rio, mas isso n\u00e3o \u00e9 verdade. O sistema permite <strong>contribui\u00e7\u00e3o volunt\u00e1ria<\/strong>, garantindo prote\u00e7\u00e3o social mesmo sem v\u00ednculo formal de emprego.<\/p>\n\n\n\n<p>Ao pagar mensalmente, o profissional passa a contar tempo para futura <a href=\"https:\/\/www.em.com.br\/emfoco\/2026\/02\/21\/condicao-cronica-comum-no-brasil-passa-a-abrir-caminho-para-aposentadoria-com-regras-diferenciadas\/\" target=\"_blank\" rel=\"noreferrer noopener\"><strong>aposentadoria<\/strong> <\/a>e outros benef\u00edcios. A falta de informa\u00e7\u00e3o faz com que milh\u00f5es deixem de contribuir e percam anos valiosos de prote\u00e7\u00e3o.<\/p>\n\n\n\n<figure class=\"wp-block-image size-large\"><img loading=\"lazy\" decoding=\"async\" width=\"1024\" height=\"576\" src=\"https:\/\/www.em.com.br\/emfoco\/wp-content\/uploads\/2026\/02\/4-10-1024x576.jpg\" alt=\"Faz bicos, \u00e9 aut\u00f4nomo ou freelancer? Voc\u00ea pode pagar o INSS e garantir aposentadoria mesmo sem carteira\" class=\"wp-image-173922\" srcset=\"https:\/\/www.em.com.br\/emfoco\/wp-content\/uploads\/2026\/02\/4-10-1024x576.jpg 1024w, https:\/\/www.em.com.br\/emfoco\/wp-content\/uploads\/2026\/02\/4-10-300x169.jpg 300w, https:\/\/www.em.com.br\/emfoco\/wp-content\/uploads\/2026\/02\/4-10-768x432.jpg 768w, https:\/\/www.em.com.br\/emfoco\/wp-content\/uploads\/2026\/02\/4-10-750x422.jpg 750w, https:\/\/www.em.com.br\/emfoco\/wp-content\/uploads\/2026\/02\/4-10-1140x641.jpg 1140w, https:\/\/www.em.com.br\/emfoco\/wp-content\/uploads\/2026\/02\/4-10.jpg 1280w\" sizes=\"auto, (max-width: 1024px) 100vw, 1024px\" \/><figcaption class=\"wp-element-caption\">Sistema permite pagamento facultativo para assegurar prote\u00e7\u00e3o social ao trabalhador informal<\/figcaption><\/figure>\n\n\n\n<h2 class=\"wp-block-heading\">Quem \u00e9 considerado trabalhador informal?<\/h2>\n\n\n\n<p>\u00c9 enquadrado como <strong>trabalhador informal<\/strong> quem exerce atividade remunerada sem carteira assinada. Mesmo atuando de forma eventual ou aut\u00f4noma, \u00e9 poss\u00edvel regularizar a situa\u00e7\u00e3o previdenci\u00e1ria, conforme os perfis abaixo.<\/p>\n\n\n\n<ul class=\"wp-block-list\">\n<li><strong>Aut\u00f4nomos e prestadores de servi\u00e7o<\/strong>, como eletricistas, motoristas e vendedores independentes.<\/li>\n\n\n\n<li><strong>Freelancers e trabalhadores por conta pr\u00f3pria<\/strong>, que recebem por tarefa ou projeto.<\/li>\n\n\n\n<li><strong>Pessoas que fazem bicos ou atividades eventuais<\/strong>, sem contrato formal registrado.<\/li>\n<\/ul>\n\n\n\n<h2 class=\"wp-block-heading\">Como funciona a contribui\u00e7\u00e3o para a Previd\u00eancia?<\/h2>\n\n\n\n<p>O profissional pode se inscrever como <strong>contribuinte individual<\/strong> ou <strong>segurado facultativo<\/strong>, dependendo da atividade exercida. O pagamento \u00e9 feito por guia mensal, garantindo inclus\u00e3o no sistema previdenci\u00e1rio.<\/p>\n\n\n\n<p>O valor escolhido influencia o c\u00e1lculo do benef\u00edcio futuro. Contribui\u00e7\u00f5es menores asseguram aposentadoria no sal\u00e1rio m\u00ednimo, enquanto valores mais altos ampliam a m\u00e9dia do benef\u00edcio e a prote\u00e7\u00e3o financeira.<\/p>\n\n\n\n<p>Confira o v\u00eddeo compartilhado pelo canal do TikTok <strong><a href=\"https:\/\/www.tiktok.com\/@heyla.advogada\" target=\"_blank\" rel=\"noreferrer noopener\"><strong>heyla.advogada<\/strong><\/a><\/strong> falando como trabalhadores aut\u00f4nomos podem dar entrada na aposentadoria mesmo sem carteira assinada.<\/p>\n\n\n\n<blockquote class=\"tiktok-embed\" cite=\"https:\/\/www.tiktok.com\/@heyla.advogada\/video\/7529615461542087942\" data-video-id=\"7529615461542087942\" style=\"max-width: 605px;min-width: 325px;\" > <section> <a target=\"_blank\" title=\"@heyla.advogada\" href=\"https:\/\/www.tiktok.com\/@heyla.advogada?refer=embed\">@heyla.advogada<\/a> 3 formas de pagar o INSS mesmo sem carteira assinada <a title=\"inss\" target=\"_blank\" href=\"https:\/\/www.tiktok.com\/tag\/inss?refer=embed\">#inss<\/a> <a title=\"aposentadoria\" target=\"_blank\" href=\"https:\/\/www.tiktok.com\/tag\/aposentadoria?refer=embed\">#aposentadoria<\/a> <a target=\"_blank\" title=\"\u266c som original - Heyla Advogada Previdenci\u00e1ria\" href=\"https:\/\/www.tiktok.com\/music\/som-original-7529615539993103160?refer=embed\">\u266c som original &#8211; Heyla Advogada Previdenci\u00e1ria<\/a> <\/section> <\/blockquote> <script async src=\"https:\/\/www.tiktok.com\/embed.js\"><\/script>\n\n\n\n<h2 class=\"wp-block-heading\">Quais benef\u00edcios passam a valer ap\u00f3s contribuir?<\/h2>\n\n\n\n<p>Ao manter as contribui\u00e7\u00f5es em dia, o segurado informal passa a ter acesso a diferentes direitos previdenci\u00e1rios. Al\u00e9m da aposentadoria, a rede de prote\u00e7\u00e3o inclui benef\u00edcios importantes, como voc\u00ea v\u00ea a seguir.<\/p>\n\n\n\n<ul class=\"wp-block-list\">\n<li><strong>Aux\u00edlio por incapacidade tempor\u00e1ria<\/strong>, em caso de doen\u00e7a ou acidente.<\/li>\n\n\n\n<li><strong>Pens\u00e3o por morte para dependentes<\/strong>, garantindo amparo familiar.<\/li>\n\n\n\n<li><strong>Sal\u00e1rio-maternidade<\/strong>, para seguradas que contribuem regularmente.<\/li>\n<\/ul>\n\n\n\n<h2 class=\"wp-block-heading\">O que \u00e9 importante avaliar antes de come\u00e7ar a pagar?<\/h2>\n\n\n\n<p>Escolher corretamente a categoria de contribui\u00e7\u00e3o evita problemas futuros e garante acesso aos direitos adequados. Um erro na modalidade pode limitar benef\u00edcios ou exigir complementa\u00e7\u00e3o de valores posteriormente.<\/p>\n\n\n\n<p>Tamb\u00e9m \u00e9 essencial manter <strong>regularidade nos pagamentos<\/strong>. Interrup\u00e7\u00f5es prolongadas podem afetar a qualidade de segurado e atrasar o cumprimento dos requisitos para aposentadoria e demais benef\u00edcios.<\/p>\n","protected":false},"excerpt":{"rendered":"<p>Quem atua sem carteira assinada pode sim se aposentar. O trabalhador informal tem a op\u00e7\u00e3o de contribuir voluntariamente para a Previd\u00eancia Social, acumular tempo de contribui\u00e7\u00e3o e acessar benef\u00edcios como aposentadoria e aux\u00edlio por incapacidade. Trabalhador informal pode se aposentar mesmo sem carteira? Muitos acreditam que a aus\u00eancia de registro impede qualquer direito previdenci\u00e1rio, mas [&hellip;]<\/p>\n","protected":false},"author":13,"featured_media":173923,"comment_status":"open","ping_status":"open","sticky":false,"template":"","format":"standard","meta":{"jnews-multi-image_gallery":[],"jnews_single_post":{"format":"standard"},"jnews_primary_category":[],"jnews_social_meta":[],"jnews_override_counter":[],"footnotes":""},"categories":[28],"tags":[172,25249,21902],"class_list":["post-173887","post","type-post","status-publish","format-standard","has-post-thumbnail","hentry","category-economia","tag-aposentadoria","tag-aposentadoria-legal","tag-trabalhador-informal"],"yoast_head":"<!-- This site is optimized with the Yoast SEO plugin v23.8 - https:\/\/yoast.com\/wordpress\/plugins\/seo\/ -->\n<title>Faz bicos, \u00e9 aut\u00f4nomo ou freelancer? Voc\u00ea pode pagar o INSS e garantir aposentadoria mesmo sem carteira - Estado de Minas - Em foco<\/title>\n<meta name=\"description\" content=\"Aut\u00f4nomos, freelancers e quem faz bicos podem contribuir ao INSS e garantir aposentadoria e prote\u00e7\u00e3o social sem v\u00ednculo formal.\" \/>\n<meta name=\"robots\" content=\"index, follow, max-snippet:-1, max-image-preview:large, max-video-preview:-1\" \/>\n<link rel=\"canonical\" href=\"https:\/\/www.em.com.br\/emfoco\/2026\/02\/28\/faz-bicos-e-autonomo-ou-freelancer-voce-pode-pagar-o-inss-e-garantir-aposentadoria-mesmo-sem-carteira\/\" \/>\n<meta property=\"og:locale\" content=\"pt_BR\" \/>\n<meta property=\"og:type\" content=\"article\" \/>\n<meta property=\"og:title\" content=\"Faz bicos, \u00e9 aut\u00f4nomo ou freelancer? Voc\u00ea pode pagar o INSS e garantir aposentadoria mesmo sem carteira - Estado de Minas - Em foco\" \/>\n<meta property=\"og:description\" content=\"Aut\u00f4nomos, freelancers e quem faz bicos podem contribuir ao INSS e garantir aposentadoria e prote\u00e7\u00e3o social sem v\u00ednculo formal.\" \/>\n<meta property=\"og:url\" content=\"https:\/\/www.em.com.br\/emfoco\/2026\/02\/28\/faz-bicos-e-autonomo-ou-freelancer-voce-pode-pagar-o-inss-e-garantir-aposentadoria-mesmo-sem-carteira\/\" \/>\n<meta property=\"og:site_name\" content=\"Estado de Minas - Em foco\" \/>\n<meta property=\"article:published_time\" content=\"2026-02-28T23:25:00+00:00\" \/>\n<meta property=\"article:modified_time\" content=\"2026-02-25T17:49:23+00:00\" \/>\n<meta property=\"og:image\" content=\"https:\/\/www.em.com.br\/emfoco\/wp-content\/uploads\/2026\/02\/5-9.jpg\" \/>\n\t<meta property=\"og:image:width\" content=\"1280\" \/>\n\t<meta property=\"og:image:height\" content=\"720\" \/>\n\t<meta property=\"og:image:type\" content=\"image\/jpeg\" \/>\n<meta name=\"author\" content=\"Gabriel Martins\" \/>\n<meta name=\"twitter:card\" content=\"summary_large_image\" \/>\n<meta name=\"twitter:label1\" content=\"Escrito por\" \/>\n\t<meta name=\"twitter:data1\" content=\"Gabriel Martins\" \/>\n\t<meta name=\"twitter:label2\" content=\"Est. tempo de leitura\" \/>\n\t<meta name=\"twitter:data2\" content=\"3 minutos\" \/>\n<!-- \/ Yoast SEO plugin. -->","yoast_head_json":{"title":"Faz bicos, \u00e9 aut\u00f4nomo ou freelancer? Voc\u00ea pode pagar o INSS e garantir aposentadoria mesmo sem carteira - Estado de Minas - Em foco","description":"Aut\u00f4nomos, freelancers e quem faz bicos podem contribuir ao INSS e garantir aposentadoria e prote\u00e7\u00e3o social sem v\u00ednculo formal.","robots":{"index":"index","follow":"follow","max-snippet":"max-snippet:-1","max-image-preview":"max-image-preview:large","max-video-preview":"max-video-preview:-1"},"canonical":"https:\/\/www.em.com.br\/emfoco\/2026\/02\/28\/faz-bicos-e-autonomo-ou-freelancer-voce-pode-pagar-o-inss-e-garantir-aposentadoria-mesmo-sem-carteira\/","og_locale":"pt_BR","og_type":"article","og_title":"Faz bicos, \u00e9 aut\u00f4nomo ou freelancer? Voc\u00ea pode pagar o INSS e garantir aposentadoria mesmo sem carteira - Estado de Minas - Em foco","og_description":"Aut\u00f4nomos, freelancers e quem faz bicos podem contribuir ao INSS e garantir aposentadoria e prote\u00e7\u00e3o social sem v\u00ednculo formal.","og_url":"https:\/\/www.em.com.br\/emfoco\/2026\/02\/28\/faz-bicos-e-autonomo-ou-freelancer-voce-pode-pagar-o-inss-e-garantir-aposentadoria-mesmo-sem-carteira\/","og_site_name":"Estado de Minas - Em foco","article_published_time":"2026-02-28T23:25:00+00:00","article_modified_time":"2026-02-25T17:49:23+00:00","og_image":[{"width":1280,"height":720,"url":"https:\/\/www.em.com.br\/emfoco\/wp-content\/uploads\/2026\/02\/5-9.jpg","type":"image\/jpeg"}],"author":"Gabriel Martins","twitter_card":"summary_large_image","twitter_misc":{"Escrito por":"Gabriel Martins","Est. tempo de leitura":"3 minutos"},"schema":{"@context":"https:\/\/schema.org","@graph":[{"@type":"WebPage","@id":"https:\/\/www.em.com.br\/emfoco\/2026\/02\/28\/faz-bicos-e-autonomo-ou-freelancer-voce-pode-pagar-o-inss-e-garantir-aposentadoria-mesmo-sem-carteira\/","url":"https:\/\/www.em.com.br\/emfoco\/2026\/02\/28\/faz-bicos-e-autonomo-ou-freelancer-voce-pode-pagar-o-inss-e-garantir-aposentadoria-mesmo-sem-carteira\/","name":"Faz bicos, \u00e9 aut\u00f4nomo ou freelancer? Voc\u00ea pode pagar o INSS e garantir aposentadoria mesmo sem carteira - Estado de Minas - Em foco","isPartOf":{"@id":"https:\/\/www.em.com.br\/emfoco\/#website"},"primaryImageOfPage":{"@id":"https:\/\/www.em.com.br\/emfoco\/2026\/02\/28\/faz-bicos-e-autonomo-ou-freelancer-voce-pode-pagar-o-inss-e-garantir-aposentadoria-mesmo-sem-carteira\/#primaryimage"},"image":{"@id":"https:\/\/www.em.com.br\/emfoco\/2026\/02\/28\/faz-bicos-e-autonomo-ou-freelancer-voce-pode-pagar-o-inss-e-garantir-aposentadoria-mesmo-sem-carteira\/#primaryimage"},"thumbnailUrl":"https:\/\/www.em.com.br\/emfoco\/wp-content\/uploads\/2026\/02\/5-9.jpg","datePublished":"2026-02-28T23:25:00+00:00","dateModified":"2026-02-25T17:49:23+00:00","author":{"@id":"https:\/\/www.em.com.br\/emfoco\/#\/schema\/person\/1c9ddeab18b98abeffef834667bcf08a"},"description":"Aut\u00f4nomos, freelancers e quem faz bicos podem contribuir ao INSS e garantir aposentadoria e prote\u00e7\u00e3o social sem v\u00ednculo formal.","breadcrumb":{"@id":"https:\/\/www.em.com.br\/emfoco\/2026\/02\/28\/faz-bicos-e-autonomo-ou-freelancer-voce-pode-pagar-o-inss-e-garantir-aposentadoria-mesmo-sem-carteira\/#breadcrumb"},"inLanguage":"pt-BR","potentialAction":[{"@type":"ReadAction","target":["https:\/\/www.em.com.br\/emfoco\/2026\/02\/28\/faz-bicos-e-autonomo-ou-freelancer-voce-pode-pagar-o-inss-e-garantir-aposentadoria-mesmo-sem-carteira\/"]}]},{"@type":"ImageObject","inLanguage":"pt-BR","@id":"https:\/\/www.em.com.br\/emfoco\/2026\/02\/28\/faz-bicos-e-autonomo-ou-freelancer-voce-pode-pagar-o-inss-e-garantir-aposentadoria-mesmo-sem-carteira\/#primaryimage","url":"https:\/\/www.em.com.br\/emfoco\/wp-content\/uploads\/2026\/02\/5-9.jpg","contentUrl":"https:\/\/www.em.com.br\/emfoco\/wp-content\/uploads\/2026\/02\/5-9.jpg","width":1280,"height":720,"caption":"Trabalhadores sem carteira assinada podem garantir aposentadoria atrav\u00e9s de contribui\u00e7\u00f5es volunt\u00e1rias"},{"@type":"BreadcrumbList","@id":"https:\/\/www.em.com.br\/emfoco\/2026\/02\/28\/faz-bicos-e-autonomo-ou-freelancer-voce-pode-pagar-o-inss-e-garantir-aposentadoria-mesmo-sem-carteira\/#breadcrumb","itemListElement":[{"@type":"ListItem","position":1,"name":"In\u00edcio","item":"https:\/\/www.em.com.br\/emfoco\/"},{"@type":"ListItem","position":2,"name":"Faz bicos, \u00e9 aut\u00f4nomo ou freelancer? Voc\u00ea pode pagar o INSS e garantir aposentadoria mesmo sem carteira"}]},{"@type":"WebSite","@id":"https:\/\/www.em.com.br\/emfoco\/#website","url":"https:\/\/www.em.com.br\/emfoco\/","name":"Estado de Minas - Em foco","description":"Acompanhe as \u00faltimas not\u00edcias e fique bem informado sobre tudo o que acontece em Minas Gerais, Brasil e no mundo.","potentialAction":[{"@type":"SearchAction","target":{"@type":"EntryPoint","urlTemplate":"https:\/\/www.em.com.br\/emfoco\/?s={search_term_string}"},"query-input":{"@type":"PropertyValueSpecification","valueRequired":true,"valueName":"search_term_string"}}],"inLanguage":"pt-BR"},{"@type":"Person","@id":"https:\/\/www.em.com.br\/emfoco\/#\/schema\/person\/1c9ddeab18b98abeffef834667bcf08a","name":"Gabriel Martins","image":{"@type":"ImageObject","inLanguage":"pt-BR","@id":"https:\/\/www.em.com.br\/emfoco\/#\/schema\/person\/image\/","url":"https:\/\/secure.gravatar.com\/avatar\/f0f1e2efdfd88f1ad2cb08c5c2731e50?s=96&d=mm&r=g","contentUrl":"https:\/\/secure.gravatar.com\/avatar\/f0f1e2efdfd88f1ad2cb08c5c2731e50?s=96&d=mm&r=g","caption":"Gabriel Martins"},"sameAs":["https:\/\/www.em.com.br\/emfoco\/"],"url":"https:\/\/www.em.com.br\/emfoco\/author\/gabrielmartinsmyth\/"}]}},"_links":{"self":[{"href":"https:\/\/www.em.com.br\/emfoco\/wp-json\/wp\/v2\/posts\/173887","targetHints":{"allow":["GET"]}}],"collection":[{"href":"https:\/\/www.em.com.br\/emfoco\/wp-json\/wp\/v2\/posts"}],"about":[{"href":"https:\/\/www.em.com.br\/emfoco\/wp-json\/wp\/v2\/types\/post"}],"author":[{"embeddable":true,"href":"https:\/\/www.em.com.br\/emfoco\/wp-json\/wp\/v2\/users\/13"}],"replies":[{"embeddable":true,"href":"https:\/\/www.em.com.br\/emfoco\/wp-json\/wp\/v2\/comments?post=173887"}],"version-history":[{"count":1,"href":"https:\/\/www.em.com.br\/emfoco\/wp-json\/wp\/v2\/posts\/173887\/revisions"}],"predecessor-version":[{"id":173931,"href":"https:\/\/www.em.com.br\/emfoco\/wp-json\/wp\/v2\/posts\/173887\/revisions\/173931"}],"wp:featuredmedia":[{"embeddable":true,"href":"https:\/\/www.em.com.br\/emfoco\/wp-json\/wp\/v2\/media\/173923"}],"wp:attachment":[{"href":"https:\/\/www.em.com.br\/emfoco\/wp-json\/wp\/v2\/media?parent=173887"}],"wp:term":[{"taxonomy":"category","embeddable":true,"href":"https:\/\/www.em.com.br\/emfoco\/wp-json\/wp\/v2\/categories?post=173887"},{"taxonomy":"post_tag","embeddable":true,"href":"https:\/\/www.em.com.br\/emfoco\/wp-json\/wp\/v2\/tags?post=173887"}],"curies":[{"name":"wp","href":"https:\/\/api.w.org\/{rel}","templated":true}]}}