{"id":173839,"date":"2026-02-26T06:05:00","date_gmt":"2026-02-26T09:05:00","guid":{"rendered":"https:\/\/www.em.com.br\/emfoco\/?p=173839"},"modified":"2026-02-25T22:28:33","modified_gmt":"2026-02-26T01:28:33","slug":"aposentado-cede-terreno-para-apicultor-e-recebe-cobranca-inesperada-decisao-obriga-pagamento-de-imposto-agricola-e-gera-revolta-nacional","status":"publish","type":"post","link":"https:\/\/www.em.com.br\/emfoco\/2026\/02\/26\/aposentado-cede-terreno-para-apicultor-e-recebe-cobranca-inesperada-decisao-obriga-pagamento-de-imposto-agricola-e-gera-revolta-nacional\/","title":{"rendered":"Aposentado cede terreno para apicultor e recebe cobran\u00e7a inesperada: decis\u00e3o obriga pagamento de imposto agr\u00edcola e gera revolta nacional"},"content":{"rendered":"\n<p>O aposentado <strong>Martin <\/strong>queria apenas manter seu terreno verde ao ceder um espa\u00e7o sem custo para um jovem apicultor, mas o gesto solid\u00e1rio virou um pesadelo quando a temida carta do Fisco chegou. O susto de ver sua pequena heran\u00e7a reclassificada para uso agr\u00edcola provou que favores informais podem custar a paz e as economias de uma vida inteira.<\/p>\n\n\n\n<h2 class=\"wp-block-heading\">Como um favor inocente com abelhas atraiu a malha fina<\/h2>\n\n\n\n<p>Para Martin, aquelas meias d\u00fazias de colmeias brancas no fundo do lote eram apenas um detalhe do campo e uma ajuda a um iniciante. Ele aceitou o acordo com um simples aperto de m\u00e3o e a promessa de alguns frascos de mel no fim da temporada.<\/p>\n\n\n\n<p>O choque veio ao descobrir que a <strong><a href=\"https:\/\/www.em.com.br\/emfoco\/2026\/02\/20\/receita-federal-pode-desenquadrar-o-mei-por-faturamento-excessivo-cnae-irregular-ou-participacao-em-outra-empresa\/\" target=\"_blank\" rel=\"noreferrer noopener\">Receita <\/a><\/strong>interpreta esse mel como benef\u00edcio em esp\u00e9cie e atividade econ\u00f4mica ativa. A notifica\u00e7\u00e3o fiscal transformou o gesto de bondade em um problema legal, alterando a tributa\u00e7\u00e3o do seu ref\u00fagio de descanso.<\/p>\n\n\n\n<figure class=\"wp-block-image size-large\"><img loading=\"lazy\" decoding=\"async\" width=\"1024\" height=\"576\" src=\"https:\/\/www.em.com.br\/emfoco\/wp-content\/uploads\/2026\/02\/ChatGPT-Image-25-de-fev.-de-2026-13_21_14-1-1024x576.png\" alt=\"A carta do imposto que abalou um aposentado\" class=\"wp-image-173870\" srcset=\"https:\/\/www.em.com.br\/emfoco\/wp-content\/uploads\/2026\/02\/ChatGPT-Image-25-de-fev.-de-2026-13_21_14-1-1024x576.png 1024w, https:\/\/www.em.com.br\/emfoco\/wp-content\/uploads\/2026\/02\/ChatGPT-Image-25-de-fev.-de-2026-13_21_14-1-300x169.png 300w, https:\/\/www.em.com.br\/emfoco\/wp-content\/uploads\/2026\/02\/ChatGPT-Image-25-de-fev.-de-2026-13_21_14-1-768x432.png 768w, https:\/\/www.em.com.br\/emfoco\/wp-content\/uploads\/2026\/02\/ChatGPT-Image-25-de-fev.-de-2026-13_21_14-1-750x422.png 750w, https:\/\/www.em.com.br\/emfoco\/wp-content\/uploads\/2026\/02\/ChatGPT-Image-25-de-fev.-de-2026-13_21_14-1-1140x641.png 1140w, https:\/\/www.em.com.br\/emfoco\/wp-content\/uploads\/2026\/02\/ChatGPT-Image-25-de-fev.-de-2026-13_21_14-1.png 1280w\" sizes=\"auto, (max-width: 1024px) 100vw, 1024px\" \/><figcaption class=\"wp-element-caption\">A carta do imposto que abalou um aposentado<\/figcaption><\/figure>\n\n\n\n<h2 class=\"wp-block-heading\">Por que a notifica\u00e7\u00e3o assusta tanto os donos de pequenos terrenos<\/h2>\n\n\n\n<p>A imagem do idoso segurando a intima\u00e7\u00e3o ao lado das colmeias viralizou porque atinge o maior medo de qualquer propriet\u00e1rio. Sistemas autom\u00e1ticos do governo n\u00e3o leem inten\u00e7\u00f5es de vizinhan\u00e7a, eles apenas cruzam dados e tributam qualquer produ\u00e7\u00e3o cont\u00ednua.<\/p>\n\n\n\n<p>Essa cobran\u00e7a surpresa recai diretamente sobre o dono da terra, que muitas vezes j\u00e1 vive com a renda contada da aposentadoria. O susto de Martin serve de alerta sobre como a aus\u00eancia de pap\u00e9is destr\u00f3i o patrim\u00f4nio rapidamente.<\/p>\n\n\n\n<h2 class=\"wp-block-heading\">O que o aposentado deveria ter exigido do jovem apicultor<\/h2>\n\n\n\n<p>Se Martin soubesse do risco, ele jamais teria aceitado o acordo baseado apenas na <a href=\"https:\/\/www.jusbrasil.com.br\/jurisprudencia\/busca?q=confian%C3%A7a+m%C3%BAtua+e+princ%C3%ADpio+da+boa-f%C3%A9\" target=\"_blank\" rel=\"noreferrer noopener\">confian\u00e7a m\u00fatua<\/a> e no boca a boca. A \u00fanica forma de blindar um terreno contra o Fisco \u00e9 transformar a conversa amig\u00e1vel em um contrato de comodato gratuito.<\/p>\n\n\n\n<p>Para evitar que a Receita confunda um empr\u00e9stimo solid\u00e1rio com uma parceria comercial lucrativa, o documento legal precisa conter obrigatoriamente as seguintes informa\u00e7\u00f5es de prote\u00e7\u00e3o:<\/p>\n\n\n\n<ul class=\"wp-block-list\">\n<li>Identifica\u00e7\u00e3o exata das partes envolvidas e da \u00e1rea emprestada para as abelhas.<\/li>\n\n\n\n<li>Declara\u00e7\u00e3o de isen\u00e7\u00e3o de pagamento em dinheiro ou troca regular por mel.<\/li>\n\n\n\n<li>Transfer\u00eancia da responsabilidade de impostos e registros para o apicultor.<\/li>\n\n\n\n<li>Prazos de validade e regras claras para o encerramento do uso do espa\u00e7o.<\/li>\n<\/ul>\n\n\n\n<figure class=\"wp-block-image size-large\"><img loading=\"lazy\" decoding=\"async\" width=\"1024\" height=\"576\" src=\"https:\/\/www.em.com.br\/emfoco\/wp-content\/uploads\/2026\/02\/Gemini_Generated_Image_7xll737xll737xll-1-1024x576.png\" alt=\"A carta do imposto que abalou um aposentado\" class=\"wp-image-173869\" srcset=\"https:\/\/www.em.com.br\/emfoco\/wp-content\/uploads\/2026\/02\/Gemini_Generated_Image_7xll737xll737xll-1-1024x576.png 1024w, https:\/\/www.em.com.br\/emfoco\/wp-content\/uploads\/2026\/02\/Gemini_Generated_Image_7xll737xll737xll-1-300x169.png 300w, https:\/\/www.em.com.br\/emfoco\/wp-content\/uploads\/2026\/02\/Gemini_Generated_Image_7xll737xll737xll-1-768x432.png 768w, https:\/\/www.em.com.br\/emfoco\/wp-content\/uploads\/2026\/02\/Gemini_Generated_Image_7xll737xll737xll-1-750x422.png 750w, https:\/\/www.em.com.br\/emfoco\/wp-content\/uploads\/2026\/02\/Gemini_Generated_Image_7xll737xll737xll-1-1140x641.png 1140w, https:\/\/www.em.com.br\/emfoco\/wp-content\/uploads\/2026\/02\/Gemini_Generated_Image_7xll737xll737xll-1.png 1280w\" sizes=\"auto, (max-width: 1024px) 100vw, 1024px\" \/><figcaption class=\"wp-element-caption\">A carta do imposto que abalou um aposentado<\/figcaption><\/figure>\n\n\n\n<h2 class=\"wp-block-heading\">Passos urgentes para evitar a mesma surpresa fiscal de Martin<\/h2>\n\n\n\n<p>Antes de liberar a entrada de qualquer pessoa no seu lote, v\u00e1 \u00e0 prefeitura ou \u00f3rg\u00e3o respons\u00e1vel para verificar o enquadramento do im\u00f3vel. Entenda antecipadamente se as colmeias v\u00e3o mudar a categoria do seu IPTU ou ITR rural.<\/p>\n\n\n\n<p>Al\u00e9m disso, exija que todas as licen\u00e7as e o cadastro da atividade agr\u00edcola fiquem exclusivamente no nome do produtor parceiro. Isso constr\u00f3i uma barreira jur\u00eddica que impede o Estado de cobrar taxas do verdadeiro dono da propriedade.<\/p>\n\n\n\n<h2 class=\"wp-block-heading\">Proteja a sua paz hoje mesmo e n\u00e3o seja a pr\u00f3xima v\u00edtima do Fisco<\/h2>\n\n\n\n<p>O desespero de Martin ao abrir a carta das Finan\u00e7as \u00e9 um retrato doloroso do que acontece quando a generosidade esbarra na burocracia fria do Estado. Um simples aperto de m\u00e3o deixou a aposentadoria dele vulner\u00e1vel a multas pesadas, reclassifica\u00e7\u00f5es fiscais abusivas e uma dor de cabe\u00e7a que poderia ter sido evitada com uma folha de papel.<\/p>\n\n\n\n<p>N\u00e3o deixe o seu patrim\u00f4nio sofrer um golpe invis\u00edvel por falta de formaliza\u00e7\u00e3o ou por excesso de confian\u00e7a nos outros. Assuma o controle do seu terreno agora mesmo, regularize seus acordos de gaveta e exija contratos claros hoje, antes que a pr\u00f3xima intima\u00e7\u00e3o financeira destrua a tranquilidade da sua fam\u00edlia!<\/p>\n\n\n\n<p><\/p>\n","protected":false},"excerpt":{"rendered":"<p>O aposentado Martin queria apenas manter seu terreno verde ao ceder um espa\u00e7o sem custo para um jovem apicultor, mas o gesto solid\u00e1rio virou um pesadelo quando a temida carta do Fisco chegou. O susto de ver sua pequena heran\u00e7a reclassificada para uso agr\u00edcola provou que favores informais podem custar a paz e as economias [&hellip;]<\/p>\n","protected":false},"author":11,"featured_media":173867,"comment_status":"open","ping_status":"open","sticky":false,"template":"","format":"standard","meta":{"jnews-multi-image_gallery":[],"jnews_single_post":{"format":"standard"},"jnews_primary_category":[],"jnews_social_meta":[],"jnews_override_counter":[],"footnotes":""},"categories":[28,1],"tags":[25233,9442,25234],"class_list":["post-173839","post","type-post","status-publish","format-standard","has-post-thumbnail","hentry","category-economia","category-noticias","tag-imposto-sobre-terreno","tag-multa","tag-notificacao"],"yoast_head":"<!-- This site is optimized with the Yoast SEO plugin v23.8 - https:\/\/yoast.com\/wordpress\/plugins\/seo\/ -->\n<title>Aposentado cede terreno para apicultor e recebe cobran\u00e7a inesperada: decis\u00e3o obriga pagamento de imposto agr\u00edcola e gera revolta nacional - Estado de Minas - Em foco<\/title>\n<meta name=\"description\" content=\"Um simples acordo verbal com apicultor pode gerar imposto inesperado no terreno. Entenda o risco e proteja seu patrim\u00f4nio.\" \/>\n<meta name=\"robots\" content=\"index, follow, max-snippet:-1, max-image-preview:large, max-video-preview:-1\" \/>\n<link rel=\"canonical\" href=\"https:\/\/www.em.com.br\/emfoco\/2026\/02\/26\/aposentado-cede-terreno-para-apicultor-e-recebe-cobranca-inesperada-decisao-obriga-pagamento-de-imposto-agricola-e-gera-revolta-nacional\/\" \/>\n<meta property=\"og:locale\" content=\"pt_BR\" \/>\n<meta property=\"og:type\" content=\"article\" \/>\n<meta property=\"og:title\" content=\"Aposentado cede terreno para apicultor e recebe cobran\u00e7a inesperada: decis\u00e3o obriga pagamento de imposto agr\u00edcola e gera revolta nacional - Estado de Minas - Em foco\" \/>\n<meta property=\"og:description\" content=\"Um simples acordo verbal com apicultor pode gerar imposto inesperado no terreno. Entenda o risco e proteja seu patrim\u00f4nio.\" \/>\n<meta property=\"og:url\" content=\"https:\/\/www.em.com.br\/emfoco\/2026\/02\/26\/aposentado-cede-terreno-para-apicultor-e-recebe-cobranca-inesperada-decisao-obriga-pagamento-de-imposto-agricola-e-gera-revolta-nacional\/\" \/>\n<meta property=\"og:site_name\" content=\"Estado de Minas - Em foco\" \/>\n<meta property=\"article:published_time\" content=\"2026-02-26T09:05:00+00:00\" \/>\n<meta property=\"article:modified_time\" content=\"2026-02-26T01:28:33+00:00\" \/>\n<meta property=\"og:image\" content=\"https:\/\/www.em.com.br\/emfoco\/wp-content\/uploads\/2026\/02\/Gemini_Generated_Image_xlaidkxlaidkxlai-1.png\" \/>\n\t<meta property=\"og:image:width\" content=\"1280\" \/>\n\t<meta property=\"og:image:height\" content=\"720\" \/>\n\t<meta property=\"og:image:type\" content=\"image\/png\" \/>\n<meta name=\"author\" content=\"Andre\u0301 Rangel\u00a0\" \/>\n<meta name=\"twitter:card\" content=\"summary_large_image\" \/>\n<meta name=\"twitter:label1\" content=\"Escrito por\" \/>\n\t<meta name=\"twitter:data1\" content=\"Andre\u0301 Rangel\u00a0\" \/>\n\t<meta name=\"twitter:label2\" content=\"Est. tempo de leitura\" \/>\n\t<meta name=\"twitter:data2\" content=\"4 minutos\" \/>\n<!-- \/ Yoast SEO plugin. -->","yoast_head_json":{"title":"Aposentado cede terreno para apicultor e recebe cobran\u00e7a inesperada: decis\u00e3o obriga pagamento de imposto agr\u00edcola e gera revolta nacional - Estado de Minas - Em foco","description":"Um simples acordo verbal com apicultor pode gerar imposto inesperado no terreno. Entenda o risco e proteja seu patrim\u00f4nio.","robots":{"index":"index","follow":"follow","max-snippet":"max-snippet:-1","max-image-preview":"max-image-preview:large","max-video-preview":"max-video-preview:-1"},"canonical":"https:\/\/www.em.com.br\/emfoco\/2026\/02\/26\/aposentado-cede-terreno-para-apicultor-e-recebe-cobranca-inesperada-decisao-obriga-pagamento-de-imposto-agricola-e-gera-revolta-nacional\/","og_locale":"pt_BR","og_type":"article","og_title":"Aposentado cede terreno para apicultor e recebe cobran\u00e7a inesperada: decis\u00e3o obriga pagamento de imposto agr\u00edcola e gera revolta nacional - Estado de Minas - Em foco","og_description":"Um simples acordo verbal com apicultor pode gerar imposto inesperado no terreno. Entenda o risco e proteja seu patrim\u00f4nio.","og_url":"https:\/\/www.em.com.br\/emfoco\/2026\/02\/26\/aposentado-cede-terreno-para-apicultor-e-recebe-cobranca-inesperada-decisao-obriga-pagamento-de-imposto-agricola-e-gera-revolta-nacional\/","og_site_name":"Estado de Minas - Em foco","article_published_time":"2026-02-26T09:05:00+00:00","article_modified_time":"2026-02-26T01:28:33+00:00","og_image":[{"width":1280,"height":720,"url":"https:\/\/www.em.com.br\/emfoco\/wp-content\/uploads\/2026\/02\/Gemini_Generated_Image_xlaidkxlaidkxlai-1.png","type":"image\/png"}],"author":"Andre\u0301 Rangel\u00a0","twitter_card":"summary_large_image","twitter_misc":{"Escrito por":"Andre\u0301 Rangel\u00a0","Est. tempo de leitura":"4 minutos"},"schema":{"@context":"https:\/\/schema.org","@graph":[{"@type":"WebPage","@id":"https:\/\/www.em.com.br\/emfoco\/2026\/02\/26\/aposentado-cede-terreno-para-apicultor-e-recebe-cobranca-inesperada-decisao-obriga-pagamento-de-imposto-agricola-e-gera-revolta-nacional\/","url":"https:\/\/www.em.com.br\/emfoco\/2026\/02\/26\/aposentado-cede-terreno-para-apicultor-e-recebe-cobranca-inesperada-decisao-obriga-pagamento-de-imposto-agricola-e-gera-revolta-nacional\/","name":"Aposentado cede terreno para apicultor e recebe cobran\u00e7a inesperada: decis\u00e3o obriga pagamento de imposto agr\u00edcola e gera revolta nacional - Estado de Minas - Em foco","isPartOf":{"@id":"https:\/\/www.em.com.br\/emfoco\/#website"},"primaryImageOfPage":{"@id":"https:\/\/www.em.com.br\/emfoco\/2026\/02\/26\/aposentado-cede-terreno-para-apicultor-e-recebe-cobranca-inesperada-decisao-obriga-pagamento-de-imposto-agricola-e-gera-revolta-nacional\/#primaryimage"},"image":{"@id":"https:\/\/www.em.com.br\/emfoco\/2026\/02\/26\/aposentado-cede-terreno-para-apicultor-e-recebe-cobranca-inesperada-decisao-obriga-pagamento-de-imposto-agricola-e-gera-revolta-nacional\/#primaryimage"},"thumbnailUrl":"https:\/\/www.em.com.br\/emfoco\/wp-content\/uploads\/2026\/02\/Gemini_Generated_Image_xlaidkxlaidkxlai-1.png","datePublished":"2026-02-26T09:05:00+00:00","dateModified":"2026-02-26T01:28:33+00:00","author":{"@id":"https:\/\/www.em.com.br\/emfoco\/#\/schema\/person\/60eda09c1fedf0d6891f4cef4b60b8b8"},"description":"Um simples acordo verbal com apicultor pode gerar imposto inesperado no terreno. Entenda o risco e proteja seu patrim\u00f4nio.","breadcrumb":{"@id":"https:\/\/www.em.com.br\/emfoco\/2026\/02\/26\/aposentado-cede-terreno-para-apicultor-e-recebe-cobranca-inesperada-decisao-obriga-pagamento-de-imposto-agricola-e-gera-revolta-nacional\/#breadcrumb"},"inLanguage":"pt-BR","potentialAction":[{"@type":"ReadAction","target":["https:\/\/www.em.com.br\/emfoco\/2026\/02\/26\/aposentado-cede-terreno-para-apicultor-e-recebe-cobranca-inesperada-decisao-obriga-pagamento-de-imposto-agricola-e-gera-revolta-nacional\/"]}]},{"@type":"ImageObject","inLanguage":"pt-BR","@id":"https:\/\/www.em.com.br\/emfoco\/2026\/02\/26\/aposentado-cede-terreno-para-apicultor-e-recebe-cobranca-inesperada-decisao-obriga-pagamento-de-imposto-agricola-e-gera-revolta-nacional\/#primaryimage","url":"https:\/\/www.em.com.br\/emfoco\/wp-content\/uploads\/2026\/02\/Gemini_Generated_Image_xlaidkxlaidkxlai-1.png","contentUrl":"https:\/\/www.em.com.br\/emfoco\/wp-content\/uploads\/2026\/02\/Gemini_Generated_Image_xlaidkxlaidkxlai-1.png","width":1280,"height":720,"caption":"A carta do imposto que abalou um aposentado"},{"@type":"BreadcrumbList","@id":"https:\/\/www.em.com.br\/emfoco\/2026\/02\/26\/aposentado-cede-terreno-para-apicultor-e-recebe-cobranca-inesperada-decisao-obriga-pagamento-de-imposto-agricola-e-gera-revolta-nacional\/#breadcrumb","itemListElement":[{"@type":"ListItem","position":1,"name":"In\u00edcio","item":"https:\/\/www.em.com.br\/emfoco\/"},{"@type":"ListItem","position":2,"name":"Aposentado cede terreno para apicultor e recebe cobran\u00e7a inesperada: decis\u00e3o obriga pagamento de imposto agr\u00edcola e gera revolta nacional"}]},{"@type":"WebSite","@id":"https:\/\/www.em.com.br\/emfoco\/#website","url":"https:\/\/www.em.com.br\/emfoco\/","name":"Estado de Minas - Em foco","description":"Acompanhe as \u00faltimas not\u00edcias e fique bem informado sobre tudo o que acontece em Minas Gerais, Brasil e no mundo.","potentialAction":[{"@type":"SearchAction","target":{"@type":"EntryPoint","urlTemplate":"https:\/\/www.em.com.br\/emfoco\/?s={search_term_string}"},"query-input":{"@type":"PropertyValueSpecification","valueRequired":true,"valueName":"search_term_string"}}],"inLanguage":"pt-BR"},{"@type":"Person","@id":"https:\/\/www.em.com.br\/emfoco\/#\/schema\/person\/60eda09c1fedf0d6891f4cef4b60b8b8","name":"Andre\u0301 Rangel\u00a0","image":{"@type":"ImageObject","inLanguage":"pt-BR","@id":"https:\/\/www.em.com.br\/emfoco\/#\/schema\/person\/image\/","url":"https:\/\/secure.gravatar.com\/avatar\/6234dc814c77c8ef6d8bba622c787efc?s=96&d=mm&r=g","contentUrl":"https:\/\/secure.gravatar.com\/avatar\/6234dc814c77c8ef6d8bba622c787efc?s=96&d=mm&r=g","caption":"Andre\u0301 Rangel\u00a0"},"url":"https:\/\/www.em.com.br\/emfoco\/author\/luizmyth\/"}]}},"_links":{"self":[{"href":"https:\/\/www.em.com.br\/emfoco\/wp-json\/wp\/v2\/posts\/173839","targetHints":{"allow":["GET"]}}],"collection":[{"href":"https:\/\/www.em.com.br\/emfoco\/wp-json\/wp\/v2\/posts"}],"about":[{"href":"https:\/\/www.em.com.br\/emfoco\/wp-json\/wp\/v2\/types\/post"}],"author":[{"embeddable":true,"href":"https:\/\/www.em.com.br\/emfoco\/wp-json\/wp\/v2\/users\/11"}],"replies":[{"embeddable":true,"href":"https:\/\/www.em.com.br\/emfoco\/wp-json\/wp\/v2\/comments?post=173839"}],"version-history":[{"count":3,"href":"https:\/\/www.em.com.br\/emfoco\/wp-json\/wp\/v2\/posts\/173839\/revisions"}],"predecessor-version":[{"id":173891,"href":"https:\/\/www.em.com.br\/emfoco\/wp-json\/wp\/v2\/posts\/173839\/revisions\/173891"}],"wp:featuredmedia":[{"embeddable":true,"href":"https:\/\/www.em.com.br\/emfoco\/wp-json\/wp\/v2\/media\/173867"}],"wp:attachment":[{"href":"https:\/\/www.em.com.br\/emfoco\/wp-json\/wp\/v2\/media?parent=173839"}],"wp:term":[{"taxonomy":"category","embeddable":true,"href":"https:\/\/www.em.com.br\/emfoco\/wp-json\/wp\/v2\/categories?post=173839"},{"taxonomy":"post_tag","embeddable":true,"href":"https:\/\/www.em.com.br\/emfoco\/wp-json\/wp\/v2\/tags?post=173839"}],"curies":[{"name":"wp","href":"https:\/\/api.w.org\/{rel}","templated":true}]}}