{"id":173760,"date":"2026-02-26T08:05:00","date_gmt":"2026-02-26T11:05:00","guid":{"rendered":"https:\/\/www.em.com.br\/emfoco\/?p=173760"},"modified":"2026-02-25T06:59:32","modified_gmt":"2026-02-25T09:59:32","slug":"creatina-pode-aumentar-forca-e-acelerar-recuperacao-muscular","status":"publish","type":"post","link":"https:\/\/www.em.com.br\/emfoco\/2026\/02\/26\/creatina-pode-aumentar-forca-e-acelerar-recuperacao-muscular\/","title":{"rendered":"Creatina pode aumentar for\u00e7a e acelerar recupera\u00e7\u00e3o muscular"},"content":{"rendered":"\n<p>A creatina \u00e9 um dos suplementos mais estudados e utilizados no meio esportivo, reconhecida por seu papel na melhora de desempenho, aumento de for\u00e7a e suporte \u00e0 recupera\u00e7\u00e3o muscular. Quando usada de forma adequada, associada a um treino estruturado e a uma alimenta\u00e7\u00e3o equilibrada, pode ser uma aliada importante tanto para praticantes de muscula\u00e7\u00e3o quanto para atletas de diversas modalidades.<\/p>\n\n\n\n<h2 class=\"wp-block-heading\">Como a creatina age no corpo humano?<\/h2>\n\n\n\n<p>A creatina aumenta os n\u00edveis de fosfocreatina nos m\u00fasculos, permitindo a r\u00e1pida regenera\u00e7\u00e3o de ATP, a principal unidade de energia utilizada em atividades f\u00edsicas intensas e de curta dura\u00e7\u00e3o. Isso favorece o desempenho em treinos de for\u00e7a, explos\u00e3o e sprints, al\u00e9m de auxiliar na recupera\u00e7\u00e3o entre s\u00e9ries.<\/p>\n\n\n\n<p>Pesquisas apontam a creatina como um dos suplementos esportivos mais seguros e bem estudados, com relev\u00e2ncia demonstrada em diversos estudos cl\u00ednicos. Sua efic\u00e1cia est\u00e1 ligada ao uso constante e adequado, promovendo ganho de for\u00e7a, volume muscular e melhor capacidade de treinamento ao longo do tempo.<\/p>\n\n\n\n<h2 class=\"wp-block-heading\">Como iniciar a suplementa\u00e7\u00e3o de creatina?<\/h2>\n\n\n\n<p>Ao introduzir creatina na rotina, duas estrat\u00e9gias s\u00e3o mais comuns: a fase de satura\u00e7\u00e3o e o uso direto em dose de manuten\u00e7\u00e3o. Em ambos os casos, \u00e9 importante considerar a individualidade, o hist\u00f3rico de sa\u00fade e a orienta\u00e7\u00e3o de um profissional.<\/p>\n\n\n\n<p>A satura\u00e7\u00e3o envolve consumir cerca de 20 g di\u00e1rias, divididas em pequenas doses, por aproximadamente uma semana, acelerando o aumento dos n\u00edveis musculares. J\u00e1 a manuten\u00e7\u00e3o direta consiste em ingerir de 3 g a 5 g por dia, permitindo que a satura\u00e7\u00e3o ocorra de forma gradual.<\/p>\n\n\n<div class=\"wp-block-image\">\n<figure class=\"aligncenter size-large\"><img loading=\"lazy\" decoding=\"async\" width=\"1024\" height=\"576\" src=\"https:\/\/www.em.com.br\/emfoco\/wp-content\/uploads\/2025\/07\/creatina_1753735528816-1024x576.jpg\" alt=\"\" class=\"wp-image-82753\" srcset=\"https:\/\/www.em.com.br\/emfoco\/wp-content\/uploads\/2025\/07\/creatina_1753735528816-1024x576.jpg 1024w, https:\/\/www.em.com.br\/emfoco\/wp-content\/uploads\/2025\/07\/creatina_1753735528816-300x169.jpg 300w, https:\/\/www.em.com.br\/emfoco\/wp-content\/uploads\/2025\/07\/creatina_1753735528816-768x432.jpg 768w, https:\/\/www.em.com.br\/emfoco\/wp-content\/uploads\/2025\/07\/creatina_1753735528816-750x422.jpg 750w, https:\/\/www.em.com.br\/emfoco\/wp-content\/uploads\/2025\/07\/creatina_1753735528816-1140x642.jpg 1140w, https:\/\/www.em.com.br\/emfoco\/wp-content\/uploads\/2025\/07\/creatina_1753735528816.jpg 1279w\" sizes=\"auto, (max-width: 1024px) 100vw, 1024px\" \/><figcaption class=\"wp-element-caption\">Creatina &#8211; Cr\u00e9ditos: depositphotos.com \/ BongkarnGraphic<\/figcaption><\/figure><\/div>\n\n\n<h2 class=\"wp-block-heading\">Quais s\u00e3o as diferen\u00e7as entre creatina em p\u00f3 e em c\u00e1psulas?<\/h2>\n\n\n\n<p>Tanto a creatina em p\u00f3 quanto em c\u00e1psulas oferecem os mesmos benef\u00edcios biol\u00f3gicos, desde que seja utilizada creatina monohidratada de boa qualidade. A escolha entre as formas est\u00e1 mais relacionada \u00e0 praticidade, custo e prefer\u00eancia individual do que \u00e0 efic\u00e1cia final.<\/p>\n\n\n\n<p>A creatina em p\u00f3 costuma ser mais econ\u00f4mica e permite maior flexibilidade na dosagem, enquanto as c\u00e1psulas s\u00e3o pr\u00e1ticas para transportar e consumir em qualquer lugar. Em ambos os casos, \u00e9 fundamental verificar a pureza do produto e buscar selos confi\u00e1veis de qualidade e seguran\u00e7a.<\/p>\n\n\n\n<h2 class=\"wp-block-heading\">Quais cuidados s\u00e3o importantes ao consumir creatina?<\/h2>\n\n\n\n<p>Apesar de ser amplamente considerada segura nas doses recomendadas, alguns cuidados s\u00e3o essenciais ao utilizar creatina. A hidrata\u00e7\u00e3o adequada \u00e9 imprescind\u00edvel, pois a subst\u00e2ncia aumenta a reten\u00e7\u00e3o de \u00e1gua no interior dos m\u00fasculos, o que pode impactar o peso corporal e a sensa\u00e7\u00e3o de incha\u00e7o.<\/p>\n\n\n\n<p>Para um uso mais seguro e consciente, vale a pena observar alguns pontos ao longo da suplementa\u00e7\u00e3o, especialmente em uso prolongado ou em pessoas com condi\u00e7\u00f5es pr\u00e9-existentes:<\/p>\n\n\n\n<ul class=\"wp-block-list\">\n<li>Manter boa ingest\u00e3o de \u00e1gua ao longo do dia, especialmente em dias de treino.<\/li>\n\n\n\n<li>Monitorar o ganho de peso, entendendo que muitas vezes se deve \u00e0 reten\u00e7\u00e3o de \u00e1gua, n\u00e3o \u00e0 gordura.<\/li>\n\n\n\n<li>Escolher marcas confi\u00e1veis, com laudos de pureza e aus\u00eancia de contaminantes.<\/li>\n\n\n\n<li>Consultar m\u00e9dico ou nutricionista em caso de hist\u00f3rico de doen\u00e7as renais ou outras condi\u00e7\u00f5es de sa\u00fade.<\/li>\n<\/ul>\n\n\n\n<h2 class=\"wp-block-heading\">Como integrar a creatina \u00e0 rotina di\u00e1ria?<\/h2>\n\n\n\n<p>Para maximizar os benef\u00edcios da creatina, o mais importante \u00e9 a regularidade do consumo di\u00e1rio, independentemente do hor\u00e1rio escolhido. Associar a suplementa\u00e7\u00e3o a um momento fixo do dia, como junto a uma refei\u00e7\u00e3o, ajuda a criar um h\u00e1bito e reduzir esquecimentos.<\/p>\n\n\n\n<p>Monitorar o desempenho nos treinos, a recupera\u00e7\u00e3o muscular e poss\u00edveis efeitos colaterais permite ajustar a dosagem conforme a resposta individual do corpo. Ainda assim, a creatina n\u00e3o substitui uma dieta balanceada, um plano de exerc\u00edcios bem estruturado nem o acompanhamento por profissionais de sa\u00fade e nutri\u00e7\u00e3o.<\/p>\n\n\n<a href=\"https:\/\/www.instagram.com\/dra.annaluisabf\/\" target=\"_blank\" style=\"text-decoration: none; color: inherit;\">\n  <span style=\"display:inline-block; border:1px solid #ccc; border-radius:10px; padding:15px; max-width:550px; font-family:sans-serif; box-shadow:0 2px 5px rgba(0,0,0,0.1);\">\n    <span style=\"margin:0 0 15px 0; font-weight:bold; color:#2c3e50; text-align: center;\">Entre em contato:<\/span>\n\n    <span style=\"display:flex; align-items:center;\">\n      <img decoding=\"async\" src=\"https:\/\/www.correiobraziliense.com.br\/cbradar\/wp-content\/uploads\/2025\/08\/dra_anna_luisa.jpeg\" alt=\"Dra Anna Lu\u00edsa\" style=\"border-radius:50%; width:80px; height:80px; margin-right:15px;\">\n      <span style=\"flex:1;\">\n        <h3 style=\"margin:0 0 5px 0;\">Dra. Anna Lu\u00edsa Barbosa Fernandes<\/h3>\n        <p style=\"margin:0 0 10px 0;\">CRM-GO 33.271<\/p>\n        <span style=\"display:flex; gap:10px;\">\n          <img decoding=\"async\" src=\"https:\/\/cdn-icons-png.flaticon.com\/24\/1384\/1384063.png\" alt=\"Instagram\">\n        <\/span>\n      <\/span>\n    <\/span>\n  <\/span>\n<\/a>","protected":false},"excerpt":{"rendered":"<p>A creatina \u00e9 um dos suplementos mais estudados e utilizados no meio esportivo, reconhecida por seu papel na melhora de desempenho, aumento de for\u00e7a e suporte \u00e0 recupera\u00e7\u00e3o muscular. Quando usada de forma adequada, associada a um treino estruturado e a uma alimenta\u00e7\u00e3o equilibrada, pode ser uma aliada importante tanto para praticantes de muscula\u00e7\u00e3o quanto [&hellip;]<\/p>\n","protected":false},"author":25,"featured_media":82752,"comment_status":"open","ping_status":"open","sticky":false,"template":"","format":"standard","meta":{"jnews-multi-image_gallery":[],"jnews_single_post":{"format":"standard"},"jnews_primary_category":[],"jnews_social_meta":[],"jnews_override_counter":[],"footnotes":""},"categories":[8691,9053],"tags":[711,327,415],"class_list":["post-173760","post","type-post","status-publish","format-standard","has-post-thumbnail","hentry","category-bem-estar","category-saude","tag-bem-estar","tag-qualidade-de-vida","tag-saude"],"yoast_head":"<!-- This site is optimized with the Yoast SEO plugin v23.8 - https:\/\/yoast.com\/wordpress\/plugins\/seo\/ -->\n<title>Creatina pode aumentar for\u00e7a e acelerar recupera\u00e7\u00e3o muscular - Estado de Minas - Em foco<\/title>\n<meta name=\"description\" content=\"Creatina pode aumentar for\u00e7a e melhorar recupera\u00e7\u00e3o muscular. Veja como usar com seguran\u00e7a e efic\u00e1cia.\" \/>\n<meta name=\"robots\" content=\"index, follow, max-snippet:-1, max-image-preview:large, max-video-preview:-1\" \/>\n<link rel=\"canonical\" href=\"https:\/\/www.em.com.br\/emfoco\/2026\/02\/26\/creatina-pode-aumentar-forca-e-acelerar-recuperacao-muscular\/\" \/>\n<meta property=\"og:locale\" content=\"pt_BR\" \/>\n<meta property=\"og:type\" content=\"article\" \/>\n<meta property=\"og:title\" content=\"Creatina pode aumentar for\u00e7a e acelerar recupera\u00e7\u00e3o muscular - Estado de Minas - Em foco\" \/>\n<meta property=\"og:description\" content=\"Creatina pode aumentar for\u00e7a e melhorar recupera\u00e7\u00e3o muscular. Veja como usar com seguran\u00e7a e efic\u00e1cia.\" \/>\n<meta property=\"og:url\" content=\"https:\/\/www.em.com.br\/emfoco\/2026\/02\/26\/creatina-pode-aumentar-forca-e-acelerar-recuperacao-muscular\/\" \/>\n<meta property=\"og:site_name\" content=\"Estado de Minas - Em foco\" \/>\n<meta property=\"article:published_time\" content=\"2026-02-26T11:05:00+00:00\" \/>\n<meta property=\"article:modified_time\" content=\"2026-02-25T09:59:32+00:00\" \/>\n<meta property=\"og:image\" content=\"https:\/\/www.em.com.br\/emfoco\/wp-content\/uploads\/2025\/07\/creatina_1753735483810.jpg\" \/>\n\t<meta property=\"og:image:width\" content=\"1280\" \/>\n\t<meta property=\"og:image:height\" content=\"720\" \/>\n\t<meta property=\"og:image:type\" content=\"image\/jpeg\" \/>\n<meta name=\"author\" content=\"Guilherme Lopes\" \/>\n<meta name=\"twitter:card\" content=\"summary_large_image\" \/>\n<meta name=\"twitter:label1\" content=\"Escrito por\" \/>\n\t<meta name=\"twitter:data1\" content=\"Guilherme Lopes\" \/>\n\t<meta name=\"twitter:label2\" content=\"Est. tempo de leitura\" \/>\n\t<meta name=\"twitter:data2\" content=\"5 minutos\" \/>\n<!-- \/ Yoast SEO plugin. -->","yoast_head_json":{"title":"Creatina pode aumentar for\u00e7a e acelerar recupera\u00e7\u00e3o muscular - Estado de Minas - Em foco","description":"Creatina pode aumentar for\u00e7a e melhorar recupera\u00e7\u00e3o muscular. Veja como usar com seguran\u00e7a e efic\u00e1cia.","robots":{"index":"index","follow":"follow","max-snippet":"max-snippet:-1","max-image-preview":"max-image-preview:large","max-video-preview":"max-video-preview:-1"},"canonical":"https:\/\/www.em.com.br\/emfoco\/2026\/02\/26\/creatina-pode-aumentar-forca-e-acelerar-recuperacao-muscular\/","og_locale":"pt_BR","og_type":"article","og_title":"Creatina pode aumentar for\u00e7a e acelerar recupera\u00e7\u00e3o muscular - Estado de Minas - Em foco","og_description":"Creatina pode aumentar for\u00e7a e melhorar recupera\u00e7\u00e3o muscular. Veja como usar com seguran\u00e7a e efic\u00e1cia.","og_url":"https:\/\/www.em.com.br\/emfoco\/2026\/02\/26\/creatina-pode-aumentar-forca-e-acelerar-recuperacao-muscular\/","og_site_name":"Estado de Minas - Em foco","article_published_time":"2026-02-26T11:05:00+00:00","article_modified_time":"2026-02-25T09:59:32+00:00","og_image":[{"width":1280,"height":720,"url":"https:\/\/www.em.com.br\/emfoco\/wp-content\/uploads\/2025\/07\/creatina_1753735483810.jpg","type":"image\/jpeg"}],"author":"Guilherme Lopes","twitter_card":"summary_large_image","twitter_misc":{"Escrito por":"Guilherme Lopes","Est. tempo de leitura":"5 minutos"},"schema":{"@context":"https:\/\/schema.org","@graph":[{"@type":"WebPage","@id":"https:\/\/www.em.com.br\/emfoco\/2026\/02\/26\/creatina-pode-aumentar-forca-e-acelerar-recuperacao-muscular\/","url":"https:\/\/www.em.com.br\/emfoco\/2026\/02\/26\/creatina-pode-aumentar-forca-e-acelerar-recuperacao-muscular\/","name":"Creatina pode aumentar for\u00e7a e acelerar recupera\u00e7\u00e3o muscular - Estado de Minas - Em foco","isPartOf":{"@id":"https:\/\/www.em.com.br\/emfoco\/#website"},"primaryImageOfPage":{"@id":"https:\/\/www.em.com.br\/emfoco\/2026\/02\/26\/creatina-pode-aumentar-forca-e-acelerar-recuperacao-muscular\/#primaryimage"},"image":{"@id":"https:\/\/www.em.com.br\/emfoco\/2026\/02\/26\/creatina-pode-aumentar-forca-e-acelerar-recuperacao-muscular\/#primaryimage"},"thumbnailUrl":"https:\/\/www.em.com.br\/emfoco\/wp-content\/uploads\/2025\/07\/creatina_1753735483810.jpg","datePublished":"2026-02-26T11:05:00+00:00","dateModified":"2026-02-25T09:59:32+00:00","author":{"@id":"https:\/\/www.em.com.br\/emfoco\/#\/schema\/person\/f6eade2e287023da170a1b2b329f68e5"},"description":"Creatina pode aumentar for\u00e7a e melhorar recupera\u00e7\u00e3o muscular. Veja como usar com seguran\u00e7a e efic\u00e1cia.","breadcrumb":{"@id":"https:\/\/www.em.com.br\/emfoco\/2026\/02\/26\/creatina-pode-aumentar-forca-e-acelerar-recuperacao-muscular\/#breadcrumb"},"inLanguage":"pt-BR","potentialAction":[{"@type":"ReadAction","target":["https:\/\/www.em.com.br\/emfoco\/2026\/02\/26\/creatina-pode-aumentar-forca-e-acelerar-recuperacao-muscular\/"]}]},{"@type":"ImageObject","inLanguage":"pt-BR","@id":"https:\/\/www.em.com.br\/emfoco\/2026\/02\/26\/creatina-pode-aumentar-forca-e-acelerar-recuperacao-muscular\/#primaryimage","url":"https:\/\/www.em.com.br\/emfoco\/wp-content\/uploads\/2025\/07\/creatina_1753735483810.jpg","contentUrl":"https:\/\/www.em.com.br\/emfoco\/wp-content\/uploads\/2025\/07\/creatina_1753735483810.jpg","width":1280,"height":720,"caption":"Creatina - Cr\u00e9ditos: depositphotos.com \/ robertohunger"},{"@type":"BreadcrumbList","@id":"https:\/\/www.em.com.br\/emfoco\/2026\/02\/26\/creatina-pode-aumentar-forca-e-acelerar-recuperacao-muscular\/#breadcrumb","itemListElement":[{"@type":"ListItem","position":1,"name":"In\u00edcio","item":"https:\/\/www.em.com.br\/emfoco\/"},{"@type":"ListItem","position":2,"name":"Creatina pode aumentar for\u00e7a e acelerar recupera\u00e7\u00e3o muscular"}]},{"@type":"WebSite","@id":"https:\/\/www.em.com.br\/emfoco\/#website","url":"https:\/\/www.em.com.br\/emfoco\/","name":"Estado de Minas - Em foco","description":"Acompanhe as \u00faltimas not\u00edcias e fique bem informado sobre tudo o que acontece em Minas Gerais, Brasil e no mundo.","potentialAction":[{"@type":"SearchAction","target":{"@type":"EntryPoint","urlTemplate":"https:\/\/www.em.com.br\/emfoco\/?s={search_term_string}"},"query-input":{"@type":"PropertyValueSpecification","valueRequired":true,"valueName":"search_term_string"}}],"inLanguage":"pt-BR"},{"@type":"Person","@id":"https:\/\/www.em.com.br\/emfoco\/#\/schema\/person\/f6eade2e287023da170a1b2b329f68e5","name":"Guilherme Lopes","image":{"@type":"ImageObject","inLanguage":"pt-BR","@id":"https:\/\/www.em.com.br\/emfoco\/#\/schema\/person\/image\/","url":"https:\/\/secure.gravatar.com\/avatar\/df9adfb835d344bc0af109d41756253f?s=96&d=mm&r=g","contentUrl":"https:\/\/secure.gravatar.com\/avatar\/df9adfb835d344bc0af109d41756253f?s=96&d=mm&r=g","caption":"Guilherme Lopes"},"url":"https:\/\/www.em.com.br\/emfoco\/author\/guilherme_saude\/"}]}},"_links":{"self":[{"href":"https:\/\/www.em.com.br\/emfoco\/wp-json\/wp\/v2\/posts\/173760","targetHints":{"allow":["GET"]}}],"collection":[{"href":"https:\/\/www.em.com.br\/emfoco\/wp-json\/wp\/v2\/posts"}],"about":[{"href":"https:\/\/www.em.com.br\/emfoco\/wp-json\/wp\/v2\/types\/post"}],"author":[{"embeddable":true,"href":"https:\/\/www.em.com.br\/emfoco\/wp-json\/wp\/v2\/users\/25"}],"replies":[{"embeddable":true,"href":"https:\/\/www.em.com.br\/emfoco\/wp-json\/wp\/v2\/comments?post=173760"}],"version-history":[{"count":1,"href":"https:\/\/www.em.com.br\/emfoco\/wp-json\/wp\/v2\/posts\/173760\/revisions"}],"predecessor-version":[{"id":173761,"href":"https:\/\/www.em.com.br\/emfoco\/wp-json\/wp\/v2\/posts\/173760\/revisions\/173761"}],"wp:featuredmedia":[{"embeddable":true,"href":"https:\/\/www.em.com.br\/emfoco\/wp-json\/wp\/v2\/media\/82752"}],"wp:attachment":[{"href":"https:\/\/www.em.com.br\/emfoco\/wp-json\/wp\/v2\/media?parent=173760"}],"wp:term":[{"taxonomy":"category","embeddable":true,"href":"https:\/\/www.em.com.br\/emfoco\/wp-json\/wp\/v2\/categories?post=173760"},{"taxonomy":"post_tag","embeddable":true,"href":"https:\/\/www.em.com.br\/emfoco\/wp-json\/wp\/v2\/tags?post=173760"}],"curies":[{"name":"wp","href":"https:\/\/api.w.org\/{rel}","templated":true}]}}