{"id":173750,"date":"2026-02-25T09:05:00","date_gmt":"2026-02-25T12:05:00","guid":{"rendered":"https:\/\/www.em.com.br\/emfoco\/?p=173750"},"modified":"2026-02-25T06:49:56","modified_gmt":"2026-02-25T09:49:56","slug":"o-erro-ao-tomar-cafe-que-pode-reduzir-absorcao-de-ferro","status":"publish","type":"post","link":"https:\/\/www.em.com.br\/emfoco\/2026\/02\/25\/o-erro-ao-tomar-cafe-que-pode-reduzir-absorcao-de-ferro\/","title":{"rendered":"O erro ao tomar caf\u00e9 que pode reduzir absor\u00e7\u00e3o de ferro"},"content":{"rendered":"\n<p>A <strong>Sensa\u00e7\u00e3o Persistente de Cansa\u00e7o<\/strong>, dificuldade respirat\u00f3ria e palidez podem ser indicativos de que algo essencial est\u00e1 faltando no organismo. A anemia ferropriva, resultante da defici\u00eancia de ferro, afeta milh\u00f5es de pessoas em todo o mundo, mas \u00e9 poss\u00edvel ajustar a dieta e selecionar alimentos que estimulam a produ\u00e7\u00e3o de hemoglobina, proporcionando mais energia e disposi\u00e7\u00e3o no dia a dia.<\/p>\n\n\n\n<h2 class=\"wp-block-heading\">Quais s\u00e3o os alimentos essenciais na luta contra a anemia?<\/h2>\n\n\n\n<p>Existem dois tipos de ferro importantes para o corpo humano: o ferro heme e o ferro n\u00e3o-heme. O primeiro, encontrado em alimentos de origem animal, \u00e9 mais facilmente absorvido, enquanto o segundo, presente em fontes vegetais, requer combina\u00e7\u00f5es alimentares espec\u00edficas para melhor aproveitamento.<\/p>\n\n\n\n<p>Uma dieta que previne a anemia deve ser diversificada, indo al\u00e9m do tradicional feij\u00e3o. F\u00edgado, carnes vermelhas, espinafre, leguminosas, al\u00e9m de alimentos ricos em \u00e1cido f\u00f3lico e vitamina B12, ajudam a manter a sa\u00fade do sangue em dia e a reduzir o risco de defici\u00eancia de ferro.<\/p>\n\n\n\n<h2 class=\"wp-block-heading\">Quais subst\u00e2ncias devem ser evitadas na dieta?<\/h2>\n\n\n\n<p>Determinadas subst\u00e2ncias, conhecidas como antinutrientes, podem interferir na absor\u00e7\u00e3o de ferro, especialmente do ferro n\u00e3o-heme. Bebidas como caf\u00e9, ch\u00e1 preto e alguns ch\u00e1s ricos em polifen\u00f3is e fitatos devem ser consumidas com modera\u00e7\u00e3o e afastadas das principais refei\u00e7\u00f5es.<\/p>\n\n\n\n<p>Estudos demonstram que o consumo dessas bebidas pr\u00f3ximo \u00e0s refei\u00e7\u00f5es pode reduzir significativamente a absor\u00e7\u00e3o de ferro. Por isso, recomenda-se manter um intervalo de 1 a 2 horas entre refei\u00e7\u00f5es ricas em ferro e essas bebidas, protegendo o aproveitamento do nutriente.<\/p>\n\n\n<div class=\"wp-block-image\">\n<figure class=\"aligncenter size-large\"><img loading=\"lazy\" decoding=\"async\" width=\"1024\" height=\"576\" src=\"https:\/\/www.em.com.br\/emfoco\/wp-content\/uploads\/2025\/09\/anemia_1757516249373-1024x576.jpg\" alt=\"\" class=\"wp-image-102803\" srcset=\"https:\/\/www.em.com.br\/emfoco\/wp-content\/uploads\/2025\/09\/anemia_1757516249373-1024x576.jpg 1024w, https:\/\/www.em.com.br\/emfoco\/wp-content\/uploads\/2025\/09\/anemia_1757516249373-300x169.jpg 300w, https:\/\/www.em.com.br\/emfoco\/wp-content\/uploads\/2025\/09\/anemia_1757516249373-768x432.jpg 768w, https:\/\/www.em.com.br\/emfoco\/wp-content\/uploads\/2025\/09\/anemia_1757516249373-750x422.jpg 750w, https:\/\/www.em.com.br\/emfoco\/wp-content\/uploads\/2025\/09\/anemia_1757516249373-1140x641.jpg 1140w, https:\/\/www.em.com.br\/emfoco\/wp-content\/uploads\/2025\/09\/anemia_1757516249373.jpg 1280w\" sizes=\"auto, (max-width: 1024px) 100vw, 1024px\" \/><figcaption class=\"wp-element-caption\">Anemia &#8211; Cr\u00e9ditos: depositphotos.com \/ imagepointfr<\/figcaption><\/figure><\/div>\n\n\n<h2 class=\"wp-block-heading\">Como otimizar a absor\u00e7\u00e3o de ferro na alimenta\u00e7\u00e3o di\u00e1ria?<\/h2>\n\n\n\n<p>A prepara\u00e7\u00e3o correta dos alimentos tamb\u00e9m \u00e9 crucial na preven\u00e7\u00e3o e no tratamento da anemia. Utilizar panelas de ferro, deixar leguminosas de molho antes do cozimento e evitar latic\u00ednios junto \u00e0s refei\u00e7\u00f5es principais s\u00e3o estrat\u00e9gias simples que melhoram a biodisponibilidade do ferro.<\/p>\n\n\n\n<p>Al\u00e9m disso, incluir fontes de vitamina C nas refei\u00e7\u00f5es aumenta a absor\u00e7\u00e3o de ferro n\u00e3o-heme. Algumas combina\u00e7\u00f5es pr\u00e1ticas do dia a dia podem potencializar esse efeito e tornar a rotina alimentar mais eficiente contra a anemia:<\/p>\n\n\n\n<ul class=\"wp-block-list\">\n<li>Consumir laranja, lim\u00e3o, acerola ou kiwi junto de feij\u00e3o, lentilha ou vegetais verdes-escuros.<\/li>\n\n\n\n<li>Usar lim\u00e3o ou vinagre em saladas e prepara\u00e7\u00f5es com vegetais ricos em ferro.<\/li>\n\n\n\n<li>Combinar carnes (ferro heme) com leguminosas para potencializar a absor\u00e7\u00e3o global de ferro.<\/li>\n<\/ul>\n\n\n\n<h2 class=\"wp-block-heading\">Qual \u00e9 o pr\u00f3ximo passo para uma dieta eficaz contra a anemia?<\/h2>\n\n\n\n<p>Com essas informa\u00e7\u00f5es em m\u00e3os, \u00e9 importante elaborar um plano alimentar que priorize prote\u00ednas animais, vegetais folhosos escuros, leguminosas e fontes de vitamina C. Quando necess\u00e1rio, suplementos de ferro devem ser usados apenas com orienta\u00e7\u00e3o profissional, evitando excessos e efeitos adversos.<\/p>\n\n\n\n<p>Respeitar o tempo de digest\u00e3o e absor\u00e7\u00e3o dos nutrientes, assim como manter acompanhamento com m\u00e9dicos e nutricionistas, \u00e9 fundamental para mitigar os efeitos da anemia. Seguir diretrizes simples e consistentes ajuda a promover uma sa\u00fade sangu\u00ednea robusta, com mais energia e qualidade de vida.<\/p>\n\n\n<a href=\"https:\/\/www.instagram.com\/dra.annaluisabf\/\" target=\"_blank\" style=\"text-decoration: none; color: inherit;\">\n  <span style=\"display:inline-block; border:1px solid #ccc; border-radius:10px; padding:15px; max-width:550px; font-family:sans-serif; box-shadow:0 2px 5px rgba(0,0,0,0.1);\">\n    <span style=\"margin:0 0 15px 0; font-weight:bold; color:#2c3e50; text-align: center;\">Entre em contato:<\/span>\n\n    <span style=\"display:flex; align-items:center;\">\n      <img decoding=\"async\" src=\"https:\/\/www.correiobraziliense.com.br\/cbradar\/wp-content\/uploads\/2025\/08\/dra_anna_luisa.jpeg\" alt=\"Dra Anna Lu\u00edsa\" style=\"border-radius:50%; width:80px; height:80px; margin-right:15px;\">\n      <span style=\"flex:1;\">\n        <h3 style=\"margin:0 0 5px 0;\">Dra. Anna Lu\u00edsa Barbosa Fernandes<\/h3>\n        <p style=\"margin:0 0 10px 0;\">CRM-GO 33.271<\/p>\n        <span style=\"display:flex; gap:10px;\">\n          <img decoding=\"async\" src=\"https:\/\/cdn-icons-png.flaticon.com\/24\/1384\/1384063.png\" alt=\"Instagram\">\n        <\/span>\n      <\/span>\n    <\/span>\n  <\/span>\n<\/a>","protected":false},"excerpt":{"rendered":"<p>A Sensa\u00e7\u00e3o Persistente de Cansa\u00e7o, dificuldade respirat\u00f3ria e palidez podem ser indicativos de que algo essencial est\u00e1 faltando no organismo. A anemia ferropriva, resultante da defici\u00eancia de ferro, afeta milh\u00f5es de pessoas em todo o mundo, mas \u00e9 poss\u00edvel ajustar a dieta e selecionar alimentos que estimulam a produ\u00e7\u00e3o de hemoglobina, proporcionando mais energia e [&hellip;]<\/p>\n","protected":false},"author":25,"featured_media":102802,"comment_status":"open","ping_status":"open","sticky":false,"template":"","format":"standard","meta":{"jnews-multi-image_gallery":[],"jnews_single_post":{"format":"standard"},"jnews_primary_category":[],"jnews_social_meta":[],"jnews_override_counter":[],"footnotes":""},"categories":[9053],"tags":[711,327,415],"class_list":["post-173750","post","type-post","status-publish","format-standard","has-post-thumbnail","hentry","category-saude","tag-bem-estar","tag-qualidade-de-vida","tag-saude"],"yoast_head":"<!-- This site is optimized with the Yoast SEO plugin v23.8 - https:\/\/yoast.com\/wordpress\/plugins\/seo\/ -->\n<title>O erro ao tomar caf\u00e9 que pode reduzir absor\u00e7\u00e3o de ferro - Estado de Minas - Em foco<\/title>\n<meta name=\"description\" content=\"Anemia ferropriva causa cansa\u00e7o e palidez. Veja alimentos que aumentam hemoglobina e melhoram absor\u00e7\u00e3o de ferro.\" \/>\n<meta name=\"robots\" content=\"index, follow, max-snippet:-1, max-image-preview:large, max-video-preview:-1\" \/>\n<link rel=\"canonical\" href=\"https:\/\/www.em.com.br\/emfoco\/2026\/02\/25\/o-erro-ao-tomar-cafe-que-pode-reduzir-absorcao-de-ferro\/\" \/>\n<meta property=\"og:locale\" content=\"pt_BR\" \/>\n<meta property=\"og:type\" content=\"article\" \/>\n<meta property=\"og:title\" content=\"O erro ao tomar caf\u00e9 que pode reduzir absor\u00e7\u00e3o de ferro - Estado de Minas - Em foco\" \/>\n<meta property=\"og:description\" content=\"Anemia ferropriva causa cansa\u00e7o e palidez. Veja alimentos que aumentam hemoglobina e melhoram absor\u00e7\u00e3o de ferro.\" \/>\n<meta property=\"og:url\" content=\"https:\/\/www.em.com.br\/emfoco\/2026\/02\/25\/o-erro-ao-tomar-cafe-que-pode-reduzir-absorcao-de-ferro\/\" \/>\n<meta property=\"og:site_name\" content=\"Estado de Minas - Em foco\" \/>\n<meta property=\"article:published_time\" content=\"2026-02-25T12:05:00+00:00\" \/>\n<meta property=\"article:modified_time\" content=\"2026-02-25T09:49:56+00:00\" \/>\n<meta property=\"og:image\" content=\"https:\/\/www.em.com.br\/emfoco\/wp-content\/uploads\/2025\/09\/anemia_1757516116264.jpg\" \/>\n\t<meta property=\"og:image:width\" content=\"1280\" \/>\n\t<meta property=\"og:image:height\" content=\"720\" \/>\n\t<meta property=\"og:image:type\" content=\"image\/jpeg\" \/>\n<meta name=\"author\" content=\"Guilherme Lopes\" \/>\n<meta name=\"twitter:card\" content=\"summary_large_image\" \/>\n<meta name=\"twitter:label1\" content=\"Escrito por\" \/>\n\t<meta name=\"twitter:data1\" content=\"Guilherme Lopes\" \/>\n\t<meta name=\"twitter:label2\" content=\"Est. tempo de leitura\" \/>\n\t<meta name=\"twitter:data2\" content=\"4 minutos\" \/>\n<!-- \/ Yoast SEO plugin. -->","yoast_head_json":{"title":"O erro ao tomar caf\u00e9 que pode reduzir absor\u00e7\u00e3o de ferro - Estado de Minas - Em foco","description":"Anemia ferropriva causa cansa\u00e7o e palidez. Veja alimentos que aumentam hemoglobina e melhoram absor\u00e7\u00e3o de ferro.","robots":{"index":"index","follow":"follow","max-snippet":"max-snippet:-1","max-image-preview":"max-image-preview:large","max-video-preview":"max-video-preview:-1"},"canonical":"https:\/\/www.em.com.br\/emfoco\/2026\/02\/25\/o-erro-ao-tomar-cafe-que-pode-reduzir-absorcao-de-ferro\/","og_locale":"pt_BR","og_type":"article","og_title":"O erro ao tomar caf\u00e9 que pode reduzir absor\u00e7\u00e3o de ferro - Estado de Minas - Em foco","og_description":"Anemia ferropriva causa cansa\u00e7o e palidez. Veja alimentos que aumentam hemoglobina e melhoram absor\u00e7\u00e3o de ferro.","og_url":"https:\/\/www.em.com.br\/emfoco\/2026\/02\/25\/o-erro-ao-tomar-cafe-que-pode-reduzir-absorcao-de-ferro\/","og_site_name":"Estado de Minas - Em foco","article_published_time":"2026-02-25T12:05:00+00:00","article_modified_time":"2026-02-25T09:49:56+00:00","og_image":[{"width":1280,"height":720,"url":"https:\/\/www.em.com.br\/emfoco\/wp-content\/uploads\/2025\/09\/anemia_1757516116264.jpg","type":"image\/jpeg"}],"author":"Guilherme Lopes","twitter_card":"summary_large_image","twitter_misc":{"Escrito por":"Guilherme Lopes","Est. tempo de leitura":"4 minutos"},"schema":{"@context":"https:\/\/schema.org","@graph":[{"@type":"WebPage","@id":"https:\/\/www.em.com.br\/emfoco\/2026\/02\/25\/o-erro-ao-tomar-cafe-que-pode-reduzir-absorcao-de-ferro\/","url":"https:\/\/www.em.com.br\/emfoco\/2026\/02\/25\/o-erro-ao-tomar-cafe-que-pode-reduzir-absorcao-de-ferro\/","name":"O erro ao tomar caf\u00e9 que pode reduzir absor\u00e7\u00e3o de ferro - Estado de Minas - Em foco","isPartOf":{"@id":"https:\/\/www.em.com.br\/emfoco\/#website"},"primaryImageOfPage":{"@id":"https:\/\/www.em.com.br\/emfoco\/2026\/02\/25\/o-erro-ao-tomar-cafe-que-pode-reduzir-absorcao-de-ferro\/#primaryimage"},"image":{"@id":"https:\/\/www.em.com.br\/emfoco\/2026\/02\/25\/o-erro-ao-tomar-cafe-que-pode-reduzir-absorcao-de-ferro\/#primaryimage"},"thumbnailUrl":"https:\/\/www.em.com.br\/emfoco\/wp-content\/uploads\/2025\/09\/anemia_1757516116264.jpg","datePublished":"2026-02-25T12:05:00+00:00","dateModified":"2026-02-25T09:49:56+00:00","author":{"@id":"https:\/\/www.em.com.br\/emfoco\/#\/schema\/person\/f6eade2e287023da170a1b2b329f68e5"},"description":"Anemia ferropriva causa cansa\u00e7o e palidez. Veja alimentos que aumentam hemoglobina e melhoram absor\u00e7\u00e3o de ferro.","breadcrumb":{"@id":"https:\/\/www.em.com.br\/emfoco\/2026\/02\/25\/o-erro-ao-tomar-cafe-que-pode-reduzir-absorcao-de-ferro\/#breadcrumb"},"inLanguage":"pt-BR","potentialAction":[{"@type":"ReadAction","target":["https:\/\/www.em.com.br\/emfoco\/2026\/02\/25\/o-erro-ao-tomar-cafe-que-pode-reduzir-absorcao-de-ferro\/"]}]},{"@type":"ImageObject","inLanguage":"pt-BR","@id":"https:\/\/www.em.com.br\/emfoco\/2026\/02\/25\/o-erro-ao-tomar-cafe-que-pode-reduzir-absorcao-de-ferro\/#primaryimage","url":"https:\/\/www.em.com.br\/emfoco\/wp-content\/uploads\/2025\/09\/anemia_1757516116264.jpg","contentUrl":"https:\/\/www.em.com.br\/emfoco\/wp-content\/uploads\/2025\/09\/anemia_1757516116264.jpg","width":1280,"height":720,"caption":"Anemia - Cr\u00e9ditos: depositphotos.com \/ imagepointfr"},{"@type":"BreadcrumbList","@id":"https:\/\/www.em.com.br\/emfoco\/2026\/02\/25\/o-erro-ao-tomar-cafe-que-pode-reduzir-absorcao-de-ferro\/#breadcrumb","itemListElement":[{"@type":"ListItem","position":1,"name":"In\u00edcio","item":"https:\/\/www.em.com.br\/emfoco\/"},{"@type":"ListItem","position":2,"name":"O erro ao tomar caf\u00e9 que pode reduzir absor\u00e7\u00e3o de ferro"}]},{"@type":"WebSite","@id":"https:\/\/www.em.com.br\/emfoco\/#website","url":"https:\/\/www.em.com.br\/emfoco\/","name":"Estado de Minas - Em foco","description":"Acompanhe as \u00faltimas not\u00edcias e fique bem informado sobre tudo o que acontece em Minas Gerais, Brasil e no mundo.","potentialAction":[{"@type":"SearchAction","target":{"@type":"EntryPoint","urlTemplate":"https:\/\/www.em.com.br\/emfoco\/?s={search_term_string}"},"query-input":{"@type":"PropertyValueSpecification","valueRequired":true,"valueName":"search_term_string"}}],"inLanguage":"pt-BR"},{"@type":"Person","@id":"https:\/\/www.em.com.br\/emfoco\/#\/schema\/person\/f6eade2e287023da170a1b2b329f68e5","name":"Guilherme Lopes","image":{"@type":"ImageObject","inLanguage":"pt-BR","@id":"https:\/\/www.em.com.br\/emfoco\/#\/schema\/person\/image\/","url":"https:\/\/secure.gravatar.com\/avatar\/df9adfb835d344bc0af109d41756253f?s=96&d=mm&r=g","contentUrl":"https:\/\/secure.gravatar.com\/avatar\/df9adfb835d344bc0af109d41756253f?s=96&d=mm&r=g","caption":"Guilherme Lopes"},"url":"https:\/\/www.em.com.br\/emfoco\/author\/guilherme_saude\/"}]}},"_links":{"self":[{"href":"https:\/\/www.em.com.br\/emfoco\/wp-json\/wp\/v2\/posts\/173750","targetHints":{"allow":["GET"]}}],"collection":[{"href":"https:\/\/www.em.com.br\/emfoco\/wp-json\/wp\/v2\/posts"}],"about":[{"href":"https:\/\/www.em.com.br\/emfoco\/wp-json\/wp\/v2\/types\/post"}],"author":[{"embeddable":true,"href":"https:\/\/www.em.com.br\/emfoco\/wp-json\/wp\/v2\/users\/25"}],"replies":[{"embeddable":true,"href":"https:\/\/www.em.com.br\/emfoco\/wp-json\/wp\/v2\/comments?post=173750"}],"version-history":[{"count":1,"href":"https:\/\/www.em.com.br\/emfoco\/wp-json\/wp\/v2\/posts\/173750\/revisions"}],"predecessor-version":[{"id":173751,"href":"https:\/\/www.em.com.br\/emfoco\/wp-json\/wp\/v2\/posts\/173750\/revisions\/173751"}],"wp:featuredmedia":[{"embeddable":true,"href":"https:\/\/www.em.com.br\/emfoco\/wp-json\/wp\/v2\/media\/102802"}],"wp:attachment":[{"href":"https:\/\/www.em.com.br\/emfoco\/wp-json\/wp\/v2\/media?parent=173750"}],"wp:term":[{"taxonomy":"category","embeddable":true,"href":"https:\/\/www.em.com.br\/emfoco\/wp-json\/wp\/v2\/categories?post=173750"},{"taxonomy":"post_tag","embeddable":true,"href":"https:\/\/www.em.com.br\/emfoco\/wp-json\/wp\/v2\/tags?post=173750"}],"curies":[{"name":"wp","href":"https:\/\/api.w.org\/{rel}","templated":true}]}}