{"id":173745,"date":"2026-02-25T08:05:00","date_gmt":"2026-02-25T11:05:00","guid":{"rendered":"https:\/\/www.em.com.br\/emfoco\/?p=173745"},"modified":"2026-02-25T06:47:34","modified_gmt":"2026-02-25T09:47:34","slug":"tosse-seca-persistente-pode-melhorar-com-mel-e-gengibre","status":"publish","type":"post","link":"https:\/\/www.em.com.br\/emfoco\/2026\/02\/25\/tosse-seca-persistente-pode-melhorar-com-mel-e-gengibre\/","title":{"rendered":"Tosse seca persistente pode melhorar com mel e gengibre"},"content":{"rendered":"\n<p>A tosse seca e persistente representa um desafio constante ao bem-estar, frequentemente interrompendo o sono e causando irrita\u00e7\u00e3o nas vias respirat\u00f3rias. Embora possa parecer inofensiva \u00e0 primeira vista, tende a se tornar um inc\u00f4modo que afeta o cotidiano, demandando a\u00e7\u00f5es para aliviar o desconforto, e muitas pessoas recorrem a solu\u00e7\u00f5es naturais, comuns em cozinhas ao redor do mundo, pela efic\u00e1cia e pela menor chance de efeitos colaterais em compara\u00e7\u00e3o a muitos medicamentos qu\u00edmicos.<\/p>\n\n\n\n<p>Entre os rem\u00e9dios naturais mais conhecidos para a tosse, o&nbsp;<strong>mel<\/strong>&nbsp;se sobressai por suas propriedades calmantes. Este demulcente age como um revestimento protetor na garganta, aliviando a coceira e a irrita\u00e7\u00e3o. Estudos m\u00e9dicos indicam que o mel pode superar subst\u00e2ncias comerciais, como o dextrometorfano, na redu\u00e7\u00e3o da tosse noturna. Esse alimento natural tamb\u00e9m estimula a produ\u00e7\u00e3o de secre\u00e7\u00e3o, o que ajuda a manter as vias a\u00e9reas \u00famidas e protegidas contra irritantes ambientais, al\u00e9m de oferecer suporte imunol\u00f3gico gra\u00e7as ao seu poder antimicrobiano.<\/p>\n\n\n\n<figure class=\"wp-block-image size-large\"><img loading=\"lazy\" decoding=\"async\" width=\"1024\" height=\"576\" src=\"https:\/\/www.em.com.br\/emfoco\/wp-content\/uploads\/2025\/11\/Tosse_1763155408157-1024x576.jpg\" alt=\"\" class=\"wp-image-127844\" srcset=\"https:\/\/www.em.com.br\/emfoco\/wp-content\/uploads\/2025\/11\/Tosse_1763155408157-1024x576.jpg 1024w, https:\/\/www.em.com.br\/emfoco\/wp-content\/uploads\/2025\/11\/Tosse_1763155408157-300x169.jpg 300w, https:\/\/www.em.com.br\/emfoco\/wp-content\/uploads\/2025\/11\/Tosse_1763155408157-768x432.jpg 768w, https:\/\/www.em.com.br\/emfoco\/wp-content\/uploads\/2025\/11\/Tosse_1763155408157-750x422.jpg 750w, https:\/\/www.em.com.br\/emfoco\/wp-content\/uploads\/2025\/11\/Tosse_1763155408157-1140x641.jpg 1140w, https:\/\/www.em.com.br\/emfoco\/wp-content\/uploads\/2025\/11\/Tosse_1763155408157.jpg 1280w\" sizes=\"auto, (max-width: 1024px) 100vw, 1024px\" \/><figcaption class=\"wp-element-caption\">Tosse &#8211; Cr\u00e9ditos: depositphotos.com \/ HayDmitriy<\/figcaption><\/figure>\n\n\n\n<h2 class=\"wp-block-heading\">Como combater a tosse seca com ingredientes caseiros?<\/h2>\n\n\n\n<p>A chave para aliviar a tosse seca est\u00e1 no uso de ingredientes que promovem hidrata\u00e7\u00e3o e redu\u00e7\u00e3o de inflama\u00e7\u00f5es locais. Segundo especialistas em fitoterapia, algumas misturas simples podem favorecer a recupera\u00e7\u00e3o das mucosas respirat\u00f3rias e proporcionar al\u00edvio sintom\u00e1tico mais r\u00e1pido.<\/p>\n\n\n\n<p>Exemplos disso s\u00e3o o xarope de mel com pr\u00f3polis, que combina a hidrata\u00e7\u00e3o do mel com as caracter\u00edsticas antibi\u00f3ticas leves do pr\u00f3polis, e o ch\u00e1 de gengibre com lim\u00e3o, conhecido por seu gingerol, que oferece propriedades anti-inflamat\u00f3rias e analg\u00e9sicas. Em geral, essas prepara\u00e7\u00f5es s\u00e3o usadas por alguns dias, sempre com aten\u00e7\u00e3o a alergias e \u00e0 orienta\u00e7\u00e3o m\u00e9dica em casos mais graves.<\/p>\n\n\n\n<h2 class=\"wp-block-heading\">Por que o mel e o gengibre s\u00e3o eficazes para a tosse?<\/h2>\n\n\n\n<p>O&nbsp;<strong>gengibre<\/strong>&nbsp;complementa as propriedades do mel, oferecendo al\u00edvio por meio de subst\u00e2ncias bioativas que atuam contra a inflama\u00e7\u00e3o. Uma prepara\u00e7\u00e3o eficaz envolve a macera\u00e7\u00e3o do gengibre ralado misturado ao mel, aguardando algumas horas antes do consumo para intensificar o efeito calmante.<\/p>\n\n\n\n<p>Essa t\u00e9cnica assegura que os princ\u00edpios ativos anti-inflamat\u00f3rios sejam liberados gradualmente, potencializando seus benef\u00edcios ao revestir e acalmar a garganta. Em combina\u00e7\u00e3o com boa hidrata\u00e7\u00e3o e repouso vocal, o uso moderado de mel e gengibre pode contribuir para reduzir a frequ\u00eancia e a intensidade das crises de tosse seca.<\/p>\n\n\n\n<ul class=\"wp-block-list\">\n<li><strong>Xarope de beterraba:<\/strong>\u00a0Rica em antioxidantes, auxilia na defesa do organismo contra poss\u00edveis irrita\u00e7\u00f5es.<\/li>\n\n\n\n<li><strong>Ch\u00e1 de hortel\u00e3-pimenta:<\/strong>\u00a0O mentol alivia o reflexo da tosse e ajuda na descongest\u00e3o.<\/li>\n\n\n\n<li><strong>Gargarejo com \u00e1gua morna e sal:<\/strong>\u00a0Essencial para diminuir o incha\u00e7o e a irrita\u00e7\u00e3o.<\/li>\n\n\n\n<li><strong>Inala\u00e7\u00e3o com vapor de \u00e1gua:<\/strong>\u00a0Ajuda a manter as vias a\u00e9reas \u00famidas.<\/li>\n<\/ul>\n\n\n\n<h2 class=\"wp-block-heading\">Quando a tosse requer interven\u00e7\u00e3o m\u00e9dica?<\/h2>\n\n\n\n<p>Solu\u00e7\u00f5es caseiras podem ser surpreendentemente eficazes, mas h\u00e1 situa\u00e7\u00f5es em que um especialista deve ser consultado. Tosse persistente por mais de tr\u00eas semanas, especialmente se acompanhada de febre, dificuldade respirat\u00f3ria, sangue, chiado no peito ou perda de peso inexplicada, exige avalia\u00e7\u00e3o m\u00e9dica cuidadosa.<\/p>\n\n\n\n<p>Esses sinais podem indicar condi\u00e7\u00f5es mais graves, como infec\u00e7\u00f5es bacterianas, asma ou refluxo gastroesof\u00e1gico, que necessitam de diagn\u00f3stico e tratamento espec\u00edficos. Reconhecer precocemente os sintomas, manter boa hidrata\u00e7\u00e3o \u2014 cerca de dois litros de \u00e1gua por dia \u2014 e buscar acompanhamento profissional s\u00e3o atitudes essenciais para evitar complica\u00e7\u00f5es e a cronifica\u00e7\u00e3o da tosse.<\/p>\n\n\n<a href=\"https:\/\/www.instagram.com\/dra.annaluisabf\/\" target=\"_blank\" style=\"text-decoration: none; color: inherit;\">\n  <span style=\"display:inline-block; border:1px solid #ccc; border-radius:10px; padding:15px; max-width:550px; font-family:sans-serif; box-shadow:0 2px 5px rgba(0,0,0,0.1);\">\n    <span style=\"margin:0 0 15px 0; font-weight:bold; color:#2c3e50; text-align: center;\">Entre em contato:<\/span>\n\n    <span style=\"display:flex; align-items:center;\">\n      <img decoding=\"async\" src=\"https:\/\/www.correiobraziliense.com.br\/cbradar\/wp-content\/uploads\/2025\/08\/dra_anna_luisa.jpeg\" alt=\"Dra Anna Lu\u00edsa\" style=\"border-radius:50%; width:80px; height:80px; margin-right:15px;\">\n      <span style=\"flex:1;\">\n        <h3 style=\"margin:0 0 5px 0;\">Dra. Anna Lu\u00edsa Barbosa Fernandes<\/h3>\n        <p style=\"margin:0 0 10px 0;\">CRM-GO 33.271<\/p>\n        <span style=\"display:flex; gap:10px;\">\n          <img decoding=\"async\" src=\"https:\/\/cdn-icons-png.flaticon.com\/24\/1384\/1384063.png\" alt=\"Instagram\">\n        <\/span>\n      <\/span>\n    <\/span>\n  <\/span>\n<\/a>","protected":false},"excerpt":{"rendered":"<p>A tosse seca e persistente representa um desafio constante ao bem-estar, frequentemente interrompendo o sono e causando irrita\u00e7\u00e3o nas vias respirat\u00f3rias. Embora possa parecer inofensiva \u00e0 primeira vista, tende a se tornar um inc\u00f4modo que afeta o cotidiano, demandando a\u00e7\u00f5es para aliviar o desconforto, e muitas pessoas recorrem a solu\u00e7\u00f5es naturais, comuns em cozinhas ao [&hellip;]<\/p>\n","protected":false},"author":25,"featured_media":173746,"comment_status":"open","ping_status":"open","sticky":false,"template":"","format":"standard","meta":{"jnews-multi-image_gallery":[],"jnews_single_post":{"format":"standard"},"jnews_primary_category":[],"jnews_social_meta":[],"jnews_override_counter":[],"footnotes":""},"categories":[9053],"tags":[711,327,415],"class_list":["post-173745","post","type-post","status-publish","format-standard","has-post-thumbnail","hentry","category-saude","tag-bem-estar","tag-qualidade-de-vida","tag-saude"],"yoast_head":"<!-- This site is optimized with the Yoast SEO plugin v23.8 - https:\/\/yoast.com\/wordpress\/plugins\/seo\/ -->\n<title>Tosse seca persistente pode melhorar com mel e gengibre - Estado de Minas - Em foco<\/title>\n<meta name=\"description\" content=\"Tosse seca persistente pode melhorar com mel e gengibre. Veja receitas caseiras e sinais de alerta.\" \/>\n<meta name=\"robots\" content=\"index, follow, max-snippet:-1, max-image-preview:large, max-video-preview:-1\" \/>\n<link rel=\"canonical\" href=\"https:\/\/www.em.com.br\/emfoco\/2026\/02\/25\/tosse-seca-persistente-pode-melhorar-com-mel-e-gengibre\/\" \/>\n<meta property=\"og:locale\" content=\"pt_BR\" \/>\n<meta property=\"og:type\" content=\"article\" \/>\n<meta property=\"og:title\" content=\"Tosse seca persistente pode melhorar com mel e gengibre - Estado de Minas - Em foco\" \/>\n<meta property=\"og:description\" content=\"Tosse seca persistente pode melhorar com mel e gengibre. Veja receitas caseiras e sinais de alerta.\" \/>\n<meta property=\"og:url\" content=\"https:\/\/www.em.com.br\/emfoco\/2026\/02\/25\/tosse-seca-persistente-pode-melhorar-com-mel-e-gengibre\/\" \/>\n<meta property=\"og:site_name\" content=\"Estado de Minas - Em foco\" \/>\n<meta property=\"article:published_time\" content=\"2026-02-25T11:05:00+00:00\" \/>\n<meta property=\"article:modified_time\" content=\"2026-02-25T09:47:34+00:00\" \/>\n<meta property=\"og:image\" content=\"https:\/\/www.em.com.br\/emfoco\/wp-content\/uploads\/2026\/02\/tosse_1772012837934.jpg\" \/>\n\t<meta property=\"og:image:width\" content=\"1280\" \/>\n\t<meta property=\"og:image:height\" content=\"720\" \/>\n\t<meta property=\"og:image:type\" content=\"image\/jpeg\" \/>\n<meta name=\"author\" content=\"Guilherme Lopes\" \/>\n<meta name=\"twitter:card\" content=\"summary_large_image\" \/>\n<meta name=\"twitter:label1\" content=\"Escrito por\" \/>\n\t<meta name=\"twitter:data1\" content=\"Guilherme Lopes\" \/>\n\t<meta name=\"twitter:label2\" content=\"Est. tempo de leitura\" \/>\n\t<meta name=\"twitter:data2\" content=\"4 minutos\" \/>\n<!-- \/ Yoast SEO plugin. -->","yoast_head_json":{"title":"Tosse seca persistente pode melhorar com mel e gengibre - Estado de Minas - Em foco","description":"Tosse seca persistente pode melhorar com mel e gengibre. Veja receitas caseiras e sinais de alerta.","robots":{"index":"index","follow":"follow","max-snippet":"max-snippet:-1","max-image-preview":"max-image-preview:large","max-video-preview":"max-video-preview:-1"},"canonical":"https:\/\/www.em.com.br\/emfoco\/2026\/02\/25\/tosse-seca-persistente-pode-melhorar-com-mel-e-gengibre\/","og_locale":"pt_BR","og_type":"article","og_title":"Tosse seca persistente pode melhorar com mel e gengibre - Estado de Minas - Em foco","og_description":"Tosse seca persistente pode melhorar com mel e gengibre. Veja receitas caseiras e sinais de alerta.","og_url":"https:\/\/www.em.com.br\/emfoco\/2026\/02\/25\/tosse-seca-persistente-pode-melhorar-com-mel-e-gengibre\/","og_site_name":"Estado de Minas - Em foco","article_published_time":"2026-02-25T11:05:00+00:00","article_modified_time":"2026-02-25T09:47:34+00:00","og_image":[{"width":1280,"height":720,"url":"https:\/\/www.em.com.br\/emfoco\/wp-content\/uploads\/2026\/02\/tosse_1772012837934.jpg","type":"image\/jpeg"}],"author":"Guilherme Lopes","twitter_card":"summary_large_image","twitter_misc":{"Escrito por":"Guilherme Lopes","Est. tempo de leitura":"4 minutos"},"schema":{"@context":"https:\/\/schema.org","@graph":[{"@type":"WebPage","@id":"https:\/\/www.em.com.br\/emfoco\/2026\/02\/25\/tosse-seca-persistente-pode-melhorar-com-mel-e-gengibre\/","url":"https:\/\/www.em.com.br\/emfoco\/2026\/02\/25\/tosse-seca-persistente-pode-melhorar-com-mel-e-gengibre\/","name":"Tosse seca persistente pode melhorar com mel e gengibre - Estado de Minas - Em foco","isPartOf":{"@id":"https:\/\/www.em.com.br\/emfoco\/#website"},"primaryImageOfPage":{"@id":"https:\/\/www.em.com.br\/emfoco\/2026\/02\/25\/tosse-seca-persistente-pode-melhorar-com-mel-e-gengibre\/#primaryimage"},"image":{"@id":"https:\/\/www.em.com.br\/emfoco\/2026\/02\/25\/tosse-seca-persistente-pode-melhorar-com-mel-e-gengibre\/#primaryimage"},"thumbnailUrl":"https:\/\/www.em.com.br\/emfoco\/wp-content\/uploads\/2026\/02\/tosse_1772012837934.jpg","datePublished":"2026-02-25T11:05:00+00:00","dateModified":"2026-02-25T09:47:34+00:00","author":{"@id":"https:\/\/www.em.com.br\/emfoco\/#\/schema\/person\/f6eade2e287023da170a1b2b329f68e5"},"description":"Tosse seca persistente pode melhorar com mel e gengibre. Veja receitas caseiras e sinais de alerta.","breadcrumb":{"@id":"https:\/\/www.em.com.br\/emfoco\/2026\/02\/25\/tosse-seca-persistente-pode-melhorar-com-mel-e-gengibre\/#breadcrumb"},"inLanguage":"pt-BR","potentialAction":[{"@type":"ReadAction","target":["https:\/\/www.em.com.br\/emfoco\/2026\/02\/25\/tosse-seca-persistente-pode-melhorar-com-mel-e-gengibre\/"]}]},{"@type":"ImageObject","inLanguage":"pt-BR","@id":"https:\/\/www.em.com.br\/emfoco\/2026\/02\/25\/tosse-seca-persistente-pode-melhorar-com-mel-e-gengibre\/#primaryimage","url":"https:\/\/www.em.com.br\/emfoco\/wp-content\/uploads\/2026\/02\/tosse_1772012837934.jpg","contentUrl":"https:\/\/www.em.com.br\/emfoco\/wp-content\/uploads\/2026\/02\/tosse_1772012837934.jpg","width":1280,"height":720,"caption":"tosse - Cr\u00e9ditos: depositphotos.com \/ HayDmitriy"},{"@type":"BreadcrumbList","@id":"https:\/\/www.em.com.br\/emfoco\/2026\/02\/25\/tosse-seca-persistente-pode-melhorar-com-mel-e-gengibre\/#breadcrumb","itemListElement":[{"@type":"ListItem","position":1,"name":"In\u00edcio","item":"https:\/\/www.em.com.br\/emfoco\/"},{"@type":"ListItem","position":2,"name":"Tosse seca persistente pode melhorar com mel e gengibre"}]},{"@type":"WebSite","@id":"https:\/\/www.em.com.br\/emfoco\/#website","url":"https:\/\/www.em.com.br\/emfoco\/","name":"Estado de Minas - Em foco","description":"Acompanhe as \u00faltimas not\u00edcias e fique bem informado sobre tudo o que acontece em Minas Gerais, Brasil e no mundo.","potentialAction":[{"@type":"SearchAction","target":{"@type":"EntryPoint","urlTemplate":"https:\/\/www.em.com.br\/emfoco\/?s={search_term_string}"},"query-input":{"@type":"PropertyValueSpecification","valueRequired":true,"valueName":"search_term_string"}}],"inLanguage":"pt-BR"},{"@type":"Person","@id":"https:\/\/www.em.com.br\/emfoco\/#\/schema\/person\/f6eade2e287023da170a1b2b329f68e5","name":"Guilherme Lopes","image":{"@type":"ImageObject","inLanguage":"pt-BR","@id":"https:\/\/www.em.com.br\/emfoco\/#\/schema\/person\/image\/","url":"https:\/\/secure.gravatar.com\/avatar\/df9adfb835d344bc0af109d41756253f?s=96&d=mm&r=g","contentUrl":"https:\/\/secure.gravatar.com\/avatar\/df9adfb835d344bc0af109d41756253f?s=96&d=mm&r=g","caption":"Guilherme Lopes"},"url":"https:\/\/www.em.com.br\/emfoco\/author\/guilherme_saude\/"}]}},"_links":{"self":[{"href":"https:\/\/www.em.com.br\/emfoco\/wp-json\/wp\/v2\/posts\/173745","targetHints":{"allow":["GET"]}}],"collection":[{"href":"https:\/\/www.em.com.br\/emfoco\/wp-json\/wp\/v2\/posts"}],"about":[{"href":"https:\/\/www.em.com.br\/emfoco\/wp-json\/wp\/v2\/types\/post"}],"author":[{"embeddable":true,"href":"https:\/\/www.em.com.br\/emfoco\/wp-json\/wp\/v2\/users\/25"}],"replies":[{"embeddable":true,"href":"https:\/\/www.em.com.br\/emfoco\/wp-json\/wp\/v2\/comments?post=173745"}],"version-history":[{"count":1,"href":"https:\/\/www.em.com.br\/emfoco\/wp-json\/wp\/v2\/posts\/173745\/revisions"}],"predecessor-version":[{"id":173747,"href":"https:\/\/www.em.com.br\/emfoco\/wp-json\/wp\/v2\/posts\/173745\/revisions\/173747"}],"wp:featuredmedia":[{"embeddable":true,"href":"https:\/\/www.em.com.br\/emfoco\/wp-json\/wp\/v2\/media\/173746"}],"wp:attachment":[{"href":"https:\/\/www.em.com.br\/emfoco\/wp-json\/wp\/v2\/media?parent=173745"}],"wp:term":[{"taxonomy":"category","embeddable":true,"href":"https:\/\/www.em.com.br\/emfoco\/wp-json\/wp\/v2\/categories?post=173745"},{"taxonomy":"post_tag","embeddable":true,"href":"https:\/\/www.em.com.br\/emfoco\/wp-json\/wp\/v2\/tags?post=173745"}],"curies":[{"name":"wp","href":"https:\/\/api.w.org\/{rel}","templated":true}]}}