{"id":173673,"date":"2026-02-27T10:15:00","date_gmt":"2026-02-27T13:15:00","guid":{"rendered":"https:\/\/www.em.com.br\/emfoco\/?p=173673"},"modified":"2026-02-24T23:58:11","modified_gmt":"2026-02-25T02:58:11","slug":"reajuste-automatico-do-bpc-loas-melhora-renda-de-milhoes-em-2026-e-libera-contratacao-de-consignado-com-parcelas-maiores","status":"publish","type":"post","link":"https:\/\/www.em.com.br\/emfoco\/2026\/02\/27\/reajuste-automatico-do-bpc-loas-melhora-renda-de-milhoes-em-2026-e-libera-contratacao-de-consignado-com-parcelas-maiores\/","title":{"rendered":"Reajuste autom\u00e1tico do BPC LOAS melhora renda de milh\u00f5es em 2026 e libera contrata\u00e7\u00e3o de consignado com parcelas maiores"},"content":{"rendered":"\n<p>O <strong>BPC LOAS<\/strong> tamb\u00e9m foi reajustado em 2026 e passou a acompanhar o novo sal\u00e1rio m\u00ednimo. Com isso, idosos e pessoas com defici\u00eancia em situa\u00e7\u00e3o de vulnerabilidade recebem valor maior e ganham aumento na margem para empr\u00e9stimo consignado.<\/p>\n\n\n\n<h2 class=\"wp-block-heading\">Por que o BPC LOAS aumentou em 2026?<\/h2>\n\n\n\n<p>O reajuste ocorreu porque o benef\u00edcio assistencial \u00e9 vinculado ao <strong><a href=\"https:\/\/www.em.com.br\/emfoco\/2026\/02\/23\/trabalhadores-em-festa-salario-minimo-dispara-para-r-2-267-e-alivio-no-bolso-ja-pode-ser-sentido-em-2026\/\" target=\"_blank\" rel=\"noreferrer noopener\">sal\u00e1rio m\u00ednimo<\/a> nacional<\/strong>. Sempre que o piso \u00e9 atualizado, o valor pago aos benefici\u00e1rios tamb\u00e9m sobe automaticamente, garantindo corre\u00e7\u00e3o anual.<\/p>\n\n\n\n<p>Desde 1\u00ba de janeiro de 2026, o pagamento mensal passou a ser de <strong>R$ 1.621,00<\/strong>. O objetivo \u00e9 preservar o poder de compra diante do custo de vida, refor\u00e7ando a renda de quem depende exclusivamente desse repasse.<\/p>\n\n\n\n<p>Confira o v\u00eddeo compartilhado pelo canal do TikTok <strong><a href=\"https:\/\/www.tiktok.com\/@advrafaelamoraes\" target=\"_blank\" rel=\"noreferrer noopener\"><strong>advrafaelamoraes<\/strong><\/a><\/strong> falando sobre todas as mudan\u00e7as do BPC para 2026 que j\u00e1 est\u00e3o em vigor e muitas pessoas ainda n\u00e3o sabem.<\/p>\n\n\n\n<blockquote class=\"tiktok-embed\" cite=\"https:\/\/www.tiktok.com\/@advrafaelamoraes\/video\/7594491808646745352\" data-video-id=\"7594491808646745352\" style=\"max-width: 605px;min-width: 325px;\" > <section> <a target=\"_blank\" title=\"@advrafaelamoraes\" href=\"https:\/\/www.tiktok.com\/@advrafaelamoraes?refer=embed\">@advrafaelamoraes<\/a> <p>Muita gente ouviu falar em \u201cmudan\u00e7as no BPC\u201d e entrou em p\u00e2nico achando que ia perder o benef\u00edcio. Mas a verdade \u00e9 que nem tudo mudou e muita coisa continua igual. \ud83d\udccc O valor continua sendo 1 sal\u00e1rio m\u00ednimo. \ud83d\udccc O crit\u00e9rio de renda ainda \u00e9 1&#47;4 do sal\u00e1rio m\u00ednimo por pessoa. \ud83d\udccc Mas esse crit\u00e9rio n\u00e3o \u00e9 absoluto e pode ser relativizado na Justi\u00e7a, quando existem despesas reais com a defici\u00eancia. O que faz muita gente perder o BPC n\u00e3o \u00e9 a falta de direito, \u00e9 a falta de informa\u00e7\u00e3o e de prova correta. \ud83d\udc49 Entender como o INSS calcula a renda, \ud83d\udc49 saber o que entra e o que n\u00e3o entra no c\u00e1lculo, \ud83d\udc49 e comprovar as despesas certas faz toda a diferen\u00e7a.<\/p> <a target=\"_blank\" title=\"\u266c som original - RAFAELA | ADVOGADA DA SA\u00daDE\" href=\"https:\/\/www.tiktok.com\/music\/som-original-7594491845330160401?refer=embed\">\u266c som original &#8211; RAFAELA | ADVOGADA DA SA\u00daDE<\/a> <\/section> <\/blockquote> <script async src=\"https:\/\/www.tiktok.com\/embed.js\"><\/script>\n\n\n\n<h2 class=\"wp-block-heading\">Quem tem direito ao benef\u00edcio assistencial?<\/h2>\n\n\n\n<p>O Benef\u00edcio de Presta\u00e7\u00e3o Continuada \u00e9 garantido pela <strong>Lei Org\u00e2nica da Assist\u00eancia Social<\/strong> e n\u00e3o exige contribui\u00e7\u00e3o pr\u00e9via ao INSS. Para receber, \u00e9 preciso cumprir crit\u00e9rios espec\u00edficos de idade, defici\u00eancia e renda, conforme detalhado a seguir.<\/p>\n\n\n\n<ul class=\"wp-block-list\">\n<li><strong>Idosos com 65 anos ou mais<\/strong> que comprovem situa\u00e7\u00e3o de vulnerabilidade social e renda familiar por pessoa inferior a \u00bc do sal\u00e1rio m\u00ednimo.<\/li>\n\n\n\n<li><strong>Pessoas com defici\u00eancia de longo prazo<\/strong>, de qualquer idade, com impedimentos f\u00edsicos, mentais, intelectuais ou sensoriais que limitem a participa\u00e7\u00e3o plena na sociedade.<\/li>\n\n\n\n<li><strong>Renda por integrante da fam\u00edlia abaixo de R$ 405,25<\/strong>, valor correspondente a um quarto do sal\u00e1rio m\u00ednimo vigente usado como crit\u00e9rio de elegibilidade.<\/li>\n<\/ul>\n\n\n\n<h2 class=\"wp-block-heading\">BPC \u00e9 aposentadoria do INSS?<\/h2>\n\n\n\n<p>Apesar de ser pago pelo <strong>INSS<\/strong>, o BPC n\u00e3o \u00e9 aposentadoria. Ele n\u00e3o garante 13\u00ba sal\u00e1rio, n\u00e3o gera pens\u00e3o por morte e n\u00e3o pode ser acumulado com outros benef\u00edcios previdenci\u00e1rios.<\/p>\n\n\n\n<p>Diferentemente da <strong>aposentadoria contributiva<\/strong>, o benef\u00edcio assistencial n\u00e3o exige hist\u00f3rico de contribui\u00e7\u00f5es. Sua finalidade \u00e9 assegurar renda m\u00ednima a quem n\u00e3o possui meios pr\u00f3prios de subsist\u00eancia.<\/p>\n\n\n\n<figure class=\"wp-block-image size-large\"><img loading=\"lazy\" decoding=\"async\" width=\"1024\" height=\"576\" src=\"https:\/\/www.em.com.br\/emfoco\/wp-content\/uploads\/2026\/02\/4-5-1024x576.jpg\" alt=\"Reajuste autom\u00e1tico do BPC LOAS melhora renda de milh\u00f5es em 2026 e libera contrata\u00e7\u00e3o de consignado com parcelas maiores\" class=\"wp-image-173687\" srcset=\"https:\/\/www.em.com.br\/emfoco\/wp-content\/uploads\/2026\/02\/4-5-1024x576.jpg 1024w, https:\/\/www.em.com.br\/emfoco\/wp-content\/uploads\/2026\/02\/4-5-300x169.jpg 300w, https:\/\/www.em.com.br\/emfoco\/wp-content\/uploads\/2026\/02\/4-5-768x432.jpg 768w, https:\/\/www.em.com.br\/emfoco\/wp-content\/uploads\/2026\/02\/4-5-750x422.jpg 750w, https:\/\/www.em.com.br\/emfoco\/wp-content\/uploads\/2026\/02\/4-5-1140x641.jpg 1140w, https:\/\/www.em.com.br\/emfoco\/wp-content\/uploads\/2026\/02\/4-5.jpg 1280w\" sizes=\"auto, (max-width: 1024px) 100vw, 1024px\" \/><figcaption class=\"wp-element-caption\">Pagamento mensal de mil seiscentos e vinte e um reais j\u00e1 vigora<\/figcaption><\/figure>\n\n\n\n<h2 class=\"wp-block-heading\">Qual \u00e9 o novo valor do BPC em 2026?<\/h2>\n\n\n\n<p>Com o reajuste vinculado ao piso nacional, o benef\u00edcio passou a pagar <strong>R$ 1.621,00 por m\u00eas<\/strong>. Outros aux\u00edlios atrelados ao m\u00ednimo, como a Renda Mensal Vital\u00edcia, tamb\u00e9m foram atualizados. Veja os principais impactos financeiros abaixo.<\/p>\n\n\n\n<ul class=\"wp-block-list\">\n<li><strong>Margem consign\u00e1vel de 35%<\/strong>, sendo 30% para empr\u00e9stimo consignado e 5% para cart\u00e3o consignado, permitindo acesso a valores maiores.<\/li>\n\n\n\n<li><strong>Desconto direto no benef\u00edcio<\/strong>, com parcelas fixas debitadas automaticamente, o que reduz risco de inadimpl\u00eancia.<\/li>\n\n\n\n<li><strong>Prazo de at\u00e9 24 meses<\/strong> para pagamento, desde que exista margem dispon\u00edvel e o benef\u00edcio esteja desbloqueado.<\/li>\n<\/ul>\n\n\n\n<h2 class=\"wp-block-heading\">Como o reajuste impacta o empr\u00e9stimo BPC?<\/h2>\n\n\n\n<p>Com o aumento do valor mensal, a <strong>margem para cr\u00e9dito consignado<\/strong> tamb\u00e9m cresceu. Isso significa que o benefici\u00e1rio pode contratar valores maiores, mantendo parcelas proporcionais \u00e0 nova renda.<\/p>\n\n\n\n<p>O desconto ocorre diretamente na folha de pagamento do benef\u00edcio, o que torna o <strong>empr\u00e9stimo BPC<\/strong> uma alternativa de cr\u00e9dito com taxas mais baixas em compara\u00e7\u00e3o a outras modalidades dispon\u00edveis no mercado.<\/p>\n","protected":false},"excerpt":{"rendered":"<p>O BPC LOAS tamb\u00e9m foi reajustado em 2026 e passou a acompanhar o novo sal\u00e1rio m\u00ednimo. Com isso, idosos e pessoas com defici\u00eancia em situa\u00e7\u00e3o de vulnerabilidade recebem valor maior e ganham aumento na margem para empr\u00e9stimo consignado. Por que o BPC LOAS aumentou em 2026? O reajuste ocorreu porque o benef\u00edcio assistencial \u00e9 vinculado [&hellip;]<\/p>\n","protected":false},"author":13,"featured_media":173688,"comment_status":"open","ping_status":"open","sticky":false,"template":"","format":"standard","meta":{"jnews-multi-image_gallery":[],"jnews_single_post":{"format":"standard"},"jnews_primary_category":[],"jnews_social_meta":[],"jnews_override_counter":[],"footnotes":""},"categories":[28],"tags":[11504,717],"class_list":["post-173673","post","type-post","status-publish","format-standard","has-post-thumbnail","hentry","category-economia","tag-bpc-loas-2","tag-salario-minimo"],"yoast_head":"<!-- This site is optimized with the Yoast SEO plugin v23.8 - https:\/\/yoast.com\/wordpress\/plugins\/seo\/ -->\n<title>Reajuste autom\u00e1tico do BPC LOAS melhora renda de milh\u00f5es em 2026 e libera contrata\u00e7\u00e3o de consignado com parcelas maiores - Estado de Minas - Em foco<\/title>\n<meta name=\"description\" content=\"Benefici\u00e1rios do BPC LOAS recebem valor maior em 2026 e ganham acesso ampliado ao cr\u00e9dito consignado com novas regras.\" \/>\n<meta name=\"robots\" content=\"index, follow, max-snippet:-1, max-image-preview:large, max-video-preview:-1\" \/>\n<link rel=\"canonical\" href=\"https:\/\/www.em.com.br\/emfoco\/2026\/02\/27\/reajuste-automatico-do-bpc-loas-melhora-renda-de-milhoes-em-2026-e-libera-contratacao-de-consignado-com-parcelas-maiores\/\" \/>\n<meta property=\"og:locale\" content=\"pt_BR\" \/>\n<meta property=\"og:type\" content=\"article\" \/>\n<meta property=\"og:title\" content=\"Reajuste autom\u00e1tico do BPC LOAS melhora renda de milh\u00f5es em 2026 e libera contrata\u00e7\u00e3o de consignado com parcelas maiores - Estado de Minas - Em foco\" \/>\n<meta property=\"og:description\" content=\"Benefici\u00e1rios do BPC LOAS recebem valor maior em 2026 e ganham acesso ampliado ao cr\u00e9dito consignado com novas regras.\" \/>\n<meta property=\"og:url\" content=\"https:\/\/www.em.com.br\/emfoco\/2026\/02\/27\/reajuste-automatico-do-bpc-loas-melhora-renda-de-milhoes-em-2026-e-libera-contratacao-de-consignado-com-parcelas-maiores\/\" \/>\n<meta property=\"og:site_name\" content=\"Estado de Minas - Em foco\" \/>\n<meta property=\"article:published_time\" content=\"2026-02-27T13:15:00+00:00\" \/>\n<meta property=\"article:modified_time\" content=\"2026-02-25T02:58:11+00:00\" \/>\n<meta property=\"og:image\" content=\"https:\/\/www.em.com.br\/emfoco\/wp-content\/uploads\/2026\/02\/5-4.jpg\" \/>\n\t<meta property=\"og:image:width\" content=\"1280\" \/>\n\t<meta property=\"og:image:height\" content=\"720\" \/>\n\t<meta property=\"og:image:type\" content=\"image\/jpeg\" \/>\n<meta name=\"author\" content=\"Gabriel Martins\" \/>\n<meta name=\"twitter:card\" content=\"summary_large_image\" \/>\n<meta name=\"twitter:label1\" content=\"Escrito por\" \/>\n\t<meta name=\"twitter:data1\" content=\"Gabriel Martins\" \/>\n\t<meta name=\"twitter:label2\" content=\"Est. tempo de leitura\" \/>\n\t<meta name=\"twitter:data2\" content=\"4 minutos\" \/>\n<!-- \/ Yoast SEO plugin. -->","yoast_head_json":{"title":"Reajuste autom\u00e1tico do BPC LOAS melhora renda de milh\u00f5es em 2026 e libera contrata\u00e7\u00e3o de consignado com parcelas maiores - Estado de Minas - Em foco","description":"Benefici\u00e1rios do BPC LOAS recebem valor maior em 2026 e ganham acesso ampliado ao cr\u00e9dito consignado com novas regras.","robots":{"index":"index","follow":"follow","max-snippet":"max-snippet:-1","max-image-preview":"max-image-preview:large","max-video-preview":"max-video-preview:-1"},"canonical":"https:\/\/www.em.com.br\/emfoco\/2026\/02\/27\/reajuste-automatico-do-bpc-loas-melhora-renda-de-milhoes-em-2026-e-libera-contratacao-de-consignado-com-parcelas-maiores\/","og_locale":"pt_BR","og_type":"article","og_title":"Reajuste autom\u00e1tico do BPC LOAS melhora renda de milh\u00f5es em 2026 e libera contrata\u00e7\u00e3o de consignado com parcelas maiores - Estado de Minas - Em foco","og_description":"Benefici\u00e1rios do BPC LOAS recebem valor maior em 2026 e ganham acesso ampliado ao cr\u00e9dito consignado com novas regras.","og_url":"https:\/\/www.em.com.br\/emfoco\/2026\/02\/27\/reajuste-automatico-do-bpc-loas-melhora-renda-de-milhoes-em-2026-e-libera-contratacao-de-consignado-com-parcelas-maiores\/","og_site_name":"Estado de Minas - Em foco","article_published_time":"2026-02-27T13:15:00+00:00","article_modified_time":"2026-02-25T02:58:11+00:00","og_image":[{"width":1280,"height":720,"url":"https:\/\/www.em.com.br\/emfoco\/wp-content\/uploads\/2026\/02\/5-4.jpg","type":"image\/jpeg"}],"author":"Gabriel Martins","twitter_card":"summary_large_image","twitter_misc":{"Escrito por":"Gabriel Martins","Est. tempo de leitura":"4 minutos"},"schema":{"@context":"https:\/\/schema.org","@graph":[{"@type":"WebPage","@id":"https:\/\/www.em.com.br\/emfoco\/2026\/02\/27\/reajuste-automatico-do-bpc-loas-melhora-renda-de-milhoes-em-2026-e-libera-contratacao-de-consignado-com-parcelas-maiores\/","url":"https:\/\/www.em.com.br\/emfoco\/2026\/02\/27\/reajuste-automatico-do-bpc-loas-melhora-renda-de-milhoes-em-2026-e-libera-contratacao-de-consignado-com-parcelas-maiores\/","name":"Reajuste autom\u00e1tico do BPC LOAS melhora renda de milh\u00f5es em 2026 e libera contrata\u00e7\u00e3o de consignado com parcelas maiores - Estado de Minas - Em foco","isPartOf":{"@id":"https:\/\/www.em.com.br\/emfoco\/#website"},"primaryImageOfPage":{"@id":"https:\/\/www.em.com.br\/emfoco\/2026\/02\/27\/reajuste-automatico-do-bpc-loas-melhora-renda-de-milhoes-em-2026-e-libera-contratacao-de-consignado-com-parcelas-maiores\/#primaryimage"},"image":{"@id":"https:\/\/www.em.com.br\/emfoco\/2026\/02\/27\/reajuste-automatico-do-bpc-loas-melhora-renda-de-milhoes-em-2026-e-libera-contratacao-de-consignado-com-parcelas-maiores\/#primaryimage"},"thumbnailUrl":"https:\/\/www.em.com.br\/emfoco\/wp-content\/uploads\/2026\/02\/5-4.jpg","datePublished":"2026-02-27T13:15:00+00:00","dateModified":"2026-02-25T02:58:11+00:00","author":{"@id":"https:\/\/www.em.com.br\/emfoco\/#\/schema\/person\/1c9ddeab18b98abeffef834667bcf08a"},"description":"Benefici\u00e1rios do BPC LOAS recebem valor maior em 2026 e ganham acesso ampliado ao cr\u00e9dito consignado com novas regras.","breadcrumb":{"@id":"https:\/\/www.em.com.br\/emfoco\/2026\/02\/27\/reajuste-automatico-do-bpc-loas-melhora-renda-de-milhoes-em-2026-e-libera-contratacao-de-consignado-com-parcelas-maiores\/#breadcrumb"},"inLanguage":"pt-BR","potentialAction":[{"@type":"ReadAction","target":["https:\/\/www.em.com.br\/emfoco\/2026\/02\/27\/reajuste-automatico-do-bpc-loas-melhora-renda-de-milhoes-em-2026-e-libera-contratacao-de-consignado-com-parcelas-maiores\/"]}]},{"@type":"ImageObject","inLanguage":"pt-BR","@id":"https:\/\/www.em.com.br\/emfoco\/2026\/02\/27\/reajuste-automatico-do-bpc-loas-melhora-renda-de-milhoes-em-2026-e-libera-contratacao-de-consignado-com-parcelas-maiores\/#primaryimage","url":"https:\/\/www.em.com.br\/emfoco\/wp-content\/uploads\/2026\/02\/5-4.jpg","contentUrl":"https:\/\/www.em.com.br\/emfoco\/wp-content\/uploads\/2026\/02\/5-4.jpg","width":1280,"height":720,"caption":"Novo valor do BPC acompanha reajuste do sal\u00e1rio m\u00ednimo em 2026"},{"@type":"BreadcrumbList","@id":"https:\/\/www.em.com.br\/emfoco\/2026\/02\/27\/reajuste-automatico-do-bpc-loas-melhora-renda-de-milhoes-em-2026-e-libera-contratacao-de-consignado-com-parcelas-maiores\/#breadcrumb","itemListElement":[{"@type":"ListItem","position":1,"name":"In\u00edcio","item":"https:\/\/www.em.com.br\/emfoco\/"},{"@type":"ListItem","position":2,"name":"Reajuste autom\u00e1tico do BPC LOAS melhora renda de milh\u00f5es em 2026 e libera contrata\u00e7\u00e3o de consignado com parcelas maiores"}]},{"@type":"WebSite","@id":"https:\/\/www.em.com.br\/emfoco\/#website","url":"https:\/\/www.em.com.br\/emfoco\/","name":"Estado de Minas - Em foco","description":"Acompanhe as \u00faltimas not\u00edcias e fique bem informado sobre tudo o que acontece em Minas Gerais, Brasil e no mundo.","potentialAction":[{"@type":"SearchAction","target":{"@type":"EntryPoint","urlTemplate":"https:\/\/www.em.com.br\/emfoco\/?s={search_term_string}"},"query-input":{"@type":"PropertyValueSpecification","valueRequired":true,"valueName":"search_term_string"}}],"inLanguage":"pt-BR"},{"@type":"Person","@id":"https:\/\/www.em.com.br\/emfoco\/#\/schema\/person\/1c9ddeab18b98abeffef834667bcf08a","name":"Gabriel Martins","image":{"@type":"ImageObject","inLanguage":"pt-BR","@id":"https:\/\/www.em.com.br\/emfoco\/#\/schema\/person\/image\/","url":"https:\/\/secure.gravatar.com\/avatar\/f0f1e2efdfd88f1ad2cb08c5c2731e50?s=96&d=mm&r=g","contentUrl":"https:\/\/secure.gravatar.com\/avatar\/f0f1e2efdfd88f1ad2cb08c5c2731e50?s=96&d=mm&r=g","caption":"Gabriel Martins"},"sameAs":["https:\/\/www.em.com.br\/emfoco\/"],"url":"https:\/\/www.em.com.br\/emfoco\/author\/gabrielmartinsmyth\/"}]}},"_links":{"self":[{"href":"https:\/\/www.em.com.br\/emfoco\/wp-json\/wp\/v2\/posts\/173673","targetHints":{"allow":["GET"]}}],"collection":[{"href":"https:\/\/www.em.com.br\/emfoco\/wp-json\/wp\/v2\/posts"}],"about":[{"href":"https:\/\/www.em.com.br\/emfoco\/wp-json\/wp\/v2\/types\/post"}],"author":[{"embeddable":true,"href":"https:\/\/www.em.com.br\/emfoco\/wp-json\/wp\/v2\/users\/13"}],"replies":[{"embeddable":true,"href":"https:\/\/www.em.com.br\/emfoco\/wp-json\/wp\/v2\/comments?post=173673"}],"version-history":[{"count":1,"href":"https:\/\/www.em.com.br\/emfoco\/wp-json\/wp\/v2\/posts\/173673\/revisions"}],"predecessor-version":[{"id":173692,"href":"https:\/\/www.em.com.br\/emfoco\/wp-json\/wp\/v2\/posts\/173673\/revisions\/173692"}],"wp:featuredmedia":[{"embeddable":true,"href":"https:\/\/www.em.com.br\/emfoco\/wp-json\/wp\/v2\/media\/173688"}],"wp:attachment":[{"href":"https:\/\/www.em.com.br\/emfoco\/wp-json\/wp\/v2\/media?parent=173673"}],"wp:term":[{"taxonomy":"category","embeddable":true,"href":"https:\/\/www.em.com.br\/emfoco\/wp-json\/wp\/v2\/categories?post=173673"},{"taxonomy":"post_tag","embeddable":true,"href":"https:\/\/www.em.com.br\/emfoco\/wp-json\/wp\/v2\/tags?post=173673"}],"curies":[{"name":"wp","href":"https:\/\/api.w.org\/{rel}","templated":true}]}}