{"id":173550,"date":"2026-02-25T22:05:00","date_gmt":"2026-02-26T01:05:00","guid":{"rendered":"https:\/\/www.em.com.br\/emfoco\/?p=173550"},"modified":"2026-02-24T18:57:53","modified_gmt":"2026-02-24T21:57:53","slug":"o-cor-de-cabelo-que-une-naturalidade-brilho-intenso-e-menos-agressao-aos-fios-no-verao","status":"publish","type":"post","link":"https:\/\/www.em.com.br\/emfoco\/2026\/02\/25\/o-cor-de-cabelo-que-une-naturalidade-brilho-intenso-e-menos-agressao-aos-fios-no-verao\/","title":{"rendered":"O cor de cabelo que une naturalidade, brilho intenso e menos agress\u00e3o aos fios no ver\u00e3o"},"content":{"rendered":"\n<h2 class=\"wp-block-heading\">O loiro mel quente \u00e9 aposta do ver\u00e3o 2026 com fundo dourado que valoriza o bronzeado Ele pede menos manuten\u00e7\u00e3o que o platinado e agride menos os fios garantindo naturalidade e brilho intenso nos dias de sol<\/h2>\n\n\n\n<p>Voc\u00ea j\u00e1 reparou como, no ver\u00e3o, o cabelo parece ganhar vida quando pega um pouco de sol? \u00c9 justamente essa sensa\u00e7\u00e3o de <strong>luminosidade natural<\/strong> que o <strong>mel quente<\/strong> promete para o ver\u00e3o de 2026, surgindo como uma alternativa mais suave e aconchegante ao <b>loiro frio<\/b> que dominou as \u00faltimas temporadas.<\/p>\n\n\n\n<h2 class=\"wp-block-heading\">O que \u00e9 o tom mel quente e por que ele est\u00e1 em alta no ver\u00e3o 2026<\/h2>\n\n\n\n<p>O <strong>tom mel quente<\/strong> \u00e9 um <b>loiro de m\u00e9dio a claro<\/b> com fundo dourado, que pode ganhar toques <strong>caramelo e ambarados<\/strong>. Em vez de esconder totalmente os pigmentos quentes, ele os valoriza, criando um visual iluminado, mas ainda natural e f\u00e1cil de usar no dia a dia.<\/p>\n\n\n\n<p>Essa cor combina bem com diferentes <strong>tons de pele<\/strong>, de claras a negras, justamente por n\u00e3o criar um contraste exagerado. Al\u00e9m disso, muitos profissionais destacam que o <b>mel quente<\/b> \u00e9 mais vers\u00e1til, pede menos retoques que o platinado e conversa melhor com o <strong>bronzeado<\/strong> e a luz intensa do ver\u00e3o.<\/p>\n\n\n\n<figure class=\"wp-block-embed is-type-rich is-provider-pinterest wp-block-embed-pinterest\"><div class=\"wp-block-embed__wrapper\">\n<iframe loading=\"lazy\" title=\" \" src=\"https:\/\/assets.pinterest.com\/ext\/embed.html?id=633387443683866&#038;src=oembed\" height=\"892\" width=\"450\" frameborder=\"0\" scrolling=\"no\" ><\/iframe>\n<\/div><\/figure>\n\n\n\n<p>Leia tamb\u00e9m:&nbsp;<a href=\"https:\/\/www.em.com.br\/emfoco\/2026\/01\/21\/adeus-cachos-sem-graca-os-cortes-que-deixam-o-cabelo-cacheado-moderno-e-cheio-de-movimento\/\" target=\"_blank\" rel=\"noopener\">Adeus cachos sem gra\u00e7a: os cortes que deixam o cabelo cacheado moderno e cheio de movimento<\/a><\/p>\n\n\n\n<h2 class=\"wp-block-heading\">Como o loiro mel quente se diferencia do loiro frio na pr\u00e1tica<\/h2>\n\n\n\n<p>Enquanto os <strong>loiros frios<\/strong> e acinzentados costumam deixar o visual mais marcado e exigem neutraliza\u00e7\u00e3o constante de tons amarelados, o <b>loiro mel quente<\/b> abra\u00e7a esse calor da cor. O resultado \u00e9 um <strong>brilho difuso<\/strong>, com mais profundidade e sem aquela raiz extremamente contrastante.<\/p>\n\n\n\n<p>Essa tend\u00eancia aparece tanto em <strong>colora\u00e7\u00f5es globais<\/strong> quanto em t\u00e9cnicas como mechas finas, balayage e money piece. Assim, \u00e9 poss\u00edvel escolher desde mudan\u00e7as discretas, apenas iluminando alguns pontos, at\u00e9 transforma\u00e7\u00f5es mais evidentes, mas ainda com apar\u00eancia <b>natural e suave<\/b>, que valorizam textura, movimento e cortes em camadas.<\/p>\n\n\n\n<figure class=\"wp-block-embed is-type-rich is-provider-pinterest wp-block-embed-pinterest\"><div class=\"wp-block-embed__wrapper\">\n<iframe loading=\"lazy\" title=\"Cabelo mel\" src=\"https:\/\/assets.pinterest.com\/ext\/embed.html?id=281543726675383&#038;src=oembed\" height=\"899\" width=\"450\" frameborder=\"0\" scrolling=\"no\" ><\/iframe>\n<\/div><\/figure>\n\n\n\n<h2 class=\"wp-block-heading\">Como adotar o loiro mel quente no ver\u00e3o 2026 de forma segura<\/h2>\n\n\n\n<p>Antes de aderir ao <strong>loiro mel quente<\/strong>, vale conversar com um profissional para avaliar a cor natural, o hist\u00f3rico de qu\u00edmicas e at\u00e9 a rotina de cuidados. Isso ajuda a decidir se ser\u00e1 necess\u00e1rio <b>descolorir todo o cabelo<\/b> ou apenas iluminar pontos estrat\u00e9gicos, evitando <strong>danos desnecess\u00e1rios<\/strong>.<\/p>\n\n\n\n<p>Em fios virgens, muitas vezes \u00e9 poss\u00edvel chegar ao tom apenas com <strong>tintura clareadora<\/strong>; j\u00e1 cabelos descoloridos podem precisar apenas de uma boa matiza\u00e7\u00e3o. O processo costuma envolver diagn\u00f3stico dos fios, clareamento quando preciso, tonaliza\u00e7\u00e3o em base dourada ou caramelo e um <b>tratamento nutritivo<\/b> ou reconstrutor logo ap\u00f3s a qu\u00edmica.<\/p>\n\n\n\n<figure class=\"wp-block-embed is-type-rich is-provider-pinterest wp-block-embed-pinterest\"><div class=\"wp-block-embed__wrapper\">\n<iframe loading=\"lazy\" title=\" \" src=\"https:\/\/assets.pinterest.com\/ext\/embed.html?id=422281212306758&#038;src=oembed\" height=\"960\" width=\"450\" frameborder=\"0\" scrolling=\"no\" ><\/iframe>\n<\/div><\/figure>\n\n\n\n<h2 class=\"wp-block-heading\">Como escolher entre mel quente e loiro frio para cada tipo de perfil<\/h2>\n\n\n\n<p>A escolha entre <strong>mel quente<\/strong> e loiro frio passa por fatores como tom de pele, contraste com sobrancelhas e quanto tempo voc\u00ea realmente quer dedicar \u00e0 <b>manuten\u00e7\u00e3o<\/b>. Em peles douradas ou oliva, reflexos quentes costumam se integrar com facilidade, acompanhando bem mudan\u00e7as de <strong>bronzeado<\/strong> ao longo do ver\u00e3o.<\/p>\n\n\n\n<p>J\u00e1 os <strong>loiros frios<\/strong>, principalmente muito claros, podem evidenciar mais o contraste e exigir retoques frequentes para evitar amarelado. Fios j\u00e1 sensibilizados por descolora\u00e7\u00f5es sucessivas tamb\u00e9m tendem a se beneficiar de um tom intermedi\u00e1rio como o <b>mel<\/b>, que dispensa clareamentos extremos e costuma ser mais gentil com a <strong>fibra capilar<\/strong>.<\/p>\n\n\n\n<p>Para voc\u00ea que quer mais dicas, separamos um v\u00eddeo do canal do <a class=\"yt-simple-endpoint style-scope yt-formatted-string\" spellcheck=\"false\" href=\"https:\/\/www.youtube.com\/@PeterMenezes\" target=\"_blank\" rel=\"noopener\">Peter Menezes<\/a> com dicas para cuidar e os segredos desse tom:<\/p>\n\n\n\n<figure class=\"wp-block-embed is-type-video is-provider-youtube wp-block-embed-youtube wp-embed-aspect-16-9 wp-has-aspect-ratio\"><div class=\"wp-block-embed__wrapper\">\n<div class=\"jeg_video_container jeg_video_content\"><iframe loading=\"lazy\" title=\"O segredo dos cabelos tom de mel!\" width=\"500\" height=\"281\" src=\"https:\/\/www.youtube.com\/embed\/5TXMlI9JEXc?feature=oembed\" frameborder=\"0\" allow=\"accelerometer; autoplay; clipboard-write; encrypted-media; gyroscope; picture-in-picture; web-share\" referrerpolicy=\"strict-origin-when-cross-origin\" allowfullscreen><\/iframe><\/div>\n<\/div><\/figure>\n\n\n\n<h2 class=\"wp-block-heading\">Quais cuidados o cabelo mel quente exige no dia a dia<\/h2>\n\n\n\n<p>Depois de conquistar o <strong>cabelo mel quente<\/strong>, a manuten\u00e7\u00e3o \u00e9 o segredo para manter o brilho e a maciez. Mesmo sendo um loiro mais \u201camigo\u201d do sol do que os platinados, ele ainda pode ressecar, desbotar e ficar opaco se n\u00e3o receber <b>aten\u00e7\u00e3o b\u00e1sica<\/b> de cuidados, especialmente durante exposi\u00e7\u00f5es prolongadas ao <strong>calor<\/strong> e \u00e0 \u00e1gua do mar ou piscina.<\/p>\n\n\n\n<p>Para facilitar a rotina, alguns h\u00e1bitos simples ajudam muito a preservar a cor e a sa\u00fade dos fios ao longo do ver\u00e3o:<\/p>\n\n\n\n<ul class=\"wp-block-list\">\n<li><strong>Shampoos suaves:<\/strong> evitam o <b>desbotamento precoce<\/b> dos reflexos mel.<\/li>\n\n\n\n<li><strong>M\u00e1scaras semanais:<\/strong> alternar <b>hidrata\u00e7\u00e3o<\/b> e nutri\u00e7\u00e3o mant\u00e9m o cabelo flex\u00edvel.<\/li>\n\n\n\n<li><strong>Filtro UV capilar:<\/strong> protege do <b>sol forte<\/b>, comum na esta\u00e7\u00e3o.<\/li>\n\n\n\n<li><strong>Protetor t\u00e9rmico:<\/strong> reduz danos de <b>secador<\/b>, chapinha e babyliss.<\/li>\n\n\n\n<li><strong>Retoques planejados:<\/strong> ajustes de raiz e <b>matiza\u00e7\u00e3o<\/b> quando necess\u00e1rio.<\/li>\n<\/ul>\n\n\n\n<p>Com planejamento e <strong>acompanhamento profissional<\/strong>, o <b>mel quente<\/b> tem tudo para se firmar como o loiro queridinho do ver\u00e3o 2026, unindo luminosidade, naturalidade e uma rotina de cuidados compat\u00edvel com diferentes <strong>estilos de vida<\/strong>.<\/p>\n","protected":false},"excerpt":{"rendered":"<p>O loiro mel quente \u00e9 aposta do ver\u00e3o 2026 com fundo dourado que valoriza o bronzeado Ele pede menos manuten\u00e7\u00e3o que o platinado e agride menos os fios garantindo naturalidade e brilho intenso nos dias de sol Voc\u00ea j\u00e1 reparou como, no ver\u00e3o, o cabelo parece ganhar vida quando pega um pouco de sol? \u00c9 [&hellip;]<\/p>\n","protected":false},"author":9,"featured_media":173561,"comment_status":"open","ping_status":"open","sticky":false,"template":"","format":"standard","meta":{"jnews-multi-image_gallery":[],"jnews_single_post":{"format":"standard"},"jnews_primary_category":[],"jnews_social_meta":[],"jnews_override_counter":[],"footnotes":""},"categories":[8691,8819,1],"tags":[4905,12430,22433],"class_list":["post-173550","post","type-post","status-publish","format-standard","has-post-thumbnail","hentry","category-bem-estar","category-curiosidades","category-noticias","tag-cabelo","tag-loiro","tag-mel-quente"],"yoast_head":"<!-- This site is optimized with the Yoast SEO plugin v23.8 - https:\/\/yoast.com\/wordpress\/plugins\/seo\/ -->\n<title>O cor de cabelo que une naturalidade, brilho intenso e menos agress\u00e3o aos fios no ver\u00e3o - Estado de Minas - Em foco<\/title>\n<meta name=\"description\" content=\"Loiro mel quente ilumina o cabelo, valoriza o bronzeado e mant\u00e9m fios saud\u00e1veis com rotina simples de cuidados di\u00e1rios.\" \/>\n<meta name=\"robots\" content=\"index, follow, max-snippet:-1, max-image-preview:large, max-video-preview:-1\" \/>\n<link rel=\"canonical\" href=\"https:\/\/www.em.com.br\/emfoco\/2026\/02\/25\/o-cor-de-cabelo-que-une-naturalidade-brilho-intenso-e-menos-agressao-aos-fios-no-verao\/\" \/>\n<meta property=\"og:locale\" content=\"pt_BR\" \/>\n<meta property=\"og:type\" content=\"article\" \/>\n<meta property=\"og:title\" content=\"O cor de cabelo que une naturalidade, brilho intenso e menos agress\u00e3o aos fios no ver\u00e3o - Estado de Minas - Em foco\" \/>\n<meta property=\"og:description\" content=\"Loiro mel quente ilumina o cabelo, valoriza o bronzeado e mant\u00e9m fios saud\u00e1veis com rotina simples de cuidados di\u00e1rios.\" \/>\n<meta property=\"og:url\" content=\"https:\/\/www.em.com.br\/emfoco\/2026\/02\/25\/o-cor-de-cabelo-que-une-naturalidade-brilho-intenso-e-menos-agressao-aos-fios-no-verao\/\" \/>\n<meta property=\"og:site_name\" content=\"Estado de Minas - Em foco\" \/>\n<meta property=\"article:published_time\" content=\"2026-02-26T01:05:00+00:00\" \/>\n<meta property=\"article:modified_time\" content=\"2026-02-24T21:57:53+00:00\" \/>\n<meta property=\"og:image\" content=\"https:\/\/www.em.com.br\/emfoco\/wp-content\/uploads\/2026\/02\/Gemini_Generated_Image_ei9vn9ei9vn9ei9v-1.png\" \/>\n\t<meta property=\"og:image:width\" content=\"1280\" \/>\n\t<meta property=\"og:image:height\" content=\"720\" \/>\n\t<meta property=\"og:image:type\" content=\"image\/png\" \/>\n<meta name=\"author\" content=\"Daniely Cardoso\" \/>\n<meta name=\"twitter:card\" content=\"summary_large_image\" \/>\n<meta name=\"twitter:label1\" content=\"Escrito por\" \/>\n\t<meta name=\"twitter:data1\" content=\"Daniely Cardoso\" \/>\n\t<meta name=\"twitter:label2\" content=\"Est. tempo de leitura\" \/>\n\t<meta name=\"twitter:data2\" content=\"5 minutos\" \/>\n<!-- \/ Yoast SEO plugin. -->","yoast_head_json":{"title":"O cor de cabelo que une naturalidade, brilho intenso e menos agress\u00e3o aos fios no ver\u00e3o - Estado de Minas - Em foco","description":"Loiro mel quente ilumina o cabelo, valoriza o bronzeado e mant\u00e9m fios saud\u00e1veis com rotina simples de cuidados di\u00e1rios.","robots":{"index":"index","follow":"follow","max-snippet":"max-snippet:-1","max-image-preview":"max-image-preview:large","max-video-preview":"max-video-preview:-1"},"canonical":"https:\/\/www.em.com.br\/emfoco\/2026\/02\/25\/o-cor-de-cabelo-que-une-naturalidade-brilho-intenso-e-menos-agressao-aos-fios-no-verao\/","og_locale":"pt_BR","og_type":"article","og_title":"O cor de cabelo que une naturalidade, brilho intenso e menos agress\u00e3o aos fios no ver\u00e3o - Estado de Minas - Em foco","og_description":"Loiro mel quente ilumina o cabelo, valoriza o bronzeado e mant\u00e9m fios saud\u00e1veis com rotina simples de cuidados di\u00e1rios.","og_url":"https:\/\/www.em.com.br\/emfoco\/2026\/02\/25\/o-cor-de-cabelo-que-une-naturalidade-brilho-intenso-e-menos-agressao-aos-fios-no-verao\/","og_site_name":"Estado de Minas - Em foco","article_published_time":"2026-02-26T01:05:00+00:00","article_modified_time":"2026-02-24T21:57:53+00:00","og_image":[{"width":1280,"height":720,"url":"https:\/\/www.em.com.br\/emfoco\/wp-content\/uploads\/2026\/02\/Gemini_Generated_Image_ei9vn9ei9vn9ei9v-1.png","type":"image\/png"}],"author":"Daniely Cardoso","twitter_card":"summary_large_image","twitter_misc":{"Escrito por":"Daniely Cardoso","Est. tempo de leitura":"5 minutos"},"schema":{"@context":"https:\/\/schema.org","@graph":[{"@type":"WebPage","@id":"https:\/\/www.em.com.br\/emfoco\/2026\/02\/25\/o-cor-de-cabelo-que-une-naturalidade-brilho-intenso-e-menos-agressao-aos-fios-no-verao\/","url":"https:\/\/www.em.com.br\/emfoco\/2026\/02\/25\/o-cor-de-cabelo-que-une-naturalidade-brilho-intenso-e-menos-agressao-aos-fios-no-verao\/","name":"O cor de cabelo que une naturalidade, brilho intenso e menos agress\u00e3o aos fios no ver\u00e3o - Estado de Minas - Em foco","isPartOf":{"@id":"https:\/\/www.em.com.br\/emfoco\/#website"},"primaryImageOfPage":{"@id":"https:\/\/www.em.com.br\/emfoco\/2026\/02\/25\/o-cor-de-cabelo-que-une-naturalidade-brilho-intenso-e-menos-agressao-aos-fios-no-verao\/#primaryimage"},"image":{"@id":"https:\/\/www.em.com.br\/emfoco\/2026\/02\/25\/o-cor-de-cabelo-que-une-naturalidade-brilho-intenso-e-menos-agressao-aos-fios-no-verao\/#primaryimage"},"thumbnailUrl":"https:\/\/www.em.com.br\/emfoco\/wp-content\/uploads\/2026\/02\/Gemini_Generated_Image_ei9vn9ei9vn9ei9v-1.png","datePublished":"2026-02-26T01:05:00+00:00","dateModified":"2026-02-24T21:57:53+00:00","author":{"@id":"https:\/\/www.em.com.br\/emfoco\/#\/schema\/person\/0a8186d72f2c3a5c6276d90b41f271a0"},"description":"Loiro mel quente ilumina o cabelo, valoriza o bronzeado e mant\u00e9m fios saud\u00e1veis com rotina simples de cuidados di\u00e1rios.","breadcrumb":{"@id":"https:\/\/www.em.com.br\/emfoco\/2026\/02\/25\/o-cor-de-cabelo-que-une-naturalidade-brilho-intenso-e-menos-agressao-aos-fios-no-verao\/#breadcrumb"},"inLanguage":"pt-BR","potentialAction":[{"@type":"ReadAction","target":["https:\/\/www.em.com.br\/emfoco\/2026\/02\/25\/o-cor-de-cabelo-que-une-naturalidade-brilho-intenso-e-menos-agressao-aos-fios-no-verao\/"]}]},{"@type":"ImageObject","inLanguage":"pt-BR","@id":"https:\/\/www.em.com.br\/emfoco\/2026\/02\/25\/o-cor-de-cabelo-que-une-naturalidade-brilho-intenso-e-menos-agressao-aos-fios-no-verao\/#primaryimage","url":"https:\/\/www.em.com.br\/emfoco\/wp-content\/uploads\/2026\/02\/Gemini_Generated_Image_ei9vn9ei9vn9ei9v-1.png","contentUrl":"https:\/\/www.em.com.br\/emfoco\/wp-content\/uploads\/2026\/02\/Gemini_Generated_Image_ei9vn9ei9vn9ei9v-1.png","width":1280,"height":720,"caption":"Um estilo de cabelo que preserva o comprimento e rejuvenesce \u00e9 aquele em que os fios continuam m\u00e9dios ou longos"},{"@type":"BreadcrumbList","@id":"https:\/\/www.em.com.br\/emfoco\/2026\/02\/25\/o-cor-de-cabelo-que-une-naturalidade-brilho-intenso-e-menos-agressao-aos-fios-no-verao\/#breadcrumb","itemListElement":[{"@type":"ListItem","position":1,"name":"In\u00edcio","item":"https:\/\/www.em.com.br\/emfoco\/"},{"@type":"ListItem","position":2,"name":"O cor de cabelo que une naturalidade, brilho intenso e menos agress\u00e3o aos fios no ver\u00e3o"}]},{"@type":"WebSite","@id":"https:\/\/www.em.com.br\/emfoco\/#website","url":"https:\/\/www.em.com.br\/emfoco\/","name":"Estado de Minas - Em foco","description":"Acompanhe as \u00faltimas not\u00edcias e fique bem informado sobre tudo o que acontece em Minas Gerais, Brasil e no mundo.","potentialAction":[{"@type":"SearchAction","target":{"@type":"EntryPoint","urlTemplate":"https:\/\/www.em.com.br\/emfoco\/?s={search_term_string}"},"query-input":{"@type":"PropertyValueSpecification","valueRequired":true,"valueName":"search_term_string"}}],"inLanguage":"pt-BR"},{"@type":"Person","@id":"https:\/\/www.em.com.br\/emfoco\/#\/schema\/person\/0a8186d72f2c3a5c6276d90b41f271a0","name":"Daniely Cardoso","image":{"@type":"ImageObject","inLanguage":"pt-BR","@id":"https:\/\/www.em.com.br\/emfoco\/#\/schema\/person\/image\/","url":"https:\/\/secure.gravatar.com\/avatar\/4b80ddbd124d1f071b626d52d62e5dff?s=96&d=mm&r=g","contentUrl":"https:\/\/secure.gravatar.com\/avatar\/4b80ddbd124d1f071b626d52d62e5dff?s=96&d=mm&r=g","caption":"Daniely Cardoso"},"url":"https:\/\/www.em.com.br\/emfoco\/author\/danielymyth\/"}]}},"_links":{"self":[{"href":"https:\/\/www.em.com.br\/emfoco\/wp-json\/wp\/v2\/posts\/173550","targetHints":{"allow":["GET"]}}],"collection":[{"href":"https:\/\/www.em.com.br\/emfoco\/wp-json\/wp\/v2\/posts"}],"about":[{"href":"https:\/\/www.em.com.br\/emfoco\/wp-json\/wp\/v2\/types\/post"}],"author":[{"embeddable":true,"href":"https:\/\/www.em.com.br\/emfoco\/wp-json\/wp\/v2\/users\/9"}],"replies":[{"embeddable":true,"href":"https:\/\/www.em.com.br\/emfoco\/wp-json\/wp\/v2\/comments?post=173550"}],"version-history":[{"count":1,"href":"https:\/\/www.em.com.br\/emfoco\/wp-json\/wp\/v2\/posts\/173550\/revisions"}],"predecessor-version":[{"id":173554,"href":"https:\/\/www.em.com.br\/emfoco\/wp-json\/wp\/v2\/posts\/173550\/revisions\/173554"}],"wp:featuredmedia":[{"embeddable":true,"href":"https:\/\/www.em.com.br\/emfoco\/wp-json\/wp\/v2\/media\/173561"}],"wp:attachment":[{"href":"https:\/\/www.em.com.br\/emfoco\/wp-json\/wp\/v2\/media?parent=173550"}],"wp:term":[{"taxonomy":"category","embeddable":true,"href":"https:\/\/www.em.com.br\/emfoco\/wp-json\/wp\/v2\/categories?post=173550"},{"taxonomy":"post_tag","embeddable":true,"href":"https:\/\/www.em.com.br\/emfoco\/wp-json\/wp\/v2\/tags?post=173550"}],"curies":[{"name":"wp","href":"https:\/\/api.w.org\/{rel}","templated":true}]}}