{"id":173540,"date":"2026-02-25T20:05:00","date_gmt":"2026-02-25T23:05:00","guid":{"rendered":"https:\/\/www.em.com.br\/emfoco\/?p=173540"},"modified":"2026-02-24T18:51:01","modified_gmt":"2026-02-24T21:51:01","slug":"o-legume-com-mais-de-90-de-agua-que-hidrata-aumenta-a-saciedade-e-protege-seu-intestino","status":"publish","type":"post","link":"https:\/\/www.em.com.br\/emfoco\/2026\/02\/25\/o-legume-com-mais-de-90-de-agua-que-hidrata-aumenta-a-saciedade-e-protege-seu-intestino\/","title":{"rendered":"O legume com mais de 90% de \u00e1gua que hidrata, aumenta a saciedade e protege seu intestino"},"content":{"rendered":"\n<h2 class=\"wp-block-heading\">Com mais de 90% de \u00e1gua, a abobrinha \u00e9 vital para a hidrata\u00e7\u00e3o e saciedade. Suas fibras, focadas na casca, regulam o intestino e a microbiota. Rica em nutrientes, \u00e9 vers\u00e1til em dietas de controle de peso.<\/h2>\n\n\n\n<p>Voc\u00ea j\u00e1 reparou como alguns alimentos parecem \u201cleves\u201d, mas mesmo assim deixam a gente satisfeito e com a sensa\u00e7\u00e3o de bem-estar? A <strong>abobrinha<\/strong> \u00e9 um desses casos: simples, acess\u00edvel, f\u00e1cil de preparar e, ainda por cima, uma grande aliada da <strong>hidrata\u00e7\u00e3o<\/strong> e do bom funcionamento do intestino no dia a dia.<\/p>\n\n\n\n<h2 class=\"wp-block-heading\">Como a abobrinha ajuda na hidrata\u00e7\u00e3o do organismo<\/h2>\n\n\n\n<p>Com mais de 90% de sua composi\u00e7\u00e3o formada por <strong>\u00e1gua<\/strong>, ela funciona como um complemento natural na ingest\u00e3o di\u00e1ria de l\u00edquidos, algo muito \u00fatil em dias quentes ou em rotinas mais ativas.<\/p>\n\n\n\n<p>Por ter baixa densidade cal\u00f3rica, a <strong>abobrinha<\/strong> aumenta o volume do prato sem acrescentar muitas calorias, ajudando na saciedade com menos energia. Em refei\u00e7\u00f5es mais salgadas, com muito <strong>s\u00f3dio<\/strong>, o consumo de alimentos ricos em \u00e1gua pode colaborar com o equil\u00edbrio h\u00eddrico do corpo e com a sensa\u00e7\u00e3o de leveza.<\/p>\n\n\n<div class=\"wp-block-image\">\n<figure class=\"aligncenter size-large\"><img loading=\"lazy\" decoding=\"async\" width=\"1024\" height=\"576\" src=\"https:\/\/www.em.com.br\/emfoco\/wp-content\/uploads\/2026\/01\/abobrinha_1769803654749-1024x576.jpg\" alt=\"\" class=\"wp-image-162782\" srcset=\"https:\/\/www.em.com.br\/emfoco\/wp-content\/uploads\/2026\/01\/abobrinha_1769803654749-1024x576.jpg 1024w, https:\/\/www.em.com.br\/emfoco\/wp-content\/uploads\/2026\/01\/abobrinha_1769803654749-300x169.jpg 300w, https:\/\/www.em.com.br\/emfoco\/wp-content\/uploads\/2026\/01\/abobrinha_1769803654749-768x432.jpg 768w, https:\/\/www.em.com.br\/emfoco\/wp-content\/uploads\/2026\/01\/abobrinha_1769803654749-750x422.jpg 750w, https:\/\/www.em.com.br\/emfoco\/wp-content\/uploads\/2026\/01\/abobrinha_1769803654749-1140x641.jpg 1140w, https:\/\/www.em.com.br\/emfoco\/wp-content\/uploads\/2026\/01\/abobrinha_1769803654749.jpg 1280w\" sizes=\"auto, (max-width: 1024px) 100vw, 1024px\" \/><figcaption class=\"wp-element-caption\">Por ter baixa densidade cal\u00f3rica, a abobrinha aumenta o volume do prato sem acrescentar muitas calorias  &#8211; Cr\u00e9ditos: depositphotos.com \/ HoltarenkoAnhelinaBO<\/figcaption><\/figure><\/div>\n\n\n<p>Leia tamb\u00e9m:\u00a0<a href=\"https:\/\/www.em.com.br\/emfoco\/2026\/02\/14\/a-erva-mais-refrescante-que-melhora-digestao-e-reduz-gases-naturalmente\/\" target=\"_blank\" rel=\"noreferrer noopener\">A erva mais refrescante que melhora digest\u00e3o e reduz gases naturalmente<\/a><\/p>\n\n\n\n<h2 class=\"wp-block-heading\">Como preparar a abobrinha para preservar seus benef\u00edcios de hidrata\u00e7\u00e3o<\/h2>\n\n\n\n<p>Quando preparada com menos gordura, a <strong>abobrinha<\/strong> mant\u00e9m boa parte de sua \u00e1gua interna, ficando \u00famida e macia. Cozida no <strong>vapor<\/strong>, grelhada rapidamente ou refogada com pouco \u00f3leo, ela segue contribuindo de forma discreta para a hidrata\u00e7\u00e3o di\u00e1ria.<\/p>\n\n\n\n<p>Tamb\u00e9m \u00e9 poss\u00edvel combin\u00e1-la com outros legumes ricos em \u00e1gua, como <strong>pepino<\/strong> e tomate, em saladas e refogados. Assim, o prato fica colorido, leve e ainda ajuda a complementar o consumo de <strong>l\u00edquidos<\/strong> ao longo do dia.<\/p>\n\n\n\n<h2 class=\"wp-block-heading\">Como a abobrinha favorece a sa\u00fade intestinal<\/h2>\n\n\n\n<p>Al\u00e9m da \u00e1gua, os <strong>benef\u00edcios da abobrinha<\/strong> para o intestino est\u00e3o muito ligados \u00e0s fibras alimentares, especialmente concentradas na casca. Quando bem higienizada, consumir a abobrinha com a <strong>casca<\/strong> \u00e9 uma forma simples de aumentar a ingest\u00e3o de fibras.<\/p>\n\n\n\n<p>Essas fibras ajudam a formar o <strong>bolo fecal<\/strong>, facilitando a passagem pelo intestino e reduzindo a tend\u00eancia \u00e0 pris\u00e3o de ventre. Com uma boa ingest\u00e3o de l\u00edquidos, as fezes ficam mais macias, diminuindo o esfor\u00e7o na hora de evacuar e trazendo mais <strong>conforto abdominal<\/strong>.<\/p>\n\n\n\n<h2 class=\"wp-block-heading\">De que forma a abobrinha contribui para a microbiota intestinal<\/h2>\n\n\n\n<p>Embora n\u00e3o seja o legume mais rico em fibras, a <strong>abobrinha<\/strong>, consumida com frequ\u00eancia e combinada com outros vegetais, soma pontos importantes no total de fibras do dia. Esse conjunto \u00e9 essencial para manter a <strong>microbiota intestinal<\/strong> em equil\u00edbrio.<\/p>\n\n\n\n<p>Uma flora intestinal saud\u00e1vel est\u00e1 ligada a melhor <strong>digest\u00e3o<\/strong>, imunidade mais forte e at\u00e9 a mais disposi\u00e7\u00e3o no dia a dia. Por isso, incluir abobrinha nas refei\u00e7\u00f5es \u00e9 um passo simples que, a longo prazo, faz diferen\u00e7a na sa\u00fade do <strong>intestino<\/strong>. Para voc\u00ea que quer aprofundar, separamos um v\u00eddeo do canal<a href=\"https:\/\/www.youtube.com\/@saudetotalco\" target=\"_blank\" rel=\"noreferrer noopener\"> Sa\u00fade Total <\/a>com dicas de consumo e os benef\u00edcios a abobrinha para sa\u00fade:<\/p>\n\n\n\n<figure class=\"wp-block-embed is-type-video is-provider-youtube wp-block-embed-youtube wp-embed-aspect-16-9 wp-has-aspect-ratio\"><div class=\"wp-block-embed__wrapper\">\n<div class=\"jeg_video_container jeg_video_content\"><iframe loading=\"lazy\" title=\"Benef\u00edcios da Abobrinha  | Vegetais de A-Z | Sa\u00fade Total\" width=\"500\" height=\"281\" src=\"https:\/\/www.youtube.com\/embed\/XRFOjLf5VKA?feature=oembed\" frameborder=\"0\" allow=\"accelerometer; autoplay; clipboard-write; encrypted-media; gyroscope; picture-in-picture; web-share\" referrerpolicy=\"strict-origin-when-cross-origin\" allowfullscreen><\/iframe><\/div>\n<\/div><\/figure>\n\n\n\n<h2 class=\"wp-block-heading\">Quais s\u00e3o os principais nutrientes da abobrinha para a sa\u00fade<\/h2>\n\n\n\n<p>Os <strong>benef\u00edcios da abobrinha<\/strong> para a sa\u00fade n\u00e3o se limitam \u00e0 \u00e1gua e \u00e0s fibras. Ela tamb\u00e9m oferece vitaminas do complexo B, <strong>vitamina C<\/strong>, mangan\u00eas, pot\u00e1ssio e pequenas quantidades de outros minerais importantes para o corpo.<\/p>\n\n\n\n<p>O <strong>pot\u00e1ssio<\/strong> auxilia no equil\u00edbrio de fluidos e na fun\u00e7\u00e3o muscular, enquanto as vitaminas do complexo B participam do metabolismo energ\u00e9tico. J\u00e1 a vitamina C contribui para as defesas do organismo e para a forma\u00e7\u00e3o de <strong>col\u00e1geno<\/strong>, ajudando pele, vasos sangu\u00edneos e articula\u00e7\u00f5es.<\/p>\n\n\n\n<h2 class=\"wp-block-heading\">Por que a abobrinha \u00e9 uma boa op\u00e7\u00e3o em diferentes tipos de dieta<\/h2>\n\n\n\n<p>Outro ponto elogiado por profissionais de sa\u00fade \u00e9 o baixo teor de gorduras e a\u00e7\u00facares naturais da <strong>abobrinha<\/strong>. Isso faz com que ela se encaixe bem em dietas de controle de <strong>peso<\/strong> e em rotinas que buscam equil\u00edbrio glic\u00eamico, sempre respeitando orienta\u00e7\u00f5es individuais.<\/p>\n\n\n\n<p>Quando combinada com outros vegetais, ajuda a montar pratos variados, bonitos e nutritivos, sem pesar. Para quem est\u00e1 tentando comer melhor sem complicar a rotina, a abobrinha \u00e9 uma aliada <strong>pr\u00e1tica<\/strong> e acess\u00edvel.<\/p>\n\n\n\n<figure class=\"wp-block-embed is-type-rich is-provider-pinterest wp-block-embed-pinterest\"><div class=\"wp-block-embed__wrapper\">\n<iframe loading=\"lazy\" title=\"\u2728Salada de abobrinha italiana!\" src=\"https:\/\/assets.pinterest.com\/ext\/embed.html?id=964192601451386857&#038;src=oembed\" height=\"899\" width=\"450\" frameborder=\"0\" scrolling=\"no\" ><\/iframe>\n<\/div><\/figure>\n\n\n\n<h2 class=\"wp-block-heading\">Quais cuidados ter ao escolher e consumir abobrinha<\/h2>\n\n\n\n<p>Mesmo com tantos <strong>benef\u00edcios da abobrinha<\/strong>, alguns cuidados simples ajudam a manter a qualidade do alimento. Ao comprar, d\u00ea prefer\u00eancia \u00e0s unidades firmes, de tamanho m\u00e9dio, com casca lisa e sem manchas escuras ou partes <strong>moles<\/strong>.<\/p>\n\n\n\n<p>Em casa, conserve na geladeira em embalagem perfurada ou saco pl\u00e1stico aberto, e higienize bem antes do preparo, principalmente se for consumir com a <strong>casca<\/strong> ou crua em saladas.<\/p>\n","protected":false},"excerpt":{"rendered":"<p>Com mais de 90% de \u00e1gua, a abobrinha \u00e9 vital para a hidrata\u00e7\u00e3o e saciedade. Suas fibras, focadas na casca, regulam o intestino e a microbiota. Rica em nutrientes, \u00e9 vers\u00e1til em dietas de controle de peso. Voc\u00ea j\u00e1 reparou como alguns alimentos parecem \u201cleves\u201d, mas mesmo assim deixam a gente satisfeito e com a [&hellip;]<\/p>\n","protected":false},"author":9,"featured_media":173547,"comment_status":"open","ping_status":"open","sticky":false,"template":"","format":"standard","meta":{"jnews-multi-image_gallery":[],"jnews_single_post":{"format":"standard"},"jnews_primary_category":[],"jnews_social_meta":[],"jnews_override_counter":[],"footnotes":""},"categories":[8691,8819,1],"tags":[3758,12245,6312],"class_list":["post-173540","post","type-post","status-publish","format-standard","has-post-thumbnail","hentry","category-bem-estar","category-curiosidades","category-noticias","tag-abobrinha","tag-remedio","tag-vegetal"],"yoast_head":"<!-- This site is optimized with the Yoast SEO plugin v23.8 - https:\/\/yoast.com\/wordpress\/plugins\/seo\/ -->\n<title>O legume com mais de 90% de \u00e1gua que hidrata, aumenta a saciedade e protege seu intestino - Estado de Minas - Em foco<\/title>\n<meta name=\"description\" content=\"Abobrinha hidrata e regula o intestino! Rica em \u00e1gua e fibras, ela traz saciedade, leveza e sa\u00fade digestiva.\" \/>\n<meta name=\"robots\" content=\"index, follow, max-snippet:-1, max-image-preview:large, max-video-preview:-1\" \/>\n<link rel=\"canonical\" href=\"https:\/\/www.em.com.br\/emfoco\/2026\/02\/25\/o-legume-com-mais-de-90-de-agua-que-hidrata-aumenta-a-saciedade-e-protege-seu-intestino\/\" \/>\n<meta property=\"og:locale\" content=\"pt_BR\" \/>\n<meta property=\"og:type\" content=\"article\" \/>\n<meta property=\"og:title\" content=\"O legume com mais de 90% de \u00e1gua que hidrata, aumenta a saciedade e protege seu intestino - Estado de Minas - Em foco\" \/>\n<meta property=\"og:description\" content=\"Abobrinha hidrata e regula o intestino! Rica em \u00e1gua e fibras, ela traz saciedade, leveza e sa\u00fade digestiva.\" \/>\n<meta property=\"og:url\" content=\"https:\/\/www.em.com.br\/emfoco\/2026\/02\/25\/o-legume-com-mais-de-90-de-agua-que-hidrata-aumenta-a-saciedade-e-protege-seu-intestino\/\" \/>\n<meta property=\"og:site_name\" content=\"Estado de Minas - Em foco\" \/>\n<meta property=\"article:published_time\" content=\"2026-02-25T23:05:00+00:00\" \/>\n<meta property=\"article:modified_time\" content=\"2026-02-24T21:51:01+00:00\" \/>\n<meta property=\"og:image\" content=\"https:\/\/www.em.com.br\/emfoco\/wp-content\/uploads\/2026\/02\/Gemini_Generated_Image_91r3x991r3x991r3-1.png\" \/>\n\t<meta property=\"og:image:width\" content=\"1280\" \/>\n\t<meta property=\"og:image:height\" content=\"720\" \/>\n\t<meta property=\"og:image:type\" content=\"image\/png\" \/>\n<meta name=\"author\" content=\"Daniely Cardoso\" \/>\n<meta name=\"twitter:card\" content=\"summary_large_image\" \/>\n<meta name=\"twitter:label1\" content=\"Escrito por\" \/>\n\t<meta name=\"twitter:data1\" content=\"Daniely Cardoso\" \/>\n\t<meta name=\"twitter:label2\" content=\"Est. tempo de leitura\" \/>\n\t<meta name=\"twitter:data2\" content=\"5 minutos\" \/>\n<!-- \/ Yoast SEO plugin. -->","yoast_head_json":{"title":"O legume com mais de 90% de \u00e1gua que hidrata, aumenta a saciedade e protege seu intestino - Estado de Minas - Em foco","description":"Abobrinha hidrata e regula o intestino! Rica em \u00e1gua e fibras, ela traz saciedade, leveza e sa\u00fade digestiva.","robots":{"index":"index","follow":"follow","max-snippet":"max-snippet:-1","max-image-preview":"max-image-preview:large","max-video-preview":"max-video-preview:-1"},"canonical":"https:\/\/www.em.com.br\/emfoco\/2026\/02\/25\/o-legume-com-mais-de-90-de-agua-que-hidrata-aumenta-a-saciedade-e-protege-seu-intestino\/","og_locale":"pt_BR","og_type":"article","og_title":"O legume com mais de 90% de \u00e1gua que hidrata, aumenta a saciedade e protege seu intestino - Estado de Minas - Em foco","og_description":"Abobrinha hidrata e regula o intestino! Rica em \u00e1gua e fibras, ela traz saciedade, leveza e sa\u00fade digestiva.","og_url":"https:\/\/www.em.com.br\/emfoco\/2026\/02\/25\/o-legume-com-mais-de-90-de-agua-que-hidrata-aumenta-a-saciedade-e-protege-seu-intestino\/","og_site_name":"Estado de Minas - Em foco","article_published_time":"2026-02-25T23:05:00+00:00","article_modified_time":"2026-02-24T21:51:01+00:00","og_image":[{"width":1280,"height":720,"url":"https:\/\/www.em.com.br\/emfoco\/wp-content\/uploads\/2026\/02\/Gemini_Generated_Image_91r3x991r3x991r3-1.png","type":"image\/png"}],"author":"Daniely Cardoso","twitter_card":"summary_large_image","twitter_misc":{"Escrito por":"Daniely Cardoso","Est. tempo de leitura":"5 minutos"},"schema":{"@context":"https:\/\/schema.org","@graph":[{"@type":"WebPage","@id":"https:\/\/www.em.com.br\/emfoco\/2026\/02\/25\/o-legume-com-mais-de-90-de-agua-que-hidrata-aumenta-a-saciedade-e-protege-seu-intestino\/","url":"https:\/\/www.em.com.br\/emfoco\/2026\/02\/25\/o-legume-com-mais-de-90-de-agua-que-hidrata-aumenta-a-saciedade-e-protege-seu-intestino\/","name":"O legume com mais de 90% de \u00e1gua que hidrata, aumenta a saciedade e protege seu intestino - Estado de Minas - Em foco","isPartOf":{"@id":"https:\/\/www.em.com.br\/emfoco\/#website"},"primaryImageOfPage":{"@id":"https:\/\/www.em.com.br\/emfoco\/2026\/02\/25\/o-legume-com-mais-de-90-de-agua-que-hidrata-aumenta-a-saciedade-e-protege-seu-intestino\/#primaryimage"},"image":{"@id":"https:\/\/www.em.com.br\/emfoco\/2026\/02\/25\/o-legume-com-mais-de-90-de-agua-que-hidrata-aumenta-a-saciedade-e-protege-seu-intestino\/#primaryimage"},"thumbnailUrl":"https:\/\/www.em.com.br\/emfoco\/wp-content\/uploads\/2026\/02\/Gemini_Generated_Image_91r3x991r3x991r3-1.png","datePublished":"2026-02-25T23:05:00+00:00","dateModified":"2026-02-24T21:51:01+00:00","author":{"@id":"https:\/\/www.em.com.br\/emfoco\/#\/schema\/person\/0a8186d72f2c3a5c6276d90b41f271a0"},"description":"Abobrinha hidrata e regula o intestino! Rica em \u00e1gua e fibras, ela traz saciedade, leveza e sa\u00fade digestiva.","breadcrumb":{"@id":"https:\/\/www.em.com.br\/emfoco\/2026\/02\/25\/o-legume-com-mais-de-90-de-agua-que-hidrata-aumenta-a-saciedade-e-protege-seu-intestino\/#breadcrumb"},"inLanguage":"pt-BR","potentialAction":[{"@type":"ReadAction","target":["https:\/\/www.em.com.br\/emfoco\/2026\/02\/25\/o-legume-com-mais-de-90-de-agua-que-hidrata-aumenta-a-saciedade-e-protege-seu-intestino\/"]}]},{"@type":"ImageObject","inLanguage":"pt-BR","@id":"https:\/\/www.em.com.br\/emfoco\/2026\/02\/25\/o-legume-com-mais-de-90-de-agua-que-hidrata-aumenta-a-saciedade-e-protege-seu-intestino\/#primaryimage","url":"https:\/\/www.em.com.br\/emfoco\/wp-content\/uploads\/2026\/02\/Gemini_Generated_Image_91r3x991r3x991r3-1.png","contentUrl":"https:\/\/www.em.com.br\/emfoco\/wp-content\/uploads\/2026\/02\/Gemini_Generated_Image_91r3x991r3x991r3-1.png","width":1280,"height":720,"caption":"Com mais de 90% de sua composi\u00e7\u00e3o formada por \u00e1gua, ela funciona como um complemento natural"},{"@type":"BreadcrumbList","@id":"https:\/\/www.em.com.br\/emfoco\/2026\/02\/25\/o-legume-com-mais-de-90-de-agua-que-hidrata-aumenta-a-saciedade-e-protege-seu-intestino\/#breadcrumb","itemListElement":[{"@type":"ListItem","position":1,"name":"In\u00edcio","item":"https:\/\/www.em.com.br\/emfoco\/"},{"@type":"ListItem","position":2,"name":"O legume com mais de 90% de \u00e1gua que hidrata, aumenta a saciedade e protege seu intestino"}]},{"@type":"WebSite","@id":"https:\/\/www.em.com.br\/emfoco\/#website","url":"https:\/\/www.em.com.br\/emfoco\/","name":"Estado de Minas - Em foco","description":"Acompanhe as \u00faltimas not\u00edcias e fique bem informado sobre tudo o que acontece em Minas Gerais, Brasil e no mundo.","potentialAction":[{"@type":"SearchAction","target":{"@type":"EntryPoint","urlTemplate":"https:\/\/www.em.com.br\/emfoco\/?s={search_term_string}"},"query-input":{"@type":"PropertyValueSpecification","valueRequired":true,"valueName":"search_term_string"}}],"inLanguage":"pt-BR"},{"@type":"Person","@id":"https:\/\/www.em.com.br\/emfoco\/#\/schema\/person\/0a8186d72f2c3a5c6276d90b41f271a0","name":"Daniely Cardoso","image":{"@type":"ImageObject","inLanguage":"pt-BR","@id":"https:\/\/www.em.com.br\/emfoco\/#\/schema\/person\/image\/","url":"https:\/\/secure.gravatar.com\/avatar\/4b80ddbd124d1f071b626d52d62e5dff?s=96&d=mm&r=g","contentUrl":"https:\/\/secure.gravatar.com\/avatar\/4b80ddbd124d1f071b626d52d62e5dff?s=96&d=mm&r=g","caption":"Daniely Cardoso"},"url":"https:\/\/www.em.com.br\/emfoco\/author\/danielymyth\/"}]}},"_links":{"self":[{"href":"https:\/\/www.em.com.br\/emfoco\/wp-json\/wp\/v2\/posts\/173540","targetHints":{"allow":["GET"]}}],"collection":[{"href":"https:\/\/www.em.com.br\/emfoco\/wp-json\/wp\/v2\/posts"}],"about":[{"href":"https:\/\/www.em.com.br\/emfoco\/wp-json\/wp\/v2\/types\/post"}],"author":[{"embeddable":true,"href":"https:\/\/www.em.com.br\/emfoco\/wp-json\/wp\/v2\/users\/9"}],"replies":[{"embeddable":true,"href":"https:\/\/www.em.com.br\/emfoco\/wp-json\/wp\/v2\/comments?post=173540"}],"version-history":[{"count":1,"href":"https:\/\/www.em.com.br\/emfoco\/wp-json\/wp\/v2\/posts\/173540\/revisions"}],"predecessor-version":[{"id":173549,"href":"https:\/\/www.em.com.br\/emfoco\/wp-json\/wp\/v2\/posts\/173540\/revisions\/173549"}],"wp:featuredmedia":[{"embeddable":true,"href":"https:\/\/www.em.com.br\/emfoco\/wp-json\/wp\/v2\/media\/173547"}],"wp:attachment":[{"href":"https:\/\/www.em.com.br\/emfoco\/wp-json\/wp\/v2\/media?parent=173540"}],"wp:term":[{"taxonomy":"category","embeddable":true,"href":"https:\/\/www.em.com.br\/emfoco\/wp-json\/wp\/v2\/categories?post=173540"},{"taxonomy":"post_tag","embeddable":true,"href":"https:\/\/www.em.com.br\/emfoco\/wp-json\/wp\/v2\/tags?post=173540"}],"curies":[{"name":"wp","href":"https:\/\/api.w.org\/{rel}","templated":true}]}}