{"id":173520,"date":"2026-02-25T12:55:00","date_gmt":"2026-02-25T15:55:00","guid":{"rendered":"https:\/\/www.em.com.br\/emfoco\/?p=173520"},"modified":"2026-02-24T19:16:48","modified_gmt":"2026-02-24T22:16:48","slug":"aprenda-a-usar-cores-e-cortes-estrategicos-para-conquistar-o-visual-dos-seus-sonhos-sem-gastar-muito","status":"publish","type":"post","link":"https:\/\/www.em.com.br\/emfoco\/2026\/02\/25\/aprenda-a-usar-cores-e-cortes-estrategicos-para-conquistar-o-visual-dos-seus-sonhos-sem-gastar-muito\/","title":{"rendered":"Aprenda a usar cores e cortes estrat\u00e9gicos para conquistar o visual dos seus sonhos sem gastar muito"},"content":{"rendered":"\n<p>A busca por uma <strong>silhueta<\/strong> mais alongada e uma <strong>cintura<\/strong> mais definida \u00e9 um desejo comum entre muitas pessoas. Estrat\u00e9gias de <strong>estilo<\/strong> inteligentes podem ajudar a conquistar essa apar\u00eancia de forma pr\u00e1tica e acess\u00edvel, permitindo uma transforma\u00e7\u00e3o sem grandes mudan\u00e7as no <strong>guarda-roupa<\/strong>. A seguir, descubra seis estrat\u00e9gias valiosas para valorizar a sua <strong>silhueta<\/strong> no dia a dia.<\/p>\n\n\n\n<h2 class=\"wp-block-heading\">Como roupas ajustadas podem valorizar a silhueta?<\/h2>\n\n\n\n<p>Pe\u00e7as de roupa bem <strong>ajustadas<\/strong> s\u00e3o fundamentais para destacar as <strong>curvas naturais<\/strong> do corpo sem exageros. Ao optar por cortes que seguem os contornos de forma confort\u00e1vel, \u00e9 poss\u00edvel obter um visual <strong>elegante<\/strong>, proporcional e adequado para diferentes estilos pessoais.<\/p>\n\n\n\n<figure class=\"wp-block-embed is-type-rich is-provider-pinterest wp-block-embed-pinterest\"><div class=\"wp-block-embed__wrapper\">\n<iframe loading=\"lazy\" title=\" \" src=\"https:\/\/assets.pinterest.com\/ext\/embed.html?id=492649954745180&#038;src=oembed\" height=\"1000\" width=\"450\" frameborder=\"0\" scrolling=\"no\" ><\/iframe>\n<\/div><\/figure>\n\n\n\n<p>Leia tamb\u00e9m:&nbsp;<a href=\"https:\/\/www.em.com.br\/emfoco\/2025\/11\/02\/a-canga-esta-fora-de-moda-a-nova-tendencia-que-vai-dominar-as-praias-neste-verao-de-2026\/\" target=\"_blank\" rel=\"noreferrer noopener\">A canga est\u00e1 fora de moda, a nova tend\u00eancia que vai dominar as praias neste ver\u00e3o de 2026<\/a><\/p>\n\n\n\n<p>Investir em roupas <strong>sob medida<\/strong> ou ajustar pe\u00e7as j\u00e1 existentes costuma ser uma decis\u00e3o eficaz para quem busca harmonia na <strong>silhueta<\/strong>. Pe\u00e7as ajustadas colaboram para um perfil mais refinado e podem ser facilmente incorporadas em looks <strong>casuais<\/strong> ou <strong>formais<\/strong>.<\/p>\n\n\n\n<h2 class=\"wp-block-heading\">O que o uso de looks monocrom\u00e1ticos faz pelo seu visual?<\/h2>\n\n\n\n<p>Looks <strong>monocrom\u00e1ticos<\/strong> criam uma linha visual cont\u00ednua que alonga o corpo, tendo um resultado elegante e moderno. Apostar em roupas de uma s\u00f3 cor de cima a baixo \u00e9 uma alternativa simples para quem deseja parecer mais <strong>alto<\/strong> e <strong>magro<\/strong>.<\/p>\n\n\n\n<figure class=\"wp-block-embed is-type-rich is-provider-pinterest wp-block-embed-pinterest\"><div class=\"wp-block-embed__wrapper\">\n<iframe loading=\"lazy\" title=\"\ud83e\udd0d\ud83c\udf5e\" src=\"https:\/\/assets.pinterest.com\/ext\/embed.html?id=19210735905532454&#038;src=oembed\" height=\"899\" width=\"450\" frameborder=\"0\" scrolling=\"no\" ><\/iframe>\n<\/div><\/figure>\n\n\n\n<p><strong>Tons escuros<\/strong> e <strong>neutros<\/strong> potencializam ainda mais esse efeito. Para ajudar voc\u00ea a montar um look monocrom\u00e1tico eficiente, considere estas dicas:<\/p>\n\n\n\n<ul class=\"wp-block-list\">\n<li><strong>Escolha varia\u00e7\u00f5es<\/strong> do mesmo tom para dar profundidade<\/li>\n\n\n\n<li>Use <strong>tecidos<\/strong> com leve diferen\u00e7a de textura para criar interesse visual<\/li>\n\n\n\n<li>Adicione <strong>acess\u00f3rios sutis<\/strong> para manter o foco na cor principal<\/li>\n<\/ul>\n\n\n\n<h2 class=\"wp-block-heading\">Como as linhas verticais podem ajudar na composi\u00e7\u00e3o do look?<\/h2>\n\n\n\n<p>O uso de <strong>estampas<\/strong> com <strong>linhas verticais<\/strong> \u00e9 um cl\u00e1ssico para alongar e criar a percep\u00e7\u00e3o de altura. As <strong>listras estreitas<\/strong> s\u00e3o preferidas, pois oferecem maior sutileza e efic\u00e1cia ao resultado visual, alongando sem ampliar as propor\u00e7\u00f5es horizontais.<\/p>\n\n\n\n<figure class=\"wp-block-embed is-type-rich is-provider-pinterest wp-block-embed-pinterest\"><div class=\"wp-block-embed__wrapper\">\n<iframe loading=\"lazy\" title=\" \" src=\"https:\/\/assets.pinterest.com\/ext\/embed.html?id=633387444039078&#038;src=oembed\" height=\"899\" width=\"450\" frameborder=\"0\" scrolling=\"no\" ><\/iframe>\n<\/div><\/figure>\n\n\n\n<p>Esse recurso pode ser facilmente incorporado a <strong>camisas<\/strong>, <strong>cal\u00e7as<\/strong> ou <strong>vestidos<\/strong>. \u00c9 interessante experimentar padronagens menos convencionais, como linhas <strong>assim\u00e9tricas<\/strong> ou em <strong>ziguezague<\/strong>, para variar sem perder o efeito.<\/p>\n\n\n\n<h2 class=\"wp-block-heading\">Como usar cintos de forma estrat\u00e9gica na defini\u00e7\u00e3o da cintura?<\/h2>\n\n\n\n<p>Os <strong>cintos<\/strong> s\u00e3o aliados valiosos para criar um ponto focal e marcar a regi\u00e3o da <strong>cintura<\/strong>. Quando posicionados no ponto mais estreito do abd\u00f4men, refor\u00e7am a <strong>silhueta<\/strong> e evidenciam as curvas de maneira elegante.<\/p>\n\n\n\n<p><strong>Cintos<\/strong> em cores que <strong>contrastam<\/strong> com a roupa ajudam a destacar ainda mais essa \u00e1rea. Eles tamb\u00e9m podem ser usados sobre <strong>blusas<\/strong> mais soltas ou <strong>vestidos<\/strong>, promovendo defini\u00e7\u00e3o instant\u00e2nea.<\/p>\n\n\n\n<p>Para voc\u00ea que gosta de moda, separamos um v\u00eddeo do canal da <a href=\"https:\/\/www.youtube.com\/@LeticiaCecato\" target=\"_blank\" rel=\"noreferrer noopener\">Leticia Cecato<\/a> com dicas para parecer mais alta:<\/p>\n\n\n\n<figure class=\"wp-block-embed is-type-video is-provider-youtube wp-block-embed-youtube wp-embed-aspect-16-9 wp-has-aspect-ratio\"><div class=\"wp-block-embed__wrapper\">\n<div class=\"jeg_video_container jeg_video_content\"><iframe loading=\"lazy\" title=\"COMO PARECER MAIS ALTA COM  SEUS LOOKS?\" width=\"500\" height=\"281\" src=\"https:\/\/www.youtube.com\/embed\/hQLDbxA-pNU?feature=oembed\" frameborder=\"0\" allow=\"accelerometer; autoplay; clipboard-write; encrypted-media; gyroscope; picture-in-picture; web-share\" referrerpolicy=\"strict-origin-when-cross-origin\" allowfullscreen><\/iframe><\/div>\n<\/div><\/figure>\n\n\n\n<h2 class=\"wp-block-heading\">Como equilibrar propor\u00e7\u00f5es para uma silhueta mais elegante?<\/h2>\n\n\n\n<p>Encontrar <strong>equil\u00edbrio<\/strong> entre pe\u00e7as <strong>volumosas<\/strong> e <strong>ajustadas<\/strong> faz toda a diferen\u00e7a na composi\u00e7\u00e3o do visual. O contraste entre <strong>volumes<\/strong> ajuda a criar a ilus\u00e3o de uma <strong>cintura menor<\/strong> e uma silhueta mais proporcional e sofisticada.<\/p>\n\n\n\n<p>Veja algumas sugest\u00f5es pr\u00e1ticas para acertar nesse equil\u00edbrio:<\/p>\n\n\n\n<ul class=\"wp-block-list\">\n<li>Combine <strong>blusas volumosas<\/strong> com <strong>saias<\/strong> ou <strong>cal\u00e7as<\/strong> mais justas<\/li>\n\n\n\n<li>Use <strong>casacos estruturados<\/strong> sobre <strong>vestidos retos<\/strong><\/li>\n\n\n\n<li>Priorize <strong>tecidos<\/strong> que tenham boa <strong>modelagem<\/strong> e <strong>caimento<\/strong><\/li>\n<\/ul>\n\n\n\n<figure class=\"wp-block-embed is-type-rich is-provider-pinterest wp-block-embed-pinterest\"><div class=\"wp-block-embed__wrapper\">\n<iframe loading=\"lazy\" title=\" \" src=\"https:\/\/assets.pinterest.com\/ext\/embed.html?id=5981412002225007&#038;src=oembed\" height=\"899\" width=\"450\" frameborder=\"0\" scrolling=\"no\" ><\/iframe>\n<\/div><\/figure>\n\n\n\n<h2 class=\"wp-block-heading\">Por que saltos altos transformam a postura e a presen\u00e7a?<\/h2>\n\n\n\n<p>Al\u00e9m de oferecer cent\u00edmetros extras, <strong>saltos altos<\/strong> proporcionam uma <strong>postura<\/strong> mais reta e confiante. Isso contribui significativamente para elevar a percep\u00e7\u00e3o de <strong>eleg\u00e2ncia<\/strong> e valoriza\u00e7\u00e3o da <strong>silhueta<\/strong> em qualquer ocasi\u00e3o.<\/p>\n\n\n\n<p>Para quem deseja <strong>conforto<\/strong>, <strong>saltos blocados<\/strong> ou <strong>plataformas<\/strong> s\u00e3o op\u00e7\u00f5es pr\u00e1ticas e estilosas, permitindo maior estabilidade sem abrir m\u00e3o dos benef\u00edcios.<\/p>\n","protected":false},"excerpt":{"rendered":"<p>A busca por uma silhueta mais alongada e uma cintura mais definida \u00e9 um desejo comum entre muitas pessoas. Estrat\u00e9gias de estilo inteligentes podem ajudar a conquistar essa apar\u00eancia de forma pr\u00e1tica e acess\u00edvel, permitindo uma transforma\u00e7\u00e3o sem grandes mudan\u00e7as no guarda-roupa. A seguir, descubra seis estrat\u00e9gias valiosas para valorizar a sua silhueta no dia [&hellip;]<\/p>\n","protected":false},"author":9,"featured_media":143830,"comment_status":"open","ping_status":"open","sticky":false,"template":"","format":"standard","meta":{"jnews-multi-image_gallery":[],"jnews_single_post":{"format":"standard"},"jnews_primary_category":[],"jnews_social_meta":[],"jnews_override_counter":[],"footnotes":""},"categories":[8819,1],"tags":[10374,5318,9446],"class_list":["post-173520","post","type-post","status-publish","format-standard","has-post-thumbnail","hentry","category-curiosidades","category-noticias","tag-cintura","tag-estilo","tag-roupa"],"yoast_head":"<!-- This site is optimized with the Yoast SEO plugin v23.8 - https:\/\/yoast.com\/wordpress\/plugins\/seo\/ -->\n<title>Aprenda a usar cores e cortes estrat\u00e9gicos para conquistar o visual dos seus sonhos sem gastar muito<\/title>\n<meta name=\"description\" content=\"Valorize sua silhueta com dicas pr\u00e1ticas de moda. Saiba como usar looks monocrom\u00e1ticos e ajustes para alongar o corpo\" \/>\n<meta name=\"robots\" content=\"index, follow, max-snippet:-1, max-image-preview:large, max-video-preview:-1\" \/>\n<link rel=\"canonical\" href=\"https:\/\/www.em.com.br\/emfoco\/2026\/02\/25\/aprenda-a-usar-cores-e-cortes-estrategicos-para-conquistar-o-visual-dos-seus-sonhos-sem-gastar-muito\/\" \/>\n<meta property=\"og:locale\" content=\"pt_BR\" \/>\n<meta property=\"og:type\" content=\"article\" \/>\n<meta property=\"og:title\" content=\"Aprenda a usar cores e cortes estrat\u00e9gicos para conquistar o visual dos seus sonhos sem gastar muito\" \/>\n<meta property=\"og:description\" content=\"Valorize sua silhueta com dicas pr\u00e1ticas de moda. Saiba como usar looks monocrom\u00e1ticos e ajustes para alongar o corpo\" \/>\n<meta property=\"og:url\" content=\"https:\/\/www.em.com.br\/emfoco\/2026\/02\/25\/aprenda-a-usar-cores-e-cortes-estrategicos-para-conquistar-o-visual-dos-seus-sonhos-sem-gastar-muito\/\" \/>\n<meta property=\"og:site_name\" content=\"Estado de Minas - Em foco\" \/>\n<meta property=\"article:published_time\" content=\"2026-02-25T15:55:00+00:00\" \/>\n<meta property=\"article:modified_time\" content=\"2026-02-24T22:16:48+00:00\" \/>\n<meta property=\"og:image\" content=\"https:\/\/www.em.com.br\/emfoco\/wp-content\/uploads\/2025\/12\/Gemini_Generated_Image_1lajzd1lajzd1laj-1-1.png\" \/>\n\t<meta property=\"og:image:width\" content=\"1280\" \/>\n\t<meta property=\"og:image:height\" content=\"720\" \/>\n\t<meta property=\"og:image:type\" content=\"image\/png\" \/>\n<meta name=\"author\" content=\"Daniely Cardoso\" \/>\n<meta name=\"twitter:card\" content=\"summary_large_image\" \/>\n<meta name=\"twitter:label1\" content=\"Escrito por\" \/>\n\t<meta name=\"twitter:data1\" content=\"Daniely Cardoso\" \/>\n\t<meta name=\"twitter:label2\" content=\"Est. tempo de leitura\" \/>\n\t<meta name=\"twitter:data2\" content=\"4 minutos\" \/>\n<!-- \/ Yoast SEO plugin. -->","yoast_head_json":{"title":"Aprenda a usar cores e cortes estrat\u00e9gicos para conquistar o visual dos seus sonhos sem gastar muito","description":"Valorize sua silhueta com dicas pr\u00e1ticas de moda. Saiba como usar looks monocrom\u00e1ticos e ajustes para alongar o corpo","robots":{"index":"index","follow":"follow","max-snippet":"max-snippet:-1","max-image-preview":"max-image-preview:large","max-video-preview":"max-video-preview:-1"},"canonical":"https:\/\/www.em.com.br\/emfoco\/2026\/02\/25\/aprenda-a-usar-cores-e-cortes-estrategicos-para-conquistar-o-visual-dos-seus-sonhos-sem-gastar-muito\/","og_locale":"pt_BR","og_type":"article","og_title":"Aprenda a usar cores e cortes estrat\u00e9gicos para conquistar o visual dos seus sonhos sem gastar muito","og_description":"Valorize sua silhueta com dicas pr\u00e1ticas de moda. Saiba como usar looks monocrom\u00e1ticos e ajustes para alongar o corpo","og_url":"https:\/\/www.em.com.br\/emfoco\/2026\/02\/25\/aprenda-a-usar-cores-e-cortes-estrategicos-para-conquistar-o-visual-dos-seus-sonhos-sem-gastar-muito\/","og_site_name":"Estado de Minas - Em foco","article_published_time":"2026-02-25T15:55:00+00:00","article_modified_time":"2026-02-24T22:16:48+00:00","og_image":[{"width":1280,"height":720,"url":"https:\/\/www.em.com.br\/emfoco\/wp-content\/uploads\/2025\/12\/Gemini_Generated_Image_1lajzd1lajzd1laj-1-1.png","type":"image\/png"}],"author":"Daniely Cardoso","twitter_card":"summary_large_image","twitter_misc":{"Escrito por":"Daniely Cardoso","Est. tempo de leitura":"4 minutos"},"schema":{"@context":"https:\/\/schema.org","@graph":[{"@type":"WebPage","@id":"https:\/\/www.em.com.br\/emfoco\/2026\/02\/25\/aprenda-a-usar-cores-e-cortes-estrategicos-para-conquistar-o-visual-dos-seus-sonhos-sem-gastar-muito\/","url":"https:\/\/www.em.com.br\/emfoco\/2026\/02\/25\/aprenda-a-usar-cores-e-cortes-estrategicos-para-conquistar-o-visual-dos-seus-sonhos-sem-gastar-muito\/","name":"Aprenda a usar cores e cortes estrat\u00e9gicos para conquistar o visual dos seus sonhos sem gastar muito","isPartOf":{"@id":"https:\/\/www.em.com.br\/emfoco\/#website"},"primaryImageOfPage":{"@id":"https:\/\/www.em.com.br\/emfoco\/2026\/02\/25\/aprenda-a-usar-cores-e-cortes-estrategicos-para-conquistar-o-visual-dos-seus-sonhos-sem-gastar-muito\/#primaryimage"},"image":{"@id":"https:\/\/www.em.com.br\/emfoco\/2026\/02\/25\/aprenda-a-usar-cores-e-cortes-estrategicos-para-conquistar-o-visual-dos-seus-sonhos-sem-gastar-muito\/#primaryimage"},"thumbnailUrl":"https:\/\/www.em.com.br\/emfoco\/wp-content\/uploads\/2025\/12\/Gemini_Generated_Image_1lajzd1lajzd1laj-1-1.png","datePublished":"2026-02-25T15:55:00+00:00","dateModified":"2026-02-24T22:16:48+00:00","author":{"@id":"https:\/\/www.em.com.br\/emfoco\/#\/schema\/person\/0a8186d72f2c3a5c6276d90b41f271a0"},"description":"Valorize sua silhueta com dicas pr\u00e1ticas de moda. Saiba como usar looks monocrom\u00e1ticos e ajustes para alongar o corpo","breadcrumb":{"@id":"https:\/\/www.em.com.br\/emfoco\/2026\/02\/25\/aprenda-a-usar-cores-e-cortes-estrategicos-para-conquistar-o-visual-dos-seus-sonhos-sem-gastar-muito\/#breadcrumb"},"inLanguage":"pt-BR","potentialAction":[{"@type":"ReadAction","target":["https:\/\/www.em.com.br\/emfoco\/2026\/02\/25\/aprenda-a-usar-cores-e-cortes-estrategicos-para-conquistar-o-visual-dos-seus-sonhos-sem-gastar-muito\/"]}]},{"@type":"ImageObject","inLanguage":"pt-BR","@id":"https:\/\/www.em.com.br\/emfoco\/2026\/02\/25\/aprenda-a-usar-cores-e-cortes-estrategicos-para-conquistar-o-visual-dos-seus-sonhos-sem-gastar-muito\/#primaryimage","url":"https:\/\/www.em.com.br\/emfoco\/wp-content\/uploads\/2025\/12\/Gemini_Generated_Image_1lajzd1lajzd1laj-1-1.png","contentUrl":"https:\/\/www.em.com.br\/emfoco\/wp-content\/uploads\/2025\/12\/Gemini_Generated_Image_1lajzd1lajzd1laj-1-1.png","width":1280,"height":720,"caption":"Nesse cen\u00e1rio, tons suaves dividem espa\u00e7o com cores mais intensas, formando um conjunto vers\u00e1til para roupas, acess\u00f3rios"},{"@type":"BreadcrumbList","@id":"https:\/\/www.em.com.br\/emfoco\/2026\/02\/25\/aprenda-a-usar-cores-e-cortes-estrategicos-para-conquistar-o-visual-dos-seus-sonhos-sem-gastar-muito\/#breadcrumb","itemListElement":[{"@type":"ListItem","position":1,"name":"In\u00edcio","item":"https:\/\/www.em.com.br\/emfoco\/"},{"@type":"ListItem","position":2,"name":"Aprenda a usar cores e cortes estrat\u00e9gicos para conquistar o visual dos seus sonhos sem gastar muito"}]},{"@type":"WebSite","@id":"https:\/\/www.em.com.br\/emfoco\/#website","url":"https:\/\/www.em.com.br\/emfoco\/","name":"Estado de Minas - Em foco","description":"Acompanhe as \u00faltimas not\u00edcias e fique bem informado sobre tudo o que acontece em Minas Gerais, Brasil e no mundo.","potentialAction":[{"@type":"SearchAction","target":{"@type":"EntryPoint","urlTemplate":"https:\/\/www.em.com.br\/emfoco\/?s={search_term_string}"},"query-input":{"@type":"PropertyValueSpecification","valueRequired":true,"valueName":"search_term_string"}}],"inLanguage":"pt-BR"},{"@type":"Person","@id":"https:\/\/www.em.com.br\/emfoco\/#\/schema\/person\/0a8186d72f2c3a5c6276d90b41f271a0","name":"Daniely Cardoso","image":{"@type":"ImageObject","inLanguage":"pt-BR","@id":"https:\/\/www.em.com.br\/emfoco\/#\/schema\/person\/image\/","url":"https:\/\/secure.gravatar.com\/avatar\/4b80ddbd124d1f071b626d52d62e5dff?s=96&d=mm&r=g","contentUrl":"https:\/\/secure.gravatar.com\/avatar\/4b80ddbd124d1f071b626d52d62e5dff?s=96&d=mm&r=g","caption":"Daniely Cardoso"},"url":"https:\/\/www.em.com.br\/emfoco\/author\/danielymyth\/"}]}},"_links":{"self":[{"href":"https:\/\/www.em.com.br\/emfoco\/wp-json\/wp\/v2\/posts\/173520","targetHints":{"allow":["GET"]}}],"collection":[{"href":"https:\/\/www.em.com.br\/emfoco\/wp-json\/wp\/v2\/posts"}],"about":[{"href":"https:\/\/www.em.com.br\/emfoco\/wp-json\/wp\/v2\/types\/post"}],"author":[{"embeddable":true,"href":"https:\/\/www.em.com.br\/emfoco\/wp-json\/wp\/v2\/users\/9"}],"replies":[{"embeddable":true,"href":"https:\/\/www.em.com.br\/emfoco\/wp-json\/wp\/v2\/comments?post=173520"}],"version-history":[{"count":2,"href":"https:\/\/www.em.com.br\/emfoco\/wp-json\/wp\/v2\/posts\/173520\/revisions"}],"predecessor-version":[{"id":173595,"href":"https:\/\/www.em.com.br\/emfoco\/wp-json\/wp\/v2\/posts\/173520\/revisions\/173595"}],"wp:featuredmedia":[{"embeddable":true,"href":"https:\/\/www.em.com.br\/emfoco\/wp-json\/wp\/v2\/media\/143830"}],"wp:attachment":[{"href":"https:\/\/www.em.com.br\/emfoco\/wp-json\/wp\/v2\/media?parent=173520"}],"wp:term":[{"taxonomy":"category","embeddable":true,"href":"https:\/\/www.em.com.br\/emfoco\/wp-json\/wp\/v2\/categories?post=173520"},{"taxonomy":"post_tag","embeddable":true,"href":"https:\/\/www.em.com.br\/emfoco\/wp-json\/wp\/v2\/tags?post=173520"}],"curies":[{"name":"wp","href":"https:\/\/api.w.org\/{rel}","templated":true}]}}