{"id":173463,"date":"2026-02-25T17:55:09","date_gmt":"2026-02-25T20:55:09","guid":{"rendered":"https:\/\/www.em.com.br\/emfoco\/?p=173463"},"modified":"2026-02-24T17:37:20","modified_gmt":"2026-02-24T20:37:20","slug":"diga-adeus-a-varanda-sem-graca-ideias-modernas-que-a-deixam-elegante-e-mais-espacosa","status":"publish","type":"post","link":"https:\/\/www.em.com.br\/emfoco\/2026\/02\/25\/diga-adeus-a-varanda-sem-graca-ideias-modernas-que-a-deixam-elegante-e-mais-espacosa\/","title":{"rendered":"Diga adeus \u00e0 varanda sem gra\u00e7a: ideias modernas que a deixam elegante e mais espa\u00e7osa"},"content":{"rendered":"\n<p>Imagine chegar em casa depois de um dia cansativo e ter um cantinho s\u00f3 seu, com uma cadeira confort\u00e1vel, plantinhas e uma luz gostosa. Mesmo que o espa\u00e7o seja m\u00ednimo, \u00e9 poss\u00edvel transformar uma varanda pequena em um ref\u00fagio acolhedor, desde que cada detalhe seja pensado com cuidado. Em \u00e1reas externas reduzidas, a <strong>decora\u00e7\u00e3o de sacadas<\/strong> deixa de ser apenas est\u00e9tica e passa a ter fun\u00e7\u00e3o pr\u00e1tica, ajudando a ampliar a sensa\u00e7\u00e3o de espa\u00e7o e a tornar o ambiente mais funcional no dia a dia.<\/p>\n\n\n\n<h2 class=\"wp-block-heading\">Como planejar a decora\u00e7\u00e3o de uma varanda pequena  com praticidade<\/h2>\n\n\n\n<p>Nos \u00faltimos anos, a busca por ideias para <strong>decorar<\/strong> uma varanda pequena  cresceu, principalmente em grandes cidades, onde os im\u00f3veis costumam ter metragens menores. Nesses casos, o balc\u00e3o vira extens\u00e3o da sala, podendo ser \u00e1rea de descanso, cantinho de leitura, espa\u00e7o para refei\u00e7\u00f5es r\u00e1pidas ou at\u00e9 um mini home office improvisado.<\/p>\n\n\n\n<p>Antes de escolher cadeiras, vasos e lumin\u00e1rias, \u00e9 essencial planejar o espa\u00e7o com calma. Medir a varanda, observar por onde o sol entra, identificar pontos de tomada e entender como o local ser\u00e1 usado ajuda a evitar compras por impulso. Definir um objetivo principal torna a escolha de <strong>m\u00f3veis vers\u00e1teis<\/strong> e de cores muito mais simples, facilitando a circula\u00e7\u00e3o e o conforto.<\/p>\n\n\n\n<figure class=\"wp-block-embed is-type-rich is-provider-pinterest wp-block-embed-pinterest\"><div class=\"wp-block-embed__wrapper\">\n<iframe loading=\"lazy\" title=\"Astra\" src=\"https:\/\/assets.pinterest.com\/ext\/embed.html?id=26388347813012779&#038;src=oembed\" height=\"774\" width=\"450\" frameborder=\"0\" scrolling=\"no\" ><\/iframe>\n<\/div><\/figure>\n\n\n\n<p>Leia tamb\u00e9m:&nbsp;<a href=\"https:\/\/www.em.com.br\/emfoco\/2026\/02\/24\/3-ideias-incriveis-de-luminarias-com-corda-de-juta-que-voce-pode-fazer-em-casa\/\" target=\"_blank\" rel=\"noopener\">3 ideias incr\u00edveis de lumin\u00e1rias com corda de juta que voc\u00ea pode fazer em casa<\/a><\/p>\n\n\n\n<h2 class=\"wp-block-heading\">Quais m\u00f3veis escolher para decorar uma varanda pequena <\/h2>\n\n\n\n<p>A escolha do mobili\u00e1rio \u00e9 um dos pontos centrais na <strong>decora\u00e7\u00e3o<\/strong>. Em \u00e1reas reduzidas, m\u00f3veis dobr\u00e1veis ou empilh\u00e1veis ganham destaque, pois podem ser guardados quando n\u00e3o est\u00e3o em uso, liberando espa\u00e7o para circular ou at\u00e9 fazer um exerc\u00edcio r\u00e1pido.<\/p>\n\n\n\n<p>Materiais leves, como alum\u00ednio, madeira clara e fibras sint\u00e9ticas, ajudam a criar sensa\u00e7\u00e3o de amplitude e deixam o ambiente mais aconchegante. Bancos com ba\u00fa interno funcionam como assento e como local de armazenamento de almofadas, mantas e pequenos objetos, sendo uma solu\u00e7\u00e3o 2 em 1 perfeita para quem precisa de cada cent\u00edmetro bem <strong>aproveitado<\/strong>.<\/p>\n\n\n\n<figure class=\"wp-block-embed is-type-rich is-provider-pinterest wp-block-embed-pinterest\"><div class=\"wp-block-embed__wrapper\">\n<iframe loading=\"lazy\" title=\" \" src=\"https:\/\/assets.pinterest.com\/ext\/embed.html?id=5488830792746806&#038;src=oembed\" height=\"775\" width=\"450\" frameborder=\"0\" scrolling=\"no\" ><\/iframe>\n<\/div><\/figure>\n\n\n\n<h2 class=\"wp-block-heading\">Quais m\u00f3veis pr\u00e1ticos ajudam a otimizar<\/h2>\n\n\n\n<p>Para deixar o dia a dia mais f\u00e1cil, alguns tipos de m\u00f3veis se destacam por combinar funcionalidade e conforto. Eles s\u00e3o \u00f3timos para quem quer receber visitas, trabalhar ou simplesmente relaxar, sem entulhar o espa\u00e7o e mantendo tudo mais <strong>organizado<\/strong>.<\/p>\n\n\n\n<ul class=\"wp-block-list\">\n<li><strong>Mesas dobr\u00e1veis<\/strong> ideais para refei\u00e7\u00f5es r\u00e1pidas ou apoio de trabalho.<\/li>\n\n\n\n<li><strong>Bancos com armazenamento<\/strong> que combinam assento e espa\u00e7o para guardar itens.<\/li>\n\n\n\n<li><strong>Cadeiras empilh\u00e1veis<\/strong> que facilitam a reorganiza\u00e7\u00e3o quando h\u00e1 mais pessoas.<\/li>\n\n\n\n<li><strong>Apoios laterais estreitos<\/strong> que funcionam como criado-mudo ou aparador.<\/li>\n<\/ul>\n\n\n\n<h2 class=\"wp-block-heading\">Como fazer o parecer visualmente maior<\/h2>\n\n\n\n<p>A sensa\u00e7\u00e3o de amplitude na <strong>decora\u00e7\u00e3o de varanda<\/strong> pequena est\u00e1 ligada \u00e0s cores, \u00e0 organiza\u00e7\u00e3o e ao caminho que o olhar faz pelo ambiente. Tons claros em paredes, piso e t\u00eaxteis refletem a luz natural e fazem o espa\u00e7o parecer maior, com uma atmosfera leve e tranquila.<\/p>\n\n\n\n<p>Manter o piso o mais livre poss\u00edvel tamb\u00e9m faz diferen\u00e7a. Quando objetos, vasos e m\u00f3veis ficam nas laterais ou nas paredes, a parte central fica desobstru\u00edda, criando a impress\u00e3o de que h\u00e1 mais \u00e1rea dispon\u00edvel. Um tapete externo em tom suave pode unificar o ambiente e evitar muitos \u201ccortes\u201d <strong>visuais<\/strong>.<\/p>\n\n\n\n<figure class=\"wp-block-embed is-type-rich is-provider-pinterest wp-block-embed-pinterest\"><div class=\"wp-block-embed__wrapper\">\n<iframe loading=\"lazy\" title=\"Thoughts about this solution for small balconies? \ud83e\udd14\ud83c\udf3f How cool is that?\" src=\"https:\/\/assets.pinterest.com\/ext\/embed.html?id=422281212228931&#038;src=oembed\" height=\"899\" width=\"450\" frameborder=\"0\" scrolling=\"no\" ><\/iframe>\n<\/div><\/figure>\n\n\n\n<h2 class=\"wp-block-heading\">Como aproveitar plantas paredes <\/h2>\n\n\n\n<p>As plantas continuam sendo estrelas na <strong>decora\u00e7\u00e3o<\/strong>, mesmo quando o espa\u00e7o \u00e9 bem pequeno. Para n\u00e3o atrapalhar a circula\u00e7\u00e3o, vale apostar em estruturas verticais, suportes suspensos e jardineiras fixadas na guarda-corpo, criando um jardim compacto com ervas, flores ou esp\u00e9cies ornamentais.<\/p>\n\n\n\n<p>As paredes podem virar grandes aliadas para organizar e decorar. Prateleiras estreitas, nichos e pain\u00e9is com ganchos acomodam vasos, lanternas e acess\u00f3rios, liberando o ch\u00e3o. Jardineiras de encaixe permitem incluir vegeta\u00e7\u00e3o sem avan\u00e7ar tanto para dentro da varanda, deixando tudo mais bonito e ainda assim <strong>funcional<\/strong>.<\/p>\n\n\n\n<h2 class=\"wp-block-heading\">Como a ilumina\u00e7\u00e3o transforma a decora\u00e7\u00e3o<\/h2>\n\n\n\n<p>A ilumina\u00e7\u00e3o tem papel fundamental na cria\u00e7\u00e3o de um clima agrad\u00e1vel em sacadas pequenas e pode mudar totalmente a sensa\u00e7\u00e3o do espa\u00e7o \u00e0 noite. Fitas ou cord\u00f5es de LED, lumin\u00e1rias solares, arandelas compactas e pontos de luz indireta tornam o ambiente mais acolhedor, convidando para um momento de <strong>pausa<\/strong>.<\/p>\n\n\n\n<p>Luz amarelada combina com descanso e conversas, enquanto a luz neutra \u00e9 melhor para leitura ou trabalho ocasional. Em vez de um ponto central muito forte, pequenos focos espalhados criam profundidade e valorizam texturas de paredes, m\u00f3veis e plantas. Combinada a cores claras e boa organiza\u00e7\u00e3o, a ilumina\u00e7\u00e3o certa faz parecer mais amplo e vers\u00e1til. Se voc\u00ea gosta de curiosidades, separamos esse v\u00eddeo do canal <a href=\"https:\/\/www.youtube.com\/@HousesRelax\" target=\"_blank\" rel=\"noreferrer noopener\">Houses &amp; Relax<\/a> mostrando mais ideias de varandas:<\/p>\n\n\n\n<figure class=\"wp-block-embed is-type-video is-provider-youtube wp-block-embed-youtube wp-embed-aspect-16-9 wp-has-aspect-ratio\"><div class=\"wp-block-embed__wrapper\">\n<div class=\"jeg_video_container jeg_video_content\"><iframe loading=\"lazy\" title=\"S\u00d3 VARANDAS BONITAS || 100 Projetos para Casas || Simples e Sofisticadas!\" width=\"500\" height=\"281\" src=\"https:\/\/www.youtube.com\/embed\/3_RtiWlcuMM?feature=oembed\" frameborder=\"0\" allow=\"accelerometer; autoplay; clipboard-write; encrypted-media; gyroscope; picture-in-picture; web-share\" referrerpolicy=\"strict-origin-when-cross-origin\" allowfullscreen><\/iframe><\/div>\n<\/div><\/figure>\n\n\n\n<h2 class=\"wp-block-heading\">Pr\u00f3ximos passos para decorar seu <\/h2>\n\n\n\n<p>Mesmo com poucos metros, uma varanda pode virar um cantinho especial para relaxar, trabalhar ou receber amigos, desde que cada escolha seja feita com inten\u00e7\u00e3o. Cores claras, m\u00f3veis inteligentes, plantas bem posicionadas e uma ilumina\u00e7\u00e3o aconchegante ajudam a criar um ambiente realmente <strong>acolhedor<\/strong>.<\/p>\n\n\n\n<p>Se voc\u00ea quer tirar seu projeto do papel, comece medindo o espa\u00e7o, definindo o uso principal e listando o que n\u00e3o pode faltar. Depois, v\u00e1 ajustando detalhes aos poucos, sem pressa. Que tal dar o primeiro passo hoje e planejar como ser\u00e1 o <strong>sua varanda pequena <\/strong>? Uma mudan\u00e7a simples pode transformar seu dia a dia em casa.<\/p>\n","protected":false},"excerpt":{"rendered":"<p>Imagine chegar em casa depois de um dia cansativo e ter um cantinho s\u00f3 seu, com uma cadeira confort\u00e1vel, plantinhas e uma luz gostosa. Mesmo que o espa\u00e7o seja m\u00ednimo, \u00e9 poss\u00edvel transformar uma varanda pequena em um ref\u00fagio acolhedor, desde que cada detalhe seja pensado com cuidado. Em \u00e1reas externas reduzidas, a decora\u00e7\u00e3o de [&hellip;]<\/p>\n","protected":false},"author":9,"featured_media":173488,"comment_status":"open","ping_status":"open","sticky":false,"template":"","format":"standard","meta":{"jnews-multi-image_gallery":[],"jnews_single_post":{"format":"standard"},"jnews_primary_category":[],"jnews_social_meta":[],"jnews_override_counter":[],"footnotes":""},"categories":[8819,9053],"tags":[25200,25199,14659],"class_list":["post-173463","post","type-post","status-publish","format-standard","has-post-thumbnail","hentry","category-curiosidades","category-saude","tag-balcao","tag-modenos","tag-moveis"],"yoast_head":"<!-- This site is optimized with the Yoast SEO plugin v23.8 - https:\/\/yoast.com\/wordpress\/plugins\/seo\/ -->\n<title>Diga adeus \u00e0 varanda sem gra\u00e7a: ideias modernas que a deixam elegante e mais espa\u00e7osa - Estado de Minas - Em foco<\/title>\n<meta name=\"description\" content=\"Decore seu balc\u00e3o pequeno com m\u00f3veis inteligentes, plantas e ilumina\u00e7\u00e3o aconchegante para criar um espa\u00e7o funcional e acolhedor.\" \/>\n<meta name=\"robots\" content=\"index, follow, max-snippet:-1, max-image-preview:large, max-video-preview:-1\" \/>\n<link rel=\"canonical\" href=\"https:\/\/www.em.com.br\/emfoco\/2026\/02\/25\/diga-adeus-a-varanda-sem-graca-ideias-modernas-que-a-deixam-elegante-e-mais-espacosa\/\" \/>\n<meta property=\"og:locale\" content=\"pt_BR\" \/>\n<meta property=\"og:type\" content=\"article\" \/>\n<meta property=\"og:title\" content=\"Diga adeus \u00e0 varanda sem gra\u00e7a: ideias modernas que a deixam elegante e mais espa\u00e7osa - Estado de Minas - Em foco\" \/>\n<meta property=\"og:description\" content=\"Decore seu balc\u00e3o pequeno com m\u00f3veis inteligentes, plantas e ilumina\u00e7\u00e3o aconchegante para criar um espa\u00e7o funcional e acolhedor.\" \/>\n<meta property=\"og:url\" content=\"https:\/\/www.em.com.br\/emfoco\/2026\/02\/25\/diga-adeus-a-varanda-sem-graca-ideias-modernas-que-a-deixam-elegante-e-mais-espacosa\/\" \/>\n<meta property=\"og:site_name\" content=\"Estado de Minas - Em foco\" \/>\n<meta property=\"article:published_time\" content=\"2026-02-25T20:55:09+00:00\" \/>\n<meta property=\"article:modified_time\" content=\"2026-02-24T20:37:20+00:00\" \/>\n<meta property=\"og:image\" content=\"https:\/\/www.em.com.br\/emfoco\/wp-content\/uploads\/2026\/02\/Gemini_Generated_Image_8pvv9a8pvv9a8pvv-1.png\" \/>\n\t<meta property=\"og:image:width\" content=\"1280\" \/>\n\t<meta property=\"og:image:height\" content=\"720\" \/>\n\t<meta property=\"og:image:type\" content=\"image\/png\" \/>\n<meta name=\"author\" content=\"Daniely Cardoso\" \/>\n<meta name=\"twitter:card\" content=\"summary_large_image\" \/>\n<meta name=\"twitter:label1\" content=\"Escrito por\" \/>\n\t<meta name=\"twitter:data1\" content=\"Daniely Cardoso\" \/>\n\t<meta name=\"twitter:label2\" content=\"Est. tempo de leitura\" \/>\n\t<meta name=\"twitter:data2\" content=\"5 minutos\" \/>\n<!-- \/ Yoast SEO plugin. -->","yoast_head_json":{"title":"Diga adeus \u00e0 varanda sem gra\u00e7a: ideias modernas que a deixam elegante e mais espa\u00e7osa - Estado de Minas - Em foco","description":"Decore seu balc\u00e3o pequeno com m\u00f3veis inteligentes, plantas e ilumina\u00e7\u00e3o aconchegante para criar um espa\u00e7o funcional e acolhedor.","robots":{"index":"index","follow":"follow","max-snippet":"max-snippet:-1","max-image-preview":"max-image-preview:large","max-video-preview":"max-video-preview:-1"},"canonical":"https:\/\/www.em.com.br\/emfoco\/2026\/02\/25\/diga-adeus-a-varanda-sem-graca-ideias-modernas-que-a-deixam-elegante-e-mais-espacosa\/","og_locale":"pt_BR","og_type":"article","og_title":"Diga adeus \u00e0 varanda sem gra\u00e7a: ideias modernas que a deixam elegante e mais espa\u00e7osa - Estado de Minas - Em foco","og_description":"Decore seu balc\u00e3o pequeno com m\u00f3veis inteligentes, plantas e ilumina\u00e7\u00e3o aconchegante para criar um espa\u00e7o funcional e acolhedor.","og_url":"https:\/\/www.em.com.br\/emfoco\/2026\/02\/25\/diga-adeus-a-varanda-sem-graca-ideias-modernas-que-a-deixam-elegante-e-mais-espacosa\/","og_site_name":"Estado de Minas - Em foco","article_published_time":"2026-02-25T20:55:09+00:00","article_modified_time":"2026-02-24T20:37:20+00:00","og_image":[{"width":1280,"height":720,"url":"https:\/\/www.em.com.br\/emfoco\/wp-content\/uploads\/2026\/02\/Gemini_Generated_Image_8pvv9a8pvv9a8pvv-1.png","type":"image\/png"}],"author":"Daniely Cardoso","twitter_card":"summary_large_image","twitter_misc":{"Escrito por":"Daniely Cardoso","Est. tempo de leitura":"5 minutos"},"schema":{"@context":"https:\/\/schema.org","@graph":[{"@type":"WebPage","@id":"https:\/\/www.em.com.br\/emfoco\/2026\/02\/25\/diga-adeus-a-varanda-sem-graca-ideias-modernas-que-a-deixam-elegante-e-mais-espacosa\/","url":"https:\/\/www.em.com.br\/emfoco\/2026\/02\/25\/diga-adeus-a-varanda-sem-graca-ideias-modernas-que-a-deixam-elegante-e-mais-espacosa\/","name":"Diga adeus \u00e0 varanda sem gra\u00e7a: ideias modernas que a deixam elegante e mais espa\u00e7osa - Estado de Minas - Em foco","isPartOf":{"@id":"https:\/\/www.em.com.br\/emfoco\/#website"},"primaryImageOfPage":{"@id":"https:\/\/www.em.com.br\/emfoco\/2026\/02\/25\/diga-adeus-a-varanda-sem-graca-ideias-modernas-que-a-deixam-elegante-e-mais-espacosa\/#primaryimage"},"image":{"@id":"https:\/\/www.em.com.br\/emfoco\/2026\/02\/25\/diga-adeus-a-varanda-sem-graca-ideias-modernas-que-a-deixam-elegante-e-mais-espacosa\/#primaryimage"},"thumbnailUrl":"https:\/\/www.em.com.br\/emfoco\/wp-content\/uploads\/2026\/02\/Gemini_Generated_Image_8pvv9a8pvv9a8pvv-1.png","datePublished":"2026-02-25T20:55:09+00:00","dateModified":"2026-02-24T20:37:20+00:00","author":{"@id":"https:\/\/www.em.com.br\/emfoco\/#\/schema\/person\/0a8186d72f2c3a5c6276d90b41f271a0"},"description":"Decore seu balc\u00e3o pequeno com m\u00f3veis inteligentes, plantas e ilumina\u00e7\u00e3o aconchegante para criar um espa\u00e7o funcional e acolhedor.","breadcrumb":{"@id":"https:\/\/www.em.com.br\/emfoco\/2026\/02\/25\/diga-adeus-a-varanda-sem-graca-ideias-modernas-que-a-deixam-elegante-e-mais-espacosa\/#breadcrumb"},"inLanguage":"pt-BR","potentialAction":[{"@type":"ReadAction","target":["https:\/\/www.em.com.br\/emfoco\/2026\/02\/25\/diga-adeus-a-varanda-sem-graca-ideias-modernas-que-a-deixam-elegante-e-mais-espacosa\/"]}]},{"@type":"ImageObject","inLanguage":"pt-BR","@id":"https:\/\/www.em.com.br\/emfoco\/2026\/02\/25\/diga-adeus-a-varanda-sem-graca-ideias-modernas-que-a-deixam-elegante-e-mais-espacosa\/#primaryimage","url":"https:\/\/www.em.com.br\/emfoco\/wp-content\/uploads\/2026\/02\/Gemini_Generated_Image_8pvv9a8pvv9a8pvv-1.png","contentUrl":"https:\/\/www.em.com.br\/emfoco\/wp-content\/uploads\/2026\/02\/Gemini_Generated_Image_8pvv9a8pvv9a8pvv-1.png","width":1280,"height":720,"caption":"Nos \u00faltimos anos, a busca por ideias para decorar uma varanda pequena cresceu, principalmente em grandes cidades"},{"@type":"BreadcrumbList","@id":"https:\/\/www.em.com.br\/emfoco\/2026\/02\/25\/diga-adeus-a-varanda-sem-graca-ideias-modernas-que-a-deixam-elegante-e-mais-espacosa\/#breadcrumb","itemListElement":[{"@type":"ListItem","position":1,"name":"In\u00edcio","item":"https:\/\/www.em.com.br\/emfoco\/"},{"@type":"ListItem","position":2,"name":"Diga adeus \u00e0 varanda sem gra\u00e7a: ideias modernas que a deixam elegante e mais espa\u00e7osa"}]},{"@type":"WebSite","@id":"https:\/\/www.em.com.br\/emfoco\/#website","url":"https:\/\/www.em.com.br\/emfoco\/","name":"Estado de Minas - Em foco","description":"Acompanhe as \u00faltimas not\u00edcias e fique bem informado sobre tudo o que acontece em Minas Gerais, Brasil e no mundo.","potentialAction":[{"@type":"SearchAction","target":{"@type":"EntryPoint","urlTemplate":"https:\/\/www.em.com.br\/emfoco\/?s={search_term_string}"},"query-input":{"@type":"PropertyValueSpecification","valueRequired":true,"valueName":"search_term_string"}}],"inLanguage":"pt-BR"},{"@type":"Person","@id":"https:\/\/www.em.com.br\/emfoco\/#\/schema\/person\/0a8186d72f2c3a5c6276d90b41f271a0","name":"Daniely Cardoso","image":{"@type":"ImageObject","inLanguage":"pt-BR","@id":"https:\/\/www.em.com.br\/emfoco\/#\/schema\/person\/image\/","url":"https:\/\/secure.gravatar.com\/avatar\/4b80ddbd124d1f071b626d52d62e5dff?s=96&d=mm&r=g","contentUrl":"https:\/\/secure.gravatar.com\/avatar\/4b80ddbd124d1f071b626d52d62e5dff?s=96&d=mm&r=g","caption":"Daniely Cardoso"},"url":"https:\/\/www.em.com.br\/emfoco\/author\/danielymyth\/"}]}},"_links":{"self":[{"href":"https:\/\/www.em.com.br\/emfoco\/wp-json\/wp\/v2\/posts\/173463","targetHints":{"allow":["GET"]}}],"collection":[{"href":"https:\/\/www.em.com.br\/emfoco\/wp-json\/wp\/v2\/posts"}],"about":[{"href":"https:\/\/www.em.com.br\/emfoco\/wp-json\/wp\/v2\/types\/post"}],"author":[{"embeddable":true,"href":"https:\/\/www.em.com.br\/emfoco\/wp-json\/wp\/v2\/users\/9"}],"replies":[{"embeddable":true,"href":"https:\/\/www.em.com.br\/emfoco\/wp-json\/wp\/v2\/comments?post=173463"}],"version-history":[{"count":2,"href":"https:\/\/www.em.com.br\/emfoco\/wp-json\/wp\/v2\/posts\/173463\/revisions"}],"predecessor-version":[{"id":173489,"href":"https:\/\/www.em.com.br\/emfoco\/wp-json\/wp\/v2\/posts\/173463\/revisions\/173489"}],"wp:featuredmedia":[{"embeddable":true,"href":"https:\/\/www.em.com.br\/emfoco\/wp-json\/wp\/v2\/media\/173488"}],"wp:attachment":[{"href":"https:\/\/www.em.com.br\/emfoco\/wp-json\/wp\/v2\/media?parent=173463"}],"wp:term":[{"taxonomy":"category","embeddable":true,"href":"https:\/\/www.em.com.br\/emfoco\/wp-json\/wp\/v2\/categories?post=173463"},{"taxonomy":"post_tag","embeddable":true,"href":"https:\/\/www.em.com.br\/emfoco\/wp-json\/wp\/v2\/tags?post=173463"}],"curies":[{"name":"wp","href":"https:\/\/api.w.org\/{rel}","templated":true}]}}